{"id":433763,"date":"2026-04-06T03:47:02","date_gmt":"2026-04-06T06:47:02","guid":{"rendered":"https:\/\/portaltela.pt\/noticias\/2026\/04\/06\/registos-de-alojamentos-locais-em-queda-inedita-e-deverao-cair-ainda-mais\/"},"modified":"2026-04-06T03:47:02","modified_gmt":"2026-04-06T06:47:02","slug":"registos-de-alojamentos-locais-em-queda-inedita-e-deverao-cair-ainda-mais","status":"publish","type":"post","link":"https:\/\/portaltela.pt\/noticias\/economia\/2026\/04\/06\/registos-de-alojamentos-locais-em-queda-inedita-e-deverao-cair-ainda-mais\/","title":{"rendered":"Registos de alojamentos locais em queda in\u00e9dita e dever\u00e3o cair ainda mais"},"content":{"rendered":"<p>O registo de alojamentos locais (AL) est\u00e1 a regredir a n\u00edvel nacional. S\u00e3o registados cancelamentos por falta de seguro, desconformidades legais, cessa\u00e7\u00e3o de atividade e recusa de instala\u00e7\u00e3o de novas unidades por parte dos munic\u00edpios. Entre dezembro de 2025 e o dia 3 do m\u00eas seguinte desapareceram cerca de sete mil registos.<\/p>\n<p>A queda ocorre num contexto de cr\u00edticas da Uni\u00e3o Europeia ao peso do alojamento tur\u00edstico em Portugal, em alternativa \u00e0 crise habitacional. O parlamento europeu aponta a percentagem de AL como alarmante e defende um equil\u00edbrio entre turismo e habita\u00e7\u00e3o acess\u00edvel.<\/p>\n<p>O movimento de alta que vigorou desde 2019, com um aumento de 33.818 unidades at\u00e9 ao ano passado, inverteu-se. Fontes p\u00fablicas indicam que a tend\u00eancia dever\u00e1 continuar em queda, com c\u00e2maras de diversas regi\u00f5es a intensificar a fiscaliza\u00e7\u00e3o e a imposi\u00e7\u00e3o de regras mais restritivas.<\/p>\n<h3>Cidades que ajustam regras<\/h3>\n<p>Lisboa, Porto, Viana do Castelo, Sesimbra, Faro, Almada, Sintra, Nazar\u00e9, Cascais e Funchal j\u00e1 anunciaram medidas para conter a expans\u00e3o do AL, sobretudo em zonas com maior press\u00e3o demogr\u00e1fica. As a\u00e7\u00f5es visam clarificar requisitos, licenciamento e fiscaliza\u00e7\u00e3o de unidades existentes e novas.<\/p>\n<p>O efeito esperado \u00e9 uma conten\u00e7\u00e3o adicional do registo de AL, que poder\u00e1 manter-se em baixa nos pr\u00f3ximos meses, segundo previs\u00f5es locais. A monitoriza\u00e7\u00e3o oficial continuar\u00e1 a acompanhar a evolu\u00e7\u00e3o do setor no conjunto do pa\u00eds.<\/p>\n","protected":false},"excerpt":{"rendered":"<ul>\n<li>O registo de alojamentos locais (AL) regista decl\u00ednio a n\u00edvel nacional, com cancelamentos por falta de seguro, desconformidades legais, cessa\u00e7\u00e3o de atividade e recusa de novas unidades pelos munic\u00edpios.<\/li>\n<li>Entre dezembro de 2025 e o dia 3 seguinte, desapareceram cerca de sete mil registos.<\/li>\n<li>A tend\u00eancia ascendente do AL, que desde 2019 tinha aumentado em 33.818 unidades at\u00e9 ao ano passado, inverteu-se.<\/li>\n<li>Tudo indica que a queda deve continuar, com c\u00e2maras de v\u00e1rias cidades a ajustar regras para conter a expans\u00e3o do turismo em zonas de maior press\u00e3o.<\/li>\n<li>O Parlamento Europeu tem vindo a destacar a percentagem de casas para turismo em Portugal como \u201calarmante\u201d face \u00e0 crise habitacional, defendendo equil\u00edbrio entre turismo e habita\u00e7\u00e3o acess\u00edvel.<\/li>\n<\/ul>\n","protected":false},"author":2,"featured_media":433764,"comment_status":"closed","ping_status":"closed","sticky":false,"template":"","format":"standard","meta":{"footnotes":""},"categories":[2,6871],"tags":[6115,150,3520,1010,1167,169],"class_list":["post-433763","post","type-post","status-publish","format-standard","has-post-thumbnail","hentry","category-economia","category-sociedade","tag-_economia","tag-habitacao","tag-habitacao-acessivel","tag-habitacao-publica","tag-habitacao-social","tag-turismo"],"yoast_head":"<!-- This site is optimized with the Yoast SEO plugin v27.2 - https:\/\/yoast.com\/product\/yoast-seo-wordpress\/ -->\n<title>Registos de alojamentos locais em queda in\u00e9dita e dever\u00e3o cair ainda mais - Portal Tela Portugal<\/title>\n<meta name=\"robots\" content=\"index, follow, max-snippet:-1, max-image-preview:large, max-video-preview:-1\" \/>\n<meta property=\"og:locale\" content=\"pt_PT\" \/>\n<meta property=\"og:type\" content=\"article\" \/>\n<meta property=\"og:title\" content=\"Registos de alojamentos locais em queda in\u00e9dita e dever\u00e3o cair ainda mais - Portal Tela Portugal\" \/>\n<meta property=\"og:description\" content=\"O registo de alojamentos locais (AL) regista decl\u00ednio a n\u00edvel nacional, com cancelamentos por falta de seguro, desconformidades legais, cessa\u00e7\u00e3o de atividade e recusa de novas unidades pelos munic\u00edpios. Entre dezembro de 2025 e o dia 3 seguinte, desapareceram cerca de sete mil registos. A tend\u00eancia ascendente do AL, que desde 2019 tinha aumentado em 33.818 unidades at\u00e9 ao ano passado, inverteu-se. Tudo indica que a queda deve continuar, com c\u00e2maras de v\u00e1rias cidades a ajustar regras para conter a expans\u00e3o do turismo em zonas de maior press\u00e3o. O Parlamento Europeu tem vindo a destacar a percentagem de casas para turismo em Portugal como \u201calarmante\u201d face \u00e0 crise habitacional, defendendo equil\u00edbrio entre turismo e habita\u00e7\u00e3o acess\u00edvel.\" \/>\n<meta property=\"og:url\" content=\"https:\/\/portaltela.pt\/noticias\/2026\/04\/06\/registos-de-alojamentos-locais-em-queda-inedita-e-deverao-cair-ainda-mais\/\" \/>\n<meta property=\"og:site_name\" content=\"Portal Tela Portugal\" \/>\n<meta property=\"article:published_time\" content=\"2026-04-06T06:47:02+00:00\" \/>\n<meta name=\"author\" content=\"Telinha\" \/>\n<meta name=\"twitter:card\" content=\"summary_large_image\" \/>\n<meta name=\"twitter:label1\" content=\"Escrito por\" \/>\n\t<meta name=\"twitter:data1\" content=\"Telinha\" \/>\n\t<meta name=\"twitter:label2\" content=\"Tempo estimado de leitura\" \/>\n\t<meta name=\"twitter:data2\" content=\"1 minuto\" \/>\n<script type=\"application\/ld+json\" class=\"yoast-schema-graph\">{\"@context\":\"https:\/\/schema.org\",\"@graph\":[{\"@type\":\"Article\",\"@id\":\"https:\/\/portaltela.pt\/noticias\/2026\/04\/06\/registos-de-alojamentos-locais-em-queda-inedita-e-deverao-cair-ainda-mais\/#article\",\"isPartOf\":{\"@id\":\"https:\/\/portaltela.pt\/noticias\/2026\/04\/06\/registos-de-alojamentos-locais-em-queda-inedita-e-deverao-cair-ainda-mais\/\"},\"author\":{\"name\":\"Telinha\",\"@id\":\"https:\/\/portaltela.pt\/#\/schema\/person\/c4278d4a6028830caff9ee44b42d32ed\"},\"headline\":\"Registos de alojamentos locais em queda in\u00e9dita e dever\u00e3o cair ainda mais\",\"datePublished\":\"2026-04-06T06:47:02+00:00\",\"mainEntityOfPage\":{\"@id\":\"https:\/\/portaltela.pt\/noticias\/2026\/04\/06\/registos-de-alojamentos-locais-em-queda-inedita-e-deverao-cair-ainda-mais\/\"},\"wordCount\":257,\"image\":{\"@id\":\"https:\/\/portaltela.pt\/noticias\/2026\/04\/06\/registos-de-alojamentos-locais-em-queda-inedita-e-deverao-cair-ainda-mais\/#primaryimage\"},\"thumbnailUrl\":\"https:\/\/portaltela.pt\/s.01k8rhncp4jt1\/2026\/04\/image-295.jpg\",\"keywords\":[\"_economia\",\"habita\u00e7\u00e3o\",\"habita\u00e7\u00e3o acess\u00edvel\",\"habita\u00e7\u00e3o p\u00fablica\",\"habita\u00e7\u00e3o social\",\"turismo\"],\"articleSection\":[\"Economia\",\"Sociedade\"],\"inLanguage\":\"pt-PT\"},{\"@type\":\"WebPage\",\"@id\":\"https:\/\/portaltela.pt\/noticias\/2026\/04\/06\/registos-de-alojamentos-locais-em-queda-inedita-e-deverao-cair-ainda-mais\/\",\"url\":\"https:\/\/portaltela.pt\/noticias\/2026\/04\/06\/registos-de-alojamentos-locais-em-queda-inedita-e-deverao-cair-ainda-mais\/\",\"name\":\"Registos de alojamentos locais em queda in\u00e9dita e dever\u00e3o cair ainda mais - Portal Tela Portugal\",\"isPartOf\":{\"@id\":\"https:\/\/portaltela.pt\/#website\"},\"primaryImageOfPage\":{\"@id\":\"https:\/\/portaltela.pt\/noticias\/2026\/04\/06\/registos-de-alojamentos-locais-em-queda-inedita-e-deverao-cair-ainda-mais\/#primaryimage\"},\"image\":{\"@id\":\"https:\/\/portaltela.pt\/noticias\/2026\/04\/06\/registos-de-alojamentos-locais-em-queda-inedita-e-deverao-cair-ainda-mais\/#primaryimage\"},\"thumbnailUrl\":\"https:\/\/portaltela.pt\/s.01k8rhncp4jt1\/2026\/04\/image-295.jpg\",\"datePublished\":\"2026-04-06T06:47:02+00:00\",\"author\":{\"@id\":\"https:\/\/portaltela.pt\/#\/schema\/person\/c4278d4a6028830caff9ee44b42d32ed\"},\"breadcrumb\":{\"@id\":\"https:\/\/portaltela.pt\/noticias\/2026\/04\/06\/registos-de-alojamentos-locais-em-queda-inedita-e-deverao-cair-ainda-mais\/#breadcrumb\"},\"inLanguage\":\"pt-PT\",\"potentialAction\":[{\"@type\":\"ReadAction\",\"target\":[\"https:\/\/portaltela.pt\/noticias\/2026\/04\/06\/registos-de-alojamentos-locais-em-queda-inedita-e-deverao-cair-ainda-mais\/\"]}]},{\"@type\":\"ImageObject\",\"inLanguage\":\"pt-PT\",\"@id\":\"https:\/\/portaltela.pt\/noticias\/2026\/04\/06\/registos-de-alojamentos-locais-em-queda-inedita-e-deverao-cair-ainda-mais\/#primaryimage\",\"url\":\"https:\/\/portaltela.pt\/s.01k8rhncp4jt1\/2026\/04\/image-295.jpg\",\"contentUrl\":\"https:\/\/portaltela.pt\/s.01k8rhncp4jt1\/2026\/04\/image-295.jpg\",\"width\":796,\"height\":448,\"caption\":\"\u00c9 a primeira descida desde que h\u00e1 registo nacional\"},{\"@type\":\"BreadcrumbList\",\"@id\":\"https:\/\/portaltela.pt\/noticias\/2026\/04\/06\/registos-de-alojamentos-locais-em-queda-inedita-e-deverao-cair-ainda-mais\/#breadcrumb\",\"itemListElement\":[{\"@type\":\"ListItem\",\"position\":1,\"name\":\"In\u00edcio\",\"item\":\"https:\/\/portaltela.pt\/\"},{\"@type\":\"ListItem\",\"position\":2,\"name\":\"Registos de alojamentos locais em queda in\u00e9dita e dever\u00e3o cair ainda mais\"}]},{\"@type\":\"WebSite\",\"@id\":\"https:\/\/portaltela.pt\/#website\",\"url\":\"https:\/\/portaltela.pt\/\",\"name\":\"Portal Tela Portugal\",\"description\":\"\",\"potentialAction\":[{\"@type\":\"SearchAction\",\"target\":{\"@type\":\"EntryPoint\",\"urlTemplate\":\"https:\/\/portaltela.pt\/?s={search_term_string}\"},\"query-input\":{\"@type\":\"PropertyValueSpecification\",\"valueRequired\":true,\"valueName\":\"search_term_string\"}}],\"inLanguage\":\"pt-PT\"},{\"@type\":\"Person\",\"@id\":\"https:\/\/portaltela.pt\/#\/schema\/person\/c4278d4a6028830caff9ee44b42d32ed\",\"name\":\"Telinha\",\"image\":{\"@type\":\"ImageObject\",\"inLanguage\":\"pt-PT\",\"@id\":\"https:\/\/portaltela.pt\/s.01k8rhncp4jt1\/2025\/11\/talking-bot-125x125.png\",\"url\":\"https:\/\/portaltela.pt\/s.01k8rhncp4jt1\/2025\/11\/talking-bot-125x125.png\",\"contentUrl\":\"https:\/\/portaltela.pt\/s.01k8rhncp4jt1\/2025\/11\/talking-bot-125x125.png\",\"caption\":\"Telinha\"},\"sameAs\":[\"https:\/\/portaltela.pt\/\"],\"url\":\"https:\/\/portaltela.pt\/por\/367410592786\/\"}]}<\/script>\n<!-- \/ Yoast SEO plugin. -->","yoast_head_json":{"title":"Registos de alojamentos locais em queda in\u00e9dita e dever\u00e3o cair ainda mais - Portal Tela Portugal","robots":{"index":"index","follow":"follow","max-snippet":"max-snippet:-1","max-image-preview":"max-image-preview:large","max-video-preview":"max-video-preview:-1"},"og_locale":"pt_PT","og_type":"article","og_title":"Registos de alojamentos locais em queda in\u00e9dita e dever\u00e3o cair ainda mais - Portal Tela Portugal","og_description":"O registo de alojamentos locais (AL) regista decl\u00ednio a n\u00edvel nacional, com cancelamentos por falta de seguro, desconformidades legais, cessa\u00e7\u00e3o de atividade e recusa de novas unidades pelos munic\u00edpios. Entre dezembro de 2025 e o dia 3 seguinte, desapareceram cerca de sete mil registos. A tend\u00eancia ascendente do AL, que desde 2019 tinha aumentado em 33.818 unidades at\u00e9 ao ano passado, inverteu-se. Tudo indica que a queda deve continuar, com c\u00e2maras de v\u00e1rias cidades a ajustar regras para conter a expans\u00e3o do turismo em zonas de maior press\u00e3o. O Parlamento Europeu tem vindo a destacar a percentagem de casas para turismo em Portugal como \u201calarmante\u201d face \u00e0 crise habitacional, defendendo equil\u00edbrio entre turismo e habita\u00e7\u00e3o acess\u00edvel.","og_url":"https:\/\/portaltela.pt\/noticias\/2026\/04\/06\/registos-de-alojamentos-locais-em-queda-inedita-e-deverao-cair-ainda-mais\/","og_site_name":"Portal Tela Portugal","article_published_time":"2026-04-06T06:47:02+00:00","author":"Telinha","twitter_card":"summary_large_image","twitter_misc":{"Escrito por":"Telinha","Tempo estimado de leitura":"1 minuto"},"schema":{"@context":"https:\/\/schema.org","@graph":[{"@type":"Article","@id":"https:\/\/portaltela.pt\/noticias\/2026\/04\/06\/registos-de-alojamentos-locais-em-queda-inedita-e-deverao-cair-ainda-mais\/#article","isPartOf":{"@id":"https:\/\/portaltela.pt\/noticias\/2026\/04\/06\/registos-de-alojamentos-locais-em-queda-inedita-e-deverao-cair-ainda-mais\/"},"author":{"name":"Telinha","@id":"https:\/\/portaltela.pt\/#\/schema\/person\/c4278d4a6028830caff9ee44b42d32ed"},"headline":"Registos de alojamentos locais em queda in\u00e9dita e dever\u00e3o cair ainda mais","datePublished":"2026-04-06T06:47:02+00:00","mainEntityOfPage":{"@id":"https:\/\/portaltela.pt\/noticias\/2026\/04\/06\/registos-de-alojamentos-locais-em-queda-inedita-e-deverao-cair-ainda-mais\/"},"wordCount":257,"image":{"@id":"https:\/\/portaltela.pt\/noticias\/2026\/04\/06\/registos-de-alojamentos-locais-em-queda-inedita-e-deverao-cair-ainda-mais\/#primaryimage"},"thumbnailUrl":"https:\/\/portaltela.pt\/s.01k8rhncp4jt1\/2026\/04\/image-295.jpg","keywords":["_economia","habita\u00e7\u00e3o","habita\u00e7\u00e3o acess\u00edvel","habita\u00e7\u00e3o p\u00fablica","habita\u00e7\u00e3o social","turismo"],"articleSection":["Economia","Sociedade"],"inLanguage":"pt-PT"},{"@type":"WebPage","@id":"https:\/\/portaltela.pt\/noticias\/2026\/04\/06\/registos-de-alojamentos-locais-em-queda-inedita-e-deverao-cair-ainda-mais\/","url":"https:\/\/portaltela.pt\/noticias\/2026\/04\/06\/registos-de-alojamentos-locais-em-queda-inedita-e-deverao-cair-ainda-mais\/","name":"Registos de alojamentos locais em queda in\u00e9dita e dever\u00e3o cair ainda mais - Portal Tela Portugal","isPartOf":{"@id":"https:\/\/portaltela.pt\/#website"},"primaryImageOfPage":{"@id":"https:\/\/portaltela.pt\/noticias\/2026\/04\/06\/registos-de-alojamentos-locais-em-queda-inedita-e-deverao-cair-ainda-mais\/#primaryimage"},"image":{"@id":"https:\/\/portaltela.pt\/noticias\/2026\/04\/06\/registos-de-alojamentos-locais-em-queda-inedita-e-deverao-cair-ainda-mais\/#primaryimage"},"thumbnailUrl":"https:\/\/portaltela.pt\/s.01k8rhncp4jt1\/2026\/04\/image-295.jpg","datePublished":"2026-04-06T06:47:02+00:00","author":{"@id":"https:\/\/portaltela.pt\/#\/schema\/person\/c4278d4a6028830caff9ee44b42d32ed"},"breadcrumb":{"@id":"https:\/\/portaltela.pt\/noticias\/2026\/04\/06\/registos-de-alojamentos-locais-em-queda-inedita-e-deverao-cair-ainda-mais\/#breadcrumb"},"inLanguage":"pt-PT","potentialAction":[{"@type":"ReadAction","target":["https:\/\/portaltela.pt\/noticias\/2026\/04\/06\/registos-de-alojamentos-locais-em-queda-inedita-e-deverao-cair-ainda-mais\/"]}]},{"@type":"ImageObject","inLanguage":"pt-PT","@id":"https:\/\/portaltela.pt\/noticias\/2026\/04\/06\/registos-de-alojamentos-locais-em-queda-inedita-e-deverao-cair-ainda-mais\/#primaryimage","url":"https:\/\/portaltela.pt\/s.01k8rhncp4jt1\/2026\/04\/image-295.jpg","contentUrl":"https:\/\/portaltela.pt\/s.01k8rhncp4jt1\/2026\/04\/image-295.jpg","width":796,"height":448,"caption":"\u00c9 a primeira descida desde que h\u00e1 registo nacional"},{"@type":"BreadcrumbList","@id":"https:\/\/portaltela.pt\/noticias\/2026\/04\/06\/registos-de-alojamentos-locais-em-queda-inedita-e-deverao-cair-ainda-mais\/#breadcrumb","itemListElement":[{"@type":"ListItem","position":1,"name":"In\u00edcio","item":"https:\/\/portaltela.pt\/"},{"@type":"ListItem","position":2,"name":"Registos de alojamentos locais em queda in\u00e9dita e dever\u00e3o cair ainda mais"}]},{"@type":"WebSite","@id":"https:\/\/portaltela.pt\/#website","url":"https:\/\/portaltela.pt\/","name":"Portal Tela Portugal","description":"","potentialAction":[{"@type":"SearchAction","target":{"@type":"EntryPoint","urlTemplate":"https:\/\/portaltela.pt\/?s={search_term_string}"},"query-input":{"@type":"PropertyValueSpecification","valueRequired":true,"valueName":"search_term_string"}}],"inLanguage":"pt-PT"},{"@type":"Person","@id":"https:\/\/portaltela.pt\/#\/schema\/person\/c4278d4a6028830caff9ee44b42d32ed","name":"Telinha","image":{"@type":"ImageObject","inLanguage":"pt-PT","@id":"https:\/\/portaltela.pt\/s.01k8rhncp4jt1\/2025\/11\/talking-bot-125x125.png","url":"https:\/\/portaltela.pt\/s.01k8rhncp4jt1\/2025\/11\/talking-bot-125x125.png","contentUrl":"https:\/\/portaltela.pt\/s.01k8rhncp4jt1\/2025\/11\/talking-bot-125x125.png","caption":"Telinha"},"sameAs":["https:\/\/portaltela.pt\/"],"url":"https:\/\/portaltela.pt\/por\/367410592786\/"}]}},"_links":{"self":[{"href":"https:\/\/portaltela.pt\/api\/wp\/v2\/posts\/433763","targetHints":{"allow":["GET"]}}],"collection":[{"href":"https:\/\/portaltela.pt\/api\/wp\/v2\/posts"}],"about":[{"href":"https:\/\/portaltela.pt\/api\/wp\/v2\/types\/post"}],"author":[{"embeddable":true,"href":"https:\/\/portaltela.pt\/api\/wp\/v2\/users\/2"}],"replies":[{"embeddable":true,"href":"https:\/\/portaltela.pt\/api\/wp\/v2\/comments?post=433763"}],"version-history":[{"count":0,"href":"https:\/\/portaltela.pt\/api\/wp\/v2\/posts\/433763\/revisions"}],"wp:featuredmedia":[{"embeddable":true,"href":"https:\/\/portaltela.pt\/api\/wp\/v2\/media\/433764"}],"wp:attachment":[{"href":"https:\/\/portaltela.pt\/api\/wp\/v2\/media?parent=433763"}],"wp:term":[{"taxonomy":"category","embeddable":true,"href":"https:\/\/portaltela.pt\/api\/wp\/v2\/categories?post=433763"},{"taxonomy":"post_tag","embeddable":true,"href":"https:\/\/portaltela.pt\/api\/wp\/v2\/tags?post=433763"}],"curies":[{"name":"wp","href":"https:\/\/api.w.org\/{rel}","templated":true}]}}