{"id":433748,"date":"2026-04-06T03:46:52","date_gmt":"2026-04-06T06:46:52","guid":{"rendered":"https:\/\/portaltela.pt\/noticias\/2026\/04\/06\/faltam-profissionais-nos-cuidados-continuados-grupo-avalia-financiamento-justo\/"},"modified":"2026-04-06T03:46:52","modified_gmt":"2026-04-06T06:46:52","slug":"faltam-profissionais-nos-cuidados-continuados-grupo-avalia-financiamento-justo","status":"publish","type":"post","link":"https:\/\/portaltela.pt\/saude\/2026\/04\/06\/faltam-profissionais-nos-cuidados-continuados-grupo-avalia-financiamento-justo\/","title":{"rendered":"Faltam profissionais nos cuidados continuados; grupo avalia financiamento justo"},"content":{"rendered":"<p>Foi revelado que h\u00e1 d\u00e9fice de profissionais nos cuidados continuados, com o grupo a avaliar um \u201cfinanciamento justo\u201d para atrair e reter pessoal. A ideia \u00e9 melhorar condi\u00e7\u00f5es de funcionamento das unidades de cuidados continuados.<\/p>\n<p>A not\u00edcia surge ap\u00f3s uma comunica\u00e7\u00e3o do Minist\u00e9rio da Sa\u00fade, em Abril de 2025, de que seis enfermeiros apresentaram escusa de responsabilidade por alegada presta\u00e7\u00e3o de cuidados com r\u00e1cios desadequados face \u00e0 capacidade instalada. O caso motivou a\u00e7\u00f5es de verifica\u00e7\u00e3o por parte da ERS.<\/p>\n<p>A Entidade Reguladora da Sa\u00fade pediu \u00e0 Resid\u00eancia Montepio Montijo (RMM) dados sobre escalas e enfermeiros dispon\u00edveis por turno. O objetivo \u00e9 assegurar 1300 horas semanais de enfermagem em presen\u00e7a permanente, para as tr\u00eas tipologias de cuidados continuados.<\/p>\n<h3>Recomenda\u00e7\u00f5es do grupo<\/h3>\n<p>O grupo avaliador pretende apresentar recomenda\u00e7\u00f5es ao Governo at\u00e9 Junho, visando corrigir falhas de financiamento e de recurso humano. Centraliza-se a necessidade de condi\u00e7\u00f5es est\u00e1veis para atrair profissionais e manter a qualidade dos cuidados.<\/p>\n","protected":false},"excerpt":{"rendered":"<ul>\n<li>Em abril de 2025, o Minist\u00e9rio da Sa\u00fade informou que seis enfermeiros apresentaram escusa de responsabilidade por alegada presta\u00e7\u00e3o de cuidados com r\u00e1cios de enfermagem desadequados face \u00e0 capacidade instalada.<\/li>\n<li>A Entidade Reguladora da Sa\u00fade pediu \u00e0 Resid\u00eancia Montepio Montijo dados sobre escalas e enfermeiros dispon\u00edveis por turno.<\/li>\n<li>O gestor deveria assegurar, no total e para as tr\u00eas tipologias de cuidados continuados, 1300 horas semanais de enfermagem em presen\u00e7a permanente.<\/li>\n<li>Das escalas avaliadas, estavam em falta mais de 300 horas semanais de enfermagem.<\/li>\n<li>Um grupo de avalia\u00e7\u00e3o mostra-se empenhado em apresentar recomenda\u00e7\u00f5es ao Governo at\u00e9 junho, defendendo um financiamento justo para atrair e reter profissionais.<\/li>\n<\/ul>\n","protected":false},"author":2,"featured_media":433757,"comment_status":"closed","ping_status":"closed","sticky":false,"template":"","format":"standard","meta":{"footnotes":""},"categories":[6745],"tags":[6115,5371,2662,2417,2415,172],"class_list":["post-433748","post","type-post","status-publish","format-standard","has-post-thumbnail","hentry","category-saude","tag-_economia","tag-cuidados-de-saude","tag-enfermagem","tag-financiamento","tag-gestao","tag-saude"],"yoast_head":"<!-- This site is optimized with the Yoast SEO plugin v27.2 - https:\/\/yoast.com\/product\/yoast-seo-wordpress\/ -->\n<title>Faltam profissionais nos cuidados continuados; grupo avalia financiamento justo - Portal Tela Portugal<\/title>\n<meta name=\"robots\" content=\"index, follow, max-snippet:-1, max-image-preview:large, max-video-preview:-1\" \/>\n<meta property=\"og:locale\" content=\"pt_PT\" \/>\n<meta property=\"og:type\" content=\"article\" \/>\n<meta property=\"og:title\" content=\"Faltam profissionais nos cuidados continuados; grupo avalia financiamento justo - Portal Tela Portugal\" \/>\n<meta property=\"og:description\" content=\"Em abril de 2025, o Minist\u00e9rio da Sa\u00fade informou que seis enfermeiros apresentaram escusa de responsabilidade por alegada presta\u00e7\u00e3o de cuidados com r\u00e1cios de enfermagem desadequados face \u00e0 capacidade instalada. A Entidade Reguladora da Sa\u00fade pediu \u00e0 Resid\u00eancia Montepio Montijo dados sobre escalas e enfermeiros dispon\u00edveis por turno. O gestor deveria assegurar, no total e para as tr\u00eas tipologias de cuidados continuados, 1300 horas semanais de enfermagem em presen\u00e7a permanente. Das escalas avaliadas, estavam em falta mais de 300 horas semanais de enfermagem. Um grupo de avalia\u00e7\u00e3o mostra-se empenhado em apresentar recomenda\u00e7\u00f5es ao Governo at\u00e9 junho, defendendo um financiamento justo para atrair e reter profissionais.\" \/>\n<meta property=\"og:url\" content=\"https:\/\/portaltela.pt\/noticias\/2026\/04\/06\/faltam-profissionais-nos-cuidados-continuados-grupo-avalia-financiamento-justo\/\" \/>\n<meta property=\"og:site_name\" content=\"Portal Tela Portugal\" \/>\n<meta property=\"article:published_time\" content=\"2026-04-06T06:46:52+00:00\" \/>\n<meta name=\"author\" content=\"Telinha\" \/>\n<meta name=\"twitter:card\" content=\"summary_large_image\" \/>\n<meta name=\"twitter:label1\" content=\"Escrito por\" \/>\n\t<meta name=\"twitter:data1\" content=\"Telinha\" \/>\n\t<meta name=\"twitter:label2\" content=\"Tempo estimado de leitura\" \/>\n\t<meta name=\"twitter:data2\" content=\"1 minuto\" \/>\n<script type=\"application\/ld+json\" class=\"yoast-schema-graph\">{\"@context\":\"https:\/\/schema.org\",\"@graph\":[{\"@type\":\"Article\",\"@id\":\"https:\/\/portaltela.pt\/noticias\/2026\/04\/06\/faltam-profissionais-nos-cuidados-continuados-grupo-avalia-financiamento-justo\/#article\",\"isPartOf\":{\"@id\":\"https:\/\/portaltela.pt\/noticias\/2026\/04\/06\/faltam-profissionais-nos-cuidados-continuados-grupo-avalia-financiamento-justo\/\"},\"author\":{\"name\":\"Telinha\",\"@id\":\"https:\/\/portaltela.pt\/#\/schema\/person\/c4278d4a6028830caff9ee44b42d32ed\"},\"headline\":\"Faltam profissionais nos cuidados continuados; grupo avalia financiamento justo\",\"datePublished\":\"2026-04-06T06:46:52+00:00\",\"mainEntityOfPage\":{\"@id\":\"https:\/\/portaltela.pt\/noticias\/2026\/04\/06\/faltam-profissionais-nos-cuidados-continuados-grupo-avalia-financiamento-justo\/\"},\"wordCount\":177,\"image\":{\"@id\":\"https:\/\/portaltela.pt\/noticias\/2026\/04\/06\/faltam-profissionais-nos-cuidados-continuados-grupo-avalia-financiamento-justo\/#primaryimage\"},\"thumbnailUrl\":\"https:\/\/portaltela.pt\/s.01k8rhncp4jt1\/2026\/04\/2073530.jpg\",\"keywords\":[\"_economia\",\"cuidados de sa\u00fade\",\"Enfermagem\",\"financiamento\",\"gest\u00e3o\",\"sa\u00fade\"],\"articleSection\":[\"Sa\u00fade\"],\"inLanguage\":\"pt-PT\"},{\"@type\":\"WebPage\",\"@id\":\"https:\/\/portaltela.pt\/noticias\/2026\/04\/06\/faltam-profissionais-nos-cuidados-continuados-grupo-avalia-financiamento-justo\/\",\"url\":\"https:\/\/portaltela.pt\/noticias\/2026\/04\/06\/faltam-profissionais-nos-cuidados-continuados-grupo-avalia-financiamento-justo\/\",\"name\":\"Faltam profissionais nos cuidados continuados; grupo avalia financiamento justo - Portal Tela Portugal\",\"isPartOf\":{\"@id\":\"https:\/\/portaltela.pt\/#website\"},\"primaryImageOfPage\":{\"@id\":\"https:\/\/portaltela.pt\/noticias\/2026\/04\/06\/faltam-profissionais-nos-cuidados-continuados-grupo-avalia-financiamento-justo\/#primaryimage\"},\"image\":{\"@id\":\"https:\/\/portaltela.pt\/noticias\/2026\/04\/06\/faltam-profissionais-nos-cuidados-continuados-grupo-avalia-financiamento-justo\/#primaryimage\"},\"thumbnailUrl\":\"https:\/\/portaltela.pt\/s.01k8rhncp4jt1\/2026\/04\/2073530.jpg\",\"datePublished\":\"2026-04-06T06:46:52+00:00\",\"author\":{\"@id\":\"https:\/\/portaltela.pt\/#\/schema\/person\/c4278d4a6028830caff9ee44b42d32ed\"},\"breadcrumb\":{\"@id\":\"https:\/\/portaltela.pt\/noticias\/2026\/04\/06\/faltam-profissionais-nos-cuidados-continuados-grupo-avalia-financiamento-justo\/#breadcrumb\"},\"inLanguage\":\"pt-PT\",\"potentialAction\":[{\"@type\":\"ReadAction\",\"target\":[\"https:\/\/portaltela.pt\/noticias\/2026\/04\/06\/faltam-profissionais-nos-cuidados-continuados-grupo-avalia-financiamento-justo\/\"]}]},{\"@type\":\"ImageObject\",\"inLanguage\":\"pt-PT\",\"@id\":\"https:\/\/portaltela.pt\/noticias\/2026\/04\/06\/faltam-profissionais-nos-cuidados-continuados-grupo-avalia-financiamento-justo\/#primaryimage\",\"url\":\"https:\/\/portaltela.pt\/s.01k8rhncp4jt1\/2026\/04\/2073530.jpg\",\"contentUrl\":\"https:\/\/portaltela.pt\/s.01k8rhncp4jt1\/2026\/04\/2073530.jpg\",\"width\":796,\"height\":448,\"caption\":\"ERS identificou v\u00e1rios tipos de profissionais de sa\u00fade com r\u00e1cios inferiores ao desejado em v\u00e1rias unidades de cuidados continuados\"},{\"@type\":\"BreadcrumbList\",\"@id\":\"https:\/\/portaltela.pt\/noticias\/2026\/04\/06\/faltam-profissionais-nos-cuidados-continuados-grupo-avalia-financiamento-justo\/#breadcrumb\",\"itemListElement\":[{\"@type\":\"ListItem\",\"position\":1,\"name\":\"In\u00edcio\",\"item\":\"https:\/\/portaltela.pt\/\"},{\"@type\":\"ListItem\",\"position\":2,\"name\":\"Faltam profissionais nos cuidados continuados; grupo avalia financiamento justo\"}]},{\"@type\":\"WebSite\",\"@id\":\"https:\/\/portaltela.pt\/#website\",\"url\":\"https:\/\/portaltela.pt\/\",\"name\":\"Portal Tela Portugal\",\"description\":\"\",\"potentialAction\":[{\"@type\":\"SearchAction\",\"target\":{\"@type\":\"EntryPoint\",\"urlTemplate\":\"https:\/\/portaltela.pt\/?s={search_term_string}\"},\"query-input\":{\"@type\":\"PropertyValueSpecification\",\"valueRequired\":true,\"valueName\":\"search_term_string\"}}],\"inLanguage\":\"pt-PT\"},{\"@type\":\"Person\",\"@id\":\"https:\/\/portaltela.pt\/#\/schema\/person\/c4278d4a6028830caff9ee44b42d32ed\",\"name\":\"Telinha\",\"image\":{\"@type\":\"ImageObject\",\"inLanguage\":\"pt-PT\",\"@id\":\"https:\/\/portaltela.pt\/s.01k8rhncp4jt1\/2025\/11\/talking-bot-125x125.png\",\"url\":\"https:\/\/portaltela.pt\/s.01k8rhncp4jt1\/2025\/11\/talking-bot-125x125.png\",\"contentUrl\":\"https:\/\/portaltela.pt\/s.01k8rhncp4jt1\/2025\/11\/talking-bot-125x125.png\",\"caption\":\"Telinha\"},\"sameAs\":[\"https:\/\/portaltela.pt\/\"],\"url\":\"https:\/\/portaltela.pt\/por\/367410592786\/\"}]}<\/script>\n<!-- \/ Yoast SEO plugin. -->","yoast_head_json":{"title":"Faltam profissionais nos cuidados continuados; grupo avalia financiamento justo - Portal Tela Portugal","robots":{"index":"index","follow":"follow","max-snippet":"max-snippet:-1","max-image-preview":"max-image-preview:large","max-video-preview":"max-video-preview:-1"},"og_locale":"pt_PT","og_type":"article","og_title":"Faltam profissionais nos cuidados continuados; grupo avalia financiamento justo - Portal Tela Portugal","og_description":"Em abril de 2025, o Minist\u00e9rio da Sa\u00fade informou que seis enfermeiros apresentaram escusa de responsabilidade por alegada presta\u00e7\u00e3o de cuidados com r\u00e1cios de enfermagem desadequados face \u00e0 capacidade instalada. A Entidade Reguladora da Sa\u00fade pediu \u00e0 Resid\u00eancia Montepio Montijo dados sobre escalas e enfermeiros dispon\u00edveis por turno. O gestor deveria assegurar, no total e para as tr\u00eas tipologias de cuidados continuados, 1300 horas semanais de enfermagem em presen\u00e7a permanente. Das escalas avaliadas, estavam em falta mais de 300 horas semanais de enfermagem. Um grupo de avalia\u00e7\u00e3o mostra-se empenhado em apresentar recomenda\u00e7\u00f5es ao Governo at\u00e9 junho, defendendo um financiamento justo para atrair e reter profissionais.","og_url":"https:\/\/portaltela.pt\/noticias\/2026\/04\/06\/faltam-profissionais-nos-cuidados-continuados-grupo-avalia-financiamento-justo\/","og_site_name":"Portal Tela Portugal","article_published_time":"2026-04-06T06:46:52+00:00","author":"Telinha","twitter_card":"summary_large_image","twitter_misc":{"Escrito por":"Telinha","Tempo estimado de leitura":"1 minuto"},"schema":{"@context":"https:\/\/schema.org","@graph":[{"@type":"Article","@id":"https:\/\/portaltela.pt\/noticias\/2026\/04\/06\/faltam-profissionais-nos-cuidados-continuados-grupo-avalia-financiamento-justo\/#article","isPartOf":{"@id":"https:\/\/portaltela.pt\/noticias\/2026\/04\/06\/faltam-profissionais-nos-cuidados-continuados-grupo-avalia-financiamento-justo\/"},"author":{"name":"Telinha","@id":"https:\/\/portaltela.pt\/#\/schema\/person\/c4278d4a6028830caff9ee44b42d32ed"},"headline":"Faltam profissionais nos cuidados continuados; grupo avalia financiamento justo","datePublished":"2026-04-06T06:46:52+00:00","mainEntityOfPage":{"@id":"https:\/\/portaltela.pt\/noticias\/2026\/04\/06\/faltam-profissionais-nos-cuidados-continuados-grupo-avalia-financiamento-justo\/"},"wordCount":177,"image":{"@id":"https:\/\/portaltela.pt\/noticias\/2026\/04\/06\/faltam-profissionais-nos-cuidados-continuados-grupo-avalia-financiamento-justo\/#primaryimage"},"thumbnailUrl":"https:\/\/portaltela.pt\/s.01k8rhncp4jt1\/2026\/04\/2073530.jpg","keywords":["_economia","cuidados de sa\u00fade","Enfermagem","financiamento","gest\u00e3o","sa\u00fade"],"articleSection":["Sa\u00fade"],"inLanguage":"pt-PT"},{"@type":"WebPage","@id":"https:\/\/portaltela.pt\/noticias\/2026\/04\/06\/faltam-profissionais-nos-cuidados-continuados-grupo-avalia-financiamento-justo\/","url":"https:\/\/portaltela.pt\/noticias\/2026\/04\/06\/faltam-profissionais-nos-cuidados-continuados-grupo-avalia-financiamento-justo\/","name":"Faltam profissionais nos cuidados continuados; grupo avalia financiamento justo - Portal Tela Portugal","isPartOf":{"@id":"https:\/\/portaltela.pt\/#website"},"primaryImageOfPage":{"@id":"https:\/\/portaltela.pt\/noticias\/2026\/04\/06\/faltam-profissionais-nos-cuidados-continuados-grupo-avalia-financiamento-justo\/#primaryimage"},"image":{"@id":"https:\/\/portaltela.pt\/noticias\/2026\/04\/06\/faltam-profissionais-nos-cuidados-continuados-grupo-avalia-financiamento-justo\/#primaryimage"},"thumbnailUrl":"https:\/\/portaltela.pt\/s.01k8rhncp4jt1\/2026\/04\/2073530.jpg","datePublished":"2026-04-06T06:46:52+00:00","author":{"@id":"https:\/\/portaltela.pt\/#\/schema\/person\/c4278d4a6028830caff9ee44b42d32ed"},"breadcrumb":{"@id":"https:\/\/portaltela.pt\/noticias\/2026\/04\/06\/faltam-profissionais-nos-cuidados-continuados-grupo-avalia-financiamento-justo\/#breadcrumb"},"inLanguage":"pt-PT","potentialAction":[{"@type":"ReadAction","target":["https:\/\/portaltela.pt\/noticias\/2026\/04\/06\/faltam-profissionais-nos-cuidados-continuados-grupo-avalia-financiamento-justo\/"]}]},{"@type":"ImageObject","inLanguage":"pt-PT","@id":"https:\/\/portaltela.pt\/noticias\/2026\/04\/06\/faltam-profissionais-nos-cuidados-continuados-grupo-avalia-financiamento-justo\/#primaryimage","url":"https:\/\/portaltela.pt\/s.01k8rhncp4jt1\/2026\/04\/2073530.jpg","contentUrl":"https:\/\/portaltela.pt\/s.01k8rhncp4jt1\/2026\/04\/2073530.jpg","width":796,"height":448,"caption":"ERS identificou v\u00e1rios tipos de profissionais de sa\u00fade com r\u00e1cios inferiores ao desejado em v\u00e1rias unidades de cuidados continuados"},{"@type":"BreadcrumbList","@id":"https:\/\/portaltela.pt\/noticias\/2026\/04\/06\/faltam-profissionais-nos-cuidados-continuados-grupo-avalia-financiamento-justo\/#breadcrumb","itemListElement":[{"@type":"ListItem","position":1,"name":"In\u00edcio","item":"https:\/\/portaltela.pt\/"},{"@type":"ListItem","position":2,"name":"Faltam profissionais nos cuidados continuados; grupo avalia financiamento justo"}]},{"@type":"WebSite","@id":"https:\/\/portaltela.pt\/#website","url":"https:\/\/portaltela.pt\/","name":"Portal Tela Portugal","description":"","potentialAction":[{"@type":"SearchAction","target":{"@type":"EntryPoint","urlTemplate":"https:\/\/portaltela.pt\/?s={search_term_string}"},"query-input":{"@type":"PropertyValueSpecification","valueRequired":true,"valueName":"search_term_string"}}],"inLanguage":"pt-PT"},{"@type":"Person","@id":"https:\/\/portaltela.pt\/#\/schema\/person\/c4278d4a6028830caff9ee44b42d32ed","name":"Telinha","image":{"@type":"ImageObject","inLanguage":"pt-PT","@id":"https:\/\/portaltela.pt\/s.01k8rhncp4jt1\/2025\/11\/talking-bot-125x125.png","url":"https:\/\/portaltela.pt\/s.01k8rhncp4jt1\/2025\/11\/talking-bot-125x125.png","contentUrl":"https:\/\/portaltela.pt\/s.01k8rhncp4jt1\/2025\/11\/talking-bot-125x125.png","caption":"Telinha"},"sameAs":["https:\/\/portaltela.pt\/"],"url":"https:\/\/portaltela.pt\/por\/367410592786\/"}]}},"_links":{"self":[{"href":"https:\/\/portaltela.pt\/api\/wp\/v2\/posts\/433748","targetHints":{"allow":["GET"]}}],"collection":[{"href":"https:\/\/portaltela.pt\/api\/wp\/v2\/posts"}],"about":[{"href":"https:\/\/portaltela.pt\/api\/wp\/v2\/types\/post"}],"author":[{"embeddable":true,"href":"https:\/\/portaltela.pt\/api\/wp\/v2\/users\/2"}],"replies":[{"embeddable":true,"href":"https:\/\/portaltela.pt\/api\/wp\/v2\/comments?post=433748"}],"version-history":[{"count":0,"href":"https:\/\/portaltela.pt\/api\/wp\/v2\/posts\/433748\/revisions"}],"wp:featuredmedia":[{"embeddable":true,"href":"https:\/\/portaltela.pt\/api\/wp\/v2\/media\/433757"}],"wp:attachment":[{"href":"https:\/\/portaltela.pt\/api\/wp\/v2\/media?parent=433748"}],"wp:term":[{"taxonomy":"category","embeddable":true,"href":"https:\/\/portaltela.pt\/api\/wp\/v2\/categories?post=433748"},{"taxonomy":"post_tag","embeddable":true,"href":"https:\/\/portaltela.pt\/api\/wp\/v2\/tags?post=433748"}],"curies":[{"name":"wp","href":"https:\/\/api.w.org\/{rel}","templated":true}]}}