{"id":433741,"date":"2026-04-06T03:26:00","date_gmt":"2026-04-06T06:26:00","guid":{"rendered":"https:\/\/portaltela.pt\/noticias\/2026\/04\/06\/diplomas-nao-devem-criar-maiores-desigualdades-no-acesso-diz-helena-carreiras\/"},"modified":"2026-04-06T03:26:00","modified_gmt":"2026-04-06T06:26:00","slug":"diplomas-nao-devem-criar-maiores-desigualdades-no-acesso-diz-helena-carreiras","status":"publish","type":"post","link":"https:\/\/portaltela.pt\/sociedade\/2026\/04\/06\/diplomas-nao-devem-criar-maiores-desigualdades-no-acesso-diz-helena-carreiras\/","title":{"rendered":"Diplomas n\u00e3o devem criar maiores desigualdades no acesso, diz Helena Carreiras"},"content":{"rendered":"<p>Helena Carreiras, nova reitora do Iscte \u2013 Instituto Universit\u00e1rio de Lisboa, alerta para riscos de exclus\u00e3o no acesso ao ensino superior. Defende que as institui\u00e7\u00f5es assegurem condi\u00e7\u00f5es para melhoria de compet\u00eancias logo na entrada no superior.<\/p>\n<p>A l\u00edder acad\u00e9mica sublinha a necessidade de adapta\u00e7\u00e3o das universidades \u00e0s transforma\u00e7\u00f5es tecnol\u00f3gicas, incluindo a intelig\u00eancia artificial. O objetivo \u00e9 evitar que altera\u00e7\u00f5es formativas criem novas desigualdades no acesso ao ensino.<\/p>\n<p>Carreiras tamb\u00e9m chama a aten\u00e7\u00e3o para a revis\u00e3o das regras propostas pelo Minist\u00e9rio da Educa\u00e7\u00e3o sobre o regime de graus e diplomas. O foco \u00e9 manter crit\u00e9rios de inclus\u00e3o e assegurar que as mudan\u00e7as beneficiarem todos os estudantes sem excluir grupos j\u00e1 desfavorecidos.<\/p>\n<p>No contexto mais amplo, a reitora destaca a import\u00e2ncia do papel das universidades como espa\u00e7os de pensamento cr\u00edtico e produ\u00e7\u00e3o de conhecimento. A comunica\u00e7\u00e3o ocorre numa altura de debates sobre qualidade, equival\u00eancia de diplomas e metodologias de ensino.<\/p>\n","protected":false},"excerpt":{"rendered":"<ul>\n<li>Helena Carreiras \u00e9 a nova reitora do Iscte \u2013 Instituto Universit\u00e1rio de Lisboa.<\/li>\n<li>Defende que o diploma de graus e diplomas n\u00e3o aumente as desigualdades no acesso ao ensino superior.<\/li>\n<li>Alerta para o risco de exclus\u00e3o no acesso e para a necessidade de oferecer aos estudantes condi\u00e7\u00f5es para melhorarem as suas compet\u00eancias assim que entram no superior.<\/li>\n<li>A entrevista faz refer\u00eancia \u00e0s novas regras propostas pelo Minist\u00e9rio da Educa\u00e7\u00e3o no regime de graus e diplomas, num contexto de inova\u00e7\u00e3o tecnol\u00f3gica, incluindo a IA.<\/li>\n<li>Refor\u00e7a a ideia de que as institui\u00e7\u00f5es devem adaptar-se sem recorrer a crit\u00e9rios de exclus\u00e3o, mantendo o acesso aberto e equitativo.<\/li>\n<\/ul>\n","protected":false},"author":2,"featured_media":433744,"comment_status":"closed","ping_status":"closed","sticky":false,"template":"","format":"standard","meta":{"footnotes":""},"categories":[1,6871],"tags":[163,5965,2443,92,6623,51],"class_list":["post-433741","post","type-post","status-publish","format-standard","has-post-thumbnail","hentry","category-noticias","category-sociedade","tag-educacao","tag-educacao-para-a-cidadania","tag-educacao-publica","tag-ensino","tag-ensino-superior","tag-inteligencia-artificial"],"yoast_head":"<!-- This site is optimized with the Yoast SEO plugin v27.2 - https:\/\/yoast.com\/product\/yoast-seo-wordpress\/ -->\n<title>Diplomas n\u00e3o devem criar maiores desigualdades no acesso, diz Helena Carreiras - Portal Tela Portugal<\/title>\n<meta name=\"robots\" content=\"index, follow, max-snippet:-1, max-image-preview:large, max-video-preview:-1\" \/>\n<meta property=\"og:locale\" content=\"pt_PT\" \/>\n<meta property=\"og:type\" content=\"article\" \/>\n<meta property=\"og:title\" content=\"Diplomas n\u00e3o devem criar maiores desigualdades no acesso, diz Helena Carreiras - Portal Tela Portugal\" \/>\n<meta property=\"og:description\" content=\"Helena Carreiras \u00e9 a nova reitora do Iscte \u2013 Instituto Universit\u00e1rio de Lisboa. Defende que o diploma de graus e diplomas n\u00e3o aumente as desigualdades no acesso ao ensino superior. Alerta para o risco de exclus\u00e3o no acesso e para a necessidade de oferecer aos estudantes condi\u00e7\u00f5es para melhorarem as suas compet\u00eancias assim que entram no superior. A entrevista faz refer\u00eancia \u00e0s novas regras propostas pelo Minist\u00e9rio da Educa\u00e7\u00e3o no regime de graus e diplomas, num contexto de inova\u00e7\u00e3o tecnol\u00f3gica, incluindo a IA. Refor\u00e7a a ideia de que as institui\u00e7\u00f5es devem adaptar-se sem recorrer a crit\u00e9rios de exclus\u00e3o, mantendo o acesso aberto e equitativo.\" \/>\n<meta property=\"og:url\" content=\"https:\/\/portaltela.pt\/noticias\/2026\/04\/06\/diplomas-nao-devem-criar-maiores-desigualdades-no-acesso-diz-helena-carreiras\/\" \/>\n<meta property=\"og:site_name\" content=\"Portal Tela Portugal\" \/>\n<meta property=\"article:published_time\" content=\"2026-04-06T06:26:00+00:00\" \/>\n<meta name=\"author\" content=\"Telinha\" \/>\n<meta name=\"twitter:card\" content=\"summary_large_image\" \/>\n<meta name=\"twitter:label1\" content=\"Escrito por\" \/>\n\t<meta name=\"twitter:data1\" content=\"Telinha\" \/>\n\t<meta name=\"twitter:label2\" content=\"Tempo estimado de leitura\" \/>\n\t<meta name=\"twitter:data2\" content=\"1 minuto\" \/>\n<script type=\"application\/ld+json\" class=\"yoast-schema-graph\">{\"@context\":\"https:\/\/schema.org\",\"@graph\":[{\"@type\":\"Article\",\"@id\":\"https:\/\/portaltela.pt\/noticias\/2026\/04\/06\/diplomas-nao-devem-criar-maiores-desigualdades-no-acesso-diz-helena-carreiras\/#article\",\"isPartOf\":{\"@id\":\"https:\/\/portaltela.pt\/noticias\/2026\/04\/06\/diplomas-nao-devem-criar-maiores-desigualdades-no-acesso-diz-helena-carreiras\/\"},\"author\":{\"name\":\"Telinha\",\"@id\":\"https:\/\/portaltela.pt\/#\/schema\/person\/c4278d4a6028830caff9ee44b42d32ed\"},\"headline\":\"Diplomas n\u00e3o devem criar maiores desigualdades no acesso, diz Helena Carreiras\",\"datePublished\":\"2026-04-06T06:26:00+00:00\",\"mainEntityOfPage\":{\"@id\":\"https:\/\/portaltela.pt\/noticias\/2026\/04\/06\/diplomas-nao-devem-criar-maiores-desigualdades-no-acesso-diz-helena-carreiras\/\"},\"wordCount\":183,\"image\":{\"@id\":\"https:\/\/portaltela.pt\/noticias\/2026\/04\/06\/diplomas-nao-devem-criar-maiores-desigualdades-no-acesso-diz-helena-carreiras\/#primaryimage\"},\"thumbnailUrl\":\"https:\/\/portaltela.pt\/s.01k8rhncp4jt1\/2026\/04\/2079415.jpg\",\"keywords\":[\"educa\u00e7\u00e3o\",\"Educa\u00e7\u00e3o para a Cidadania\",\"educa\u00e7\u00e3o p\u00fablica\",\"ensino\",\"Ensino Superior\",\"intelig\u00eancia artificial\"],\"articleSection\":[\"Not\u00edcias\",\"Sociedade\"],\"inLanguage\":\"pt-PT\"},{\"@type\":\"WebPage\",\"@id\":\"https:\/\/portaltela.pt\/noticias\/2026\/04\/06\/diplomas-nao-devem-criar-maiores-desigualdades-no-acesso-diz-helena-carreiras\/\",\"url\":\"https:\/\/portaltela.pt\/noticias\/2026\/04\/06\/diplomas-nao-devem-criar-maiores-desigualdades-no-acesso-diz-helena-carreiras\/\",\"name\":\"Diplomas n\u00e3o devem criar maiores desigualdades no acesso, diz Helena Carreiras - Portal Tela Portugal\",\"isPartOf\":{\"@id\":\"https:\/\/portaltela.pt\/#website\"},\"primaryImageOfPage\":{\"@id\":\"https:\/\/portaltela.pt\/noticias\/2026\/04\/06\/diplomas-nao-devem-criar-maiores-desigualdades-no-acesso-diz-helena-carreiras\/#primaryimage\"},\"image\":{\"@id\":\"https:\/\/portaltela.pt\/noticias\/2026\/04\/06\/diplomas-nao-devem-criar-maiores-desigualdades-no-acesso-diz-helena-carreiras\/#primaryimage\"},\"thumbnailUrl\":\"https:\/\/portaltela.pt\/s.01k8rhncp4jt1\/2026\/04\/2079415.jpg\",\"datePublished\":\"2026-04-06T06:26:00+00:00\",\"author\":{\"@id\":\"https:\/\/portaltela.pt\/#\/schema\/person\/c4278d4a6028830caff9ee44b42d32ed\"},\"breadcrumb\":{\"@id\":\"https:\/\/portaltela.pt\/noticias\/2026\/04\/06\/diplomas-nao-devem-criar-maiores-desigualdades-no-acesso-diz-helena-carreiras\/#breadcrumb\"},\"inLanguage\":\"pt-PT\",\"potentialAction\":[{\"@type\":\"ReadAction\",\"target\":[\"https:\/\/portaltela.pt\/noticias\/2026\/04\/06\/diplomas-nao-devem-criar-maiores-desigualdades-no-acesso-diz-helena-carreiras\/\"]}]},{\"@type\":\"ImageObject\",\"inLanguage\":\"pt-PT\",\"@id\":\"https:\/\/portaltela.pt\/noticias\/2026\/04\/06\/diplomas-nao-devem-criar-maiores-desigualdades-no-acesso-diz-helena-carreiras\/#primaryimage\",\"url\":\"https:\/\/portaltela.pt\/s.01k8rhncp4jt1\/2026\/04\/2079415.jpg\",\"contentUrl\":\"https:\/\/portaltela.pt\/s.01k8rhncp4jt1\/2026\/04\/2079415.jpg\",\"width\":796,\"height\":448,\"caption\":\"Helena Carreiras foi eleita para o mandato 2026-2030. Era vice-reitora da institui\u00e7\u00e3o para a \u00e1rea da internacionaliza\u00e7\u00e3o\"},{\"@type\":\"BreadcrumbList\",\"@id\":\"https:\/\/portaltela.pt\/noticias\/2026\/04\/06\/diplomas-nao-devem-criar-maiores-desigualdades-no-acesso-diz-helena-carreiras\/#breadcrumb\",\"itemListElement\":[{\"@type\":\"ListItem\",\"position\":1,\"name\":\"In\u00edcio\",\"item\":\"https:\/\/portaltela.pt\/\"},{\"@type\":\"ListItem\",\"position\":2,\"name\":\"Diplomas n\u00e3o devem criar maiores desigualdades no acesso, diz Helena Carreiras\"}]},{\"@type\":\"WebSite\",\"@id\":\"https:\/\/portaltela.pt\/#website\",\"url\":\"https:\/\/portaltela.pt\/\",\"name\":\"Portal Tela Portugal\",\"description\":\"\",\"potentialAction\":[{\"@type\":\"SearchAction\",\"target\":{\"@type\":\"EntryPoint\",\"urlTemplate\":\"https:\/\/portaltela.pt\/?s={search_term_string}\"},\"query-input\":{\"@type\":\"PropertyValueSpecification\",\"valueRequired\":true,\"valueName\":\"search_term_string\"}}],\"inLanguage\":\"pt-PT\"},{\"@type\":\"Person\",\"@id\":\"https:\/\/portaltela.pt\/#\/schema\/person\/c4278d4a6028830caff9ee44b42d32ed\",\"name\":\"Telinha\",\"image\":{\"@type\":\"ImageObject\",\"inLanguage\":\"pt-PT\",\"@id\":\"https:\/\/portaltela.pt\/s.01k8rhncp4jt1\/2025\/11\/talking-bot-125x125.png\",\"url\":\"https:\/\/portaltela.pt\/s.01k8rhncp4jt1\/2025\/11\/talking-bot-125x125.png\",\"contentUrl\":\"https:\/\/portaltela.pt\/s.01k8rhncp4jt1\/2025\/11\/talking-bot-125x125.png\",\"caption\":\"Telinha\"},\"sameAs\":[\"https:\/\/portaltela.pt\/\"],\"url\":\"https:\/\/portaltela.pt\/por\/367410592786\/\"}]}<\/script>\n<!-- \/ Yoast SEO plugin. -->","yoast_head_json":{"title":"Diplomas n\u00e3o devem criar maiores desigualdades no acesso, diz Helena Carreiras - Portal Tela Portugal","robots":{"index":"index","follow":"follow","max-snippet":"max-snippet:-1","max-image-preview":"max-image-preview:large","max-video-preview":"max-video-preview:-1"},"og_locale":"pt_PT","og_type":"article","og_title":"Diplomas n\u00e3o devem criar maiores desigualdades no acesso, diz Helena Carreiras - Portal Tela Portugal","og_description":"Helena Carreiras \u00e9 a nova reitora do Iscte \u2013 Instituto Universit\u00e1rio de Lisboa. Defende que o diploma de graus e diplomas n\u00e3o aumente as desigualdades no acesso ao ensino superior. Alerta para o risco de exclus\u00e3o no acesso e para a necessidade de oferecer aos estudantes condi\u00e7\u00f5es para melhorarem as suas compet\u00eancias assim que entram no superior. A entrevista faz refer\u00eancia \u00e0s novas regras propostas pelo Minist\u00e9rio da Educa\u00e7\u00e3o no regime de graus e diplomas, num contexto de inova\u00e7\u00e3o tecnol\u00f3gica, incluindo a IA. Refor\u00e7a a ideia de que as institui\u00e7\u00f5es devem adaptar-se sem recorrer a crit\u00e9rios de exclus\u00e3o, mantendo o acesso aberto e equitativo.","og_url":"https:\/\/portaltela.pt\/noticias\/2026\/04\/06\/diplomas-nao-devem-criar-maiores-desigualdades-no-acesso-diz-helena-carreiras\/","og_site_name":"Portal Tela Portugal","article_published_time":"2026-04-06T06:26:00+00:00","author":"Telinha","twitter_card":"summary_large_image","twitter_misc":{"Escrito por":"Telinha","Tempo estimado de leitura":"1 minuto"},"schema":{"@context":"https:\/\/schema.org","@graph":[{"@type":"Article","@id":"https:\/\/portaltela.pt\/noticias\/2026\/04\/06\/diplomas-nao-devem-criar-maiores-desigualdades-no-acesso-diz-helena-carreiras\/#article","isPartOf":{"@id":"https:\/\/portaltela.pt\/noticias\/2026\/04\/06\/diplomas-nao-devem-criar-maiores-desigualdades-no-acesso-diz-helena-carreiras\/"},"author":{"name":"Telinha","@id":"https:\/\/portaltela.pt\/#\/schema\/person\/c4278d4a6028830caff9ee44b42d32ed"},"headline":"Diplomas n\u00e3o devem criar maiores desigualdades no acesso, diz Helena Carreiras","datePublished":"2026-04-06T06:26:00+00:00","mainEntityOfPage":{"@id":"https:\/\/portaltela.pt\/noticias\/2026\/04\/06\/diplomas-nao-devem-criar-maiores-desigualdades-no-acesso-diz-helena-carreiras\/"},"wordCount":183,"image":{"@id":"https:\/\/portaltela.pt\/noticias\/2026\/04\/06\/diplomas-nao-devem-criar-maiores-desigualdades-no-acesso-diz-helena-carreiras\/#primaryimage"},"thumbnailUrl":"https:\/\/portaltela.pt\/s.01k8rhncp4jt1\/2026\/04\/2079415.jpg","keywords":["educa\u00e7\u00e3o","Educa\u00e7\u00e3o para a Cidadania","educa\u00e7\u00e3o p\u00fablica","ensino","Ensino Superior","intelig\u00eancia artificial"],"articleSection":["Not\u00edcias","Sociedade"],"inLanguage":"pt-PT"},{"@type":"WebPage","@id":"https:\/\/portaltela.pt\/noticias\/2026\/04\/06\/diplomas-nao-devem-criar-maiores-desigualdades-no-acesso-diz-helena-carreiras\/","url":"https:\/\/portaltela.pt\/noticias\/2026\/04\/06\/diplomas-nao-devem-criar-maiores-desigualdades-no-acesso-diz-helena-carreiras\/","name":"Diplomas n\u00e3o devem criar maiores desigualdades no acesso, diz Helena Carreiras - Portal Tela Portugal","isPartOf":{"@id":"https:\/\/portaltela.pt\/#website"},"primaryImageOfPage":{"@id":"https:\/\/portaltela.pt\/noticias\/2026\/04\/06\/diplomas-nao-devem-criar-maiores-desigualdades-no-acesso-diz-helena-carreiras\/#primaryimage"},"image":{"@id":"https:\/\/portaltela.pt\/noticias\/2026\/04\/06\/diplomas-nao-devem-criar-maiores-desigualdades-no-acesso-diz-helena-carreiras\/#primaryimage"},"thumbnailUrl":"https:\/\/portaltela.pt\/s.01k8rhncp4jt1\/2026\/04\/2079415.jpg","datePublished":"2026-04-06T06:26:00+00:00","author":{"@id":"https:\/\/portaltela.pt\/#\/schema\/person\/c4278d4a6028830caff9ee44b42d32ed"},"breadcrumb":{"@id":"https:\/\/portaltela.pt\/noticias\/2026\/04\/06\/diplomas-nao-devem-criar-maiores-desigualdades-no-acesso-diz-helena-carreiras\/#breadcrumb"},"inLanguage":"pt-PT","potentialAction":[{"@type":"ReadAction","target":["https:\/\/portaltela.pt\/noticias\/2026\/04\/06\/diplomas-nao-devem-criar-maiores-desigualdades-no-acesso-diz-helena-carreiras\/"]}]},{"@type":"ImageObject","inLanguage":"pt-PT","@id":"https:\/\/portaltela.pt\/noticias\/2026\/04\/06\/diplomas-nao-devem-criar-maiores-desigualdades-no-acesso-diz-helena-carreiras\/#primaryimage","url":"https:\/\/portaltela.pt\/s.01k8rhncp4jt1\/2026\/04\/2079415.jpg","contentUrl":"https:\/\/portaltela.pt\/s.01k8rhncp4jt1\/2026\/04\/2079415.jpg","width":796,"height":448,"caption":"Helena Carreiras foi eleita para o mandato 2026-2030. Era vice-reitora da institui\u00e7\u00e3o para a \u00e1rea da internacionaliza\u00e7\u00e3o"},{"@type":"BreadcrumbList","@id":"https:\/\/portaltela.pt\/noticias\/2026\/04\/06\/diplomas-nao-devem-criar-maiores-desigualdades-no-acesso-diz-helena-carreiras\/#breadcrumb","itemListElement":[{"@type":"ListItem","position":1,"name":"In\u00edcio","item":"https:\/\/portaltela.pt\/"},{"@type":"ListItem","position":2,"name":"Diplomas n\u00e3o devem criar maiores desigualdades no acesso, diz Helena Carreiras"}]},{"@type":"WebSite","@id":"https:\/\/portaltela.pt\/#website","url":"https:\/\/portaltela.pt\/","name":"Portal Tela Portugal","description":"","potentialAction":[{"@type":"SearchAction","target":{"@type":"EntryPoint","urlTemplate":"https:\/\/portaltela.pt\/?s={search_term_string}"},"query-input":{"@type":"PropertyValueSpecification","valueRequired":true,"valueName":"search_term_string"}}],"inLanguage":"pt-PT"},{"@type":"Person","@id":"https:\/\/portaltela.pt\/#\/schema\/person\/c4278d4a6028830caff9ee44b42d32ed","name":"Telinha","image":{"@type":"ImageObject","inLanguage":"pt-PT","@id":"https:\/\/portaltela.pt\/s.01k8rhncp4jt1\/2025\/11\/talking-bot-125x125.png","url":"https:\/\/portaltela.pt\/s.01k8rhncp4jt1\/2025\/11\/talking-bot-125x125.png","contentUrl":"https:\/\/portaltela.pt\/s.01k8rhncp4jt1\/2025\/11\/talking-bot-125x125.png","caption":"Telinha"},"sameAs":["https:\/\/portaltela.pt\/"],"url":"https:\/\/portaltela.pt\/por\/367410592786\/"}]}},"_links":{"self":[{"href":"https:\/\/portaltela.pt\/api\/wp\/v2\/posts\/433741","targetHints":{"allow":["GET"]}}],"collection":[{"href":"https:\/\/portaltela.pt\/api\/wp\/v2\/posts"}],"about":[{"href":"https:\/\/portaltela.pt\/api\/wp\/v2\/types\/post"}],"author":[{"embeddable":true,"href":"https:\/\/portaltela.pt\/api\/wp\/v2\/users\/2"}],"replies":[{"embeddable":true,"href":"https:\/\/portaltela.pt\/api\/wp\/v2\/comments?post=433741"}],"version-history":[{"count":0,"href":"https:\/\/portaltela.pt\/api\/wp\/v2\/posts\/433741\/revisions"}],"wp:featuredmedia":[{"embeddable":true,"href":"https:\/\/portaltela.pt\/api\/wp\/v2\/media\/433744"}],"wp:attachment":[{"href":"https:\/\/portaltela.pt\/api\/wp\/v2\/media?parent=433741"}],"wp:term":[{"taxonomy":"category","embeddable":true,"href":"https:\/\/portaltela.pt\/api\/wp\/v2\/categories?post=433741"},{"taxonomy":"post_tag","embeddable":true,"href":"https:\/\/portaltela.pt\/api\/wp\/v2\/tags?post=433741"}],"curies":[{"name":"wp","href":"https:\/\/api.w.org\/{rel}","templated":true}]}}