{"id":433731,"date":"2026-04-06T03:16:52","date_gmt":"2026-04-06T06:16:52","guid":{"rendered":"https:\/\/portaltela.pt\/noticias\/2026\/04\/06\/mercado-de-veiculos-eletricos-cresce-22-desde-o-inicio-da-guerra\/"},"modified":"2026-04-06T03:16:52","modified_gmt":"2026-04-06T06:16:52","slug":"mercado-de-veiculos-eletricos-cresce-22-desde-o-inicio-da-guerra","status":"publish","type":"post","link":"https:\/\/portaltela.pt\/noticias\/economia\/2026\/04\/06\/mercado-de-veiculos-eletricos-cresce-22-desde-o-inicio-da-guerra\/","title":{"rendered":"Mercado de ve\u00edculos el\u00e9tricos cresce 22% desde o in\u00edcio da guerra"},"content":{"rendered":"<p>O mercado de ve\u00edculos el\u00e9tricos em Portugal cresceu 22% no m\u00eas seguinte ao in\u00edcio da ofensiva contra o Ir\u00e3o, em 28 de fevereiro. A informa\u00e7\u00e3o surge numa conjuntura de pre\u00e7os elevados dos combust\u00edveis.<\/p>\n<p>A Associa\u00e7\u00e3o Autom\u00f3vel de Portugal (ACAP) aponta que, em mar\u00e7o, foram vendidos 17 903 ve\u00edculos, mais 3 231 do que em fevereiro. Os n\u00fameros refletem um esfor\u00e7o de substitui\u00e7\u00e3o de ve\u00edculos tradicionais por op\u00e7\u00f5es com menor consumo de combust\u00edvel.<\/p>\n<h3>Contexto de mercado<\/h3>\n<p>A subida dos pre\u00e7os da gasolina e do gas\u00f3leo intensifica a procura por solu\u00e7\u00f5es mais previs\u00edveis no setor autom\u00f3vel. Com o aumento do custo de funcionamento, crescem as op\u00e7\u00f5es el\u00e9tricas entre consumidores e frotas.<\/p>\n<p>Analistas destacam que o custo total de propriedade dos ve\u00edculos el\u00e9tricos figura entre os fatores que sustentam o crescimento. A percep\u00e7\u00e3o de estabilidade de gastos pode manter a demanda ao longo dos pr\u00f3ximos meses.<\/p>\n","protected":false},"excerpt":{"rendered":"<ul>\n<li>O mercado de ve\u00edculos el\u00e9tricos cresceu 22% no primeiro m\u00eas desde o in\u00edcio da ofensiva contra o Ir\u00e3o (28 de fevereiro).<\/li>\n<li>Em mar\u00e7o foram vendidas 17 903 unidades, mais 3 231 face a fevereiro, segundo a Associa\u00e7\u00e3o Autom\u00f3vel de Portugal (ACAP).<\/li>\n<li>Este desempenho ocorre num contexto de subida acentuada dos pre\u00e7os dos combust\u00edveis, levando consumidores a op\u00e7\u00f5es mais previs\u00edveis no setor autom\u00f3vel.<\/li>\n<li>Gasolina e gas\u00f3leo mais caros influenciam a procura por solu\u00e7\u00f5es el\u00e9tricas mais eficientes.<\/li>\n<\/ul>\n","protected":false},"author":2,"featured_media":433734,"comment_status":"closed","ping_status":"closed","sticky":false,"template":"","format":"standard","meta":{"footnotes":""},"categories":[2,6735],"tags":[6115,7775,7767,2729,2110,1014],"class_list":["post-433731","post","type-post","status-publish","format-standard","has-post-thumbnail","hentry","category-economia","category-negocios","tag-_economia","tag-_energia","tag-_meio-ambiente","tag-energia-renovavel","tag-mobilidade","tag-portugal"],"yoast_head":"<!-- This site is optimized with the Yoast SEO plugin v27.2 - https:\/\/yoast.com\/product\/yoast-seo-wordpress\/ -->\n<title>Mercado de ve\u00edculos el\u00e9tricos cresce 22% desde o in\u00edcio da guerra - Portal Tela Portugal<\/title>\n<meta name=\"robots\" content=\"index, follow, max-snippet:-1, max-image-preview:large, max-video-preview:-1\" \/>\n<meta property=\"og:locale\" content=\"pt_PT\" \/>\n<meta property=\"og:type\" content=\"article\" \/>\n<meta property=\"og:title\" content=\"Mercado de ve\u00edculos el\u00e9tricos cresce 22% desde o in\u00edcio da guerra - Portal Tela Portugal\" \/>\n<meta property=\"og:description\" content=\"O mercado de ve\u00edculos el\u00e9tricos cresceu 22% no primeiro m\u00eas desde o in\u00edcio da ofensiva contra o Ir\u00e3o (28 de fevereiro). Em mar\u00e7o foram vendidas 17 903 unidades, mais 3 231 face a fevereiro, segundo a Associa\u00e7\u00e3o Autom\u00f3vel de Portugal (ACAP). Este desempenho ocorre num contexto de subida acentuada dos pre\u00e7os dos combust\u00edveis, levando consumidores a op\u00e7\u00f5es mais previs\u00edveis no setor autom\u00f3vel. Gasolina e gas\u00f3leo mais caros influenciam a procura por solu\u00e7\u00f5es el\u00e9tricas mais eficientes.\" \/>\n<meta property=\"og:url\" content=\"https:\/\/portaltela.pt\/noticias\/2026\/04\/06\/mercado-de-veiculos-eletricos-cresce-22-desde-o-inicio-da-guerra\/\" \/>\n<meta property=\"og:site_name\" content=\"Portal Tela Portugal\" \/>\n<meta property=\"article:published_time\" content=\"2026-04-06T06:16:52+00:00\" \/>\n<meta name=\"author\" content=\"Telinha\" \/>\n<meta name=\"twitter:card\" content=\"summary_large_image\" \/>\n<meta name=\"twitter:label1\" content=\"Escrito por\" \/>\n\t<meta name=\"twitter:data1\" content=\"Telinha\" \/>\n\t<meta name=\"twitter:label2\" content=\"Tempo estimado de leitura\" \/>\n\t<meta name=\"twitter:data2\" content=\"1 minuto\" \/>\n<script type=\"application\/ld+json\" class=\"yoast-schema-graph\">{\"@context\":\"https:\/\/schema.org\",\"@graph\":[{\"@type\":\"Article\",\"@id\":\"https:\/\/portaltela.pt\/noticias\/2026\/04\/06\/mercado-de-veiculos-eletricos-cresce-22-desde-o-inicio-da-guerra\/#article\",\"isPartOf\":{\"@id\":\"https:\/\/portaltela.pt\/noticias\/2026\/04\/06\/mercado-de-veiculos-eletricos-cresce-22-desde-o-inicio-da-guerra\/\"},\"author\":{\"name\":\"Telinha\",\"@id\":\"https:\/\/portaltela.pt\/#\/schema\/person\/c4278d4a6028830caff9ee44b42d32ed\"},\"headline\":\"Mercado de ve\u00edculos el\u00e9tricos cresce 22% desde o in\u00edcio da guerra\",\"datePublished\":\"2026-04-06T06:16:52+00:00\",\"mainEntityOfPage\":{\"@id\":\"https:\/\/portaltela.pt\/noticias\/2026\/04\/06\/mercado-de-veiculos-eletricos-cresce-22-desde-o-inicio-da-guerra\/\"},\"wordCount\":179,\"image\":{\"@id\":\"https:\/\/portaltela.pt\/noticias\/2026\/04\/06\/mercado-de-veiculos-eletricos-cresce-22-desde-o-inicio-da-guerra\/#primaryimage\"},\"thumbnailUrl\":\"https:\/\/portaltela.pt\/s.01k8rhncp4jt1\/2026\/04\/image-292.jpg\",\"keywords\":[\"_economia\",\"_energia\",\"_meio-ambiente\",\"energia renov\u00e1vel\",\"mobilidade\",\"Portugal\"],\"articleSection\":[\"Economia\",\"Neg\u00f3cios\"],\"inLanguage\":\"pt-PT\"},{\"@type\":\"WebPage\",\"@id\":\"https:\/\/portaltela.pt\/noticias\/2026\/04\/06\/mercado-de-veiculos-eletricos-cresce-22-desde-o-inicio-da-guerra\/\",\"url\":\"https:\/\/portaltela.pt\/noticias\/2026\/04\/06\/mercado-de-veiculos-eletricos-cresce-22-desde-o-inicio-da-guerra\/\",\"name\":\"Mercado de ve\u00edculos el\u00e9tricos cresce 22% desde o in\u00edcio da guerra - Portal Tela Portugal\",\"isPartOf\":{\"@id\":\"https:\/\/portaltela.pt\/#website\"},\"primaryImageOfPage\":{\"@id\":\"https:\/\/portaltela.pt\/noticias\/2026\/04\/06\/mercado-de-veiculos-eletricos-cresce-22-desde-o-inicio-da-guerra\/#primaryimage\"},\"image\":{\"@id\":\"https:\/\/portaltela.pt\/noticias\/2026\/04\/06\/mercado-de-veiculos-eletricos-cresce-22-desde-o-inicio-da-guerra\/#primaryimage\"},\"thumbnailUrl\":\"https:\/\/portaltela.pt\/s.01k8rhncp4jt1\/2026\/04\/image-292.jpg\",\"datePublished\":\"2026-04-06T06:16:52+00:00\",\"author\":{\"@id\":\"https:\/\/portaltela.pt\/#\/schema\/person\/c4278d4a6028830caff9ee44b42d32ed\"},\"breadcrumb\":{\"@id\":\"https:\/\/portaltela.pt\/noticias\/2026\/04\/06\/mercado-de-veiculos-eletricos-cresce-22-desde-o-inicio-da-guerra\/#breadcrumb\"},\"inLanguage\":\"pt-PT\",\"potentialAction\":[{\"@type\":\"ReadAction\",\"target\":[\"https:\/\/portaltela.pt\/noticias\/2026\/04\/06\/mercado-de-veiculos-eletricos-cresce-22-desde-o-inicio-da-guerra\/\"]}]},{\"@type\":\"ImageObject\",\"inLanguage\":\"pt-PT\",\"@id\":\"https:\/\/portaltela.pt\/noticias\/2026\/04\/06\/mercado-de-veiculos-eletricos-cresce-22-desde-o-inicio-da-guerra\/#primaryimage\",\"url\":\"https:\/\/portaltela.pt\/s.01k8rhncp4jt1\/2026\/04\/image-292.jpg\",\"contentUrl\":\"https:\/\/portaltela.pt\/s.01k8rhncp4jt1\/2026\/04\/image-292.jpg\",\"width\":796,\"height\":448,\"caption\":\"Pre\u00e7o dos combust\u00edveis disparou em mar\u00e7o e refor\u00e7ou transi\u00e7\u00e3o para el\u00e9tricos\"},{\"@type\":\"BreadcrumbList\",\"@id\":\"https:\/\/portaltela.pt\/noticias\/2026\/04\/06\/mercado-de-veiculos-eletricos-cresce-22-desde-o-inicio-da-guerra\/#breadcrumb\",\"itemListElement\":[{\"@type\":\"ListItem\",\"position\":1,\"name\":\"In\u00edcio\",\"item\":\"https:\/\/portaltela.pt\/\"},{\"@type\":\"ListItem\",\"position\":2,\"name\":\"Mercado de ve\u00edculos el\u00e9tricos cresce 22% desde o in\u00edcio da guerra\"}]},{\"@type\":\"WebSite\",\"@id\":\"https:\/\/portaltela.pt\/#website\",\"url\":\"https:\/\/portaltela.pt\/\",\"name\":\"Portal Tela Portugal\",\"description\":\"\",\"potentialAction\":[{\"@type\":\"SearchAction\",\"target\":{\"@type\":\"EntryPoint\",\"urlTemplate\":\"https:\/\/portaltela.pt\/?s={search_term_string}\"},\"query-input\":{\"@type\":\"PropertyValueSpecification\",\"valueRequired\":true,\"valueName\":\"search_term_string\"}}],\"inLanguage\":\"pt-PT\"},{\"@type\":\"Person\",\"@id\":\"https:\/\/portaltela.pt\/#\/schema\/person\/c4278d4a6028830caff9ee44b42d32ed\",\"name\":\"Telinha\",\"image\":{\"@type\":\"ImageObject\",\"inLanguage\":\"pt-PT\",\"@id\":\"https:\/\/portaltela.pt\/s.01k8rhncp4jt1\/2025\/11\/talking-bot-125x125.png\",\"url\":\"https:\/\/portaltela.pt\/s.01k8rhncp4jt1\/2025\/11\/talking-bot-125x125.png\",\"contentUrl\":\"https:\/\/portaltela.pt\/s.01k8rhncp4jt1\/2025\/11\/talking-bot-125x125.png\",\"caption\":\"Telinha\"},\"sameAs\":[\"https:\/\/portaltela.pt\/\"],\"url\":\"https:\/\/portaltela.pt\/por\/367410592786\/\"}]}<\/script>\n<!-- \/ Yoast SEO plugin. -->","yoast_head_json":{"title":"Mercado de ve\u00edculos el\u00e9tricos cresce 22% desde o in\u00edcio da guerra - Portal Tela Portugal","robots":{"index":"index","follow":"follow","max-snippet":"max-snippet:-1","max-image-preview":"max-image-preview:large","max-video-preview":"max-video-preview:-1"},"og_locale":"pt_PT","og_type":"article","og_title":"Mercado de ve\u00edculos el\u00e9tricos cresce 22% desde o in\u00edcio da guerra - Portal Tela Portugal","og_description":"O mercado de ve\u00edculos el\u00e9tricos cresceu 22% no primeiro m\u00eas desde o in\u00edcio da ofensiva contra o Ir\u00e3o (28 de fevereiro). Em mar\u00e7o foram vendidas 17 903 unidades, mais 3 231 face a fevereiro, segundo a Associa\u00e7\u00e3o Autom\u00f3vel de Portugal (ACAP). Este desempenho ocorre num contexto de subida acentuada dos pre\u00e7os dos combust\u00edveis, levando consumidores a op\u00e7\u00f5es mais previs\u00edveis no setor autom\u00f3vel. Gasolina e gas\u00f3leo mais caros influenciam a procura por solu\u00e7\u00f5es el\u00e9tricas mais eficientes.","og_url":"https:\/\/portaltela.pt\/noticias\/2026\/04\/06\/mercado-de-veiculos-eletricos-cresce-22-desde-o-inicio-da-guerra\/","og_site_name":"Portal Tela Portugal","article_published_time":"2026-04-06T06:16:52+00:00","author":"Telinha","twitter_card":"summary_large_image","twitter_misc":{"Escrito por":"Telinha","Tempo estimado de leitura":"1 minuto"},"schema":{"@context":"https:\/\/schema.org","@graph":[{"@type":"Article","@id":"https:\/\/portaltela.pt\/noticias\/2026\/04\/06\/mercado-de-veiculos-eletricos-cresce-22-desde-o-inicio-da-guerra\/#article","isPartOf":{"@id":"https:\/\/portaltela.pt\/noticias\/2026\/04\/06\/mercado-de-veiculos-eletricos-cresce-22-desde-o-inicio-da-guerra\/"},"author":{"name":"Telinha","@id":"https:\/\/portaltela.pt\/#\/schema\/person\/c4278d4a6028830caff9ee44b42d32ed"},"headline":"Mercado de ve\u00edculos el\u00e9tricos cresce 22% desde o in\u00edcio da guerra","datePublished":"2026-04-06T06:16:52+00:00","mainEntityOfPage":{"@id":"https:\/\/portaltela.pt\/noticias\/2026\/04\/06\/mercado-de-veiculos-eletricos-cresce-22-desde-o-inicio-da-guerra\/"},"wordCount":179,"image":{"@id":"https:\/\/portaltela.pt\/noticias\/2026\/04\/06\/mercado-de-veiculos-eletricos-cresce-22-desde-o-inicio-da-guerra\/#primaryimage"},"thumbnailUrl":"https:\/\/portaltela.pt\/s.01k8rhncp4jt1\/2026\/04\/image-292.jpg","keywords":["_economia","_energia","_meio-ambiente","energia renov\u00e1vel","mobilidade","Portugal"],"articleSection":["Economia","Neg\u00f3cios"],"inLanguage":"pt-PT"},{"@type":"WebPage","@id":"https:\/\/portaltela.pt\/noticias\/2026\/04\/06\/mercado-de-veiculos-eletricos-cresce-22-desde-o-inicio-da-guerra\/","url":"https:\/\/portaltela.pt\/noticias\/2026\/04\/06\/mercado-de-veiculos-eletricos-cresce-22-desde-o-inicio-da-guerra\/","name":"Mercado de ve\u00edculos el\u00e9tricos cresce 22% desde o in\u00edcio da guerra - Portal Tela Portugal","isPartOf":{"@id":"https:\/\/portaltela.pt\/#website"},"primaryImageOfPage":{"@id":"https:\/\/portaltela.pt\/noticias\/2026\/04\/06\/mercado-de-veiculos-eletricos-cresce-22-desde-o-inicio-da-guerra\/#primaryimage"},"image":{"@id":"https:\/\/portaltela.pt\/noticias\/2026\/04\/06\/mercado-de-veiculos-eletricos-cresce-22-desde-o-inicio-da-guerra\/#primaryimage"},"thumbnailUrl":"https:\/\/portaltela.pt\/s.01k8rhncp4jt1\/2026\/04\/image-292.jpg","datePublished":"2026-04-06T06:16:52+00:00","author":{"@id":"https:\/\/portaltela.pt\/#\/schema\/person\/c4278d4a6028830caff9ee44b42d32ed"},"breadcrumb":{"@id":"https:\/\/portaltela.pt\/noticias\/2026\/04\/06\/mercado-de-veiculos-eletricos-cresce-22-desde-o-inicio-da-guerra\/#breadcrumb"},"inLanguage":"pt-PT","potentialAction":[{"@type":"ReadAction","target":["https:\/\/portaltela.pt\/noticias\/2026\/04\/06\/mercado-de-veiculos-eletricos-cresce-22-desde-o-inicio-da-guerra\/"]}]},{"@type":"ImageObject","inLanguage":"pt-PT","@id":"https:\/\/portaltela.pt\/noticias\/2026\/04\/06\/mercado-de-veiculos-eletricos-cresce-22-desde-o-inicio-da-guerra\/#primaryimage","url":"https:\/\/portaltela.pt\/s.01k8rhncp4jt1\/2026\/04\/image-292.jpg","contentUrl":"https:\/\/portaltela.pt\/s.01k8rhncp4jt1\/2026\/04\/image-292.jpg","width":796,"height":448,"caption":"Pre\u00e7o dos combust\u00edveis disparou em mar\u00e7o e refor\u00e7ou transi\u00e7\u00e3o para el\u00e9tricos"},{"@type":"BreadcrumbList","@id":"https:\/\/portaltela.pt\/noticias\/2026\/04\/06\/mercado-de-veiculos-eletricos-cresce-22-desde-o-inicio-da-guerra\/#breadcrumb","itemListElement":[{"@type":"ListItem","position":1,"name":"In\u00edcio","item":"https:\/\/portaltela.pt\/"},{"@type":"ListItem","position":2,"name":"Mercado de ve\u00edculos el\u00e9tricos cresce 22% desde o in\u00edcio da guerra"}]},{"@type":"WebSite","@id":"https:\/\/portaltela.pt\/#website","url":"https:\/\/portaltela.pt\/","name":"Portal Tela Portugal","description":"","potentialAction":[{"@type":"SearchAction","target":{"@type":"EntryPoint","urlTemplate":"https:\/\/portaltela.pt\/?s={search_term_string}"},"query-input":{"@type":"PropertyValueSpecification","valueRequired":true,"valueName":"search_term_string"}}],"inLanguage":"pt-PT"},{"@type":"Person","@id":"https:\/\/portaltela.pt\/#\/schema\/person\/c4278d4a6028830caff9ee44b42d32ed","name":"Telinha","image":{"@type":"ImageObject","inLanguage":"pt-PT","@id":"https:\/\/portaltela.pt\/s.01k8rhncp4jt1\/2025\/11\/talking-bot-125x125.png","url":"https:\/\/portaltela.pt\/s.01k8rhncp4jt1\/2025\/11\/talking-bot-125x125.png","contentUrl":"https:\/\/portaltela.pt\/s.01k8rhncp4jt1\/2025\/11\/talking-bot-125x125.png","caption":"Telinha"},"sameAs":["https:\/\/portaltela.pt\/"],"url":"https:\/\/portaltela.pt\/por\/367410592786\/"}]}},"_links":{"self":[{"href":"https:\/\/portaltela.pt\/api\/wp\/v2\/posts\/433731","targetHints":{"allow":["GET"]}}],"collection":[{"href":"https:\/\/portaltela.pt\/api\/wp\/v2\/posts"}],"about":[{"href":"https:\/\/portaltela.pt\/api\/wp\/v2\/types\/post"}],"author":[{"embeddable":true,"href":"https:\/\/portaltela.pt\/api\/wp\/v2\/users\/2"}],"replies":[{"embeddable":true,"href":"https:\/\/portaltela.pt\/api\/wp\/v2\/comments?post=433731"}],"version-history":[{"count":0,"href":"https:\/\/portaltela.pt\/api\/wp\/v2\/posts\/433731\/revisions"}],"wp:featuredmedia":[{"embeddable":true,"href":"https:\/\/portaltela.pt\/api\/wp\/v2\/media\/433734"}],"wp:attachment":[{"href":"https:\/\/portaltela.pt\/api\/wp\/v2\/media?parent=433731"}],"wp:term":[{"taxonomy":"category","embeddable":true,"href":"https:\/\/portaltela.pt\/api\/wp\/v2\/categories?post=433731"},{"taxonomy":"post_tag","embeddable":true,"href":"https:\/\/portaltela.pt\/api\/wp\/v2\/tags?post=433731"}],"curies":[{"name":"wp","href":"https:\/\/api.w.org\/{rel}","templated":true}]}}