{"id":433711,"date":"2026-04-06T02:31:52","date_gmt":"2026-04-06T05:31:52","guid":{"rendered":"https:\/\/portaltela.pt\/noticias\/2026\/04\/06\/trabalhadores-da-nobre-em-rio-maior-cumprem-28-a-greve-desde-2023\/"},"modified":"2026-04-06T02:31:52","modified_gmt":"2026-04-06T05:31:52","slug":"trabalhadores-da-nobre-em-rio-maior-cumprem-28-a-greve-desde-2023","status":"publish","type":"post","link":"https:\/\/portaltela.pt\/noticias\/economia\/2026\/04\/06\/trabalhadores-da-nobre-em-rio-maior-cumprem-28-a-greve-desde-2023\/","title":{"rendered":"Trabalhadores da Nobre em Rio Maior cumprem 28.\u00aa greve desde 2023"},"content":{"rendered":"<p>O dia de hoje fica marcado pela greve dos trabalhadores da Nobre de Rio Maior, na 28.\u00aa paralisa\u00e7\u00e3o desde 2023. A greve come\u00e7ou hoje e tem como finalidade exigir negocia\u00e7\u00f5es sobre o caderno reivindicativo. O movimento ocorre no complexo da empresa, em Rio Maior, com a participa\u00e7\u00e3o dos trabalhadores. A raz\u00e3o principal \u00e9 a recusa da gest\u00e3o em abrir negocia\u00e7\u00e3o sobre as reivindica\u00e7\u00f5es apresentadas.<\/p>\n<p>De acordo com os trabalhadores, as condi\u00e7\u00f5es laborais e os sal\u00e1rios continuam a exigir melhorias. Ao longo dos \u00faltimos anos j\u00e1 houve diversas a\u00e7\u00f5es de protesto, mas a administra\u00e7\u00e3o mant\u00e9m-se firme na posi\u00e7\u00e3o de n\u00e3o aceitar as reivindica\u00e7\u00f5es. A paralisa\u00e7\u00e3o j\u00e1 provoca interrup\u00e7\u00f5es na produ\u00e7\u00e3o e na entrega de produtos, refletindo-se na atividade econ\u00f3mica local e na cadeia de abastecimento.<\/p>\n<p>A administra\u00e7\u00e3o da Nobre de Rio Maior afirma estar dispon\u00edvel para dialogar, mas sustenta que n\u00e3o pode aceder \u00e0s reivindica\u00e7\u00f5es apresentadas pela maioria dos trabalhadores. Enquanto as negocia\u00e7\u00f5es n\u00e3o avan\u00e7am, o movimento persiste com assembleias e a\u00e7\u00f5es de paralisa\u00e7\u00e3o previstas para os pr\u00f3ximos dias.<\/p>\n<h3>Impacto na ind\u00fastria local<\/h3>\n<p>As estruturas de produ\u00e7\u00e3o permanecem paradas ou com redu\u00e7\u00e3o de capacidade durante o per\u00edodo da greve, o que pode implicar atrasos na entrega de pedidos e menor disponibilidade de produtos no mercado regional. Empres\u00e1rios locais alertam para efeitos indiretos na log\u00edstica e no com\u00e9rcio da regi\u00e3o. A oposi\u00e7\u00e3o entre trabalhadores e administra\u00e7\u00e3o mant\u00e9m-se enquanto n\u00e3o houver acordo.<\/p>\n","protected":false},"excerpt":{"rendered":"<ul>\n<li>Hoje, os trabalhadores da Nobre de Rio Maior cumprem a 28.\u00aa greve desde 2023.<\/li>\n<li>A paralisa\u00e7\u00e3o resulta da recusa da empresa em negociar o caderno reivindicativo.<\/li>\n<li>Os trabalhadores exigem melhores condi\u00e7\u00f5es laborais e sal\u00e1rios mais justos.<\/li>\n<li>A empresa diz estar dispon\u00edvel para dialogar, mas mant\u00e9m a posi\u00e7\u00e3o de n\u00e3o aceitar as reivindica\u00e7\u00f5es apresentadas.<\/li>\n<li>A greve afeta a produ\u00e7\u00e3o e a entrega de produtos, com impacto na economia local e na cadeia de abastecimento.<\/li>\n<\/ul>\n","protected":false},"author":2,"featured_media":433712,"comment_status":"closed","ping_status":"closed","sticky":false,"template":"","format":"standard","meta":{"footnotes":""},"categories":[2,6871],"tags":[28,2697,1164,255,961,2841],"class_list":["post-433711","post","type-post","status-publish","format-standard","has-post-thumbnail","hentry","category-economia","category-sociedade","tag-economia","tag-empresas","tag-greve","tag-industria","tag-logistica","tag-trabalhadores"],"yoast_head":"<!-- This site is optimized with the Yoast SEO plugin v27.2 - https:\/\/yoast.com\/product\/yoast-seo-wordpress\/ -->\n<title>Trabalhadores da Nobre em Rio Maior cumprem 28.\u00aa greve desde 2023 - Portal Tela Portugal<\/title>\n<meta name=\"robots\" content=\"index, follow, max-snippet:-1, max-image-preview:large, max-video-preview:-1\" \/>\n<meta property=\"og:locale\" content=\"pt_PT\" \/>\n<meta property=\"og:type\" content=\"article\" \/>\n<meta property=\"og:title\" content=\"Trabalhadores da Nobre em Rio Maior cumprem 28.\u00aa greve desde 2023 - Portal Tela Portugal\" \/>\n<meta property=\"og:description\" content=\"Hoje, os trabalhadores da Nobre de Rio Maior cumprem a 28.\u00aa greve desde 2023. A paralisa\u00e7\u00e3o resulta da recusa da empresa em negociar o caderno reivindicativo. Os trabalhadores exigem melhores condi\u00e7\u00f5es laborais e sal\u00e1rios mais justos. A empresa diz estar dispon\u00edvel para dialogar, mas mant\u00e9m a posi\u00e7\u00e3o de n\u00e3o aceitar as reivindica\u00e7\u00f5es apresentadas. A greve afeta a produ\u00e7\u00e3o e a entrega de produtos, com impacto na economia local e na cadeia de abastecimento.\" \/>\n<meta property=\"og:url\" content=\"https:\/\/portaltela.pt\/noticias\/2026\/04\/06\/trabalhadores-da-nobre-em-rio-maior-cumprem-28-a-greve-desde-2023\/\" \/>\n<meta property=\"og:site_name\" content=\"Portal Tela Portugal\" \/>\n<meta property=\"article:published_time\" content=\"2026-04-06T05:31:52+00:00\" \/>\n<meta name=\"author\" content=\"Telinha\" \/>\n<meta name=\"twitter:card\" content=\"summary_large_image\" \/>\n<meta name=\"twitter:label1\" content=\"Escrito por\" \/>\n\t<meta name=\"twitter:data1\" content=\"Telinha\" \/>\n\t<meta name=\"twitter:label2\" content=\"Tempo estimado de leitura\" \/>\n\t<meta name=\"twitter:data2\" content=\"1 minuto\" \/>\n<script type=\"application\/ld+json\" class=\"yoast-schema-graph\">{\"@context\":\"https:\/\/schema.org\",\"@graph\":[{\"@type\":\"Article\",\"@id\":\"https:\/\/portaltela.pt\/noticias\/2026\/04\/06\/trabalhadores-da-nobre-em-rio-maior-cumprem-28-a-greve-desde-2023\/#article\",\"isPartOf\":{\"@id\":\"https:\/\/portaltela.pt\/noticias\/2026\/04\/06\/trabalhadores-da-nobre-em-rio-maior-cumprem-28-a-greve-desde-2023\/\"},\"author\":{\"name\":\"Telinha\",\"@id\":\"https:\/\/portaltela.pt\/#\/schema\/person\/c4278d4a6028830caff9ee44b42d32ed\"},\"headline\":\"Trabalhadores da Nobre em Rio Maior cumprem 28.\u00aa greve desde 2023\",\"datePublished\":\"2026-04-06T05:31:52+00:00\",\"mainEntityOfPage\":{\"@id\":\"https:\/\/portaltela.pt\/noticias\/2026\/04\/06\/trabalhadores-da-nobre-em-rio-maior-cumprem-28-a-greve-desde-2023\/\"},\"wordCount\":277,\"image\":{\"@id\":\"https:\/\/portaltela.pt\/noticias\/2026\/04\/06\/trabalhadores-da-nobre-em-rio-maior-cumprem-28-a-greve-desde-2023\/#primaryimage\"},\"thumbnailUrl\":\"https:\/\/portaltela.pt\/s.01k8rhncp4jt1\/2026\/04\/CACHE_780X1200_ANALOG_WATERMARKED_45307045_10021985_11072025105430.jpg\",\"keywords\":[\"economia\",\"empresas\",\"greve\",\"ind\u00fastria\",\"Log\u00edstica\",\"trabalhadores\"],\"articleSection\":[\"Economia\",\"Sociedade\"],\"inLanguage\":\"pt-PT\"},{\"@type\":\"WebPage\",\"@id\":\"https:\/\/portaltela.pt\/noticias\/2026\/04\/06\/trabalhadores-da-nobre-em-rio-maior-cumprem-28-a-greve-desde-2023\/\",\"url\":\"https:\/\/portaltela.pt\/noticias\/2026\/04\/06\/trabalhadores-da-nobre-em-rio-maior-cumprem-28-a-greve-desde-2023\/\",\"name\":\"Trabalhadores da Nobre em Rio Maior cumprem 28.\u00aa greve desde 2023 - Portal Tela Portugal\",\"isPartOf\":{\"@id\":\"https:\/\/portaltela.pt\/#website\"},\"primaryImageOfPage\":{\"@id\":\"https:\/\/portaltela.pt\/noticias\/2026\/04\/06\/trabalhadores-da-nobre-em-rio-maior-cumprem-28-a-greve-desde-2023\/#primaryimage\"},\"image\":{\"@id\":\"https:\/\/portaltela.pt\/noticias\/2026\/04\/06\/trabalhadores-da-nobre-em-rio-maior-cumprem-28-a-greve-desde-2023\/#primaryimage\"},\"thumbnailUrl\":\"https:\/\/portaltela.pt\/s.01k8rhncp4jt1\/2026\/04\/CACHE_780X1200_ANALOG_WATERMARKED_45307045_10021985_11072025105430.jpg\",\"datePublished\":\"2026-04-06T05:31:52+00:00\",\"author\":{\"@id\":\"https:\/\/portaltela.pt\/#\/schema\/person\/c4278d4a6028830caff9ee44b42d32ed\"},\"breadcrumb\":{\"@id\":\"https:\/\/portaltela.pt\/noticias\/2026\/04\/06\/trabalhadores-da-nobre-em-rio-maior-cumprem-28-a-greve-desde-2023\/#breadcrumb\"},\"inLanguage\":\"pt-PT\",\"potentialAction\":[{\"@type\":\"ReadAction\",\"target\":[\"https:\/\/portaltela.pt\/noticias\/2026\/04\/06\/trabalhadores-da-nobre-em-rio-maior-cumprem-28-a-greve-desde-2023\/\"]}]},{\"@type\":\"ImageObject\",\"inLanguage\":\"pt-PT\",\"@id\":\"https:\/\/portaltela.pt\/noticias\/2026\/04\/06\/trabalhadores-da-nobre-em-rio-maior-cumprem-28-a-greve-desde-2023\/#primaryimage\",\"url\":\"https:\/\/portaltela.pt\/s.01k8rhncp4jt1\/2026\/04\/CACHE_780X1200_ANALOG_WATERMARKED_45307045_10021985_11072025105430.jpg\",\"contentUrl\":\"https:\/\/portaltela.pt\/s.01k8rhncp4jt1\/2026\/04\/CACHE_780X1200_ANALOG_WATERMARKED_45307045_10021985_11072025105430.jpg\",\"width\":768,\"height\":512,\"caption\":\"Photo\"},{\"@type\":\"BreadcrumbList\",\"@id\":\"https:\/\/portaltela.pt\/noticias\/2026\/04\/06\/trabalhadores-da-nobre-em-rio-maior-cumprem-28-a-greve-desde-2023\/#breadcrumb\",\"itemListElement\":[{\"@type\":\"ListItem\",\"position\":1,\"name\":\"In\u00edcio\",\"item\":\"https:\/\/portaltela.pt\/\"},{\"@type\":\"ListItem\",\"position\":2,\"name\":\"Trabalhadores da Nobre em Rio Maior cumprem 28.\u00aa greve desde 2023\"}]},{\"@type\":\"WebSite\",\"@id\":\"https:\/\/portaltela.pt\/#website\",\"url\":\"https:\/\/portaltela.pt\/\",\"name\":\"Portal Tela Portugal\",\"description\":\"\",\"potentialAction\":[{\"@type\":\"SearchAction\",\"target\":{\"@type\":\"EntryPoint\",\"urlTemplate\":\"https:\/\/portaltela.pt\/?s={search_term_string}\"},\"query-input\":{\"@type\":\"PropertyValueSpecification\",\"valueRequired\":true,\"valueName\":\"search_term_string\"}}],\"inLanguage\":\"pt-PT\"},{\"@type\":\"Person\",\"@id\":\"https:\/\/portaltela.pt\/#\/schema\/person\/c4278d4a6028830caff9ee44b42d32ed\",\"name\":\"Telinha\",\"image\":{\"@type\":\"ImageObject\",\"inLanguage\":\"pt-PT\",\"@id\":\"https:\/\/portaltela.pt\/s.01k8rhncp4jt1\/2025\/11\/talking-bot-125x125.png\",\"url\":\"https:\/\/portaltela.pt\/s.01k8rhncp4jt1\/2025\/11\/talking-bot-125x125.png\",\"contentUrl\":\"https:\/\/portaltela.pt\/s.01k8rhncp4jt1\/2025\/11\/talking-bot-125x125.png\",\"caption\":\"Telinha\"},\"sameAs\":[\"https:\/\/portaltela.pt\/\"],\"url\":\"https:\/\/portaltela.pt\/por\/367410592786\/\"}]}<\/script>\n<!-- \/ Yoast SEO plugin. -->","yoast_head_json":{"title":"Trabalhadores da Nobre em Rio Maior cumprem 28.\u00aa greve desde 2023 - Portal Tela Portugal","robots":{"index":"index","follow":"follow","max-snippet":"max-snippet:-1","max-image-preview":"max-image-preview:large","max-video-preview":"max-video-preview:-1"},"og_locale":"pt_PT","og_type":"article","og_title":"Trabalhadores da Nobre em Rio Maior cumprem 28.\u00aa greve desde 2023 - Portal Tela Portugal","og_description":"Hoje, os trabalhadores da Nobre de Rio Maior cumprem a 28.\u00aa greve desde 2023. A paralisa\u00e7\u00e3o resulta da recusa da empresa em negociar o caderno reivindicativo. Os trabalhadores exigem melhores condi\u00e7\u00f5es laborais e sal\u00e1rios mais justos. A empresa diz estar dispon\u00edvel para dialogar, mas mant\u00e9m a posi\u00e7\u00e3o de n\u00e3o aceitar as reivindica\u00e7\u00f5es apresentadas. A greve afeta a produ\u00e7\u00e3o e a entrega de produtos, com impacto na economia local e na cadeia de abastecimento.","og_url":"https:\/\/portaltela.pt\/noticias\/2026\/04\/06\/trabalhadores-da-nobre-em-rio-maior-cumprem-28-a-greve-desde-2023\/","og_site_name":"Portal Tela Portugal","article_published_time":"2026-04-06T05:31:52+00:00","author":"Telinha","twitter_card":"summary_large_image","twitter_misc":{"Escrito por":"Telinha","Tempo estimado de leitura":"1 minuto"},"schema":{"@context":"https:\/\/schema.org","@graph":[{"@type":"Article","@id":"https:\/\/portaltela.pt\/noticias\/2026\/04\/06\/trabalhadores-da-nobre-em-rio-maior-cumprem-28-a-greve-desde-2023\/#article","isPartOf":{"@id":"https:\/\/portaltela.pt\/noticias\/2026\/04\/06\/trabalhadores-da-nobre-em-rio-maior-cumprem-28-a-greve-desde-2023\/"},"author":{"name":"Telinha","@id":"https:\/\/portaltela.pt\/#\/schema\/person\/c4278d4a6028830caff9ee44b42d32ed"},"headline":"Trabalhadores da Nobre em Rio Maior cumprem 28.\u00aa greve desde 2023","datePublished":"2026-04-06T05:31:52+00:00","mainEntityOfPage":{"@id":"https:\/\/portaltela.pt\/noticias\/2026\/04\/06\/trabalhadores-da-nobre-em-rio-maior-cumprem-28-a-greve-desde-2023\/"},"wordCount":277,"image":{"@id":"https:\/\/portaltela.pt\/noticias\/2026\/04\/06\/trabalhadores-da-nobre-em-rio-maior-cumprem-28-a-greve-desde-2023\/#primaryimage"},"thumbnailUrl":"https:\/\/portaltela.pt\/s.01k8rhncp4jt1\/2026\/04\/CACHE_780X1200_ANALOG_WATERMARKED_45307045_10021985_11072025105430.jpg","keywords":["economia","empresas","greve","ind\u00fastria","Log\u00edstica","trabalhadores"],"articleSection":["Economia","Sociedade"],"inLanguage":"pt-PT"},{"@type":"WebPage","@id":"https:\/\/portaltela.pt\/noticias\/2026\/04\/06\/trabalhadores-da-nobre-em-rio-maior-cumprem-28-a-greve-desde-2023\/","url":"https:\/\/portaltela.pt\/noticias\/2026\/04\/06\/trabalhadores-da-nobre-em-rio-maior-cumprem-28-a-greve-desde-2023\/","name":"Trabalhadores da Nobre em Rio Maior cumprem 28.\u00aa greve desde 2023 - Portal Tela Portugal","isPartOf":{"@id":"https:\/\/portaltela.pt\/#website"},"primaryImageOfPage":{"@id":"https:\/\/portaltela.pt\/noticias\/2026\/04\/06\/trabalhadores-da-nobre-em-rio-maior-cumprem-28-a-greve-desde-2023\/#primaryimage"},"image":{"@id":"https:\/\/portaltela.pt\/noticias\/2026\/04\/06\/trabalhadores-da-nobre-em-rio-maior-cumprem-28-a-greve-desde-2023\/#primaryimage"},"thumbnailUrl":"https:\/\/portaltela.pt\/s.01k8rhncp4jt1\/2026\/04\/CACHE_780X1200_ANALOG_WATERMARKED_45307045_10021985_11072025105430.jpg","datePublished":"2026-04-06T05:31:52+00:00","author":{"@id":"https:\/\/portaltela.pt\/#\/schema\/person\/c4278d4a6028830caff9ee44b42d32ed"},"breadcrumb":{"@id":"https:\/\/portaltela.pt\/noticias\/2026\/04\/06\/trabalhadores-da-nobre-em-rio-maior-cumprem-28-a-greve-desde-2023\/#breadcrumb"},"inLanguage":"pt-PT","potentialAction":[{"@type":"ReadAction","target":["https:\/\/portaltela.pt\/noticias\/2026\/04\/06\/trabalhadores-da-nobre-em-rio-maior-cumprem-28-a-greve-desde-2023\/"]}]},{"@type":"ImageObject","inLanguage":"pt-PT","@id":"https:\/\/portaltela.pt\/noticias\/2026\/04\/06\/trabalhadores-da-nobre-em-rio-maior-cumprem-28-a-greve-desde-2023\/#primaryimage","url":"https:\/\/portaltela.pt\/s.01k8rhncp4jt1\/2026\/04\/CACHE_780X1200_ANALOG_WATERMARKED_45307045_10021985_11072025105430.jpg","contentUrl":"https:\/\/portaltela.pt\/s.01k8rhncp4jt1\/2026\/04\/CACHE_780X1200_ANALOG_WATERMARKED_45307045_10021985_11072025105430.jpg","width":768,"height":512,"caption":"Photo"},{"@type":"BreadcrumbList","@id":"https:\/\/portaltela.pt\/noticias\/2026\/04\/06\/trabalhadores-da-nobre-em-rio-maior-cumprem-28-a-greve-desde-2023\/#breadcrumb","itemListElement":[{"@type":"ListItem","position":1,"name":"In\u00edcio","item":"https:\/\/portaltela.pt\/"},{"@type":"ListItem","position":2,"name":"Trabalhadores da Nobre em Rio Maior cumprem 28.\u00aa greve desde 2023"}]},{"@type":"WebSite","@id":"https:\/\/portaltela.pt\/#website","url":"https:\/\/portaltela.pt\/","name":"Portal Tela Portugal","description":"","potentialAction":[{"@type":"SearchAction","target":{"@type":"EntryPoint","urlTemplate":"https:\/\/portaltela.pt\/?s={search_term_string}"},"query-input":{"@type":"PropertyValueSpecification","valueRequired":true,"valueName":"search_term_string"}}],"inLanguage":"pt-PT"},{"@type":"Person","@id":"https:\/\/portaltela.pt\/#\/schema\/person\/c4278d4a6028830caff9ee44b42d32ed","name":"Telinha","image":{"@type":"ImageObject","inLanguage":"pt-PT","@id":"https:\/\/portaltela.pt\/s.01k8rhncp4jt1\/2025\/11\/talking-bot-125x125.png","url":"https:\/\/portaltela.pt\/s.01k8rhncp4jt1\/2025\/11\/talking-bot-125x125.png","contentUrl":"https:\/\/portaltela.pt\/s.01k8rhncp4jt1\/2025\/11\/talking-bot-125x125.png","caption":"Telinha"},"sameAs":["https:\/\/portaltela.pt\/"],"url":"https:\/\/portaltela.pt\/por\/367410592786\/"}]}},"_links":{"self":[{"href":"https:\/\/portaltela.pt\/api\/wp\/v2\/posts\/433711","targetHints":{"allow":["GET"]}}],"collection":[{"href":"https:\/\/portaltela.pt\/api\/wp\/v2\/posts"}],"about":[{"href":"https:\/\/portaltela.pt\/api\/wp\/v2\/types\/post"}],"author":[{"embeddable":true,"href":"https:\/\/portaltela.pt\/api\/wp\/v2\/users\/2"}],"replies":[{"embeddable":true,"href":"https:\/\/portaltela.pt\/api\/wp\/v2\/comments?post=433711"}],"version-history":[{"count":0,"href":"https:\/\/portaltela.pt\/api\/wp\/v2\/posts\/433711\/revisions"}],"wp:featuredmedia":[{"embeddable":true,"href":"https:\/\/portaltela.pt\/api\/wp\/v2\/media\/433712"}],"wp:attachment":[{"href":"https:\/\/portaltela.pt\/api\/wp\/v2\/media?parent=433711"}],"wp:term":[{"taxonomy":"category","embeddable":true,"href":"https:\/\/portaltela.pt\/api\/wp\/v2\/categories?post=433711"},{"taxonomy":"post_tag","embeddable":true,"href":"https:\/\/portaltela.pt\/api\/wp\/v2\/tags?post=433711"}],"curies":[{"name":"wp","href":"https:\/\/api.w.org\/{rel}","templated":true}]}}