{"id":433691,"date":"2026-04-06T01:02:05","date_gmt":"2026-04-06T04:02:05","guid":{"rendered":"https:\/\/portaltela.pt\/noticias\/2026\/04\/06\/coreia-do-sul-lamenta-incursao-de-drones-em-territorio-norte-coreano\/"},"modified":"2026-04-06T01:02:05","modified_gmt":"2026-04-06T04:02:05","slug":"coreia-do-sul-lamenta-incursao-de-drones-em-territorio-norte-coreano","status":"publish","type":"post","link":"https:\/\/portaltela.pt\/noticias\/internacional\/2026\/04\/06\/coreia-do-sul-lamenta-incursao-de-drones-em-territorio-norte-coreano\/","title":{"rendered":"Coreia do Sul lamenta incurs\u00e3o de drones em territ\u00f3rio norte-coreano"},"content":{"rendered":"<p>O Governo da Coreia do Sul lamentou uma incurs\u00e3o de drones no territ\u00f3rio norte-coreano. Detalhes sobre data, hora e circunst\u00e2ncias espec\u00edficas n\u00e3o foram divulgados pelas autoridades sul-coreanas.<\/p>\n<p>Segundo as informa\u00e7\u00f5es dispon\u00edveis, a situa\u00e7\u00e3o envolve drones que entraram no espa\u00e7o a\u00e9reo da Coreia do Norte, motivo pelo qual o governo de Seul expressou indigna\u00e7\u00e3o e pediu esclarecimentos. As raz\u00f5es do incidente ainda n\u00e3o foram oficialmente explicadas.<\/p>\n<p>As autoridades sul-coreanas afirmam que est\u00e3o a acompanhar o desenrolar da ocorr\u00eancia e a coordenar com as entidades competentes para obter informa\u00e7\u00f5es adicionais. N\u00e3o houve confirma\u00e7\u00e3o p\u00fablica de danos ou de altera\u00e7\u00f5es na situa\u00e7\u00e3o de seguran\u00e7a na regi\u00e3o.<\/p>\n<p>N\u00e3o foram anunciadas consequ\u00eancias imediatas ou medidas adicionais por parte de Seul. O epis\u00f3dio mant\u00e9m-se em investiga\u00e7\u00e3o, com as informa\u00e7\u00f5es iniciais a apontarem para uma incurs\u00e3o recente, mas sem detalhes precisos dispon\u00edveis.<\/p>\n","protected":false},"excerpt":{"rendered":"<ul>\n<li>O governo da Coreia do Sul lamenta a incurs\u00e3o de drones em territ\u00f3rio norte\u2011coreano.<\/li>\n<li>A not\u00edcia completa est\u00e1 dispon\u00edvel apenas para subscritores; o conte\u00fado adicional n\u00e3o \u00e9 divulgado publicamente.<\/li>\n<li>N\u00e3o h\u00e1 informa\u00e7\u00f5es divulgadas sobre a data da ocorr\u00eancia ou a origem dos drones.<\/li>\n<li>N\u00e3o foram detalhadas motiva\u00e7\u00f5es ou consequ\u00eancias imediatas do incidente.<\/li>\n<li>O resumo foca apenas nos facto relevantes j\u00e1 dispon\u00edveis na not\u00edcia acess\u00edvel.<\/li>\n<\/ul>\n","protected":false},"author":2,"featured_media":433692,"comment_status":"closed","ping_status":"closed","sticky":false,"template":"","format":"standard","meta":{"footnotes":""},"categories":[6814,4],"tags":[2198,3006,7400,4293,5547,4222],"class_list":["post-433691","post","type-post","status-publish","format-standard","has-post-thumbnail","hentry","category-geopolitica","category-internacional","tag-conflitos-internacionais","tag-coreia-do-norte","tag-drones","tag-incidentes-internacionais","tag-informacao-internacional","tag-seguranca-internacional"],"yoast_head":"<!-- This site is optimized with the Yoast SEO plugin v27.2 - https:\/\/yoast.com\/product\/yoast-seo-wordpress\/ -->\n<title>Coreia do Sul lamenta incurs\u00e3o de drones em territ\u00f3rio norte-coreano - Portal Tela Portugal<\/title>\n<meta name=\"robots\" content=\"index, follow, max-snippet:-1, max-image-preview:large, max-video-preview:-1\" \/>\n<meta property=\"og:locale\" content=\"pt_PT\" \/>\n<meta property=\"og:type\" content=\"article\" \/>\n<meta property=\"og:title\" content=\"Coreia do Sul lamenta incurs\u00e3o de drones em territ\u00f3rio norte-coreano - Portal Tela Portugal\" \/>\n<meta property=\"og:description\" content=\"O governo da Coreia do Sul lamenta a incurs\u00e3o de drones em territ\u00f3rio norte\u2011coreano. A not\u00edcia completa est\u00e1 dispon\u00edvel apenas para subscritores; o conte\u00fado adicional n\u00e3o \u00e9 divulgado publicamente. N\u00e3o h\u00e1 informa\u00e7\u00f5es divulgadas sobre a data da ocorr\u00eancia ou a origem dos drones. N\u00e3o foram detalhadas motiva\u00e7\u00f5es ou consequ\u00eancias imediatas do incidente. O resumo foca apenas nos facto relevantes j\u00e1 dispon\u00edveis na not\u00edcia acess\u00edvel.\" \/>\n<meta property=\"og:url\" content=\"https:\/\/portaltela.pt\/noticias\/2026\/04\/06\/coreia-do-sul-lamenta-incursao-de-drones-em-territorio-norte-coreano\/\" \/>\n<meta property=\"og:site_name\" content=\"Portal Tela Portugal\" \/>\n<meta property=\"article:published_time\" content=\"2026-04-06T04:02:05+00:00\" \/>\n<meta name=\"author\" content=\"Telinha\" \/>\n<meta name=\"twitter:card\" content=\"summary_large_image\" \/>\n<meta name=\"twitter:label1\" content=\"Escrito por\" \/>\n\t<meta name=\"twitter:data1\" content=\"Telinha\" \/>\n\t<meta name=\"twitter:label2\" content=\"Tempo estimado de leitura\" \/>\n\t<meta name=\"twitter:data2\" content=\"1 minuto\" \/>\n<script type=\"application\/ld+json\" class=\"yoast-schema-graph\">{\"@context\":\"https:\/\/schema.org\",\"@graph\":[{\"@type\":\"Article\",\"@id\":\"https:\/\/portaltela.pt\/noticias\/2026\/04\/06\/coreia-do-sul-lamenta-incursao-de-drones-em-territorio-norte-coreano\/#article\",\"isPartOf\":{\"@id\":\"https:\/\/portaltela.pt\/noticias\/2026\/04\/06\/coreia-do-sul-lamenta-incursao-de-drones-em-territorio-norte-coreano\/\"},\"author\":{\"name\":\"Telinha\",\"@id\":\"https:\/\/portaltela.pt\/#\/schema\/person\/c4278d4a6028830caff9ee44b42d32ed\"},\"headline\":\"Coreia do Sul lamenta incurs\u00e3o de drones em territ\u00f3rio norte-coreano\",\"datePublished\":\"2026-04-06T04:02:05+00:00\",\"mainEntityOfPage\":{\"@id\":\"https:\/\/portaltela.pt\/noticias\/2026\/04\/06\/coreia-do-sul-lamenta-incursao-de-drones-em-territorio-norte-coreano\/\"},\"wordCount\":178,\"image\":{\"@id\":\"https:\/\/portaltela.pt\/noticias\/2026\/04\/06\/coreia-do-sul-lamenta-incursao-de-drones-em-territorio-norte-coreano\/#primaryimage\"},\"thumbnailUrl\":\"https:\/\/portaltela.pt\/s.01k8rhncp4jt1\/2026\/04\/CACHE_780X1200_ANALOG_WATERMARKED_46879453_11898505548850.jpg\",\"keywords\":[\"conflitos internacionais\",\"Coreia do Norte\",\"drones\",\"incidentes internacionais\",\"informa\u00e7\u00e3o internacional\",\"seguran\u00e7a internacional\"],\"articleSection\":[\"Geopol\u00edtica\",\"Internacional\"],\"inLanguage\":\"pt-PT\"},{\"@type\":\"WebPage\",\"@id\":\"https:\/\/portaltela.pt\/noticias\/2026\/04\/06\/coreia-do-sul-lamenta-incursao-de-drones-em-territorio-norte-coreano\/\",\"url\":\"https:\/\/portaltela.pt\/noticias\/2026\/04\/06\/coreia-do-sul-lamenta-incursao-de-drones-em-territorio-norte-coreano\/\",\"name\":\"Coreia do Sul lamenta incurs\u00e3o de drones em territ\u00f3rio norte-coreano - Portal Tela Portugal\",\"isPartOf\":{\"@id\":\"https:\/\/portaltela.pt\/#website\"},\"primaryImageOfPage\":{\"@id\":\"https:\/\/portaltela.pt\/noticias\/2026\/04\/06\/coreia-do-sul-lamenta-incursao-de-drones-em-territorio-norte-coreano\/#primaryimage\"},\"image\":{\"@id\":\"https:\/\/portaltela.pt\/noticias\/2026\/04\/06\/coreia-do-sul-lamenta-incursao-de-drones-em-territorio-norte-coreano\/#primaryimage\"},\"thumbnailUrl\":\"https:\/\/portaltela.pt\/s.01k8rhncp4jt1\/2026\/04\/CACHE_780X1200_ANALOG_WATERMARKED_46879453_11898505548850.jpg\",\"datePublished\":\"2026-04-06T04:02:05+00:00\",\"author\":{\"@id\":\"https:\/\/portaltela.pt\/#\/schema\/person\/c4278d4a6028830caff9ee44b42d32ed\"},\"breadcrumb\":{\"@id\":\"https:\/\/portaltela.pt\/noticias\/2026\/04\/06\/coreia-do-sul-lamenta-incursao-de-drones-em-territorio-norte-coreano\/#breadcrumb\"},\"inLanguage\":\"pt-PT\",\"potentialAction\":[{\"@type\":\"ReadAction\",\"target\":[\"https:\/\/portaltela.pt\/noticias\/2026\/04\/06\/coreia-do-sul-lamenta-incursao-de-drones-em-territorio-norte-coreano\/\"]}]},{\"@type\":\"ImageObject\",\"inLanguage\":\"pt-PT\",\"@id\":\"https:\/\/portaltela.pt\/noticias\/2026\/04\/06\/coreia-do-sul-lamenta-incursao-de-drones-em-territorio-norte-coreano\/#primaryimage\",\"url\":\"https:\/\/portaltela.pt\/s.01k8rhncp4jt1\/2026\/04\/CACHE_780X1200_ANALOG_WATERMARKED_46879453_11898505548850.jpg\",\"contentUrl\":\"https:\/\/portaltela.pt\/s.01k8rhncp4jt1\/2026\/04\/CACHE_780X1200_ANALOG_WATERMARKED_46879453_11898505548850.jpg\",\"width\":768,\"height\":554,\"caption\":\"Coreia do Sul lamenta incurs\u00e3o de drones em territ\u00f3rio norte-coreano\"},{\"@type\":\"BreadcrumbList\",\"@id\":\"https:\/\/portaltela.pt\/noticias\/2026\/04\/06\/coreia-do-sul-lamenta-incursao-de-drones-em-territorio-norte-coreano\/#breadcrumb\",\"itemListElement\":[{\"@type\":\"ListItem\",\"position\":1,\"name\":\"In\u00edcio\",\"item\":\"https:\/\/portaltela.pt\/\"},{\"@type\":\"ListItem\",\"position\":2,\"name\":\"Coreia do Sul lamenta incurs\u00e3o de drones em territ\u00f3rio norte-coreano\"}]},{\"@type\":\"WebSite\",\"@id\":\"https:\/\/portaltela.pt\/#website\",\"url\":\"https:\/\/portaltela.pt\/\",\"name\":\"Portal Tela Portugal\",\"description\":\"\",\"potentialAction\":[{\"@type\":\"SearchAction\",\"target\":{\"@type\":\"EntryPoint\",\"urlTemplate\":\"https:\/\/portaltela.pt\/?s={search_term_string}\"},\"query-input\":{\"@type\":\"PropertyValueSpecification\",\"valueRequired\":true,\"valueName\":\"search_term_string\"}}],\"inLanguage\":\"pt-PT\"},{\"@type\":\"Person\",\"@id\":\"https:\/\/portaltela.pt\/#\/schema\/person\/c4278d4a6028830caff9ee44b42d32ed\",\"name\":\"Telinha\",\"image\":{\"@type\":\"ImageObject\",\"inLanguage\":\"pt-PT\",\"@id\":\"https:\/\/portaltela.pt\/s.01k8rhncp4jt1\/2025\/11\/talking-bot-125x125.png\",\"url\":\"https:\/\/portaltela.pt\/s.01k8rhncp4jt1\/2025\/11\/talking-bot-125x125.png\",\"contentUrl\":\"https:\/\/portaltela.pt\/s.01k8rhncp4jt1\/2025\/11\/talking-bot-125x125.png\",\"caption\":\"Telinha\"},\"sameAs\":[\"https:\/\/portaltela.pt\/\"],\"url\":\"https:\/\/portaltela.pt\/por\/367410592786\/\"}]}<\/script>\n<!-- \/ Yoast SEO plugin. -->","yoast_head_json":{"title":"Coreia do Sul lamenta incurs\u00e3o de drones em territ\u00f3rio norte-coreano - Portal Tela Portugal","robots":{"index":"index","follow":"follow","max-snippet":"max-snippet:-1","max-image-preview":"max-image-preview:large","max-video-preview":"max-video-preview:-1"},"og_locale":"pt_PT","og_type":"article","og_title":"Coreia do Sul lamenta incurs\u00e3o de drones em territ\u00f3rio norte-coreano - Portal Tela Portugal","og_description":"O governo da Coreia do Sul lamenta a incurs\u00e3o de drones em territ\u00f3rio norte\u2011coreano. A not\u00edcia completa est\u00e1 dispon\u00edvel apenas para subscritores; o conte\u00fado adicional n\u00e3o \u00e9 divulgado publicamente. N\u00e3o h\u00e1 informa\u00e7\u00f5es divulgadas sobre a data da ocorr\u00eancia ou a origem dos drones. N\u00e3o foram detalhadas motiva\u00e7\u00f5es ou consequ\u00eancias imediatas do incidente. O resumo foca apenas nos facto relevantes j\u00e1 dispon\u00edveis na not\u00edcia acess\u00edvel.","og_url":"https:\/\/portaltela.pt\/noticias\/2026\/04\/06\/coreia-do-sul-lamenta-incursao-de-drones-em-territorio-norte-coreano\/","og_site_name":"Portal Tela Portugal","article_published_time":"2026-04-06T04:02:05+00:00","author":"Telinha","twitter_card":"summary_large_image","twitter_misc":{"Escrito por":"Telinha","Tempo estimado de leitura":"1 minuto"},"schema":{"@context":"https:\/\/schema.org","@graph":[{"@type":"Article","@id":"https:\/\/portaltela.pt\/noticias\/2026\/04\/06\/coreia-do-sul-lamenta-incursao-de-drones-em-territorio-norte-coreano\/#article","isPartOf":{"@id":"https:\/\/portaltela.pt\/noticias\/2026\/04\/06\/coreia-do-sul-lamenta-incursao-de-drones-em-territorio-norte-coreano\/"},"author":{"name":"Telinha","@id":"https:\/\/portaltela.pt\/#\/schema\/person\/c4278d4a6028830caff9ee44b42d32ed"},"headline":"Coreia do Sul lamenta incurs\u00e3o de drones em territ\u00f3rio norte-coreano","datePublished":"2026-04-06T04:02:05+00:00","mainEntityOfPage":{"@id":"https:\/\/portaltela.pt\/noticias\/2026\/04\/06\/coreia-do-sul-lamenta-incursao-de-drones-em-territorio-norte-coreano\/"},"wordCount":178,"image":{"@id":"https:\/\/portaltela.pt\/noticias\/2026\/04\/06\/coreia-do-sul-lamenta-incursao-de-drones-em-territorio-norte-coreano\/#primaryimage"},"thumbnailUrl":"https:\/\/portaltela.pt\/s.01k8rhncp4jt1\/2026\/04\/CACHE_780X1200_ANALOG_WATERMARKED_46879453_11898505548850.jpg","keywords":["conflitos internacionais","Coreia do Norte","drones","incidentes internacionais","informa\u00e7\u00e3o internacional","seguran\u00e7a internacional"],"articleSection":["Geopol\u00edtica","Internacional"],"inLanguage":"pt-PT"},{"@type":"WebPage","@id":"https:\/\/portaltela.pt\/noticias\/2026\/04\/06\/coreia-do-sul-lamenta-incursao-de-drones-em-territorio-norte-coreano\/","url":"https:\/\/portaltela.pt\/noticias\/2026\/04\/06\/coreia-do-sul-lamenta-incursao-de-drones-em-territorio-norte-coreano\/","name":"Coreia do Sul lamenta incurs\u00e3o de drones em territ\u00f3rio norte-coreano - Portal Tela Portugal","isPartOf":{"@id":"https:\/\/portaltela.pt\/#website"},"primaryImageOfPage":{"@id":"https:\/\/portaltela.pt\/noticias\/2026\/04\/06\/coreia-do-sul-lamenta-incursao-de-drones-em-territorio-norte-coreano\/#primaryimage"},"image":{"@id":"https:\/\/portaltela.pt\/noticias\/2026\/04\/06\/coreia-do-sul-lamenta-incursao-de-drones-em-territorio-norte-coreano\/#primaryimage"},"thumbnailUrl":"https:\/\/portaltela.pt\/s.01k8rhncp4jt1\/2026\/04\/CACHE_780X1200_ANALOG_WATERMARKED_46879453_11898505548850.jpg","datePublished":"2026-04-06T04:02:05+00:00","author":{"@id":"https:\/\/portaltela.pt\/#\/schema\/person\/c4278d4a6028830caff9ee44b42d32ed"},"breadcrumb":{"@id":"https:\/\/portaltela.pt\/noticias\/2026\/04\/06\/coreia-do-sul-lamenta-incursao-de-drones-em-territorio-norte-coreano\/#breadcrumb"},"inLanguage":"pt-PT","potentialAction":[{"@type":"ReadAction","target":["https:\/\/portaltela.pt\/noticias\/2026\/04\/06\/coreia-do-sul-lamenta-incursao-de-drones-em-territorio-norte-coreano\/"]}]},{"@type":"ImageObject","inLanguage":"pt-PT","@id":"https:\/\/portaltela.pt\/noticias\/2026\/04\/06\/coreia-do-sul-lamenta-incursao-de-drones-em-territorio-norte-coreano\/#primaryimage","url":"https:\/\/portaltela.pt\/s.01k8rhncp4jt1\/2026\/04\/CACHE_780X1200_ANALOG_WATERMARKED_46879453_11898505548850.jpg","contentUrl":"https:\/\/portaltela.pt\/s.01k8rhncp4jt1\/2026\/04\/CACHE_780X1200_ANALOG_WATERMARKED_46879453_11898505548850.jpg","width":768,"height":554,"caption":"Coreia do Sul lamenta incurs\u00e3o de drones em territ\u00f3rio norte-coreano"},{"@type":"BreadcrumbList","@id":"https:\/\/portaltela.pt\/noticias\/2026\/04\/06\/coreia-do-sul-lamenta-incursao-de-drones-em-territorio-norte-coreano\/#breadcrumb","itemListElement":[{"@type":"ListItem","position":1,"name":"In\u00edcio","item":"https:\/\/portaltela.pt\/"},{"@type":"ListItem","position":2,"name":"Coreia do Sul lamenta incurs\u00e3o de drones em territ\u00f3rio norte-coreano"}]},{"@type":"WebSite","@id":"https:\/\/portaltela.pt\/#website","url":"https:\/\/portaltela.pt\/","name":"Portal Tela Portugal","description":"","potentialAction":[{"@type":"SearchAction","target":{"@type":"EntryPoint","urlTemplate":"https:\/\/portaltela.pt\/?s={search_term_string}"},"query-input":{"@type":"PropertyValueSpecification","valueRequired":true,"valueName":"search_term_string"}}],"inLanguage":"pt-PT"},{"@type":"Person","@id":"https:\/\/portaltela.pt\/#\/schema\/person\/c4278d4a6028830caff9ee44b42d32ed","name":"Telinha","image":{"@type":"ImageObject","inLanguage":"pt-PT","@id":"https:\/\/portaltela.pt\/s.01k8rhncp4jt1\/2025\/11\/talking-bot-125x125.png","url":"https:\/\/portaltela.pt\/s.01k8rhncp4jt1\/2025\/11\/talking-bot-125x125.png","contentUrl":"https:\/\/portaltela.pt\/s.01k8rhncp4jt1\/2025\/11\/talking-bot-125x125.png","caption":"Telinha"},"sameAs":["https:\/\/portaltela.pt\/"],"url":"https:\/\/portaltela.pt\/por\/367410592786\/"}]}},"_links":{"self":[{"href":"https:\/\/portaltela.pt\/api\/wp\/v2\/posts\/433691","targetHints":{"allow":["GET"]}}],"collection":[{"href":"https:\/\/portaltela.pt\/api\/wp\/v2\/posts"}],"about":[{"href":"https:\/\/portaltela.pt\/api\/wp\/v2\/types\/post"}],"author":[{"embeddable":true,"href":"https:\/\/portaltela.pt\/api\/wp\/v2\/users\/2"}],"replies":[{"embeddable":true,"href":"https:\/\/portaltela.pt\/api\/wp\/v2\/comments?post=433691"}],"version-history":[{"count":0,"href":"https:\/\/portaltela.pt\/api\/wp\/v2\/posts\/433691\/revisions"}],"wp:featuredmedia":[{"embeddable":true,"href":"https:\/\/portaltela.pt\/api\/wp\/v2\/media\/433692"}],"wp:attachment":[{"href":"https:\/\/portaltela.pt\/api\/wp\/v2\/media?parent=433691"}],"wp:term":[{"taxonomy":"category","embeddable":true,"href":"https:\/\/portaltela.pt\/api\/wp\/v2\/categories?post=433691"},{"taxonomy":"post_tag","embeddable":true,"href":"https:\/\/portaltela.pt\/api\/wp\/v2\/tags?post=433691"}],"curies":[{"name":"wp","href":"https:\/\/api.w.org\/{rel}","templated":true}]}}