{"id":433590,"date":"2026-04-05T18:47:03","date_gmt":"2026-04-05T21:47:03","guid":{"rendered":"https:\/\/portaltela.pt\/noticias\/2026\/04\/05\/estado-de-saude-de-lucescu-agrava-se-apos-dois-enfartes\/"},"modified":"2026-04-05T18:47:03","modified_gmt":"2026-04-05T21:47:03","slug":"estado-de-saude-de-lucescu-agrava-se-apos-dois-enfartes","status":"publish","type":"post","link":"https:\/\/portaltela.pt\/desporto\/futebol\/2026\/04\/05\/estado-de-saude-de-lucescu-agrava-se-apos-dois-enfartes\/","title":{"rendered":"Estado de sa\u00fade de Lucescu agrava-se ap\u00f3s dois enfartes"},"content":{"rendered":"<p>Mircea Lucescu, antigo selecionador romeno, encontra-se com o estado de sa\u00fade ainda reservado ap\u00f3s novo agravamento nas \u00faltimas horas. Na sexta-feira, o treinador sofreu um duplo enfarte, dias ap\u00f3s deixar o cargo \u00e0 frente da sele\u00e7\u00e3o romena. O SUUB confirmou as novidades, referindo que o estado permanece est\u00e1vel, apesar da gravidade.<\/p>\n<p>No s\u00e1bado \u00e0 noite, Lucescu apresentou arritmias card\u00edacas significativas, tratadas pela equipa de emerg\u00eancia do servi\u00e7o de cardiologia. Na madrugada de domingo, as arritmias agravaram-se e o paciente deixou de responder ao tratamento. Por esse motivo, foi transferido para a Unidade de Anestesia e Terapia Intensiva.<\/p>\n<p>O hospital indica que a transfer\u00eancia ocorreu ap\u00f3s o aumento da gravidade do quadro cl\u00ednico. A comunica\u00e7\u00e3o acrescenta que as condi\u00e7\u00f5es atuais requerem monitoriza\u00e7\u00e3o intensiva e tratamento especializado. O decr\u00e9scimo no estado de sa\u00fade ocorreu um dia ap\u00f3s a sa\u00edda de Lucescu do comando t\u00e9cnico da sele\u00e7\u00e3o romena.<\/p>\n","protected":false},"excerpt":{"rendered":"<ul>\n<li>Mircea Lucescu, antigo selecionador romeno, encontra-se com quadro cl\u00ednico reservado ap\u00f3s novas complica\u00e7\u00f5es card\u00edacas.<\/li>\n<li>Na sexta-feira sofreu duplo enfarte, um dia depois de deixar o comando t\u00e9cnico da sele\u00e7\u00e3o romena.<\/li>\n<li>No s\u00e1bado \u00e0 noite surgiram arritmias card\u00edacas significativas, tratadas pela equipa de cardiologia.<\/li>\n<li>Na madrugada de domingo as arritmias agravaram-se e o estado do treinador piorou.<\/li>\n<li>O Hospital Universit\u00e1rio de Emerg\u00eancia de Bucareste confirmou a transfer\u00eancia para a Unidade de Anestesia e Terapia Intensiva.<\/li>\n<\/ul>\n","protected":false},"author":2,"featured_media":433591,"comment_status":"closed","ping_status":"closed","sticky":false,"template":"","format":"standard","meta":{"footnotes":""},"categories":[21,24],"tags":[5371,2802,1486,172,4034],"class_list":["post-433590","post","type-post","status-publish","format-standard","has-post-thumbnail","hentry","category-desporto","category-futebol","tag-cuidados-de-saude","tag-doenca-cardiaca","tag-romenia","tag-saude","tag-unidades-de-cuidados-intensivos"],"yoast_head":"<!-- This site is optimized with the Yoast SEO plugin v27.2 - https:\/\/yoast.com\/product\/yoast-seo-wordpress\/ -->\n<title>Estado de sa\u00fade de Lucescu agrava-se ap\u00f3s dois enfartes - Portal Tela Portugal<\/title>\n<meta name=\"robots\" content=\"index, follow, max-snippet:-1, max-image-preview:large, max-video-preview:-1\" \/>\n<meta property=\"og:locale\" content=\"pt_PT\" \/>\n<meta property=\"og:type\" content=\"article\" \/>\n<meta property=\"og:title\" content=\"Estado de sa\u00fade de Lucescu agrava-se ap\u00f3s dois enfartes - Portal Tela Portugal\" \/>\n<meta property=\"og:description\" content=\"Mircea Lucescu, antigo selecionador romeno, encontra-se com quadro cl\u00ednico reservado ap\u00f3s novas complica\u00e7\u00f5es card\u00edacas. Na sexta-feira sofreu duplo enfarte, um dia depois de deixar o comando t\u00e9cnico da sele\u00e7\u00e3o romena. No s\u00e1bado \u00e0 noite surgiram arritmias card\u00edacas significativas, tratadas pela equipa de cardiologia. Na madrugada de domingo as arritmias agravaram-se e o estado do treinador piorou. O Hospital Universit\u00e1rio de Emerg\u00eancia de Bucareste confirmou a transfer\u00eancia para a Unidade de Anestesia e Terapia Intensiva.\" \/>\n<meta property=\"og:url\" content=\"https:\/\/portaltela.pt\/noticias\/2026\/04\/05\/estado-de-saude-de-lucescu-agrava-se-apos-dois-enfartes\/\" \/>\n<meta property=\"og:site_name\" content=\"Portal Tela Portugal\" \/>\n<meta property=\"article:published_time\" content=\"2026-04-05T21:47:03+00:00\" \/>\n<meta name=\"author\" content=\"Telinha\" \/>\n<meta name=\"twitter:card\" content=\"summary_large_image\" \/>\n<meta name=\"twitter:label1\" content=\"Escrito por\" \/>\n\t<meta name=\"twitter:data1\" content=\"Telinha\" \/>\n\t<meta name=\"twitter:label2\" content=\"Tempo estimado de leitura\" \/>\n\t<meta name=\"twitter:data2\" content=\"1 minuto\" \/>\n<script type=\"application\/ld+json\" class=\"yoast-schema-graph\">{\"@context\":\"https:\/\/schema.org\",\"@graph\":[{\"@type\":\"Article\",\"@id\":\"https:\/\/portaltela.pt\/noticias\/2026\/04\/05\/estado-de-saude-de-lucescu-agrava-se-apos-dois-enfartes\/#article\",\"isPartOf\":{\"@id\":\"https:\/\/portaltela.pt\/noticias\/2026\/04\/05\/estado-de-saude-de-lucescu-agrava-se-apos-dois-enfartes\/\"},\"author\":{\"name\":\"Telinha\",\"@id\":\"https:\/\/portaltela.pt\/#\/schema\/person\/c4278d4a6028830caff9ee44b42d32ed\"},\"headline\":\"Estado de sa\u00fade de Lucescu agrava-se ap\u00f3s dois enfartes\",\"datePublished\":\"2026-04-05T21:47:03+00:00\",\"mainEntityOfPage\":{\"@id\":\"https:\/\/portaltela.pt\/noticias\/2026\/04\/05\/estado-de-saude-de-lucescu-agrava-se-apos-dois-enfartes\/\"},\"wordCount\":175,\"image\":{\"@id\":\"https:\/\/portaltela.pt\/noticias\/2026\/04\/05\/estado-de-saude-de-lucescu-agrava-se-apos-dois-enfartes\/#primaryimage\"},\"thumbnailUrl\":\"https:\/\/portaltela.pt\/s.01k8rhncp4jt1\/2026\/04\/image-287.jpg\",\"keywords\":[\"cuidados de sa\u00fade\",\"doen\u00e7a card\u00edaca\",\"Rom\u00e9nia\",\"sa\u00fade\",\"Unidades de Cuidados Intensivos\"],\"articleSection\":[\"Desporto\",\"Futebol\"],\"inLanguage\":\"pt-PT\"},{\"@type\":\"WebPage\",\"@id\":\"https:\/\/portaltela.pt\/noticias\/2026\/04\/05\/estado-de-saude-de-lucescu-agrava-se-apos-dois-enfartes\/\",\"url\":\"https:\/\/portaltela.pt\/noticias\/2026\/04\/05\/estado-de-saude-de-lucescu-agrava-se-apos-dois-enfartes\/\",\"name\":\"Estado de sa\u00fade de Lucescu agrava-se ap\u00f3s dois enfartes - Portal Tela Portugal\",\"isPartOf\":{\"@id\":\"https:\/\/portaltela.pt\/#website\"},\"primaryImageOfPage\":{\"@id\":\"https:\/\/portaltela.pt\/noticias\/2026\/04\/05\/estado-de-saude-de-lucescu-agrava-se-apos-dois-enfartes\/#primaryimage\"},\"image\":{\"@id\":\"https:\/\/portaltela.pt\/noticias\/2026\/04\/05\/estado-de-saude-de-lucescu-agrava-se-apos-dois-enfartes\/#primaryimage\"},\"thumbnailUrl\":\"https:\/\/portaltela.pt\/s.01k8rhncp4jt1\/2026\/04\/image-287.jpg\",\"datePublished\":\"2026-04-05T21:47:03+00:00\",\"author\":{\"@id\":\"https:\/\/portaltela.pt\/#\/schema\/person\/c4278d4a6028830caff9ee44b42d32ed\"},\"breadcrumb\":{\"@id\":\"https:\/\/portaltela.pt\/noticias\/2026\/04\/05\/estado-de-saude-de-lucescu-agrava-se-apos-dois-enfartes\/#breadcrumb\"},\"inLanguage\":\"pt-PT\",\"potentialAction\":[{\"@type\":\"ReadAction\",\"target\":[\"https:\/\/portaltela.pt\/noticias\/2026\/04\/05\/estado-de-saude-de-lucescu-agrava-se-apos-dois-enfartes\/\"]}]},{\"@type\":\"ImageObject\",\"inLanguage\":\"pt-PT\",\"@id\":\"https:\/\/portaltela.pt\/noticias\/2026\/04\/05\/estado-de-saude-de-lucescu-agrava-se-apos-dois-enfartes\/#primaryimage\",\"url\":\"https:\/\/portaltela.pt\/s.01k8rhncp4jt1\/2026\/04\/image-287.jpg\",\"contentUrl\":\"https:\/\/portaltela.pt\/s.01k8rhncp4jt1\/2026\/04\/image-287.jpg\",\"width\":796,\"height\":448,\"caption\":\"Lucescu deixou o comando t\u00e9cnico da sele\u00e7\u00e3o romena poucos dias ap\u00f3s sentir-se mal durante um treino\"},{\"@type\":\"BreadcrumbList\",\"@id\":\"https:\/\/portaltela.pt\/noticias\/2026\/04\/05\/estado-de-saude-de-lucescu-agrava-se-apos-dois-enfartes\/#breadcrumb\",\"itemListElement\":[{\"@type\":\"ListItem\",\"position\":1,\"name\":\"In\u00edcio\",\"item\":\"https:\/\/portaltela.pt\/\"},{\"@type\":\"ListItem\",\"position\":2,\"name\":\"Estado de sa\u00fade de Lucescu agrava-se ap\u00f3s dois enfartes\"}]},{\"@type\":\"WebSite\",\"@id\":\"https:\/\/portaltela.pt\/#website\",\"url\":\"https:\/\/portaltela.pt\/\",\"name\":\"Portal Tela Portugal\",\"description\":\"\",\"potentialAction\":[{\"@type\":\"SearchAction\",\"target\":{\"@type\":\"EntryPoint\",\"urlTemplate\":\"https:\/\/portaltela.pt\/?s={search_term_string}\"},\"query-input\":{\"@type\":\"PropertyValueSpecification\",\"valueRequired\":true,\"valueName\":\"search_term_string\"}}],\"inLanguage\":\"pt-PT\"},{\"@type\":\"Person\",\"@id\":\"https:\/\/portaltela.pt\/#\/schema\/person\/c4278d4a6028830caff9ee44b42d32ed\",\"name\":\"Telinha\",\"image\":{\"@type\":\"ImageObject\",\"inLanguage\":\"pt-PT\",\"@id\":\"https:\/\/portaltela.pt\/s.01k8rhncp4jt1\/2025\/11\/talking-bot-125x125.png\",\"url\":\"https:\/\/portaltela.pt\/s.01k8rhncp4jt1\/2025\/11\/talking-bot-125x125.png\",\"contentUrl\":\"https:\/\/portaltela.pt\/s.01k8rhncp4jt1\/2025\/11\/talking-bot-125x125.png\",\"caption\":\"Telinha\"},\"sameAs\":[\"https:\/\/portaltela.pt\/\"],\"url\":\"https:\/\/portaltela.pt\/por\/367410592786\/\"}]}<\/script>\n<!-- \/ Yoast SEO plugin. -->","yoast_head_json":{"title":"Estado de sa\u00fade de Lucescu agrava-se ap\u00f3s dois enfartes - Portal Tela Portugal","robots":{"index":"index","follow":"follow","max-snippet":"max-snippet:-1","max-image-preview":"max-image-preview:large","max-video-preview":"max-video-preview:-1"},"og_locale":"pt_PT","og_type":"article","og_title":"Estado de sa\u00fade de Lucescu agrava-se ap\u00f3s dois enfartes - Portal Tela Portugal","og_description":"Mircea Lucescu, antigo selecionador romeno, encontra-se com quadro cl\u00ednico reservado ap\u00f3s novas complica\u00e7\u00f5es card\u00edacas. Na sexta-feira sofreu duplo enfarte, um dia depois de deixar o comando t\u00e9cnico da sele\u00e7\u00e3o romena. No s\u00e1bado \u00e0 noite surgiram arritmias card\u00edacas significativas, tratadas pela equipa de cardiologia. Na madrugada de domingo as arritmias agravaram-se e o estado do treinador piorou. O Hospital Universit\u00e1rio de Emerg\u00eancia de Bucareste confirmou a transfer\u00eancia para a Unidade de Anestesia e Terapia Intensiva.","og_url":"https:\/\/portaltela.pt\/noticias\/2026\/04\/05\/estado-de-saude-de-lucescu-agrava-se-apos-dois-enfartes\/","og_site_name":"Portal Tela Portugal","article_published_time":"2026-04-05T21:47:03+00:00","author":"Telinha","twitter_card":"summary_large_image","twitter_misc":{"Escrito por":"Telinha","Tempo estimado de leitura":"1 minuto"},"schema":{"@context":"https:\/\/schema.org","@graph":[{"@type":"Article","@id":"https:\/\/portaltela.pt\/noticias\/2026\/04\/05\/estado-de-saude-de-lucescu-agrava-se-apos-dois-enfartes\/#article","isPartOf":{"@id":"https:\/\/portaltela.pt\/noticias\/2026\/04\/05\/estado-de-saude-de-lucescu-agrava-se-apos-dois-enfartes\/"},"author":{"name":"Telinha","@id":"https:\/\/portaltela.pt\/#\/schema\/person\/c4278d4a6028830caff9ee44b42d32ed"},"headline":"Estado de sa\u00fade de Lucescu agrava-se ap\u00f3s dois enfartes","datePublished":"2026-04-05T21:47:03+00:00","mainEntityOfPage":{"@id":"https:\/\/portaltela.pt\/noticias\/2026\/04\/05\/estado-de-saude-de-lucescu-agrava-se-apos-dois-enfartes\/"},"wordCount":175,"image":{"@id":"https:\/\/portaltela.pt\/noticias\/2026\/04\/05\/estado-de-saude-de-lucescu-agrava-se-apos-dois-enfartes\/#primaryimage"},"thumbnailUrl":"https:\/\/portaltela.pt\/s.01k8rhncp4jt1\/2026\/04\/image-287.jpg","keywords":["cuidados de sa\u00fade","doen\u00e7a card\u00edaca","Rom\u00e9nia","sa\u00fade","Unidades de Cuidados Intensivos"],"articleSection":["Desporto","Futebol"],"inLanguage":"pt-PT"},{"@type":"WebPage","@id":"https:\/\/portaltela.pt\/noticias\/2026\/04\/05\/estado-de-saude-de-lucescu-agrava-se-apos-dois-enfartes\/","url":"https:\/\/portaltela.pt\/noticias\/2026\/04\/05\/estado-de-saude-de-lucescu-agrava-se-apos-dois-enfartes\/","name":"Estado de sa\u00fade de Lucescu agrava-se ap\u00f3s dois enfartes - Portal Tela Portugal","isPartOf":{"@id":"https:\/\/portaltela.pt\/#website"},"primaryImageOfPage":{"@id":"https:\/\/portaltela.pt\/noticias\/2026\/04\/05\/estado-de-saude-de-lucescu-agrava-se-apos-dois-enfartes\/#primaryimage"},"image":{"@id":"https:\/\/portaltela.pt\/noticias\/2026\/04\/05\/estado-de-saude-de-lucescu-agrava-se-apos-dois-enfartes\/#primaryimage"},"thumbnailUrl":"https:\/\/portaltela.pt\/s.01k8rhncp4jt1\/2026\/04\/image-287.jpg","datePublished":"2026-04-05T21:47:03+00:00","author":{"@id":"https:\/\/portaltela.pt\/#\/schema\/person\/c4278d4a6028830caff9ee44b42d32ed"},"breadcrumb":{"@id":"https:\/\/portaltela.pt\/noticias\/2026\/04\/05\/estado-de-saude-de-lucescu-agrava-se-apos-dois-enfartes\/#breadcrumb"},"inLanguage":"pt-PT","potentialAction":[{"@type":"ReadAction","target":["https:\/\/portaltela.pt\/noticias\/2026\/04\/05\/estado-de-saude-de-lucescu-agrava-se-apos-dois-enfartes\/"]}]},{"@type":"ImageObject","inLanguage":"pt-PT","@id":"https:\/\/portaltela.pt\/noticias\/2026\/04\/05\/estado-de-saude-de-lucescu-agrava-se-apos-dois-enfartes\/#primaryimage","url":"https:\/\/portaltela.pt\/s.01k8rhncp4jt1\/2026\/04\/image-287.jpg","contentUrl":"https:\/\/portaltela.pt\/s.01k8rhncp4jt1\/2026\/04\/image-287.jpg","width":796,"height":448,"caption":"Lucescu deixou o comando t\u00e9cnico da sele\u00e7\u00e3o romena poucos dias ap\u00f3s sentir-se mal durante um treino"},{"@type":"BreadcrumbList","@id":"https:\/\/portaltela.pt\/noticias\/2026\/04\/05\/estado-de-saude-de-lucescu-agrava-se-apos-dois-enfartes\/#breadcrumb","itemListElement":[{"@type":"ListItem","position":1,"name":"In\u00edcio","item":"https:\/\/portaltela.pt\/"},{"@type":"ListItem","position":2,"name":"Estado de sa\u00fade de Lucescu agrava-se ap\u00f3s dois enfartes"}]},{"@type":"WebSite","@id":"https:\/\/portaltela.pt\/#website","url":"https:\/\/portaltela.pt\/","name":"Portal Tela Portugal","description":"","potentialAction":[{"@type":"SearchAction","target":{"@type":"EntryPoint","urlTemplate":"https:\/\/portaltela.pt\/?s={search_term_string}"},"query-input":{"@type":"PropertyValueSpecification","valueRequired":true,"valueName":"search_term_string"}}],"inLanguage":"pt-PT"},{"@type":"Person","@id":"https:\/\/portaltela.pt\/#\/schema\/person\/c4278d4a6028830caff9ee44b42d32ed","name":"Telinha","image":{"@type":"ImageObject","inLanguage":"pt-PT","@id":"https:\/\/portaltela.pt\/s.01k8rhncp4jt1\/2025\/11\/talking-bot-125x125.png","url":"https:\/\/portaltela.pt\/s.01k8rhncp4jt1\/2025\/11\/talking-bot-125x125.png","contentUrl":"https:\/\/portaltela.pt\/s.01k8rhncp4jt1\/2025\/11\/talking-bot-125x125.png","caption":"Telinha"},"sameAs":["https:\/\/portaltela.pt\/"],"url":"https:\/\/portaltela.pt\/por\/367410592786\/"}]}},"_links":{"self":[{"href":"https:\/\/portaltela.pt\/api\/wp\/v2\/posts\/433590","targetHints":{"allow":["GET"]}}],"collection":[{"href":"https:\/\/portaltela.pt\/api\/wp\/v2\/posts"}],"about":[{"href":"https:\/\/portaltela.pt\/api\/wp\/v2\/types\/post"}],"author":[{"embeddable":true,"href":"https:\/\/portaltela.pt\/api\/wp\/v2\/users\/2"}],"replies":[{"embeddable":true,"href":"https:\/\/portaltela.pt\/api\/wp\/v2\/comments?post=433590"}],"version-history":[{"count":0,"href":"https:\/\/portaltela.pt\/api\/wp\/v2\/posts\/433590\/revisions"}],"wp:featuredmedia":[{"embeddable":true,"href":"https:\/\/portaltela.pt\/api\/wp\/v2\/media\/433591"}],"wp:attachment":[{"href":"https:\/\/portaltela.pt\/api\/wp\/v2\/media?parent=433590"}],"wp:term":[{"taxonomy":"category","embeddable":true,"href":"https:\/\/portaltela.pt\/api\/wp\/v2\/categories?post=433590"},{"taxonomy":"post_tag","embeddable":true,"href":"https:\/\/portaltela.pt\/api\/wp\/v2\/tags?post=433590"}],"curies":[{"name":"wp","href":"https:\/\/api.w.org\/{rel}","templated":true}]}}