{"id":433582,"date":"2026-04-05T18:46:52","date_gmt":"2026-04-05T21:46:52","guid":{"rendered":"https:\/\/portaltela.pt\/noticias\/2026\/04\/05\/manchester-city-confirma-saida-de-bernardo-silva-e-encerra-uma-era\/"},"modified":"2026-04-05T18:46:52","modified_gmt":"2026-04-05T21:46:52","slug":"manchester-city-confirma-saida-de-bernardo-silva-e-encerra-uma-era","status":"publish","type":"post","link":"https:\/\/portaltela.pt\/desporto\/futebol\/2026\/04\/05\/manchester-city-confirma-saida-de-bernardo-silva-e-encerra-uma-era\/","title":{"rendered":"Manchester City confirma sa\u00edda de Bernardo Silva e encerra uma era"},"content":{"rendered":"<p>O Manchester City confirmou a sa\u00edda de Bernardo Silva no final da presente \u00e9poca. A confirma\u00e7\u00e3o veio de Pep Lijnders, adjunto de Pep Guardiola, ap\u00f3s a vit\u00f3ria sobre o Liverpool na Ta\u00e7a de Inglaterra. O jogador portugu\u00eas n\u00e3o renovar\u00e1 o contrato.<\/p>\n<p>Lijnders disse aos jornalistas que substituir Bernardo Silva ser\u00e1 extremamente desafiador. Afirmou que n\u00e3o h\u00e1 jogador com o mesmo perfil, destacando a forma de controlar jogos, movimenta\u00e7\u00e3o e leitura de solu\u00e7\u00f5es que o m\u00e9dio oferece.<\/p>\n<p>Bernardo Silva chegou ao City em 2017 e soma t\u00edtulos nacionais e internacionais. Entre trof\u00e9us recolhidos est\u00e3o cinco Campeonatos, cinco Ta\u00e7as da Liga e a Liga dos Campe\u00f5es, com 450 jogos, 76 golos e 75 assist\u00eancias.<\/p>\n<p>O percurso do jogador no City dever\u00e1 chegar ao fim ao final desta \u00e9poca. A prioridade para o futuro passa por manter-se na Europa, com interessados como Barcelona, Milan e Juventus. Inter Miami tamb\u00e9m acompanha o tema.<\/p>\n<p>Para j\u00e1, o regresso a Benfica foi considerado prematuro por Jorge Mendes, empres\u00e1rio de Bernardo Silva, que apenas referiu que ainda \u00e9 cedo para clarificar o futuro. O objetivo \u00e9 definir a pr\u00f3xima etapa nos pr\u00f3ximos meses.<\/p>\n","protected":false},"excerpt":{"rendered":"<ul>\n<li>Pep Lijnders, adjunto de Pep Guardiola, confirmou que Bernardo Silva n\u00e3o vai renovar o contrato com o Manchester City, sinalizando o fim da rela\u00e7\u00e3o no final da \u00e9poca.<\/li>\n<li>O an\u00fancio veio na sequ\u00eancia da goleada frente ao Liverpool, na Ta\u00e7a de Inglaterra, sendo a primeira admiss\u00e3o p\u00fablica da sa\u00edda do jogador.<\/li>\n<li>O t\u00e9cnico explicou que n\u00e3o \u00e9 poss\u00edvel substituir exatamente Bernardo Silva, destacando o seu controlo de jogos, movimento e vis\u00e3o de jogo.<\/li>\n<li>Bernardo Silva chegou ao City em 2017, soma 450 jogos, 76 golos e 75 assist\u00eancias, com v\u00e1rios t\u00edtulos nacionais e internacionais no palmar\u00e9s.<\/li>\n<li>Futuramente, surgem hip\u00f3teses com Barcelona, Milan, Juventus e Inter Miami; o regresso ao Benfica permanece apenas como possibilidade ainda sem defini\u00e7\u00e3o.<\/li>\n<\/ul>\n","protected":false},"author":2,"featured_media":433583,"comment_status":"closed","ping_status":"closed","sticky":false,"template":"","format":"standard","meta":{"footnotes":""},"categories":[21,24],"tags":[7755,2120,3577,1983,50,1014],"class_list":["post-433582","post","type-post","status-publish","format-standard","has-post-thumbnail","hentry","category-desporto","category-futebol","tag-_futebol","tag-ac-milan","tag-champions-league","tag-juventus","tag-mercado-da-bola","tag-portugal"],"yoast_head":"<!-- This site is optimized with the Yoast SEO plugin v27.2 - https:\/\/yoast.com\/product\/yoast-seo-wordpress\/ -->\n<title>Manchester City confirma sa\u00edda de Bernardo Silva e encerra uma era - Portal Tela Portugal<\/title>\n<meta name=\"robots\" content=\"index, follow, max-snippet:-1, max-image-preview:large, max-video-preview:-1\" \/>\n<meta property=\"og:locale\" content=\"pt_PT\" \/>\n<meta property=\"og:type\" content=\"article\" \/>\n<meta property=\"og:title\" content=\"Manchester City confirma sa\u00edda de Bernardo Silva e encerra uma era - Portal Tela Portugal\" \/>\n<meta property=\"og:description\" content=\"Pep Lijnders, adjunto de Pep Guardiola, confirmou que Bernardo Silva n\u00e3o vai renovar o contrato com o Manchester City, sinalizando o fim da rela\u00e7\u00e3o no final da \u00e9poca. O an\u00fancio veio na sequ\u00eancia da goleada frente ao Liverpool, na Ta\u00e7a de Inglaterra, sendo a primeira admiss\u00e3o p\u00fablica da sa\u00edda do jogador. O t\u00e9cnico explicou que n\u00e3o \u00e9 poss\u00edvel substituir exatamente Bernardo Silva, destacando o seu controlo de jogos, movimento e vis\u00e3o de jogo. Bernardo Silva chegou ao City em 2017, soma 450 jogos, 76 golos e 75 assist\u00eancias, com v\u00e1rios t\u00edtulos nacionais e internacionais no palmar\u00e9s. Futuramente, surgem hip\u00f3teses com Barcelona, Milan, Juventus e Inter Miami; o regresso ao Benfica permanece apenas como possibilidade ainda sem defini\u00e7\u00e3o.\" \/>\n<meta property=\"og:url\" content=\"https:\/\/portaltela.pt\/noticias\/2026\/04\/05\/manchester-city-confirma-saida-de-bernardo-silva-e-encerra-uma-era\/\" \/>\n<meta property=\"og:site_name\" content=\"Portal Tela Portugal\" \/>\n<meta property=\"article:published_time\" content=\"2026-04-05T21:46:52+00:00\" \/>\n<meta name=\"author\" content=\"Telinha\" \/>\n<meta name=\"twitter:card\" content=\"summary_large_image\" \/>\n<meta name=\"twitter:label1\" content=\"Escrito por\" \/>\n\t<meta name=\"twitter:data1\" content=\"Telinha\" \/>\n\t<meta name=\"twitter:label2\" content=\"Tempo estimado de leitura\" \/>\n\t<meta name=\"twitter:data2\" content=\"1 minuto\" \/>\n<script type=\"application\/ld+json\" class=\"yoast-schema-graph\">{\"@context\":\"https:\/\/schema.org\",\"@graph\":[{\"@type\":\"Article\",\"@id\":\"https:\/\/portaltela.pt\/noticias\/2026\/04\/05\/manchester-city-confirma-saida-de-bernardo-silva-e-encerra-uma-era\/#article\",\"isPartOf\":{\"@id\":\"https:\/\/portaltela.pt\/noticias\/2026\/04\/05\/manchester-city-confirma-saida-de-bernardo-silva-e-encerra-uma-era\/\"},\"author\":{\"name\":\"Telinha\",\"@id\":\"https:\/\/portaltela.pt\/#\/schema\/person\/c4278d4a6028830caff9ee44b42d32ed\"},\"headline\":\"Manchester City confirma sa\u00edda de Bernardo Silva e encerra uma era\",\"datePublished\":\"2026-04-05T21:46:52+00:00\",\"mainEntityOfPage\":{\"@id\":\"https:\/\/portaltela.pt\/noticias\/2026\/04\/05\/manchester-city-confirma-saida-de-bernardo-silva-e-encerra-uma-era\/\"},\"wordCount\":213,\"image\":{\"@id\":\"https:\/\/portaltela.pt\/noticias\/2026\/04\/05\/manchester-city-confirma-saida-de-bernardo-silva-e-encerra-uma-era\/#primaryimage\"},\"thumbnailUrl\":\"https:\/\/portaltela.pt\/s.01k8rhncp4jt1\/2026\/04\/img_920x518uu2026-04-05-16-58-15-2431264-im-639110051549796112.jpg\",\"keywords\":[\"_futebol\",\"AC Milan\",\"Champions League\",\"Juventus\",\"mercado da bola\",\"Portugal\"],\"articleSection\":[\"Desporto\",\"Futebol\"],\"inLanguage\":\"pt-PT\"},{\"@type\":\"WebPage\",\"@id\":\"https:\/\/portaltela.pt\/noticias\/2026\/04\/05\/manchester-city-confirma-saida-de-bernardo-silva-e-encerra-uma-era\/\",\"url\":\"https:\/\/portaltela.pt\/noticias\/2026\/04\/05\/manchester-city-confirma-saida-de-bernardo-silva-e-encerra-uma-era\/\",\"name\":\"Manchester City confirma sa\u00edda de Bernardo Silva e encerra uma era - Portal Tela Portugal\",\"isPartOf\":{\"@id\":\"https:\/\/portaltela.pt\/#website\"},\"primaryImageOfPage\":{\"@id\":\"https:\/\/portaltela.pt\/noticias\/2026\/04\/05\/manchester-city-confirma-saida-de-bernardo-silva-e-encerra-uma-era\/#primaryimage\"},\"image\":{\"@id\":\"https:\/\/portaltela.pt\/noticias\/2026\/04\/05\/manchester-city-confirma-saida-de-bernardo-silva-e-encerra-uma-era\/#primaryimage\"},\"thumbnailUrl\":\"https:\/\/portaltela.pt\/s.01k8rhncp4jt1\/2026\/04\/img_920x518uu2026-04-05-16-58-15-2431264-im-639110051549796112.jpg\",\"datePublished\":\"2026-04-05T21:46:52+00:00\",\"author\":{\"@id\":\"https:\/\/portaltela.pt\/#\/schema\/person\/c4278d4a6028830caff9ee44b42d32ed\"},\"breadcrumb\":{\"@id\":\"https:\/\/portaltela.pt\/noticias\/2026\/04\/05\/manchester-city-confirma-saida-de-bernardo-silva-e-encerra-uma-era\/#breadcrumb\"},\"inLanguage\":\"pt-PT\",\"potentialAction\":[{\"@type\":\"ReadAction\",\"target\":[\"https:\/\/portaltela.pt\/noticias\/2026\/04\/05\/manchester-city-confirma-saida-de-bernardo-silva-e-encerra-uma-era\/\"]}]},{\"@type\":\"ImageObject\",\"inLanguage\":\"pt-PT\",\"@id\":\"https:\/\/portaltela.pt\/noticias\/2026\/04\/05\/manchester-city-confirma-saida-de-bernardo-silva-e-encerra-uma-era\/#primaryimage\",\"url\":\"https:\/\/portaltela.pt\/s.01k8rhncp4jt1\/2026\/04\/img_920x518uu2026-04-05-16-58-15-2431264-im-639110051549796112.jpg\",\"contentUrl\":\"https:\/\/portaltela.pt\/s.01k8rhncp4jt1\/2026\/04\/img_920x518uu2026-04-05-16-58-15-2431264-im-639110051549796112.jpg\",\"width\":796,\"height\":448,\"caption\":\"Bernardo Silva n\u00e3o renova contrato com o Man. City\"},{\"@type\":\"BreadcrumbList\",\"@id\":\"https:\/\/portaltela.pt\/noticias\/2026\/04\/05\/manchester-city-confirma-saida-de-bernardo-silva-e-encerra-uma-era\/#breadcrumb\",\"itemListElement\":[{\"@type\":\"ListItem\",\"position\":1,\"name\":\"In\u00edcio\",\"item\":\"https:\/\/portaltela.pt\/\"},{\"@type\":\"ListItem\",\"position\":2,\"name\":\"Manchester City confirma sa\u00edda de Bernardo Silva e encerra uma era\"}]},{\"@type\":\"WebSite\",\"@id\":\"https:\/\/portaltela.pt\/#website\",\"url\":\"https:\/\/portaltela.pt\/\",\"name\":\"Portal Tela Portugal\",\"description\":\"\",\"potentialAction\":[{\"@type\":\"SearchAction\",\"target\":{\"@type\":\"EntryPoint\",\"urlTemplate\":\"https:\/\/portaltela.pt\/?s={search_term_string}\"},\"query-input\":{\"@type\":\"PropertyValueSpecification\",\"valueRequired\":true,\"valueName\":\"search_term_string\"}}],\"inLanguage\":\"pt-PT\"},{\"@type\":\"Person\",\"@id\":\"https:\/\/portaltela.pt\/#\/schema\/person\/c4278d4a6028830caff9ee44b42d32ed\",\"name\":\"Telinha\",\"image\":{\"@type\":\"ImageObject\",\"inLanguage\":\"pt-PT\",\"@id\":\"https:\/\/portaltela.pt\/s.01k8rhncp4jt1\/2025\/11\/talking-bot-125x125.png\",\"url\":\"https:\/\/portaltela.pt\/s.01k8rhncp4jt1\/2025\/11\/talking-bot-125x125.png\",\"contentUrl\":\"https:\/\/portaltela.pt\/s.01k8rhncp4jt1\/2025\/11\/talking-bot-125x125.png\",\"caption\":\"Telinha\"},\"sameAs\":[\"https:\/\/portaltela.pt\/\"],\"url\":\"https:\/\/portaltela.pt\/por\/367410592786\/\"}]}<\/script>\n<!-- \/ Yoast SEO plugin. -->","yoast_head_json":{"title":"Manchester City confirma sa\u00edda de Bernardo Silva e encerra uma era - Portal Tela Portugal","robots":{"index":"index","follow":"follow","max-snippet":"max-snippet:-1","max-image-preview":"max-image-preview:large","max-video-preview":"max-video-preview:-1"},"og_locale":"pt_PT","og_type":"article","og_title":"Manchester City confirma sa\u00edda de Bernardo Silva e encerra uma era - Portal Tela Portugal","og_description":"Pep Lijnders, adjunto de Pep Guardiola, confirmou que Bernardo Silva n\u00e3o vai renovar o contrato com o Manchester City, sinalizando o fim da rela\u00e7\u00e3o no final da \u00e9poca. O an\u00fancio veio na sequ\u00eancia da goleada frente ao Liverpool, na Ta\u00e7a de Inglaterra, sendo a primeira admiss\u00e3o p\u00fablica da sa\u00edda do jogador. O t\u00e9cnico explicou que n\u00e3o \u00e9 poss\u00edvel substituir exatamente Bernardo Silva, destacando o seu controlo de jogos, movimento e vis\u00e3o de jogo. Bernardo Silva chegou ao City em 2017, soma 450 jogos, 76 golos e 75 assist\u00eancias, com v\u00e1rios t\u00edtulos nacionais e internacionais no palmar\u00e9s. Futuramente, surgem hip\u00f3teses com Barcelona, Milan, Juventus e Inter Miami; o regresso ao Benfica permanece apenas como possibilidade ainda sem defini\u00e7\u00e3o.","og_url":"https:\/\/portaltela.pt\/noticias\/2026\/04\/05\/manchester-city-confirma-saida-de-bernardo-silva-e-encerra-uma-era\/","og_site_name":"Portal Tela Portugal","article_published_time":"2026-04-05T21:46:52+00:00","author":"Telinha","twitter_card":"summary_large_image","twitter_misc":{"Escrito por":"Telinha","Tempo estimado de leitura":"1 minuto"},"schema":{"@context":"https:\/\/schema.org","@graph":[{"@type":"Article","@id":"https:\/\/portaltela.pt\/noticias\/2026\/04\/05\/manchester-city-confirma-saida-de-bernardo-silva-e-encerra-uma-era\/#article","isPartOf":{"@id":"https:\/\/portaltela.pt\/noticias\/2026\/04\/05\/manchester-city-confirma-saida-de-bernardo-silva-e-encerra-uma-era\/"},"author":{"name":"Telinha","@id":"https:\/\/portaltela.pt\/#\/schema\/person\/c4278d4a6028830caff9ee44b42d32ed"},"headline":"Manchester City confirma sa\u00edda de Bernardo Silva e encerra uma era","datePublished":"2026-04-05T21:46:52+00:00","mainEntityOfPage":{"@id":"https:\/\/portaltela.pt\/noticias\/2026\/04\/05\/manchester-city-confirma-saida-de-bernardo-silva-e-encerra-uma-era\/"},"wordCount":213,"image":{"@id":"https:\/\/portaltela.pt\/noticias\/2026\/04\/05\/manchester-city-confirma-saida-de-bernardo-silva-e-encerra-uma-era\/#primaryimage"},"thumbnailUrl":"https:\/\/portaltela.pt\/s.01k8rhncp4jt1\/2026\/04\/img_920x518uu2026-04-05-16-58-15-2431264-im-639110051549796112.jpg","keywords":["_futebol","AC Milan","Champions League","Juventus","mercado da bola","Portugal"],"articleSection":["Desporto","Futebol"],"inLanguage":"pt-PT"},{"@type":"WebPage","@id":"https:\/\/portaltela.pt\/noticias\/2026\/04\/05\/manchester-city-confirma-saida-de-bernardo-silva-e-encerra-uma-era\/","url":"https:\/\/portaltela.pt\/noticias\/2026\/04\/05\/manchester-city-confirma-saida-de-bernardo-silva-e-encerra-uma-era\/","name":"Manchester City confirma sa\u00edda de Bernardo Silva e encerra uma era - Portal Tela Portugal","isPartOf":{"@id":"https:\/\/portaltela.pt\/#website"},"primaryImageOfPage":{"@id":"https:\/\/portaltela.pt\/noticias\/2026\/04\/05\/manchester-city-confirma-saida-de-bernardo-silva-e-encerra-uma-era\/#primaryimage"},"image":{"@id":"https:\/\/portaltela.pt\/noticias\/2026\/04\/05\/manchester-city-confirma-saida-de-bernardo-silva-e-encerra-uma-era\/#primaryimage"},"thumbnailUrl":"https:\/\/portaltela.pt\/s.01k8rhncp4jt1\/2026\/04\/img_920x518uu2026-04-05-16-58-15-2431264-im-639110051549796112.jpg","datePublished":"2026-04-05T21:46:52+00:00","author":{"@id":"https:\/\/portaltela.pt\/#\/schema\/person\/c4278d4a6028830caff9ee44b42d32ed"},"breadcrumb":{"@id":"https:\/\/portaltela.pt\/noticias\/2026\/04\/05\/manchester-city-confirma-saida-de-bernardo-silva-e-encerra-uma-era\/#breadcrumb"},"inLanguage":"pt-PT","potentialAction":[{"@type":"ReadAction","target":["https:\/\/portaltela.pt\/noticias\/2026\/04\/05\/manchester-city-confirma-saida-de-bernardo-silva-e-encerra-uma-era\/"]}]},{"@type":"ImageObject","inLanguage":"pt-PT","@id":"https:\/\/portaltela.pt\/noticias\/2026\/04\/05\/manchester-city-confirma-saida-de-bernardo-silva-e-encerra-uma-era\/#primaryimage","url":"https:\/\/portaltela.pt\/s.01k8rhncp4jt1\/2026\/04\/img_920x518uu2026-04-05-16-58-15-2431264-im-639110051549796112.jpg","contentUrl":"https:\/\/portaltela.pt\/s.01k8rhncp4jt1\/2026\/04\/img_920x518uu2026-04-05-16-58-15-2431264-im-639110051549796112.jpg","width":796,"height":448,"caption":"Bernardo Silva n\u00e3o renova contrato com o Man. City"},{"@type":"BreadcrumbList","@id":"https:\/\/portaltela.pt\/noticias\/2026\/04\/05\/manchester-city-confirma-saida-de-bernardo-silva-e-encerra-uma-era\/#breadcrumb","itemListElement":[{"@type":"ListItem","position":1,"name":"In\u00edcio","item":"https:\/\/portaltela.pt\/"},{"@type":"ListItem","position":2,"name":"Manchester City confirma sa\u00edda de Bernardo Silva e encerra uma era"}]},{"@type":"WebSite","@id":"https:\/\/portaltela.pt\/#website","url":"https:\/\/portaltela.pt\/","name":"Portal Tela Portugal","description":"","potentialAction":[{"@type":"SearchAction","target":{"@type":"EntryPoint","urlTemplate":"https:\/\/portaltela.pt\/?s={search_term_string}"},"query-input":{"@type":"PropertyValueSpecification","valueRequired":true,"valueName":"search_term_string"}}],"inLanguage":"pt-PT"},{"@type":"Person","@id":"https:\/\/portaltela.pt\/#\/schema\/person\/c4278d4a6028830caff9ee44b42d32ed","name":"Telinha","image":{"@type":"ImageObject","inLanguage":"pt-PT","@id":"https:\/\/portaltela.pt\/s.01k8rhncp4jt1\/2025\/11\/talking-bot-125x125.png","url":"https:\/\/portaltela.pt\/s.01k8rhncp4jt1\/2025\/11\/talking-bot-125x125.png","contentUrl":"https:\/\/portaltela.pt\/s.01k8rhncp4jt1\/2025\/11\/talking-bot-125x125.png","caption":"Telinha"},"sameAs":["https:\/\/portaltela.pt\/"],"url":"https:\/\/portaltela.pt\/por\/367410592786\/"}]}},"_links":{"self":[{"href":"https:\/\/portaltela.pt\/api\/wp\/v2\/posts\/433582","targetHints":{"allow":["GET"]}}],"collection":[{"href":"https:\/\/portaltela.pt\/api\/wp\/v2\/posts"}],"about":[{"href":"https:\/\/portaltela.pt\/api\/wp\/v2\/types\/post"}],"author":[{"embeddable":true,"href":"https:\/\/portaltela.pt\/api\/wp\/v2\/users\/2"}],"replies":[{"embeddable":true,"href":"https:\/\/portaltela.pt\/api\/wp\/v2\/comments?post=433582"}],"version-history":[{"count":0,"href":"https:\/\/portaltela.pt\/api\/wp\/v2\/posts\/433582\/revisions"}],"wp:featuredmedia":[{"embeddable":true,"href":"https:\/\/portaltela.pt\/api\/wp\/v2\/media\/433583"}],"wp:attachment":[{"href":"https:\/\/portaltela.pt\/api\/wp\/v2\/media?parent=433582"}],"wp:term":[{"taxonomy":"category","embeddable":true,"href":"https:\/\/portaltela.pt\/api\/wp\/v2\/categories?post=433582"},{"taxonomy":"post_tag","embeddable":true,"href":"https:\/\/portaltela.pt\/api\/wp\/v2\/tags?post=433582"}],"curies":[{"name":"wp","href":"https:\/\/api.w.org\/{rel}","templated":true}]}}