{"id":433542,"date":"2026-04-05T17:47:01","date_gmt":"2026-04-05T20:47:01","guid":{"rendered":"https:\/\/portaltela.pt\/noticias\/2026\/04\/05\/akturkoglu-garante-vitoria-do-fenerbahce-aos-90-11\/"},"modified":"2026-04-05T17:47:01","modified_gmt":"2026-04-05T20:47:01","slug":"akturkoglu-garante-vitoria-do-fenerbahce-aos-90-11","status":"publish","type":"post","link":"https:\/\/portaltela.pt\/desporto\/futebol\/2026\/04\/05\/akturkoglu-garante-vitoria-do-fenerbahce-aos-90-11\/","title":{"rendered":"Akturkoglu garante vit\u00f3ria do Fenerbah\u00e7e aos 90+11"},"content":{"rendered":"<p>O Fenerbah\u00e7e venceu o Besiktas por 1-0 na 28.\u00aa jornada da liga turca, com Akturkoglu a decidir o encontro ao marcar de pen\u00e1lti aos 90+11 minutos. O extremo, ex-Benfica, houve de converter a grande penalidade no tempo de descontos. Nelson Semedo integrou o onze do Fener.<\/p>\n<p>O triunfo coloca o Fenerbah\u00e7e no 2.\u00ba lugar, a 1 ponto do l\u00edder Galatasaray, que ainda tem menos uma partida disputada. O Besiktas viu-se impedir de somar pontos num d\u00e9rbi decidido j\u00e1 no fim do desafio.<\/p>\n<h3>Karag\u00fcmr\u00fck vence o Rizespor e muda o mosaico da parte baixa<\/h3>\n<p>No outro embate do dia, o Karag\u00fcmr\u00fck venceu por 2-1 o Rizespor, com Ricardo Esgaio a manter o seu lugar no onze inicial. O resultado aproxima o Karag\u00fcmr\u00fck da zona interm\u00e9dia da tabela, enquanto o Rizespor permanece perto da zona de rebaixamento.<\/p>\n","protected":false},"excerpt":{"rendered":"<ul>\n<li>O Fenerbah\u00e7e venceu o Besiktas por 1-0 na 28.\u00aa ronda da liga turca, com Akturkoglu a marcar de pen\u00e1lti aos 90\u2019+11.<\/li>\n<li>Akturkoglu (ex-Benfica) foi decisivo no duelo frente ao rival, convertendo a grande penalidade.<\/li>\n<li>Nelson Semedo integrou o onze inicial do Fenerbah\u00e7e.<\/li>\n<li>O Fenerbah\u00e7e ocupa o 2.\u00ba lugar, a 1 ponto do l\u00edder Galatasaray, que tem um jogo a menos.<\/li>\n<li>No outro jogo, o Karag\u00fcmr\u00fck venceu o Rizespor por 2-1, com Ricardo Esgaio no onze inicial.<\/li>\n<\/ul>\n","protected":false},"author":2,"featured_media":433547,"comment_status":"closed","ping_status":"closed","sticky":false,"template":"","format":"standard","meta":{"footnotes":""},"categories":[21,24],"tags":[2681,32,3338,4270,1786],"class_list":["post-433542","post","type-post","status-publish","format-standard","has-post-thumbnail","hentry","category-desporto","category-futebol","tag-desporto-internacional","tag-futebol","tag-futebol-internacional","tag-galatasaray","tag-liga"],"yoast_head":"<!-- This site is optimized with the Yoast SEO plugin v27.2 - https:\/\/yoast.com\/product\/yoast-seo-wordpress\/ -->\n<title>Akturkoglu garante vit\u00f3ria do Fenerbah\u00e7e aos 90+11 - Portal Tela Portugal<\/title>\n<meta name=\"robots\" content=\"index, follow, max-snippet:-1, max-image-preview:large, max-video-preview:-1\" \/>\n<meta property=\"og:locale\" content=\"pt_PT\" \/>\n<meta property=\"og:type\" content=\"article\" \/>\n<meta property=\"og:title\" content=\"Akturkoglu garante vit\u00f3ria do Fenerbah\u00e7e aos 90+11 - Portal Tela Portugal\" \/>\n<meta property=\"og:description\" content=\"O Fenerbah\u00e7e venceu o Besiktas por 1-0 na 28.\u00aa ronda da liga turca, com Akturkoglu a marcar de pen\u00e1lti aos 90\u2019+11. Akturkoglu (ex-Benfica) foi decisivo no duelo frente ao rival, convertendo a grande penalidade. Nelson Semedo integrou o onze inicial do Fenerbah\u00e7e. O Fenerbah\u00e7e ocupa o 2.\u00ba lugar, a 1 ponto do l\u00edder Galatasaray, que tem um jogo a menos. No outro jogo, o Karag\u00fcmr\u00fck venceu o Rizespor por 2-1, com Ricardo Esgaio no onze inicial.\" \/>\n<meta property=\"og:url\" content=\"https:\/\/portaltela.pt\/noticias\/2026\/04\/05\/akturkoglu-garante-vitoria-do-fenerbahce-aos-90-11\/\" \/>\n<meta property=\"og:site_name\" content=\"Portal Tela Portugal\" \/>\n<meta property=\"article:published_time\" content=\"2026-04-05T20:47:01+00:00\" \/>\n<meta name=\"author\" content=\"Telinha\" \/>\n<meta name=\"twitter:card\" content=\"summary_large_image\" \/>\n<meta name=\"twitter:label1\" content=\"Escrito por\" \/>\n\t<meta name=\"twitter:data1\" content=\"Telinha\" \/>\n\t<meta name=\"twitter:label2\" content=\"Tempo estimado de leitura\" \/>\n\t<meta name=\"twitter:data2\" content=\"1 minuto\" \/>\n<script type=\"application\/ld+json\" class=\"yoast-schema-graph\">{\"@context\":\"https:\/\/schema.org\",\"@graph\":[{\"@type\":\"Article\",\"@id\":\"https:\/\/portaltela.pt\/noticias\/2026\/04\/05\/akturkoglu-garante-vitoria-do-fenerbahce-aos-90-11\/#article\",\"isPartOf\":{\"@id\":\"https:\/\/portaltela.pt\/noticias\/2026\/04\/05\/akturkoglu-garante-vitoria-do-fenerbahce-aos-90-11\/\"},\"author\":{\"name\":\"Telinha\",\"@id\":\"https:\/\/portaltela.pt\/#\/schema\/person\/c4278d4a6028830caff9ee44b42d32ed\"},\"headline\":\"Akturkoglu garante vit\u00f3ria do Fenerbah\u00e7e aos 90+11\",\"datePublished\":\"2026-04-05T20:47:01+00:00\",\"mainEntityOfPage\":{\"@id\":\"https:\/\/portaltela.pt\/noticias\/2026\/04\/05\/akturkoglu-garante-vitoria-do-fenerbahce-aos-90-11\/\"},\"wordCount\":151,\"image\":{\"@id\":\"https:\/\/portaltela.pt\/noticias\/2026\/04\/05\/akturkoglu-garante-vitoria-do-fenerbahce-aos-90-11\/#primaryimage\"},\"thumbnailUrl\":\"https:\/\/portaltela.pt\/s.01k8rhncp4jt1\/2026\/04\/img_920x518uu2025-10-08-14-50-19-2394837.jpg\",\"keywords\":[\"desporto internacional\",\"futebol\",\"futebol internacional\",\"Galatasaray\",\"Liga\"],\"articleSection\":[\"Desporto\",\"Futebol\"],\"inLanguage\":\"pt-PT\"},{\"@type\":\"WebPage\",\"@id\":\"https:\/\/portaltela.pt\/noticias\/2026\/04\/05\/akturkoglu-garante-vitoria-do-fenerbahce-aos-90-11\/\",\"url\":\"https:\/\/portaltela.pt\/noticias\/2026\/04\/05\/akturkoglu-garante-vitoria-do-fenerbahce-aos-90-11\/\",\"name\":\"Akturkoglu garante vit\u00f3ria do Fenerbah\u00e7e aos 90+11 - Portal Tela Portugal\",\"isPartOf\":{\"@id\":\"https:\/\/portaltela.pt\/#website\"},\"primaryImageOfPage\":{\"@id\":\"https:\/\/portaltela.pt\/noticias\/2026\/04\/05\/akturkoglu-garante-vitoria-do-fenerbahce-aos-90-11\/#primaryimage\"},\"image\":{\"@id\":\"https:\/\/portaltela.pt\/noticias\/2026\/04\/05\/akturkoglu-garante-vitoria-do-fenerbahce-aos-90-11\/#primaryimage\"},\"thumbnailUrl\":\"https:\/\/portaltela.pt\/s.01k8rhncp4jt1\/2026\/04\/img_920x518uu2025-10-08-14-50-19-2394837.jpg\",\"datePublished\":\"2026-04-05T20:47:01+00:00\",\"author\":{\"@id\":\"https:\/\/portaltela.pt\/#\/schema\/person\/c4278d4a6028830caff9ee44b42d32ed\"},\"breadcrumb\":{\"@id\":\"https:\/\/portaltela.pt\/noticias\/2026\/04\/05\/akturkoglu-garante-vitoria-do-fenerbahce-aos-90-11\/#breadcrumb\"},\"inLanguage\":\"pt-PT\",\"potentialAction\":[{\"@type\":\"ReadAction\",\"target\":[\"https:\/\/portaltela.pt\/noticias\/2026\/04\/05\/akturkoglu-garante-vitoria-do-fenerbahce-aos-90-11\/\"]}]},{\"@type\":\"ImageObject\",\"inLanguage\":\"pt-PT\",\"@id\":\"https:\/\/portaltela.pt\/noticias\/2026\/04\/05\/akturkoglu-garante-vitoria-do-fenerbahce-aos-90-11\/#primaryimage\",\"url\":\"https:\/\/portaltela.pt\/s.01k8rhncp4jt1\/2026\/04\/img_920x518uu2025-10-08-14-50-19-2394837.jpg\",\"contentUrl\":\"https:\/\/portaltela.pt\/s.01k8rhncp4jt1\/2026\/04\/img_920x518uu2025-10-08-14-50-19-2394837.jpg\",\"width\":796,\"height\":448,\"caption\":\"Akt\u00fcrkoglu foi decisivo frente ao Besiktas\"},{\"@type\":\"BreadcrumbList\",\"@id\":\"https:\/\/portaltela.pt\/noticias\/2026\/04\/05\/akturkoglu-garante-vitoria-do-fenerbahce-aos-90-11\/#breadcrumb\",\"itemListElement\":[{\"@type\":\"ListItem\",\"position\":1,\"name\":\"In\u00edcio\",\"item\":\"https:\/\/portaltela.pt\/\"},{\"@type\":\"ListItem\",\"position\":2,\"name\":\"Akturkoglu garante vit\u00f3ria do Fenerbah\u00e7e aos 90+11\"}]},{\"@type\":\"WebSite\",\"@id\":\"https:\/\/portaltela.pt\/#website\",\"url\":\"https:\/\/portaltela.pt\/\",\"name\":\"Portal Tela Portugal\",\"description\":\"\",\"potentialAction\":[{\"@type\":\"SearchAction\",\"target\":{\"@type\":\"EntryPoint\",\"urlTemplate\":\"https:\/\/portaltela.pt\/?s={search_term_string}\"},\"query-input\":{\"@type\":\"PropertyValueSpecification\",\"valueRequired\":true,\"valueName\":\"search_term_string\"}}],\"inLanguage\":\"pt-PT\"},{\"@type\":\"Person\",\"@id\":\"https:\/\/portaltela.pt\/#\/schema\/person\/c4278d4a6028830caff9ee44b42d32ed\",\"name\":\"Telinha\",\"image\":{\"@type\":\"ImageObject\",\"inLanguage\":\"pt-PT\",\"@id\":\"https:\/\/portaltela.pt\/s.01k8rhncp4jt1\/2025\/11\/talking-bot-125x125.png\",\"url\":\"https:\/\/portaltela.pt\/s.01k8rhncp4jt1\/2025\/11\/talking-bot-125x125.png\",\"contentUrl\":\"https:\/\/portaltela.pt\/s.01k8rhncp4jt1\/2025\/11\/talking-bot-125x125.png\",\"caption\":\"Telinha\"},\"sameAs\":[\"https:\/\/portaltela.pt\/\"],\"url\":\"https:\/\/portaltela.pt\/por\/367410592786\/\"}]}<\/script>\n<!-- \/ Yoast SEO plugin. -->","yoast_head_json":{"title":"Akturkoglu garante vit\u00f3ria do Fenerbah\u00e7e aos 90+11 - Portal Tela Portugal","robots":{"index":"index","follow":"follow","max-snippet":"max-snippet:-1","max-image-preview":"max-image-preview:large","max-video-preview":"max-video-preview:-1"},"og_locale":"pt_PT","og_type":"article","og_title":"Akturkoglu garante vit\u00f3ria do Fenerbah\u00e7e aos 90+11 - Portal Tela Portugal","og_description":"O Fenerbah\u00e7e venceu o Besiktas por 1-0 na 28.\u00aa ronda da liga turca, com Akturkoglu a marcar de pen\u00e1lti aos 90\u2019+11. Akturkoglu (ex-Benfica) foi decisivo no duelo frente ao rival, convertendo a grande penalidade. Nelson Semedo integrou o onze inicial do Fenerbah\u00e7e. O Fenerbah\u00e7e ocupa o 2.\u00ba lugar, a 1 ponto do l\u00edder Galatasaray, que tem um jogo a menos. No outro jogo, o Karag\u00fcmr\u00fck venceu o Rizespor por 2-1, com Ricardo Esgaio no onze inicial.","og_url":"https:\/\/portaltela.pt\/noticias\/2026\/04\/05\/akturkoglu-garante-vitoria-do-fenerbahce-aos-90-11\/","og_site_name":"Portal Tela Portugal","article_published_time":"2026-04-05T20:47:01+00:00","author":"Telinha","twitter_card":"summary_large_image","twitter_misc":{"Escrito por":"Telinha","Tempo estimado de leitura":"1 minuto"},"schema":{"@context":"https:\/\/schema.org","@graph":[{"@type":"Article","@id":"https:\/\/portaltela.pt\/noticias\/2026\/04\/05\/akturkoglu-garante-vitoria-do-fenerbahce-aos-90-11\/#article","isPartOf":{"@id":"https:\/\/portaltela.pt\/noticias\/2026\/04\/05\/akturkoglu-garante-vitoria-do-fenerbahce-aos-90-11\/"},"author":{"name":"Telinha","@id":"https:\/\/portaltela.pt\/#\/schema\/person\/c4278d4a6028830caff9ee44b42d32ed"},"headline":"Akturkoglu garante vit\u00f3ria do Fenerbah\u00e7e aos 90+11","datePublished":"2026-04-05T20:47:01+00:00","mainEntityOfPage":{"@id":"https:\/\/portaltela.pt\/noticias\/2026\/04\/05\/akturkoglu-garante-vitoria-do-fenerbahce-aos-90-11\/"},"wordCount":151,"image":{"@id":"https:\/\/portaltela.pt\/noticias\/2026\/04\/05\/akturkoglu-garante-vitoria-do-fenerbahce-aos-90-11\/#primaryimage"},"thumbnailUrl":"https:\/\/portaltela.pt\/s.01k8rhncp4jt1\/2026\/04\/img_920x518uu2025-10-08-14-50-19-2394837.jpg","keywords":["desporto internacional","futebol","futebol internacional","Galatasaray","Liga"],"articleSection":["Desporto","Futebol"],"inLanguage":"pt-PT"},{"@type":"WebPage","@id":"https:\/\/portaltela.pt\/noticias\/2026\/04\/05\/akturkoglu-garante-vitoria-do-fenerbahce-aos-90-11\/","url":"https:\/\/portaltela.pt\/noticias\/2026\/04\/05\/akturkoglu-garante-vitoria-do-fenerbahce-aos-90-11\/","name":"Akturkoglu garante vit\u00f3ria do Fenerbah\u00e7e aos 90+11 - Portal Tela Portugal","isPartOf":{"@id":"https:\/\/portaltela.pt\/#website"},"primaryImageOfPage":{"@id":"https:\/\/portaltela.pt\/noticias\/2026\/04\/05\/akturkoglu-garante-vitoria-do-fenerbahce-aos-90-11\/#primaryimage"},"image":{"@id":"https:\/\/portaltela.pt\/noticias\/2026\/04\/05\/akturkoglu-garante-vitoria-do-fenerbahce-aos-90-11\/#primaryimage"},"thumbnailUrl":"https:\/\/portaltela.pt\/s.01k8rhncp4jt1\/2026\/04\/img_920x518uu2025-10-08-14-50-19-2394837.jpg","datePublished":"2026-04-05T20:47:01+00:00","author":{"@id":"https:\/\/portaltela.pt\/#\/schema\/person\/c4278d4a6028830caff9ee44b42d32ed"},"breadcrumb":{"@id":"https:\/\/portaltela.pt\/noticias\/2026\/04\/05\/akturkoglu-garante-vitoria-do-fenerbahce-aos-90-11\/#breadcrumb"},"inLanguage":"pt-PT","potentialAction":[{"@type":"ReadAction","target":["https:\/\/portaltela.pt\/noticias\/2026\/04\/05\/akturkoglu-garante-vitoria-do-fenerbahce-aos-90-11\/"]}]},{"@type":"ImageObject","inLanguage":"pt-PT","@id":"https:\/\/portaltela.pt\/noticias\/2026\/04\/05\/akturkoglu-garante-vitoria-do-fenerbahce-aos-90-11\/#primaryimage","url":"https:\/\/portaltela.pt\/s.01k8rhncp4jt1\/2026\/04\/img_920x518uu2025-10-08-14-50-19-2394837.jpg","contentUrl":"https:\/\/portaltela.pt\/s.01k8rhncp4jt1\/2026\/04\/img_920x518uu2025-10-08-14-50-19-2394837.jpg","width":796,"height":448,"caption":"Akt\u00fcrkoglu foi decisivo frente ao Besiktas"},{"@type":"BreadcrumbList","@id":"https:\/\/portaltela.pt\/noticias\/2026\/04\/05\/akturkoglu-garante-vitoria-do-fenerbahce-aos-90-11\/#breadcrumb","itemListElement":[{"@type":"ListItem","position":1,"name":"In\u00edcio","item":"https:\/\/portaltela.pt\/"},{"@type":"ListItem","position":2,"name":"Akturkoglu garante vit\u00f3ria do Fenerbah\u00e7e aos 90+11"}]},{"@type":"WebSite","@id":"https:\/\/portaltela.pt\/#website","url":"https:\/\/portaltela.pt\/","name":"Portal Tela Portugal","description":"","potentialAction":[{"@type":"SearchAction","target":{"@type":"EntryPoint","urlTemplate":"https:\/\/portaltela.pt\/?s={search_term_string}"},"query-input":{"@type":"PropertyValueSpecification","valueRequired":true,"valueName":"search_term_string"}}],"inLanguage":"pt-PT"},{"@type":"Person","@id":"https:\/\/portaltela.pt\/#\/schema\/person\/c4278d4a6028830caff9ee44b42d32ed","name":"Telinha","image":{"@type":"ImageObject","inLanguage":"pt-PT","@id":"https:\/\/portaltela.pt\/s.01k8rhncp4jt1\/2025\/11\/talking-bot-125x125.png","url":"https:\/\/portaltela.pt\/s.01k8rhncp4jt1\/2025\/11\/talking-bot-125x125.png","contentUrl":"https:\/\/portaltela.pt\/s.01k8rhncp4jt1\/2025\/11\/talking-bot-125x125.png","caption":"Telinha"},"sameAs":["https:\/\/portaltela.pt\/"],"url":"https:\/\/portaltela.pt\/por\/367410592786\/"}]}},"_links":{"self":[{"href":"https:\/\/portaltela.pt\/api\/wp\/v2\/posts\/433542","targetHints":{"allow":["GET"]}}],"collection":[{"href":"https:\/\/portaltela.pt\/api\/wp\/v2\/posts"}],"about":[{"href":"https:\/\/portaltela.pt\/api\/wp\/v2\/types\/post"}],"author":[{"embeddable":true,"href":"https:\/\/portaltela.pt\/api\/wp\/v2\/users\/2"}],"replies":[{"embeddable":true,"href":"https:\/\/portaltela.pt\/api\/wp\/v2\/comments?post=433542"}],"version-history":[{"count":0,"href":"https:\/\/portaltela.pt\/api\/wp\/v2\/posts\/433542\/revisions"}],"wp:featuredmedia":[{"embeddable":true,"href":"https:\/\/portaltela.pt\/api\/wp\/v2\/media\/433547"}],"wp:attachment":[{"href":"https:\/\/portaltela.pt\/api\/wp\/v2\/media?parent=433542"}],"wp:term":[{"taxonomy":"category","embeddable":true,"href":"https:\/\/portaltela.pt\/api\/wp\/v2\/categories?post=433542"},{"taxonomy":"post_tag","embeddable":true,"href":"https:\/\/portaltela.pt\/api\/wp\/v2\/tags?post=433542"}],"curies":[{"name":"wp","href":"https:\/\/api.w.org\/{rel}","templated":true}]}}