{"id":433516,"date":"2026-04-05T14:05:00","date_gmt":"2026-04-05T17:05:00","guid":{"rendered":"https:\/\/portaltela.pt\/noticias\/2026\/04\/05\/pogacar-e-o-segundo-com-mais-monumentos-apos-triunfo-na-volta-a-flandres\/"},"modified":"2026-04-05T14:05:00","modified_gmt":"2026-04-05T17:05:00","slug":"pogacar-e-o-segundo-com-mais-monumentos-apos-triunfo-na-volta-a-flandres","status":"publish","type":"post","link":"https:\/\/portaltela.pt\/desporto\/futebol\/2026\/04\/05\/pogacar-e-o-segundo-com-mais-monumentos-apos-triunfo-na-volta-a-flandres\/","title":{"rendered":"Pogacar \u00e9 o segundo com mais Monumentos ap\u00f3s triunfo na Volta \u00e0 Flandres"},"content":{"rendered":"<p>Tadej Pogacar atingiu um marco relevante no ciclismo, tornando-se o segundo atleta da modalidade com mais Monumentos ap\u00f3s vencer a Volta \u00e0 Flandres. A conquista ocorreu na prova disputada na regi\u00e3o da Flandres, na B\u00e9lgica, e ele assume a posi\u00e7\u00e3o de destaque na contagem hist\u00f3rica dos cl\u00e1ssicos \u201cMonumentos\u201d.<\/p>\n<p>A participa\u00e7\u00e3o envolveu o rider da UAE Team Emirates, que consolidou a relev\u00e2ncia da sua \u00faltima vit\u00f3ria ao somar mais uma presen\u00e7a na elite das cl\u00e1ssicas de One Day, superando rivais de renome. O feito refor\u00e7a o papel de Pogacar no pelot\u00e3o internacional e a consist\u00eancia que tem demonstrado ao longo da \u00e9poca.<\/p>\n<p>Notas da edi\u00e7\u00e3o indicam que o conte\u00fado completo do artigo est\u00e1 dispon\u00edvel apenas para subscritores. A cobertura mant\u00e9m o foco em dados de classifica\u00e7\u00e3o, desempenho e contexto hist\u00f3rico, sem incluir informa\u00e7\u00f5es adicionais sem confirma\u00e7\u00e3o.<\/p>\n","protected":false},"excerpt":{"rendered":"<ul>\n<li>Pogacar tornou-se o segundo ciclista com mais Monumentos ap\u00f3s vencer o tri na Volta \u00e0 Flandres.<\/li>\n<li>O feito coloca-o pr\u00f3ximo dos recordistas nas corridas cl\u00e1ssicas de grande relevo.<\/li>\n<li>O conte\u00fado completo est\u00e1 dispon\u00edvel apenas para subscritores.<\/li>\n<li>A Volta \u00e0 Flandres \u00e9 uma das corridas consideradas Monumentos do ciclismo.<\/li>\n<li>N\u00e3o foram apresentados outros detalhes no conte\u00fado dispon\u00edvel.<\/li>\n<\/ul>\n","protected":false},"author":2,"featured_media":433517,"comment_status":"closed","ping_status":"closed","sticky":false,"template":"","format":"standard","meta":{"footnotes":""},"categories":[21,24],"tags":[1599,923,152,81],"class_list":["post-433516","post","type-post","status-publish","format-standard","has-post-thumbnail","hentry","category-desporto","category-futebol","tag-belgica","tag-ciclismo","tag-desporto","tag-internacionais"],"yoast_head":"<!-- This site is optimized with the Yoast SEO plugin v27.2 - https:\/\/yoast.com\/product\/yoast-seo-wordpress\/ -->\n<title>Pogacar \u00e9 o segundo com mais Monumentos ap\u00f3s triunfo na Volta \u00e0 Flandres - Portal Tela Portugal<\/title>\n<meta name=\"robots\" content=\"index, follow, max-snippet:-1, max-image-preview:large, max-video-preview:-1\" \/>\n<meta property=\"og:locale\" content=\"pt_PT\" \/>\n<meta property=\"og:type\" content=\"article\" \/>\n<meta property=\"og:title\" content=\"Pogacar \u00e9 o segundo com mais Monumentos ap\u00f3s triunfo na Volta \u00e0 Flandres - Portal Tela Portugal\" \/>\n<meta property=\"og:description\" content=\"Pogacar tornou-se o segundo ciclista com mais Monumentos ap\u00f3s vencer o tri na Volta \u00e0 Flandres. O feito coloca-o pr\u00f3ximo dos recordistas nas corridas cl\u00e1ssicas de grande relevo. O conte\u00fado completo est\u00e1 dispon\u00edvel apenas para subscritores. A Volta \u00e0 Flandres \u00e9 uma das corridas consideradas Monumentos do ciclismo. N\u00e3o foram apresentados outros detalhes no conte\u00fado dispon\u00edvel.\" \/>\n<meta property=\"og:url\" content=\"https:\/\/portaltela.pt\/noticias\/2026\/04\/05\/pogacar-e-o-segundo-com-mais-monumentos-apos-triunfo-na-volta-a-flandres\/\" \/>\n<meta property=\"og:site_name\" content=\"Portal Tela Portugal\" \/>\n<meta property=\"article:published_time\" content=\"2026-04-05T17:05:00+00:00\" \/>\n<meta name=\"author\" content=\"Telinha\" \/>\n<meta name=\"twitter:card\" content=\"summary_large_image\" \/>\n<meta name=\"twitter:label1\" content=\"Escrito por\" \/>\n\t<meta name=\"twitter:data1\" content=\"Telinha\" \/>\n\t<meta name=\"twitter:label2\" content=\"Tempo estimado de leitura\" \/>\n\t<meta name=\"twitter:data2\" content=\"1 minuto\" \/>\n<script type=\"application\/ld+json\" class=\"yoast-schema-graph\">{\"@context\":\"https:\/\/schema.org\",\"@graph\":[{\"@type\":\"Article\",\"@id\":\"https:\/\/portaltela.pt\/noticias\/2026\/04\/05\/pogacar-e-o-segundo-com-mais-monumentos-apos-triunfo-na-volta-a-flandres\/#article\",\"isPartOf\":{\"@id\":\"https:\/\/portaltela.pt\/noticias\/2026\/04\/05\/pogacar-e-o-segundo-com-mais-monumentos-apos-triunfo-na-volta-a-flandres\/\"},\"author\":{\"name\":\"Telinha\",\"@id\":\"https:\/\/portaltela.pt\/#\/schema\/person\/c4278d4a6028830caff9ee44b42d32ed\"},\"headline\":\"Pogacar \u00e9 o segundo com mais Monumentos ap\u00f3s triunfo na Volta \u00e0 Flandres\",\"datePublished\":\"2026-04-05T17:05:00+00:00\",\"mainEntityOfPage\":{\"@id\":\"https:\/\/portaltela.pt\/noticias\/2026\/04\/05\/pogacar-e-o-segundo-com-mais-monumentos-apos-triunfo-na-volta-a-flandres\/\"},\"wordCount\":168,\"image\":{\"@id\":\"https:\/\/portaltela.pt\/noticias\/2026\/04\/05\/pogacar-e-o-segundo-com-mais-monumentos-apos-triunfo-na-volta-a-flandres\/#primaryimage\"},\"thumbnailUrl\":\"https:\/\/portaltela.pt\/s.01k8rhncp4jt1\/2026\/04\/CACHE_780X1200_ANALOG_WATERMARKED_46879663_380188825637077.jpg\",\"keywords\":[\"B\u00e9lgica\",\"ciclismo\",\"desporto\",\"internacionais\"],\"articleSection\":[\"Desporto\",\"Futebol\"],\"inLanguage\":\"pt-PT\"},{\"@type\":\"WebPage\",\"@id\":\"https:\/\/portaltela.pt\/noticias\/2026\/04\/05\/pogacar-e-o-segundo-com-mais-monumentos-apos-triunfo-na-volta-a-flandres\/\",\"url\":\"https:\/\/portaltela.pt\/noticias\/2026\/04\/05\/pogacar-e-o-segundo-com-mais-monumentos-apos-triunfo-na-volta-a-flandres\/\",\"name\":\"Pogacar \u00e9 o segundo com mais Monumentos ap\u00f3s triunfo na Volta \u00e0 Flandres - Portal Tela Portugal\",\"isPartOf\":{\"@id\":\"https:\/\/portaltela.pt\/#website\"},\"primaryImageOfPage\":{\"@id\":\"https:\/\/portaltela.pt\/noticias\/2026\/04\/05\/pogacar-e-o-segundo-com-mais-monumentos-apos-triunfo-na-volta-a-flandres\/#primaryimage\"},\"image\":{\"@id\":\"https:\/\/portaltela.pt\/noticias\/2026\/04\/05\/pogacar-e-o-segundo-com-mais-monumentos-apos-triunfo-na-volta-a-flandres\/#primaryimage\"},\"thumbnailUrl\":\"https:\/\/portaltela.pt\/s.01k8rhncp4jt1\/2026\/04\/CACHE_780X1200_ANALOG_WATERMARKED_46879663_380188825637077.jpg\",\"datePublished\":\"2026-04-05T17:05:00+00:00\",\"author\":{\"@id\":\"https:\/\/portaltela.pt\/#\/schema\/person\/c4278d4a6028830caff9ee44b42d32ed\"},\"breadcrumb\":{\"@id\":\"https:\/\/portaltela.pt\/noticias\/2026\/04\/05\/pogacar-e-o-segundo-com-mais-monumentos-apos-triunfo-na-volta-a-flandres\/#breadcrumb\"},\"inLanguage\":\"pt-PT\",\"potentialAction\":[{\"@type\":\"ReadAction\",\"target\":[\"https:\/\/portaltela.pt\/noticias\/2026\/04\/05\/pogacar-e-o-segundo-com-mais-monumentos-apos-triunfo-na-volta-a-flandres\/\"]}]},{\"@type\":\"ImageObject\",\"inLanguage\":\"pt-PT\",\"@id\":\"https:\/\/portaltela.pt\/noticias\/2026\/04\/05\/pogacar-e-o-segundo-com-mais-monumentos-apos-triunfo-na-volta-a-flandres\/#primaryimage\",\"url\":\"https:\/\/portaltela.pt\/s.01k8rhncp4jt1\/2026\/04\/CACHE_780X1200_ANALOG_WATERMARKED_46879663_380188825637077.jpg\",\"contentUrl\":\"https:\/\/portaltela.pt\/s.01k8rhncp4jt1\/2026\/04\/CACHE_780X1200_ANALOG_WATERMARKED_46879663_380188825637077.jpg\",\"width\":796,\"height\":448,\"caption\":\"Pogacar j\u00e1 \u00e9 o segundo ciclista com mais Monumentos ap\u00f3s tri na Volta \u00e0 Flandres\"},{\"@type\":\"BreadcrumbList\",\"@id\":\"https:\/\/portaltela.pt\/noticias\/2026\/04\/05\/pogacar-e-o-segundo-com-mais-monumentos-apos-triunfo-na-volta-a-flandres\/#breadcrumb\",\"itemListElement\":[{\"@type\":\"ListItem\",\"position\":1,\"name\":\"In\u00edcio\",\"item\":\"https:\/\/portaltela.pt\/\"},{\"@type\":\"ListItem\",\"position\":2,\"name\":\"Pogacar \u00e9 o segundo com mais Monumentos ap\u00f3s triunfo na Volta \u00e0 Flandres\"}]},{\"@type\":\"WebSite\",\"@id\":\"https:\/\/portaltela.pt\/#website\",\"url\":\"https:\/\/portaltela.pt\/\",\"name\":\"Portal Tela Portugal\",\"description\":\"\",\"potentialAction\":[{\"@type\":\"SearchAction\",\"target\":{\"@type\":\"EntryPoint\",\"urlTemplate\":\"https:\/\/portaltela.pt\/?s={search_term_string}\"},\"query-input\":{\"@type\":\"PropertyValueSpecification\",\"valueRequired\":true,\"valueName\":\"search_term_string\"}}],\"inLanguage\":\"pt-PT\"},{\"@type\":\"Person\",\"@id\":\"https:\/\/portaltela.pt\/#\/schema\/person\/c4278d4a6028830caff9ee44b42d32ed\",\"name\":\"Telinha\",\"image\":{\"@type\":\"ImageObject\",\"inLanguage\":\"pt-PT\",\"@id\":\"https:\/\/portaltela.pt\/s.01k8rhncp4jt1\/2025\/11\/talking-bot-125x125.png\",\"url\":\"https:\/\/portaltela.pt\/s.01k8rhncp4jt1\/2025\/11\/talking-bot-125x125.png\",\"contentUrl\":\"https:\/\/portaltela.pt\/s.01k8rhncp4jt1\/2025\/11\/talking-bot-125x125.png\",\"caption\":\"Telinha\"},\"sameAs\":[\"https:\/\/portaltela.pt\/\"],\"url\":\"https:\/\/portaltela.pt\/por\/367410592786\/\"}]}<\/script>\n<!-- \/ Yoast SEO plugin. -->","yoast_head_json":{"title":"Pogacar \u00e9 o segundo com mais Monumentos ap\u00f3s triunfo na Volta \u00e0 Flandres - Portal Tela Portugal","robots":{"index":"index","follow":"follow","max-snippet":"max-snippet:-1","max-image-preview":"max-image-preview:large","max-video-preview":"max-video-preview:-1"},"og_locale":"pt_PT","og_type":"article","og_title":"Pogacar \u00e9 o segundo com mais Monumentos ap\u00f3s triunfo na Volta \u00e0 Flandres - Portal Tela Portugal","og_description":"Pogacar tornou-se o segundo ciclista com mais Monumentos ap\u00f3s vencer o tri na Volta \u00e0 Flandres. O feito coloca-o pr\u00f3ximo dos recordistas nas corridas cl\u00e1ssicas de grande relevo. O conte\u00fado completo est\u00e1 dispon\u00edvel apenas para subscritores. A Volta \u00e0 Flandres \u00e9 uma das corridas consideradas Monumentos do ciclismo. N\u00e3o foram apresentados outros detalhes no conte\u00fado dispon\u00edvel.","og_url":"https:\/\/portaltela.pt\/noticias\/2026\/04\/05\/pogacar-e-o-segundo-com-mais-monumentos-apos-triunfo-na-volta-a-flandres\/","og_site_name":"Portal Tela Portugal","article_published_time":"2026-04-05T17:05:00+00:00","author":"Telinha","twitter_card":"summary_large_image","twitter_misc":{"Escrito por":"Telinha","Tempo estimado de leitura":"1 minuto"},"schema":{"@context":"https:\/\/schema.org","@graph":[{"@type":"Article","@id":"https:\/\/portaltela.pt\/noticias\/2026\/04\/05\/pogacar-e-o-segundo-com-mais-monumentos-apos-triunfo-na-volta-a-flandres\/#article","isPartOf":{"@id":"https:\/\/portaltela.pt\/noticias\/2026\/04\/05\/pogacar-e-o-segundo-com-mais-monumentos-apos-triunfo-na-volta-a-flandres\/"},"author":{"name":"Telinha","@id":"https:\/\/portaltela.pt\/#\/schema\/person\/c4278d4a6028830caff9ee44b42d32ed"},"headline":"Pogacar \u00e9 o segundo com mais Monumentos ap\u00f3s triunfo na Volta \u00e0 Flandres","datePublished":"2026-04-05T17:05:00+00:00","mainEntityOfPage":{"@id":"https:\/\/portaltela.pt\/noticias\/2026\/04\/05\/pogacar-e-o-segundo-com-mais-monumentos-apos-triunfo-na-volta-a-flandres\/"},"wordCount":168,"image":{"@id":"https:\/\/portaltela.pt\/noticias\/2026\/04\/05\/pogacar-e-o-segundo-com-mais-monumentos-apos-triunfo-na-volta-a-flandres\/#primaryimage"},"thumbnailUrl":"https:\/\/portaltela.pt\/s.01k8rhncp4jt1\/2026\/04\/CACHE_780X1200_ANALOG_WATERMARKED_46879663_380188825637077.jpg","keywords":["B\u00e9lgica","ciclismo","desporto","internacionais"],"articleSection":["Desporto","Futebol"],"inLanguage":"pt-PT"},{"@type":"WebPage","@id":"https:\/\/portaltela.pt\/noticias\/2026\/04\/05\/pogacar-e-o-segundo-com-mais-monumentos-apos-triunfo-na-volta-a-flandres\/","url":"https:\/\/portaltela.pt\/noticias\/2026\/04\/05\/pogacar-e-o-segundo-com-mais-monumentos-apos-triunfo-na-volta-a-flandres\/","name":"Pogacar \u00e9 o segundo com mais Monumentos ap\u00f3s triunfo na Volta \u00e0 Flandres - Portal Tela Portugal","isPartOf":{"@id":"https:\/\/portaltela.pt\/#website"},"primaryImageOfPage":{"@id":"https:\/\/portaltela.pt\/noticias\/2026\/04\/05\/pogacar-e-o-segundo-com-mais-monumentos-apos-triunfo-na-volta-a-flandres\/#primaryimage"},"image":{"@id":"https:\/\/portaltela.pt\/noticias\/2026\/04\/05\/pogacar-e-o-segundo-com-mais-monumentos-apos-triunfo-na-volta-a-flandres\/#primaryimage"},"thumbnailUrl":"https:\/\/portaltela.pt\/s.01k8rhncp4jt1\/2026\/04\/CACHE_780X1200_ANALOG_WATERMARKED_46879663_380188825637077.jpg","datePublished":"2026-04-05T17:05:00+00:00","author":{"@id":"https:\/\/portaltela.pt\/#\/schema\/person\/c4278d4a6028830caff9ee44b42d32ed"},"breadcrumb":{"@id":"https:\/\/portaltela.pt\/noticias\/2026\/04\/05\/pogacar-e-o-segundo-com-mais-monumentos-apos-triunfo-na-volta-a-flandres\/#breadcrumb"},"inLanguage":"pt-PT","potentialAction":[{"@type":"ReadAction","target":["https:\/\/portaltela.pt\/noticias\/2026\/04\/05\/pogacar-e-o-segundo-com-mais-monumentos-apos-triunfo-na-volta-a-flandres\/"]}]},{"@type":"ImageObject","inLanguage":"pt-PT","@id":"https:\/\/portaltela.pt\/noticias\/2026\/04\/05\/pogacar-e-o-segundo-com-mais-monumentos-apos-triunfo-na-volta-a-flandres\/#primaryimage","url":"https:\/\/portaltela.pt\/s.01k8rhncp4jt1\/2026\/04\/CACHE_780X1200_ANALOG_WATERMARKED_46879663_380188825637077.jpg","contentUrl":"https:\/\/portaltela.pt\/s.01k8rhncp4jt1\/2026\/04\/CACHE_780X1200_ANALOG_WATERMARKED_46879663_380188825637077.jpg","width":796,"height":448,"caption":"Pogacar j\u00e1 \u00e9 o segundo ciclista com mais Monumentos ap\u00f3s tri na Volta \u00e0 Flandres"},{"@type":"BreadcrumbList","@id":"https:\/\/portaltela.pt\/noticias\/2026\/04\/05\/pogacar-e-o-segundo-com-mais-monumentos-apos-triunfo-na-volta-a-flandres\/#breadcrumb","itemListElement":[{"@type":"ListItem","position":1,"name":"In\u00edcio","item":"https:\/\/portaltela.pt\/"},{"@type":"ListItem","position":2,"name":"Pogacar \u00e9 o segundo com mais Monumentos ap\u00f3s triunfo na Volta \u00e0 Flandres"}]},{"@type":"WebSite","@id":"https:\/\/portaltela.pt\/#website","url":"https:\/\/portaltela.pt\/","name":"Portal Tela Portugal","description":"","potentialAction":[{"@type":"SearchAction","target":{"@type":"EntryPoint","urlTemplate":"https:\/\/portaltela.pt\/?s={search_term_string}"},"query-input":{"@type":"PropertyValueSpecification","valueRequired":true,"valueName":"search_term_string"}}],"inLanguage":"pt-PT"},{"@type":"Person","@id":"https:\/\/portaltela.pt\/#\/schema\/person\/c4278d4a6028830caff9ee44b42d32ed","name":"Telinha","image":{"@type":"ImageObject","inLanguage":"pt-PT","@id":"https:\/\/portaltela.pt\/s.01k8rhncp4jt1\/2025\/11\/talking-bot-125x125.png","url":"https:\/\/portaltela.pt\/s.01k8rhncp4jt1\/2025\/11\/talking-bot-125x125.png","contentUrl":"https:\/\/portaltela.pt\/s.01k8rhncp4jt1\/2025\/11\/talking-bot-125x125.png","caption":"Telinha"},"sameAs":["https:\/\/portaltela.pt\/"],"url":"https:\/\/portaltela.pt\/por\/367410592786\/"}]}},"_links":{"self":[{"href":"https:\/\/portaltela.pt\/api\/wp\/v2\/posts\/433516","targetHints":{"allow":["GET"]}}],"collection":[{"href":"https:\/\/portaltela.pt\/api\/wp\/v2\/posts"}],"about":[{"href":"https:\/\/portaltela.pt\/api\/wp\/v2\/types\/post"}],"author":[{"embeddable":true,"href":"https:\/\/portaltela.pt\/api\/wp\/v2\/users\/2"}],"replies":[{"embeddable":true,"href":"https:\/\/portaltela.pt\/api\/wp\/v2\/comments?post=433516"}],"version-history":[{"count":0,"href":"https:\/\/portaltela.pt\/api\/wp\/v2\/posts\/433516\/revisions"}],"wp:featuredmedia":[{"embeddable":true,"href":"https:\/\/portaltela.pt\/api\/wp\/v2\/media\/433517"}],"wp:attachment":[{"href":"https:\/\/portaltela.pt\/api\/wp\/v2\/media?parent=433516"}],"wp:term":[{"taxonomy":"category","embeddable":true,"href":"https:\/\/portaltela.pt\/api\/wp\/v2\/categories?post=433516"},{"taxonomy":"post_tag","embeddable":true,"href":"https:\/\/portaltela.pt\/api\/wp\/v2\/tags?post=433516"}],"curies":[{"name":"wp","href":"https:\/\/api.w.org\/{rel}","templated":true}]}}