{"id":433508,"date":"2026-04-05T16:47:11","date_gmt":"2026-04-05T19:47:11","guid":{"rendered":"https:\/\/portaltela.pt\/noticias\/2026\/04\/05\/tempo-muda-chuva-queda-de-temperaturas-e-poeiras-apos-o-sol-da-pascoa\/"},"modified":"2026-04-05T16:47:11","modified_gmt":"2026-04-05T19:47:11","slug":"tempo-muda-chuva-queda-de-temperaturas-e-poeiras-apos-o-sol-da-pascoa","status":"publish","type":"post","link":"https:\/\/portaltela.pt\/tempo\/2026\/04\/05\/tempo-muda-chuva-queda-de-temperaturas-e-poeiras-apos-o-sol-da-pascoa\/","title":{"rendered":"Tempo muda: chuva, queda de temperaturas e poeiras ap\u00f3s o sol da P\u00e1scoa"},"content":{"rendered":"<p>O Instituto Portugu\u00eas do Mar e da Atmosfera (IPMA) prev\u00ea chuva, com trovoadas, e uma descida acentuada das temperaturas a partir de segunda-feira em Portugal continental. A mudan\u00e7a \u00e9 associada \u00e0 passagem de uma depress\u00e3o que ficar\u00e1 centrada a oeste do continente, deslocando-se para sul e permanecendo entre o arquip\u00e9lago da Madeira e o continente durante a semana.<\/p>\n<p>Ap\u00f3s dias de c\u00e9u pouco nublado e temperaturas acima do habitual para a \u00e9poca, o IPMA indica aumento da nebulosidade e precipita\u00e7\u00e3o que come\u00e7a no litoral sul e estende-se gradualmente a norte e ao interior. A previs\u00e3o aponta chuva mais intensa na ter\u00e7a-feira, com possibilidade de trovoadas.<\/p>\n<p>O vento dever\u00e1 predominar do quadrante sul, com rajadas at\u00e9 80 km\/h nas zonas do interior, especialmente nas terras altas. A temperatura m\u00e1xima dever\u00e1 sofrer descida acentuada, com alguns locais a descerem at\u00e9 10 \u00b0C; na maioria do territ\u00f3rio, os valores ficar\u00e3o abaixo dos 20 \u00b0C. A temperatura m\u00ednima deve oscilar entre 8 e 12 \u00b0C.<\/p>\n<h3>Poeiras em suspens\u00e3o e incerteza<\/h3>\n<p>Para segunda-feira \u00e9 ainda prevista a presen\u00e7a de poeiras no ar, com tend\u00eancia para deslocarem-se para leste a partir da tarde de ter\u00e7a-feira. A circula\u00e7\u00e3o da depress\u00e3o condicionar\u00e1 as previs\u00f5es dos pr\u00f3ximos dias, gerando alguma incerteza.<\/p>\n<p>Durante o per\u00edodo, o instituto informa que a ondula\u00e7\u00e3o na costa ocidental dever\u00e1 aumentar na quarta-feira, com ondas de noroeste entre quatro e cinco metros. Esse fen\u00f3meno poder\u00e1 impactar atividades costeiras e mar\u00edtimas.<\/p>\n<h3>Desdobramentos previstos<\/h3>\n<p>A chuva dever\u00e1 manter-se de forma generalizada pelo territ\u00f3rio continental ao longo da semana, com per\u00edodos de menor intensidade entre epis\u00f3dios. O IPMA recomenda cautela em \u00e1reas montanhosas e junto a cursos de \u00e1gua, dada a possibilidade de alagamentos pontuais.<\/p>\n","protected":false},"excerpt":{"rendered":"<ul>\n<li>O IPMA prev\u00ea chuva com trovoada a partir de segunda-feira, inicialmente no litoral sul e depois alargando-se ao norte e ao interior, acompanhada de queda de temperatura.<\/li>\n<li>A depress\u00e3o que se ir\u00e1 centrar a oeste do continente, deslocando-se para sul, dever\u00e1 condicionar as previs\u00f5es nos pr\u00f3ximos dias, entre o arquip\u00e9lago da Madeira e Portugal continental.<\/li>\n<li>O vento dever\u00e1 ser do quadrante sul, mais intenso nas terras altas, com rajadas at\u00e9 80 km\/h na ter\u00e7a-feira.<\/li>\n<li>A temperatura m\u00e1xima dever\u00e1 baixar significativamente, podendo chegar a 10 graus em alguns locais, com a maioria do territ\u00f3rio abaixo de 20 graus; a temperatura m\u00ednima ficar\u00e1 entre oito e 12 graus.<\/li>\n<li>Em segunda-feira tamb\u00e9m se prev\u00eaem poeiras, com tend\u00eancia a desloca\u00e7\u00e3o para leste a partir da tarde de ter\u00e7a-feira; na quarta-feira aumenta o ondulamento da costa ocidental, com ondas de noroeste entre quatro e cinco metros.<\/li>\n<\/ul>\n","protected":false},"author":2,"featured_media":433511,"comment_status":"closed","ping_status":"closed","sticky":false,"template":"","format":"standard","meta":{"footnotes":""},"categories":[7365],"tags":[3812,167,5329,5224,1014,4782],"class_list":["post-433508","post","type-post","status-publish","format-standard","has-post-thumbnail","hentry","category-tempo","tag-alagamentos","tag-ambiente","tag-chuva","tag-clima","tag-portugal","tag-vento"],"yoast_head":"<!-- This site is optimized with the Yoast SEO plugin v27.2 - https:\/\/yoast.com\/product\/yoast-seo-wordpress\/ -->\n<title>Tempo muda: chuva, queda de temperaturas e poeiras ap\u00f3s o sol da P\u00e1scoa - Portal Tela Portugal<\/title>\n<meta name=\"robots\" content=\"index, follow, max-snippet:-1, max-image-preview:large, max-video-preview:-1\" \/>\n<meta property=\"og:locale\" content=\"pt_PT\" \/>\n<meta property=\"og:type\" content=\"article\" \/>\n<meta property=\"og:title\" content=\"Tempo muda: chuva, queda de temperaturas e poeiras ap\u00f3s o sol da P\u00e1scoa - Portal Tela Portugal\" \/>\n<meta property=\"og:description\" content=\"O IPMA prev\u00ea chuva com trovoada a partir de segunda-feira, inicialmente no litoral sul e depois alargando-se ao norte e ao interior, acompanhada de queda de temperatura. A depress\u00e3o que se ir\u00e1 centrar a oeste do continente, deslocando-se para sul, dever\u00e1 condicionar as previs\u00f5es nos pr\u00f3ximos dias, entre o arquip\u00e9lago da Madeira e Portugal continental. O vento dever\u00e1 ser do quadrante sul, mais intenso nas terras altas, com rajadas at\u00e9 80 km\/h na ter\u00e7a-feira. A temperatura m\u00e1xima dever\u00e1 baixar significativamente, podendo chegar a 10 graus em alguns locais, com a maioria do territ\u00f3rio abaixo de 20 graus; a temperatura m\u00ednima ficar\u00e1 entre oito e 12 graus. Em segunda-feira tamb\u00e9m se prev\u00eaem poeiras, com tend\u00eancia a desloca\u00e7\u00e3o para leste a partir da tarde de ter\u00e7a-feira; na quarta-feira aumenta o ondulamento da costa ocidental, com ondas de noroeste entre quatro e cinco metros.\" \/>\n<meta property=\"og:url\" content=\"https:\/\/portaltela.pt\/noticias\/2026\/04\/05\/tempo-muda-chuva-queda-de-temperaturas-e-poeiras-apos-o-sol-da-pascoa\/\" \/>\n<meta property=\"og:site_name\" content=\"Portal Tela Portugal\" \/>\n<meta property=\"article:published_time\" content=\"2026-04-05T19:47:11+00:00\" \/>\n<meta name=\"author\" content=\"Telinha\" \/>\n<meta name=\"twitter:card\" content=\"summary_large_image\" \/>\n<meta name=\"twitter:label1\" content=\"Escrito por\" \/>\n\t<meta name=\"twitter:data1\" content=\"Telinha\" \/>\n\t<meta name=\"twitter:label2\" content=\"Tempo estimado de leitura\" \/>\n\t<meta name=\"twitter:data2\" content=\"1 minuto\" \/>\n<script type=\"application\/ld+json\" class=\"yoast-schema-graph\">{\"@context\":\"https:\/\/schema.org\",\"@graph\":[{\"@type\":\"Article\",\"@id\":\"https:\/\/portaltela.pt\/noticias\/2026\/04\/05\/tempo-muda-chuva-queda-de-temperaturas-e-poeiras-apos-o-sol-da-pascoa\/#article\",\"isPartOf\":{\"@id\":\"https:\/\/portaltela.pt\/noticias\/2026\/04\/05\/tempo-muda-chuva-queda-de-temperaturas-e-poeiras-apos-o-sol-da-pascoa\/\"},\"author\":{\"name\":\"Telinha\",\"@id\":\"https:\/\/portaltela.pt\/#\/schema\/person\/c4278d4a6028830caff9ee44b42d32ed\"},\"headline\":\"Tempo muda: chuva, queda de temperaturas e poeiras ap\u00f3s o sol da P\u00e1scoa\",\"datePublished\":\"2026-04-05T19:47:11+00:00\",\"mainEntityOfPage\":{\"@id\":\"https:\/\/portaltela.pt\/noticias\/2026\/04\/05\/tempo-muda-chuva-queda-de-temperaturas-e-poeiras-apos-o-sol-da-pascoa\/\"},\"wordCount\":314,\"image\":{\"@id\":\"https:\/\/portaltela.pt\/noticias\/2026\/04\/05\/tempo-muda-chuva-queda-de-temperaturas-e-poeiras-apos-o-sol-da-pascoa\/#primaryimage\"},\"thumbnailUrl\":\"https:\/\/portaltela.pt\/s.01k8rhncp4jt1\/2026\/04\/2079440.jpg\",\"keywords\":[\"alagamentos\",\"ambiente\",\"chuva\",\"clima\",\"Portugal\",\"vento\"],\"articleSection\":[\"Tempo\"],\"inLanguage\":\"pt-PT\"},{\"@type\":\"WebPage\",\"@id\":\"https:\/\/portaltela.pt\/noticias\/2026\/04\/05\/tempo-muda-chuva-queda-de-temperaturas-e-poeiras-apos-o-sol-da-pascoa\/\",\"url\":\"https:\/\/portaltela.pt\/noticias\/2026\/04\/05\/tempo-muda-chuva-queda-de-temperaturas-e-poeiras-apos-o-sol-da-pascoa\/\",\"name\":\"Tempo muda: chuva, queda de temperaturas e poeiras ap\u00f3s o sol da P\u00e1scoa - Portal Tela Portugal\",\"isPartOf\":{\"@id\":\"https:\/\/portaltela.pt\/#website\"},\"primaryImageOfPage\":{\"@id\":\"https:\/\/portaltela.pt\/noticias\/2026\/04\/05\/tempo-muda-chuva-queda-de-temperaturas-e-poeiras-apos-o-sol-da-pascoa\/#primaryimage\"},\"image\":{\"@id\":\"https:\/\/portaltela.pt\/noticias\/2026\/04\/05\/tempo-muda-chuva-queda-de-temperaturas-e-poeiras-apos-o-sol-da-pascoa\/#primaryimage\"},\"thumbnailUrl\":\"https:\/\/portaltela.pt\/s.01k8rhncp4jt1\/2026\/04\/2079440.jpg\",\"datePublished\":\"2026-04-05T19:47:11+00:00\",\"author\":{\"@id\":\"https:\/\/portaltela.pt\/#\/schema\/person\/c4278d4a6028830caff9ee44b42d32ed\"},\"breadcrumb\":{\"@id\":\"https:\/\/portaltela.pt\/noticias\/2026\/04\/05\/tempo-muda-chuva-queda-de-temperaturas-e-poeiras-apos-o-sol-da-pascoa\/#breadcrumb\"},\"inLanguage\":\"pt-PT\",\"potentialAction\":[{\"@type\":\"ReadAction\",\"target\":[\"https:\/\/portaltela.pt\/noticias\/2026\/04\/05\/tempo-muda-chuva-queda-de-temperaturas-e-poeiras-apos-o-sol-da-pascoa\/\"]}]},{\"@type\":\"ImageObject\",\"inLanguage\":\"pt-PT\",\"@id\":\"https:\/\/portaltela.pt\/noticias\/2026\/04\/05\/tempo-muda-chuva-queda-de-temperaturas-e-poeiras-apos-o-sol-da-pascoa\/#primaryimage\",\"url\":\"https:\/\/portaltela.pt\/s.01k8rhncp4jt1\/2026\/04\/2079440.jpg\",\"contentUrl\":\"https:\/\/portaltela.pt\/s.01k8rhncp4jt1\/2026\/04\/2079440.jpg\",\"width\":796,\"height\":448,\"caption\":\"A partir de segunda-feira, IPMA prev\u00ea chuva, com trovoada, descidas das temperaturas e poeiras\"},{\"@type\":\"BreadcrumbList\",\"@id\":\"https:\/\/portaltela.pt\/noticias\/2026\/04\/05\/tempo-muda-chuva-queda-de-temperaturas-e-poeiras-apos-o-sol-da-pascoa\/#breadcrumb\",\"itemListElement\":[{\"@type\":\"ListItem\",\"position\":1,\"name\":\"In\u00edcio\",\"item\":\"https:\/\/portaltela.pt\/\"},{\"@type\":\"ListItem\",\"position\":2,\"name\":\"Tempo muda: chuva, queda de temperaturas e poeiras ap\u00f3s o sol da P\u00e1scoa\"}]},{\"@type\":\"WebSite\",\"@id\":\"https:\/\/portaltela.pt\/#website\",\"url\":\"https:\/\/portaltela.pt\/\",\"name\":\"Portal Tela Portugal\",\"description\":\"\",\"potentialAction\":[{\"@type\":\"SearchAction\",\"target\":{\"@type\":\"EntryPoint\",\"urlTemplate\":\"https:\/\/portaltela.pt\/?s={search_term_string}\"},\"query-input\":{\"@type\":\"PropertyValueSpecification\",\"valueRequired\":true,\"valueName\":\"search_term_string\"}}],\"inLanguage\":\"pt-PT\"},{\"@type\":\"Person\",\"@id\":\"https:\/\/portaltela.pt\/#\/schema\/person\/c4278d4a6028830caff9ee44b42d32ed\",\"name\":\"Telinha\",\"image\":{\"@type\":\"ImageObject\",\"inLanguage\":\"pt-PT\",\"@id\":\"https:\/\/portaltela.pt\/s.01k8rhncp4jt1\/2025\/11\/talking-bot-125x125.png\",\"url\":\"https:\/\/portaltela.pt\/s.01k8rhncp4jt1\/2025\/11\/talking-bot-125x125.png\",\"contentUrl\":\"https:\/\/portaltela.pt\/s.01k8rhncp4jt1\/2025\/11\/talking-bot-125x125.png\",\"caption\":\"Telinha\"},\"sameAs\":[\"https:\/\/portaltela.pt\/\"],\"url\":\"https:\/\/portaltela.pt\/por\/367410592786\/\"}]}<\/script>\n<!-- \/ Yoast SEO plugin. -->","yoast_head_json":{"title":"Tempo muda: chuva, queda de temperaturas e poeiras ap\u00f3s o sol da P\u00e1scoa - Portal Tela Portugal","robots":{"index":"index","follow":"follow","max-snippet":"max-snippet:-1","max-image-preview":"max-image-preview:large","max-video-preview":"max-video-preview:-1"},"og_locale":"pt_PT","og_type":"article","og_title":"Tempo muda: chuva, queda de temperaturas e poeiras ap\u00f3s o sol da P\u00e1scoa - Portal Tela Portugal","og_description":"O IPMA prev\u00ea chuva com trovoada a partir de segunda-feira, inicialmente no litoral sul e depois alargando-se ao norte e ao interior, acompanhada de queda de temperatura. A depress\u00e3o que se ir\u00e1 centrar a oeste do continente, deslocando-se para sul, dever\u00e1 condicionar as previs\u00f5es nos pr\u00f3ximos dias, entre o arquip\u00e9lago da Madeira e Portugal continental. O vento dever\u00e1 ser do quadrante sul, mais intenso nas terras altas, com rajadas at\u00e9 80 km\/h na ter\u00e7a-feira. A temperatura m\u00e1xima dever\u00e1 baixar significativamente, podendo chegar a 10 graus em alguns locais, com a maioria do territ\u00f3rio abaixo de 20 graus; a temperatura m\u00ednima ficar\u00e1 entre oito e 12 graus. Em segunda-feira tamb\u00e9m se prev\u00eaem poeiras, com tend\u00eancia a desloca\u00e7\u00e3o para leste a partir da tarde de ter\u00e7a-feira; na quarta-feira aumenta o ondulamento da costa ocidental, com ondas de noroeste entre quatro e cinco metros.","og_url":"https:\/\/portaltela.pt\/noticias\/2026\/04\/05\/tempo-muda-chuva-queda-de-temperaturas-e-poeiras-apos-o-sol-da-pascoa\/","og_site_name":"Portal Tela Portugal","article_published_time":"2026-04-05T19:47:11+00:00","author":"Telinha","twitter_card":"summary_large_image","twitter_misc":{"Escrito por":"Telinha","Tempo estimado de leitura":"1 minuto"},"schema":{"@context":"https:\/\/schema.org","@graph":[{"@type":"Article","@id":"https:\/\/portaltela.pt\/noticias\/2026\/04\/05\/tempo-muda-chuva-queda-de-temperaturas-e-poeiras-apos-o-sol-da-pascoa\/#article","isPartOf":{"@id":"https:\/\/portaltela.pt\/noticias\/2026\/04\/05\/tempo-muda-chuva-queda-de-temperaturas-e-poeiras-apos-o-sol-da-pascoa\/"},"author":{"name":"Telinha","@id":"https:\/\/portaltela.pt\/#\/schema\/person\/c4278d4a6028830caff9ee44b42d32ed"},"headline":"Tempo muda: chuva, queda de temperaturas e poeiras ap\u00f3s o sol da P\u00e1scoa","datePublished":"2026-04-05T19:47:11+00:00","mainEntityOfPage":{"@id":"https:\/\/portaltela.pt\/noticias\/2026\/04\/05\/tempo-muda-chuva-queda-de-temperaturas-e-poeiras-apos-o-sol-da-pascoa\/"},"wordCount":314,"image":{"@id":"https:\/\/portaltela.pt\/noticias\/2026\/04\/05\/tempo-muda-chuva-queda-de-temperaturas-e-poeiras-apos-o-sol-da-pascoa\/#primaryimage"},"thumbnailUrl":"https:\/\/portaltela.pt\/s.01k8rhncp4jt1\/2026\/04\/2079440.jpg","keywords":["alagamentos","ambiente","chuva","clima","Portugal","vento"],"articleSection":["Tempo"],"inLanguage":"pt-PT"},{"@type":"WebPage","@id":"https:\/\/portaltela.pt\/noticias\/2026\/04\/05\/tempo-muda-chuva-queda-de-temperaturas-e-poeiras-apos-o-sol-da-pascoa\/","url":"https:\/\/portaltela.pt\/noticias\/2026\/04\/05\/tempo-muda-chuva-queda-de-temperaturas-e-poeiras-apos-o-sol-da-pascoa\/","name":"Tempo muda: chuva, queda de temperaturas e poeiras ap\u00f3s o sol da P\u00e1scoa - Portal Tela Portugal","isPartOf":{"@id":"https:\/\/portaltela.pt\/#website"},"primaryImageOfPage":{"@id":"https:\/\/portaltela.pt\/noticias\/2026\/04\/05\/tempo-muda-chuva-queda-de-temperaturas-e-poeiras-apos-o-sol-da-pascoa\/#primaryimage"},"image":{"@id":"https:\/\/portaltela.pt\/noticias\/2026\/04\/05\/tempo-muda-chuva-queda-de-temperaturas-e-poeiras-apos-o-sol-da-pascoa\/#primaryimage"},"thumbnailUrl":"https:\/\/portaltela.pt\/s.01k8rhncp4jt1\/2026\/04\/2079440.jpg","datePublished":"2026-04-05T19:47:11+00:00","author":{"@id":"https:\/\/portaltela.pt\/#\/schema\/person\/c4278d4a6028830caff9ee44b42d32ed"},"breadcrumb":{"@id":"https:\/\/portaltela.pt\/noticias\/2026\/04\/05\/tempo-muda-chuva-queda-de-temperaturas-e-poeiras-apos-o-sol-da-pascoa\/#breadcrumb"},"inLanguage":"pt-PT","potentialAction":[{"@type":"ReadAction","target":["https:\/\/portaltela.pt\/noticias\/2026\/04\/05\/tempo-muda-chuva-queda-de-temperaturas-e-poeiras-apos-o-sol-da-pascoa\/"]}]},{"@type":"ImageObject","inLanguage":"pt-PT","@id":"https:\/\/portaltela.pt\/noticias\/2026\/04\/05\/tempo-muda-chuva-queda-de-temperaturas-e-poeiras-apos-o-sol-da-pascoa\/#primaryimage","url":"https:\/\/portaltela.pt\/s.01k8rhncp4jt1\/2026\/04\/2079440.jpg","contentUrl":"https:\/\/portaltela.pt\/s.01k8rhncp4jt1\/2026\/04\/2079440.jpg","width":796,"height":448,"caption":"A partir de segunda-feira, IPMA prev\u00ea chuva, com trovoada, descidas das temperaturas e poeiras"},{"@type":"BreadcrumbList","@id":"https:\/\/portaltela.pt\/noticias\/2026\/04\/05\/tempo-muda-chuva-queda-de-temperaturas-e-poeiras-apos-o-sol-da-pascoa\/#breadcrumb","itemListElement":[{"@type":"ListItem","position":1,"name":"In\u00edcio","item":"https:\/\/portaltela.pt\/"},{"@type":"ListItem","position":2,"name":"Tempo muda: chuva, queda de temperaturas e poeiras ap\u00f3s o sol da P\u00e1scoa"}]},{"@type":"WebSite","@id":"https:\/\/portaltela.pt\/#website","url":"https:\/\/portaltela.pt\/","name":"Portal Tela Portugal","description":"","potentialAction":[{"@type":"SearchAction","target":{"@type":"EntryPoint","urlTemplate":"https:\/\/portaltela.pt\/?s={search_term_string}"},"query-input":{"@type":"PropertyValueSpecification","valueRequired":true,"valueName":"search_term_string"}}],"inLanguage":"pt-PT"},{"@type":"Person","@id":"https:\/\/portaltela.pt\/#\/schema\/person\/c4278d4a6028830caff9ee44b42d32ed","name":"Telinha","image":{"@type":"ImageObject","inLanguage":"pt-PT","@id":"https:\/\/portaltela.pt\/s.01k8rhncp4jt1\/2025\/11\/talking-bot-125x125.png","url":"https:\/\/portaltela.pt\/s.01k8rhncp4jt1\/2025\/11\/talking-bot-125x125.png","contentUrl":"https:\/\/portaltela.pt\/s.01k8rhncp4jt1\/2025\/11\/talking-bot-125x125.png","caption":"Telinha"},"sameAs":["https:\/\/portaltela.pt\/"],"url":"https:\/\/portaltela.pt\/por\/367410592786\/"}]}},"_links":{"self":[{"href":"https:\/\/portaltela.pt\/api\/wp\/v2\/posts\/433508","targetHints":{"allow":["GET"]}}],"collection":[{"href":"https:\/\/portaltela.pt\/api\/wp\/v2\/posts"}],"about":[{"href":"https:\/\/portaltela.pt\/api\/wp\/v2\/types\/post"}],"author":[{"embeddable":true,"href":"https:\/\/portaltela.pt\/api\/wp\/v2\/users\/2"}],"replies":[{"embeddable":true,"href":"https:\/\/portaltela.pt\/api\/wp\/v2\/comments?post=433508"}],"version-history":[{"count":0,"href":"https:\/\/portaltela.pt\/api\/wp\/v2\/posts\/433508\/revisions"}],"wp:featuredmedia":[{"embeddable":true,"href":"https:\/\/portaltela.pt\/api\/wp\/v2\/media\/433511"}],"wp:attachment":[{"href":"https:\/\/portaltela.pt\/api\/wp\/v2\/media?parent=433508"}],"wp:term":[{"taxonomy":"category","embeddable":true,"href":"https:\/\/portaltela.pt\/api\/wp\/v2\/categories?post=433508"},{"taxonomy":"post_tag","embeddable":true,"href":"https:\/\/portaltela.pt\/api\/wp\/v2\/tags?post=433508"}],"curies":[{"name":"wp","href":"https:\/\/api.w.org\/{rel}","templated":true}]}}