{"id":433506,"date":"2026-04-05T12:32:00","date_gmt":"2026-04-05T15:32:00","guid":{"rendered":"https:\/\/portaltela.pt\/noticias\/2026\/04\/05\/sismo-de-magnitude-27-no-faial-foi-sentido\/"},"modified":"2026-04-05T12:32:00","modified_gmt":"2026-04-05T15:32:00","slug":"sismo-de-magnitude-27-no-faial-foi-sentido","status":"publish","type":"post","link":"https:\/\/portaltela.pt\/tempo\/2026\/04\/05\/sismo-de-magnitude-27-no-faial-foi-sentido\/","title":{"rendered":"Sismo de magnitude 2,7 no Faial foi sentido"},"content":{"rendered":"<p>Um sismo de magnitude 2,7 na escala de Richter foi sentido na ilha do Faial, nos A\u00e7ores. O abalo foi registado por redes de vigil\u00e2ncia s\u00edsmica e foi percept\u00edvel por residentes locais. N\u00e3o foram relatados danos imediatos.<\/p>\n<p>As autoridades locais n\u00e3o reportaram feridos ou danos significativos at\u00e9 ao momento. Servi\u00e7os de prote\u00e7\u00e3o civil monitorizam a situa\u00e7\u00e3o e acompanham informa\u00e7\u00f5es oficiais \u00e0 medida que chegam.<\/p>\n<p>Ainda n\u00e3o h\u00e1 confirma\u00e7\u00e3o sobre a origem precisa do abalo, que \u00e9 comum na regi\u00e3o devido \u00e0 atividade s\u00edsmica regional. N\u00e3o houve, contudo, alerta de tsunami emitido pelas institui\u00e7\u00f5es competentes.<\/p>\n<p>As autoridades reiteram que a popula\u00e7\u00e3o deve manter a calma e seguir as instru\u00e7\u00f5es oficiais divulgadas pelos servi\u00e7os de prote\u00e7\u00e3o civil.<\/p>\n","protected":false},"excerpt":{"rendered":"<ul>\n<li>Sismo foi sentido na ilha do Faial com magnitude dois v\u00edrgula sete na escala de Richter.<\/li>\n<li>N\u00e3o foram fornecidos detalhes adicionais no conte\u00fado dispon\u00edvel.<\/li>\n<li>N\u00e3o h\u00e1 informa\u00e7\u00f5es sobre danos ou v\u00edtimas no texto enviado.<\/li>\n<li>O acesso ao conte\u00fado completo est\u00e1 reservado a subscritores.<\/li>\n<\/ul>\n","protected":false},"author":2,"featured_media":433509,"comment_status":"closed","ping_status":"closed","sticky":false,"template":"","format":"standard","meta":{"footnotes":""},"categories":[7365],"tags":[822,5215,1017,320,6385,7708],"class_list":["post-433506","post","type-post","status-publish","format-standard","has-post-thumbnail","hentry","category-tempo","tag-acores","tag-catastrofes-naturais","tag-faial","tag-protecao-civil","tag-sismos","tag-terremotos"],"yoast_head":"<!-- This site is optimized with the Yoast SEO plugin v27.2 - https:\/\/yoast.com\/product\/yoast-seo-wordpress\/ -->\n<title>Sismo de magnitude 2,7 no Faial foi sentido - Portal Tela Portugal<\/title>\n<meta name=\"robots\" content=\"index, follow, max-snippet:-1, max-image-preview:large, max-video-preview:-1\" \/>\n<meta property=\"og:locale\" content=\"pt_PT\" \/>\n<meta property=\"og:type\" content=\"article\" \/>\n<meta property=\"og:title\" content=\"Sismo de magnitude 2,7 no Faial foi sentido - Portal Tela Portugal\" \/>\n<meta property=\"og:description\" content=\"Sismo foi sentido na ilha do Faial com magnitude dois v\u00edrgula sete na escala de Richter. N\u00e3o foram fornecidos detalhes adicionais no conte\u00fado dispon\u00edvel. N\u00e3o h\u00e1 informa\u00e7\u00f5es sobre danos ou v\u00edtimas no texto enviado. O acesso ao conte\u00fado completo est\u00e1 reservado a subscritores.\" \/>\n<meta property=\"og:url\" content=\"https:\/\/portaltela.pt\/noticias\/2026\/04\/05\/sismo-de-magnitude-27-no-faial-foi-sentido\/\" \/>\n<meta property=\"og:site_name\" content=\"Portal Tela Portugal\" \/>\n<meta property=\"article:published_time\" content=\"2026-04-05T15:32:00+00:00\" \/>\n<meta name=\"author\" content=\"Telinha\" \/>\n<meta name=\"twitter:card\" content=\"summary_large_image\" \/>\n<meta name=\"twitter:label1\" content=\"Escrito por\" \/>\n\t<meta name=\"twitter:data1\" content=\"Telinha\" \/>\n\t<meta name=\"twitter:label2\" content=\"Tempo estimado de leitura\" \/>\n\t<meta name=\"twitter:data2\" content=\"1 minuto\" \/>\n<script type=\"application\/ld+json\" class=\"yoast-schema-graph\">{\"@context\":\"https:\/\/schema.org\",\"@graph\":[{\"@type\":\"Article\",\"@id\":\"https:\/\/portaltela.pt\/noticias\/2026\/04\/05\/sismo-de-magnitude-27-no-faial-foi-sentido\/#article\",\"isPartOf\":{\"@id\":\"https:\/\/portaltela.pt\/noticias\/2026\/04\/05\/sismo-de-magnitude-27-no-faial-foi-sentido\/\"},\"author\":{\"name\":\"Telinha\",\"@id\":\"https:\/\/portaltela.pt\/#\/schema\/person\/c4278d4a6028830caff9ee44b42d32ed\"},\"headline\":\"Sismo de magnitude 2,7 no Faial foi sentido\",\"datePublished\":\"2026-04-05T15:32:00+00:00\",\"mainEntityOfPage\":{\"@id\":\"https:\/\/portaltela.pt\/noticias\/2026\/04\/05\/sismo-de-magnitude-27-no-faial-foi-sentido\/\"},\"wordCount\":138,\"image\":{\"@id\":\"https:\/\/portaltela.pt\/noticias\/2026\/04\/05\/sismo-de-magnitude-27-no-faial-foi-sentido\/#primaryimage\"},\"thumbnailUrl\":\"https:\/\/portaltela.pt\/s.01k8rhncp4jt1\/2026\/04\/CACHE_780X1200_ANALOG_WATERMARKED_45574940_6414921_01092025113628.jpg\",\"keywords\":[\"A\u00e7ores\",\"cat\u00e1strofes naturais\",\"Faial\",\"prote\u00e7\u00e3o civil\",\"sismos\",\"terremotos\"],\"articleSection\":[\"Tempo\"],\"inLanguage\":\"pt-PT\"},{\"@type\":\"WebPage\",\"@id\":\"https:\/\/portaltela.pt\/noticias\/2026\/04\/05\/sismo-de-magnitude-27-no-faial-foi-sentido\/\",\"url\":\"https:\/\/portaltela.pt\/noticias\/2026\/04\/05\/sismo-de-magnitude-27-no-faial-foi-sentido\/\",\"name\":\"Sismo de magnitude 2,7 no Faial foi sentido - Portal Tela Portugal\",\"isPartOf\":{\"@id\":\"https:\/\/portaltela.pt\/#website\"},\"primaryImageOfPage\":{\"@id\":\"https:\/\/portaltela.pt\/noticias\/2026\/04\/05\/sismo-de-magnitude-27-no-faial-foi-sentido\/#primaryimage\"},\"image\":{\"@id\":\"https:\/\/portaltela.pt\/noticias\/2026\/04\/05\/sismo-de-magnitude-27-no-faial-foi-sentido\/#primaryimage\"},\"thumbnailUrl\":\"https:\/\/portaltela.pt\/s.01k8rhncp4jt1\/2026\/04\/CACHE_780X1200_ANALOG_WATERMARKED_45574940_6414921_01092025113628.jpg\",\"datePublished\":\"2026-04-05T15:32:00+00:00\",\"author\":{\"@id\":\"https:\/\/portaltela.pt\/#\/schema\/person\/c4278d4a6028830caff9ee44b42d32ed\"},\"breadcrumb\":{\"@id\":\"https:\/\/portaltela.pt\/noticias\/2026\/04\/05\/sismo-de-magnitude-27-no-faial-foi-sentido\/#breadcrumb\"},\"inLanguage\":\"pt-PT\",\"potentialAction\":[{\"@type\":\"ReadAction\",\"target\":[\"https:\/\/portaltela.pt\/noticias\/2026\/04\/05\/sismo-de-magnitude-27-no-faial-foi-sentido\/\"]}]},{\"@type\":\"ImageObject\",\"inLanguage\":\"pt-PT\",\"@id\":\"https:\/\/portaltela.pt\/noticias\/2026\/04\/05\/sismo-de-magnitude-27-no-faial-foi-sentido\/#primaryimage\",\"url\":\"https:\/\/portaltela.pt\/s.01k8rhncp4jt1\/2026\/04\/CACHE_780X1200_ANALOG_WATERMARKED_45574940_6414921_01092025113628.jpg\",\"contentUrl\":\"https:\/\/portaltela.pt\/s.01k8rhncp4jt1\/2026\/04\/CACHE_780X1200_ANALOG_WATERMARKED_45574940_6414921_01092025113628.jpg\",\"width\":796,\"height\":448,\"caption\":\"Sismo de magnitude 2,7 na escala de Richter sentido na ilha do Faial\"},{\"@type\":\"BreadcrumbList\",\"@id\":\"https:\/\/portaltela.pt\/noticias\/2026\/04\/05\/sismo-de-magnitude-27-no-faial-foi-sentido\/#breadcrumb\",\"itemListElement\":[{\"@type\":\"ListItem\",\"position\":1,\"name\":\"In\u00edcio\",\"item\":\"https:\/\/portaltela.pt\/\"},{\"@type\":\"ListItem\",\"position\":2,\"name\":\"Sismo de magnitude 2,7 no Faial foi sentido\"}]},{\"@type\":\"WebSite\",\"@id\":\"https:\/\/portaltela.pt\/#website\",\"url\":\"https:\/\/portaltela.pt\/\",\"name\":\"Portal Tela Portugal\",\"description\":\"\",\"potentialAction\":[{\"@type\":\"SearchAction\",\"target\":{\"@type\":\"EntryPoint\",\"urlTemplate\":\"https:\/\/portaltela.pt\/?s={search_term_string}\"},\"query-input\":{\"@type\":\"PropertyValueSpecification\",\"valueRequired\":true,\"valueName\":\"search_term_string\"}}],\"inLanguage\":\"pt-PT\"},{\"@type\":\"Person\",\"@id\":\"https:\/\/portaltela.pt\/#\/schema\/person\/c4278d4a6028830caff9ee44b42d32ed\",\"name\":\"Telinha\",\"image\":{\"@type\":\"ImageObject\",\"inLanguage\":\"pt-PT\",\"@id\":\"https:\/\/portaltela.pt\/s.01k8rhncp4jt1\/2025\/11\/talking-bot-125x125.png\",\"url\":\"https:\/\/portaltela.pt\/s.01k8rhncp4jt1\/2025\/11\/talking-bot-125x125.png\",\"contentUrl\":\"https:\/\/portaltela.pt\/s.01k8rhncp4jt1\/2025\/11\/talking-bot-125x125.png\",\"caption\":\"Telinha\"},\"sameAs\":[\"https:\/\/portaltela.pt\/\"],\"url\":\"https:\/\/portaltela.pt\/por\/367410592786\/\"}]}<\/script>\n<!-- \/ Yoast SEO plugin. -->","yoast_head_json":{"title":"Sismo de magnitude 2,7 no Faial foi sentido - Portal Tela Portugal","robots":{"index":"index","follow":"follow","max-snippet":"max-snippet:-1","max-image-preview":"max-image-preview:large","max-video-preview":"max-video-preview:-1"},"og_locale":"pt_PT","og_type":"article","og_title":"Sismo de magnitude 2,7 no Faial foi sentido - Portal Tela Portugal","og_description":"Sismo foi sentido na ilha do Faial com magnitude dois v\u00edrgula sete na escala de Richter. N\u00e3o foram fornecidos detalhes adicionais no conte\u00fado dispon\u00edvel. N\u00e3o h\u00e1 informa\u00e7\u00f5es sobre danos ou v\u00edtimas no texto enviado. O acesso ao conte\u00fado completo est\u00e1 reservado a subscritores.","og_url":"https:\/\/portaltela.pt\/noticias\/2026\/04\/05\/sismo-de-magnitude-27-no-faial-foi-sentido\/","og_site_name":"Portal Tela Portugal","article_published_time":"2026-04-05T15:32:00+00:00","author":"Telinha","twitter_card":"summary_large_image","twitter_misc":{"Escrito por":"Telinha","Tempo estimado de leitura":"1 minuto"},"schema":{"@context":"https:\/\/schema.org","@graph":[{"@type":"Article","@id":"https:\/\/portaltela.pt\/noticias\/2026\/04\/05\/sismo-de-magnitude-27-no-faial-foi-sentido\/#article","isPartOf":{"@id":"https:\/\/portaltela.pt\/noticias\/2026\/04\/05\/sismo-de-magnitude-27-no-faial-foi-sentido\/"},"author":{"name":"Telinha","@id":"https:\/\/portaltela.pt\/#\/schema\/person\/c4278d4a6028830caff9ee44b42d32ed"},"headline":"Sismo de magnitude 2,7 no Faial foi sentido","datePublished":"2026-04-05T15:32:00+00:00","mainEntityOfPage":{"@id":"https:\/\/portaltela.pt\/noticias\/2026\/04\/05\/sismo-de-magnitude-27-no-faial-foi-sentido\/"},"wordCount":138,"image":{"@id":"https:\/\/portaltela.pt\/noticias\/2026\/04\/05\/sismo-de-magnitude-27-no-faial-foi-sentido\/#primaryimage"},"thumbnailUrl":"https:\/\/portaltela.pt\/s.01k8rhncp4jt1\/2026\/04\/CACHE_780X1200_ANALOG_WATERMARKED_45574940_6414921_01092025113628.jpg","keywords":["A\u00e7ores","cat\u00e1strofes naturais","Faial","prote\u00e7\u00e3o civil","sismos","terremotos"],"articleSection":["Tempo"],"inLanguage":"pt-PT"},{"@type":"WebPage","@id":"https:\/\/portaltela.pt\/noticias\/2026\/04\/05\/sismo-de-magnitude-27-no-faial-foi-sentido\/","url":"https:\/\/portaltela.pt\/noticias\/2026\/04\/05\/sismo-de-magnitude-27-no-faial-foi-sentido\/","name":"Sismo de magnitude 2,7 no Faial foi sentido - Portal Tela Portugal","isPartOf":{"@id":"https:\/\/portaltela.pt\/#website"},"primaryImageOfPage":{"@id":"https:\/\/portaltela.pt\/noticias\/2026\/04\/05\/sismo-de-magnitude-27-no-faial-foi-sentido\/#primaryimage"},"image":{"@id":"https:\/\/portaltela.pt\/noticias\/2026\/04\/05\/sismo-de-magnitude-27-no-faial-foi-sentido\/#primaryimage"},"thumbnailUrl":"https:\/\/portaltela.pt\/s.01k8rhncp4jt1\/2026\/04\/CACHE_780X1200_ANALOG_WATERMARKED_45574940_6414921_01092025113628.jpg","datePublished":"2026-04-05T15:32:00+00:00","author":{"@id":"https:\/\/portaltela.pt\/#\/schema\/person\/c4278d4a6028830caff9ee44b42d32ed"},"breadcrumb":{"@id":"https:\/\/portaltela.pt\/noticias\/2026\/04\/05\/sismo-de-magnitude-27-no-faial-foi-sentido\/#breadcrumb"},"inLanguage":"pt-PT","potentialAction":[{"@type":"ReadAction","target":["https:\/\/portaltela.pt\/noticias\/2026\/04\/05\/sismo-de-magnitude-27-no-faial-foi-sentido\/"]}]},{"@type":"ImageObject","inLanguage":"pt-PT","@id":"https:\/\/portaltela.pt\/noticias\/2026\/04\/05\/sismo-de-magnitude-27-no-faial-foi-sentido\/#primaryimage","url":"https:\/\/portaltela.pt\/s.01k8rhncp4jt1\/2026\/04\/CACHE_780X1200_ANALOG_WATERMARKED_45574940_6414921_01092025113628.jpg","contentUrl":"https:\/\/portaltela.pt\/s.01k8rhncp4jt1\/2026\/04\/CACHE_780X1200_ANALOG_WATERMARKED_45574940_6414921_01092025113628.jpg","width":796,"height":448,"caption":"Sismo de magnitude 2,7 na escala de Richter sentido na ilha do Faial"},{"@type":"BreadcrumbList","@id":"https:\/\/portaltela.pt\/noticias\/2026\/04\/05\/sismo-de-magnitude-27-no-faial-foi-sentido\/#breadcrumb","itemListElement":[{"@type":"ListItem","position":1,"name":"In\u00edcio","item":"https:\/\/portaltela.pt\/"},{"@type":"ListItem","position":2,"name":"Sismo de magnitude 2,7 no Faial foi sentido"}]},{"@type":"WebSite","@id":"https:\/\/portaltela.pt\/#website","url":"https:\/\/portaltela.pt\/","name":"Portal Tela Portugal","description":"","potentialAction":[{"@type":"SearchAction","target":{"@type":"EntryPoint","urlTemplate":"https:\/\/portaltela.pt\/?s={search_term_string}"},"query-input":{"@type":"PropertyValueSpecification","valueRequired":true,"valueName":"search_term_string"}}],"inLanguage":"pt-PT"},{"@type":"Person","@id":"https:\/\/portaltela.pt\/#\/schema\/person\/c4278d4a6028830caff9ee44b42d32ed","name":"Telinha","image":{"@type":"ImageObject","inLanguage":"pt-PT","@id":"https:\/\/portaltela.pt\/s.01k8rhncp4jt1\/2025\/11\/talking-bot-125x125.png","url":"https:\/\/portaltela.pt\/s.01k8rhncp4jt1\/2025\/11\/talking-bot-125x125.png","contentUrl":"https:\/\/portaltela.pt\/s.01k8rhncp4jt1\/2025\/11\/talking-bot-125x125.png","caption":"Telinha"},"sameAs":["https:\/\/portaltela.pt\/"],"url":"https:\/\/portaltela.pt\/por\/367410592786\/"}]}},"_links":{"self":[{"href":"https:\/\/portaltela.pt\/api\/wp\/v2\/posts\/433506","targetHints":{"allow":["GET"]}}],"collection":[{"href":"https:\/\/portaltela.pt\/api\/wp\/v2\/posts"}],"about":[{"href":"https:\/\/portaltela.pt\/api\/wp\/v2\/types\/post"}],"author":[{"embeddable":true,"href":"https:\/\/portaltela.pt\/api\/wp\/v2\/users\/2"}],"replies":[{"embeddable":true,"href":"https:\/\/portaltela.pt\/api\/wp\/v2\/comments?post=433506"}],"version-history":[{"count":0,"href":"https:\/\/portaltela.pt\/api\/wp\/v2\/posts\/433506\/revisions"}],"wp:featuredmedia":[{"embeddable":true,"href":"https:\/\/portaltela.pt\/api\/wp\/v2\/media\/433509"}],"wp:attachment":[{"href":"https:\/\/portaltela.pt\/api\/wp\/v2\/media?parent=433506"}],"wp:term":[{"taxonomy":"category","embeddable":true,"href":"https:\/\/portaltela.pt\/api\/wp\/v2\/categories?post=433506"},{"taxonomy":"post_tag","embeddable":true,"href":"https:\/\/portaltela.pt\/api\/wp\/v2\/tags?post=433506"}],"curies":[{"name":"wp","href":"https:\/\/api.w.org\/{rel}","templated":true}]}}