{"id":433503,"date":"2026-04-05T16:32:23","date_gmt":"2026-04-05T19:32:23","guid":{"rendered":"https:\/\/portaltela.pt\/noticias\/2026\/04\/05\/ipma-antecipa-regresso-da-chuva-e-queda-de-temperatura\/"},"modified":"2026-04-05T16:32:23","modified_gmt":"2026-04-05T19:32:23","slug":"ipma-antecipa-regresso-da-chuva-e-queda-de-temperatura","status":"publish","type":"post","link":"https:\/\/portaltela.pt\/tempo\/2026\/04\/05\/ipma-antecipa-regresso-da-chuva-e-queda-de-temperatura\/","title":{"rendered":"IPMA antecipa regresso da chuva e queda de temperatura"},"content":{"rendered":"<p>O sol de pouca dura est\u00e1 de volta. O IPMA prev\u00ea regresso da chuva e descida da temperatura, devido a uma depress\u00e3o centrada a oeste do continente e em desloca\u00e7\u00e3o para sul, entre o arquip\u00e9lago da Madeira e Portugal continental, ao longo da semana.<\/p>\n<p>A partir de segunda-feira, aumenta a nebulosidade e come\u00e7a a chover no litoral da regi\u00e3o sul, expandindo-se gradualmente para norte e interior. A precipita\u00e7\u00e3o ser\u00e1 mais intensa na ter\u00e7a-feira, com poss\u00edvel trovoada.<\/p>\n<p>O vento dever\u00e1 ser de sul e mais intenso nas terras altas, com rajadas at\u00e9 80 km\/h na ter\u00e7a-feira. A temperatura m\u00e1xima desce acentuadamente, com valores inferiores a 20 graus na maioria do territ\u00f3rio e m\u00ednima entre oito e 12 graus.<\/p>\n<h3>Implica\u00e7\u00f5es e dados adicionais<\/h3>\n<p>Poeira pode acompanhar as condi\u00e7\u00f5es j\u00e1 a partir de segunda-feira, com desloca\u00e7\u00e3o para leste a partir da tarde de ter\u00e7a, condicionada pela depress\u00e3o. O IPMA aponta incerteza prolongada para os pr\u00f3ximos dias.<\/p>\n<p>Al\u00e9m disso, a ondula\u00e7\u00e3o na costa ocidental dever\u00e1 aumentar na quarta-feira, com ondas de noroeste entre quatro e cinco metros. Estas mudan\u00e7as est\u00e3o associadas ao avan\u00e7o da depress\u00e3o pelo Atl\u00e2ntico.<\/p>\n","protected":false},"excerpt":{"rendered":"<ul>\n<li>O IPMA alerta para o regresso da chuva e da descida da temperatura, associadas a uma depress\u00e3o centrada a oeste do continente.<\/li>\n<li>A chuva inicia-se na segunda-feira no litoral da regi\u00e3o sul e espalha-se, gradualmente, para norte e interior, com maior intensidade na ter\u00e7a-feira e poss\u00edvel trovoada.<\/li>\n<li>O vento predomina do quadrante sul, com rajadas at\u00e9 80 km\/h nas zonas de terra alta na ter\u00e7a-feira.<\/li>\n<li>A temperatura vai descer acentuadamente, com m\u00e1ximas abaixo de 20 graus na maioria do territ\u00f3rio e quedas de at\u00e9 10 graus; a temperatura m\u00ednima fica entre oito e 12 graus.<\/li>\n<li>Haver\u00e1 poeiras na segunda-feira, deslocando-se para leste a partir da tarde de ter\u00e7a, e a ondula\u00e7\u00e3o na costa ocidental dever\u00e1 aumentar na quarta-feira, com ondas de noroeste entre quatro e cinco metros.<\/li>\n<\/ul>\n","protected":false},"author":2,"featured_media":433505,"comment_status":"closed","ping_status":"closed","sticky":false,"template":"","format":"standard","meta":{"footnotes":""},"categories":[7373,7365],"tags":[7767,5289,2665,167,5224,4364],"class_list":["post-433503","post","type-post","status-publish","format-standard","has-post-thumbnail","hentry","category-previsao","category-tempo","tag-_meio-ambiente","tag-alerta-amarelo","tag-alteracoes-climaticas","tag-ambiente","tag-clima","tag-meteorologia"],"yoast_head":"<!-- This site is optimized with the Yoast SEO plugin v27.2 - https:\/\/yoast.com\/product\/yoast-seo-wordpress\/ -->\n<title>IPMA antecipa regresso da chuva e queda de temperatura - Portal Tela Portugal<\/title>\n<meta name=\"robots\" content=\"index, follow, max-snippet:-1, max-image-preview:large, max-video-preview:-1\" \/>\n<meta property=\"og:locale\" content=\"pt_PT\" \/>\n<meta property=\"og:type\" content=\"article\" \/>\n<meta property=\"og:title\" content=\"IPMA antecipa regresso da chuva e queda de temperatura - Portal Tela Portugal\" \/>\n<meta property=\"og:description\" content=\"O IPMA alerta para o regresso da chuva e da descida da temperatura, associadas a uma depress\u00e3o centrada a oeste do continente. A chuva inicia-se na segunda-feira no litoral da regi\u00e3o sul e espalha-se, gradualmente, para norte e interior, com maior intensidade na ter\u00e7a-feira e poss\u00edvel trovoada. O vento predomina do quadrante sul, com rajadas at\u00e9 80 km\/h nas zonas de terra alta na ter\u00e7a-feira. A temperatura vai descer acentuadamente, com m\u00e1ximas abaixo de 20 graus na maioria do territ\u00f3rio e quedas de at\u00e9 10 graus; a temperatura m\u00ednima fica entre oito e 12 graus. Haver\u00e1 poeiras na segunda-feira, deslocando-se para leste a partir da tarde de ter\u00e7a, e a ondula\u00e7\u00e3o na costa ocidental dever\u00e1 aumentar na quarta-feira, com ondas de noroeste entre quatro e cinco metros.\" \/>\n<meta property=\"og:url\" content=\"https:\/\/portaltela.pt\/noticias\/2026\/04\/05\/ipma-antecipa-regresso-da-chuva-e-queda-de-temperatura\/\" \/>\n<meta property=\"og:site_name\" content=\"Portal Tela Portugal\" \/>\n<meta property=\"article:published_time\" content=\"2026-04-05T19:32:23+00:00\" \/>\n<meta name=\"author\" content=\"Telinha\" \/>\n<meta name=\"twitter:card\" content=\"summary_large_image\" \/>\n<meta name=\"twitter:label1\" content=\"Escrito por\" \/>\n\t<meta name=\"twitter:data1\" content=\"Telinha\" \/>\n\t<meta name=\"twitter:label2\" content=\"Tempo estimado de leitura\" \/>\n\t<meta name=\"twitter:data2\" content=\"1 minuto\" \/>\n<script type=\"application\/ld+json\" class=\"yoast-schema-graph\">{\"@context\":\"https:\/\/schema.org\",\"@graph\":[{\"@type\":\"Article\",\"@id\":\"https:\/\/portaltela.pt\/noticias\/2026\/04\/05\/ipma-antecipa-regresso-da-chuva-e-queda-de-temperatura\/#article\",\"isPartOf\":{\"@id\":\"https:\/\/portaltela.pt\/noticias\/2026\/04\/05\/ipma-antecipa-regresso-da-chuva-e-queda-de-temperatura\/\"},\"author\":{\"name\":\"Telinha\",\"@id\":\"https:\/\/portaltela.pt\/#\/schema\/person\/c4278d4a6028830caff9ee44b42d32ed\"},\"headline\":\"IPMA antecipa regresso da chuva e queda de temperatura\",\"datePublished\":\"2026-04-05T19:32:23+00:00\",\"mainEntityOfPage\":{\"@id\":\"https:\/\/portaltela.pt\/noticias\/2026\/04\/05\/ipma-antecipa-regresso-da-chuva-e-queda-de-temperatura\/\"},\"wordCount\":215,\"image\":{\"@id\":\"https:\/\/portaltela.pt\/noticias\/2026\/04\/05\/ipma-antecipa-regresso-da-chuva-e-queda-de-temperatura\/#primaryimage\"},\"thumbnailUrl\":\"https:\/\/portaltela.pt\/s.01k8rhncp4jt1\/2026\/04\/image-280.jpg\",\"keywords\":[\"_meio-ambiente\",\"alerta amarelo\",\"Altera\u00e7\u00f5es Clim\u00e1ticas\",\"ambiente\",\"clima\",\"meteorologia\"],\"articleSection\":[\"Previs\u00e3o\",\"Tempo\"],\"inLanguage\":\"pt-PT\"},{\"@type\":\"WebPage\",\"@id\":\"https:\/\/portaltela.pt\/noticias\/2026\/04\/05\/ipma-antecipa-regresso-da-chuva-e-queda-de-temperatura\/\",\"url\":\"https:\/\/portaltela.pt\/noticias\/2026\/04\/05\/ipma-antecipa-regresso-da-chuva-e-queda-de-temperatura\/\",\"name\":\"IPMA antecipa regresso da chuva e queda de temperatura - Portal Tela Portugal\",\"isPartOf\":{\"@id\":\"https:\/\/portaltela.pt\/#website\"},\"primaryImageOfPage\":{\"@id\":\"https:\/\/portaltela.pt\/noticias\/2026\/04\/05\/ipma-antecipa-regresso-da-chuva-e-queda-de-temperatura\/#primaryimage\"},\"image\":{\"@id\":\"https:\/\/portaltela.pt\/noticias\/2026\/04\/05\/ipma-antecipa-regresso-da-chuva-e-queda-de-temperatura\/#primaryimage\"},\"thumbnailUrl\":\"https:\/\/portaltela.pt\/s.01k8rhncp4jt1\/2026\/04\/image-280.jpg\",\"datePublished\":\"2026-04-05T19:32:23+00:00\",\"author\":{\"@id\":\"https:\/\/portaltela.pt\/#\/schema\/person\/c4278d4a6028830caff9ee44b42d32ed\"},\"breadcrumb\":{\"@id\":\"https:\/\/portaltela.pt\/noticias\/2026\/04\/05\/ipma-antecipa-regresso-da-chuva-e-queda-de-temperatura\/#breadcrumb\"},\"inLanguage\":\"pt-PT\",\"potentialAction\":[{\"@type\":\"ReadAction\",\"target\":[\"https:\/\/portaltela.pt\/noticias\/2026\/04\/05\/ipma-antecipa-regresso-da-chuva-e-queda-de-temperatura\/\"]}]},{\"@type\":\"ImageObject\",\"inLanguage\":\"pt-PT\",\"@id\":\"https:\/\/portaltela.pt\/noticias\/2026\/04\/05\/ipma-antecipa-regresso-da-chuva-e-queda-de-temperatura\/#primaryimage\",\"url\":\"https:\/\/portaltela.pt\/s.01k8rhncp4jt1\/2026\/04\/image-280.jpg\",\"contentUrl\":\"https:\/\/portaltela.pt\/s.01k8rhncp4jt1\/2026\/04\/image-280.jpg\",\"width\":796,\"height\":448,\"caption\":\"Foto: Paulo Novais\/Lusa\"},{\"@type\":\"BreadcrumbList\",\"@id\":\"https:\/\/portaltela.pt\/noticias\/2026\/04\/05\/ipma-antecipa-regresso-da-chuva-e-queda-de-temperatura\/#breadcrumb\",\"itemListElement\":[{\"@type\":\"ListItem\",\"position\":1,\"name\":\"In\u00edcio\",\"item\":\"https:\/\/portaltela.pt\/\"},{\"@type\":\"ListItem\",\"position\":2,\"name\":\"IPMA antecipa regresso da chuva e queda de temperatura\"}]},{\"@type\":\"WebSite\",\"@id\":\"https:\/\/portaltela.pt\/#website\",\"url\":\"https:\/\/portaltela.pt\/\",\"name\":\"Portal Tela Portugal\",\"description\":\"\",\"potentialAction\":[{\"@type\":\"SearchAction\",\"target\":{\"@type\":\"EntryPoint\",\"urlTemplate\":\"https:\/\/portaltela.pt\/?s={search_term_string}\"},\"query-input\":{\"@type\":\"PropertyValueSpecification\",\"valueRequired\":true,\"valueName\":\"search_term_string\"}}],\"inLanguage\":\"pt-PT\"},{\"@type\":\"Person\",\"@id\":\"https:\/\/portaltela.pt\/#\/schema\/person\/c4278d4a6028830caff9ee44b42d32ed\",\"name\":\"Telinha\",\"image\":{\"@type\":\"ImageObject\",\"inLanguage\":\"pt-PT\",\"@id\":\"https:\/\/portaltela.pt\/s.01k8rhncp4jt1\/2025\/11\/talking-bot-125x125.png\",\"url\":\"https:\/\/portaltela.pt\/s.01k8rhncp4jt1\/2025\/11\/talking-bot-125x125.png\",\"contentUrl\":\"https:\/\/portaltela.pt\/s.01k8rhncp4jt1\/2025\/11\/talking-bot-125x125.png\",\"caption\":\"Telinha\"},\"sameAs\":[\"https:\/\/portaltela.pt\/\"],\"url\":\"https:\/\/portaltela.pt\/por\/367410592786\/\"}]}<\/script>\n<!-- \/ Yoast SEO plugin. -->","yoast_head_json":{"title":"IPMA antecipa regresso da chuva e queda de temperatura - Portal Tela Portugal","robots":{"index":"index","follow":"follow","max-snippet":"max-snippet:-1","max-image-preview":"max-image-preview:large","max-video-preview":"max-video-preview:-1"},"og_locale":"pt_PT","og_type":"article","og_title":"IPMA antecipa regresso da chuva e queda de temperatura - Portal Tela Portugal","og_description":"O IPMA alerta para o regresso da chuva e da descida da temperatura, associadas a uma depress\u00e3o centrada a oeste do continente. A chuva inicia-se na segunda-feira no litoral da regi\u00e3o sul e espalha-se, gradualmente, para norte e interior, com maior intensidade na ter\u00e7a-feira e poss\u00edvel trovoada. O vento predomina do quadrante sul, com rajadas at\u00e9 80 km\/h nas zonas de terra alta na ter\u00e7a-feira. A temperatura vai descer acentuadamente, com m\u00e1ximas abaixo de 20 graus na maioria do territ\u00f3rio e quedas de at\u00e9 10 graus; a temperatura m\u00ednima fica entre oito e 12 graus. Haver\u00e1 poeiras na segunda-feira, deslocando-se para leste a partir da tarde de ter\u00e7a, e a ondula\u00e7\u00e3o na costa ocidental dever\u00e1 aumentar na quarta-feira, com ondas de noroeste entre quatro e cinco metros.","og_url":"https:\/\/portaltela.pt\/noticias\/2026\/04\/05\/ipma-antecipa-regresso-da-chuva-e-queda-de-temperatura\/","og_site_name":"Portal Tela Portugal","article_published_time":"2026-04-05T19:32:23+00:00","author":"Telinha","twitter_card":"summary_large_image","twitter_misc":{"Escrito por":"Telinha","Tempo estimado de leitura":"1 minuto"},"schema":{"@context":"https:\/\/schema.org","@graph":[{"@type":"Article","@id":"https:\/\/portaltela.pt\/noticias\/2026\/04\/05\/ipma-antecipa-regresso-da-chuva-e-queda-de-temperatura\/#article","isPartOf":{"@id":"https:\/\/portaltela.pt\/noticias\/2026\/04\/05\/ipma-antecipa-regresso-da-chuva-e-queda-de-temperatura\/"},"author":{"name":"Telinha","@id":"https:\/\/portaltela.pt\/#\/schema\/person\/c4278d4a6028830caff9ee44b42d32ed"},"headline":"IPMA antecipa regresso da chuva e queda de temperatura","datePublished":"2026-04-05T19:32:23+00:00","mainEntityOfPage":{"@id":"https:\/\/portaltela.pt\/noticias\/2026\/04\/05\/ipma-antecipa-regresso-da-chuva-e-queda-de-temperatura\/"},"wordCount":215,"image":{"@id":"https:\/\/portaltela.pt\/noticias\/2026\/04\/05\/ipma-antecipa-regresso-da-chuva-e-queda-de-temperatura\/#primaryimage"},"thumbnailUrl":"https:\/\/portaltela.pt\/s.01k8rhncp4jt1\/2026\/04\/image-280.jpg","keywords":["_meio-ambiente","alerta amarelo","Altera\u00e7\u00f5es Clim\u00e1ticas","ambiente","clima","meteorologia"],"articleSection":["Previs\u00e3o","Tempo"],"inLanguage":"pt-PT"},{"@type":"WebPage","@id":"https:\/\/portaltela.pt\/noticias\/2026\/04\/05\/ipma-antecipa-regresso-da-chuva-e-queda-de-temperatura\/","url":"https:\/\/portaltela.pt\/noticias\/2026\/04\/05\/ipma-antecipa-regresso-da-chuva-e-queda-de-temperatura\/","name":"IPMA antecipa regresso da chuva e queda de temperatura - Portal Tela Portugal","isPartOf":{"@id":"https:\/\/portaltela.pt\/#website"},"primaryImageOfPage":{"@id":"https:\/\/portaltela.pt\/noticias\/2026\/04\/05\/ipma-antecipa-regresso-da-chuva-e-queda-de-temperatura\/#primaryimage"},"image":{"@id":"https:\/\/portaltela.pt\/noticias\/2026\/04\/05\/ipma-antecipa-regresso-da-chuva-e-queda-de-temperatura\/#primaryimage"},"thumbnailUrl":"https:\/\/portaltela.pt\/s.01k8rhncp4jt1\/2026\/04\/image-280.jpg","datePublished":"2026-04-05T19:32:23+00:00","author":{"@id":"https:\/\/portaltela.pt\/#\/schema\/person\/c4278d4a6028830caff9ee44b42d32ed"},"breadcrumb":{"@id":"https:\/\/portaltela.pt\/noticias\/2026\/04\/05\/ipma-antecipa-regresso-da-chuva-e-queda-de-temperatura\/#breadcrumb"},"inLanguage":"pt-PT","potentialAction":[{"@type":"ReadAction","target":["https:\/\/portaltela.pt\/noticias\/2026\/04\/05\/ipma-antecipa-regresso-da-chuva-e-queda-de-temperatura\/"]}]},{"@type":"ImageObject","inLanguage":"pt-PT","@id":"https:\/\/portaltela.pt\/noticias\/2026\/04\/05\/ipma-antecipa-regresso-da-chuva-e-queda-de-temperatura\/#primaryimage","url":"https:\/\/portaltela.pt\/s.01k8rhncp4jt1\/2026\/04\/image-280.jpg","contentUrl":"https:\/\/portaltela.pt\/s.01k8rhncp4jt1\/2026\/04\/image-280.jpg","width":796,"height":448,"caption":"Foto: Paulo Novais\/Lusa"},{"@type":"BreadcrumbList","@id":"https:\/\/portaltela.pt\/noticias\/2026\/04\/05\/ipma-antecipa-regresso-da-chuva-e-queda-de-temperatura\/#breadcrumb","itemListElement":[{"@type":"ListItem","position":1,"name":"In\u00edcio","item":"https:\/\/portaltela.pt\/"},{"@type":"ListItem","position":2,"name":"IPMA antecipa regresso da chuva e queda de temperatura"}]},{"@type":"WebSite","@id":"https:\/\/portaltela.pt\/#website","url":"https:\/\/portaltela.pt\/","name":"Portal Tela Portugal","description":"","potentialAction":[{"@type":"SearchAction","target":{"@type":"EntryPoint","urlTemplate":"https:\/\/portaltela.pt\/?s={search_term_string}"},"query-input":{"@type":"PropertyValueSpecification","valueRequired":true,"valueName":"search_term_string"}}],"inLanguage":"pt-PT"},{"@type":"Person","@id":"https:\/\/portaltela.pt\/#\/schema\/person\/c4278d4a6028830caff9ee44b42d32ed","name":"Telinha","image":{"@type":"ImageObject","inLanguage":"pt-PT","@id":"https:\/\/portaltela.pt\/s.01k8rhncp4jt1\/2025\/11\/talking-bot-125x125.png","url":"https:\/\/portaltela.pt\/s.01k8rhncp4jt1\/2025\/11\/talking-bot-125x125.png","contentUrl":"https:\/\/portaltela.pt\/s.01k8rhncp4jt1\/2025\/11\/talking-bot-125x125.png","caption":"Telinha"},"sameAs":["https:\/\/portaltela.pt\/"],"url":"https:\/\/portaltela.pt\/por\/367410592786\/"}]}},"_links":{"self":[{"href":"https:\/\/portaltela.pt\/api\/wp\/v2\/posts\/433503","targetHints":{"allow":["GET"]}}],"collection":[{"href":"https:\/\/portaltela.pt\/api\/wp\/v2\/posts"}],"about":[{"href":"https:\/\/portaltela.pt\/api\/wp\/v2\/types\/post"}],"author":[{"embeddable":true,"href":"https:\/\/portaltela.pt\/api\/wp\/v2\/users\/2"}],"replies":[{"embeddable":true,"href":"https:\/\/portaltela.pt\/api\/wp\/v2\/comments?post=433503"}],"version-history":[{"count":0,"href":"https:\/\/portaltela.pt\/api\/wp\/v2\/posts\/433503\/revisions"}],"wp:featuredmedia":[{"embeddable":true,"href":"https:\/\/portaltela.pt\/api\/wp\/v2\/media\/433505"}],"wp:attachment":[{"href":"https:\/\/portaltela.pt\/api\/wp\/v2\/media?parent=433503"}],"wp:term":[{"taxonomy":"category","embeddable":true,"href":"https:\/\/portaltela.pt\/api\/wp\/v2\/categories?post=433503"},{"taxonomy":"post_tag","embeddable":true,"href":"https:\/\/portaltela.pt\/api\/wp\/v2\/tags?post=433503"}],"curies":[{"name":"wp","href":"https:\/\/api.w.org\/{rel}","templated":true}]}}