{"id":433500,"date":"2026-04-05T16:32:15","date_gmt":"2026-04-05T19:32:15","guid":{"rendered":"https:\/\/portaltela.pt\/noticias\/2026\/04\/05\/chuvas-torrenciais-deixam-pelo-menos-24-mortos-em-benguela-e-28-em-angola\/"},"modified":"2026-04-05T16:32:15","modified_gmt":"2026-04-05T19:32:15","slug":"chuvas-torrenciais-deixam-pelo-menos-24-mortos-em-benguela-e-28-em-angola","status":"publish","type":"post","link":"https:\/\/portaltela.pt\/tempo\/2026\/04\/05\/chuvas-torrenciais-deixam-pelo-menos-24-mortos-em-benguela-e-28-em-angola\/","title":{"rendered":"Chuvas torrenciais deixam pelo menos 24 mortos em Benguela e 28 em Angola"},"content":{"rendered":"<p>O governo provincial de Benguela confirmou que o n\u00famero de mortos provocados pelas chuvas intensas subiu para 24. O an\u00fancio surge com o alerta vigente, diante da previs\u00e3o de agravamento das condi\u00e7\u00f5es meteorol\u00f3gicas na regi\u00e3o.<\/p>\n<p>As informa\u00e7\u00f5es indicam que as v\u00edtimas decorreram dos efeitos das chuvas em Benguela, com autoridades locais a manter o acompanhamento das situa\u00e7\u00f5es de risco e de resgate.<\/p>\n<h3>Contexto meteorol\u00f3gico<\/h3>\n<p>Um balan\u00e7o adicional aponta que, a n\u00edvel nacional, o total de mortos em Angola pode chegar a 28, segundo fontes oficiais.<\/p>\n<p>A proje\u00e7\u00e3o aponta para possibilidade de novas ocorr\u00eancias ligadas \u00e0s precipita\u00e7\u00f5es, mantendo-se as medidas de prote\u00e7\u00e3o \u00e0 popula\u00e7\u00e3o e de mobiliza\u00e7\u00e3o de filtros de emerg\u00eancia.<\/p>\n","protected":false},"excerpt":{"rendered":"<ul>\n<li>O governo provincial de Benguela confirmou que j\u00e1 s\u00e3o 24 mortos devido \u00e0s chuvas torrenciais.<\/li>\n<li>O alerta mant\u00e9m-se ativo devido \u00e0 previs\u00e3o de agravamento das condi\u00e7\u00f5es meteorol\u00f3gicas.<\/li>\n<li>O texto dispon\u00edvel n\u00e3o detalha o total de v\u00edtimas em Angola al\u00e9m do confirmado em Benguela.<\/li>\n<li>O conte\u00fado completo est\u00e1 acess\u00edvel apenas para subscritores (conte\u00fado bloqueado).<\/li>\n<\/ul>\n","protected":false},"author":2,"featured_media":433501,"comment_status":"closed","ping_status":"closed","sticky":false,"template":"","format":"standard","meta":{"footnotes":""},"categories":[7365],"tags":[5289,4837,5215,5329,5928,320],"class_list":["post-433500","post","type-post","status-publish","format-standard","has-post-thumbnail","hentry","category-tempo","tag-alerta-amarelo","tag-angola","tag-catastrofes-naturais","tag-chuva","tag-emergencia","tag-protecao-civil"],"yoast_head":"<!-- This site is optimized with the Yoast SEO plugin v27.2 - https:\/\/yoast.com\/product\/yoast-seo-wordpress\/ -->\n<title>Chuvas torrenciais deixam pelo menos 24 mortos em Benguela e 28 em Angola - Portal Tela Portugal<\/title>\n<meta name=\"robots\" content=\"index, follow, max-snippet:-1, max-image-preview:large, max-video-preview:-1\" \/>\n<meta property=\"og:locale\" content=\"pt_PT\" \/>\n<meta property=\"og:type\" content=\"article\" \/>\n<meta property=\"og:title\" content=\"Chuvas torrenciais deixam pelo menos 24 mortos em Benguela e 28 em Angola - Portal Tela Portugal\" \/>\n<meta property=\"og:description\" content=\"O governo provincial de Benguela confirmou que j\u00e1 s\u00e3o 24 mortos devido \u00e0s chuvas torrenciais. O alerta mant\u00e9m-se ativo devido \u00e0 previs\u00e3o de agravamento das condi\u00e7\u00f5es meteorol\u00f3gicas. O texto dispon\u00edvel n\u00e3o detalha o total de v\u00edtimas em Angola al\u00e9m do confirmado em Benguela. O conte\u00fado completo est\u00e1 acess\u00edvel apenas para subscritores (conte\u00fado bloqueado).\" \/>\n<meta property=\"og:url\" content=\"https:\/\/portaltela.pt\/noticias\/2026\/04\/05\/chuvas-torrenciais-deixam-pelo-menos-24-mortos-em-benguela-e-28-em-angola\/\" \/>\n<meta property=\"og:site_name\" content=\"Portal Tela Portugal\" \/>\n<meta property=\"article:published_time\" content=\"2026-04-05T19:32:15+00:00\" \/>\n<meta name=\"author\" content=\"Telinha\" \/>\n<meta name=\"twitter:card\" content=\"summary_large_image\" \/>\n<meta name=\"twitter:label1\" content=\"Escrito por\" \/>\n\t<meta name=\"twitter:data1\" content=\"Telinha\" \/>\n\t<meta name=\"twitter:label2\" content=\"Tempo estimado de leitura\" \/>\n\t<meta name=\"twitter:data2\" content=\"1 minuto\" \/>\n<script type=\"application\/ld+json\" class=\"yoast-schema-graph\">{\"@context\":\"https:\/\/schema.org\",\"@graph\":[{\"@type\":\"Article\",\"@id\":\"https:\/\/portaltela.pt\/noticias\/2026\/04\/05\/chuvas-torrenciais-deixam-pelo-menos-24-mortos-em-benguela-e-28-em-angola\/#article\",\"isPartOf\":{\"@id\":\"https:\/\/portaltela.pt\/noticias\/2026\/04\/05\/chuvas-torrenciais-deixam-pelo-menos-24-mortos-em-benguela-e-28-em-angola\/\"},\"author\":{\"name\":\"Telinha\",\"@id\":\"https:\/\/portaltela.pt\/#\/schema\/person\/c4278d4a6028830caff9ee44b42d32ed\"},\"headline\":\"Chuvas torrenciais deixam pelo menos 24 mortos em Benguela e 28 em Angola\",\"datePublished\":\"2026-04-05T19:32:15+00:00\",\"mainEntityOfPage\":{\"@id\":\"https:\/\/portaltela.pt\/noticias\/2026\/04\/05\/chuvas-torrenciais-deixam-pelo-menos-24-mortos-em-benguela-e-28-em-angola\/\"},\"wordCount\":137,\"image\":{\"@id\":\"https:\/\/portaltela.pt\/noticias\/2026\/04\/05\/chuvas-torrenciais-deixam-pelo-menos-24-mortos-em-benguela-e-28-em-angola\/#primaryimage\"},\"thumbnailUrl\":\"https:\/\/portaltela.pt\/s.01k8rhncp4jt1\/2026\/04\/CACHE_780X1200_ANALOG_WATERMARKED_40653304_380130714537787.jpg\",\"keywords\":[\"alerta amarelo\",\"Angola\",\"cat\u00e1strofes naturais\",\"chuva\",\"emerg\u00eancia\",\"prote\u00e7\u00e3o civil\"],\"articleSection\":[\"Tempo\"],\"inLanguage\":\"pt-PT\"},{\"@type\":\"WebPage\",\"@id\":\"https:\/\/portaltela.pt\/noticias\/2026\/04\/05\/chuvas-torrenciais-deixam-pelo-menos-24-mortos-em-benguela-e-28-em-angola\/\",\"url\":\"https:\/\/portaltela.pt\/noticias\/2026\/04\/05\/chuvas-torrenciais-deixam-pelo-menos-24-mortos-em-benguela-e-28-em-angola\/\",\"name\":\"Chuvas torrenciais deixam pelo menos 24 mortos em Benguela e 28 em Angola - Portal Tela Portugal\",\"isPartOf\":{\"@id\":\"https:\/\/portaltela.pt\/#website\"},\"primaryImageOfPage\":{\"@id\":\"https:\/\/portaltela.pt\/noticias\/2026\/04\/05\/chuvas-torrenciais-deixam-pelo-menos-24-mortos-em-benguela-e-28-em-angola\/#primaryimage\"},\"image\":{\"@id\":\"https:\/\/portaltela.pt\/noticias\/2026\/04\/05\/chuvas-torrenciais-deixam-pelo-menos-24-mortos-em-benguela-e-28-em-angola\/#primaryimage\"},\"thumbnailUrl\":\"https:\/\/portaltela.pt\/s.01k8rhncp4jt1\/2026\/04\/CACHE_780X1200_ANALOG_WATERMARKED_40653304_380130714537787.jpg\",\"datePublished\":\"2026-04-05T19:32:15+00:00\",\"author\":{\"@id\":\"https:\/\/portaltela.pt\/#\/schema\/person\/c4278d4a6028830caff9ee44b42d32ed\"},\"breadcrumb\":{\"@id\":\"https:\/\/portaltela.pt\/noticias\/2026\/04\/05\/chuvas-torrenciais-deixam-pelo-menos-24-mortos-em-benguela-e-28-em-angola\/#breadcrumb\"},\"inLanguage\":\"pt-PT\",\"potentialAction\":[{\"@type\":\"ReadAction\",\"target\":[\"https:\/\/portaltela.pt\/noticias\/2026\/04\/05\/chuvas-torrenciais-deixam-pelo-menos-24-mortos-em-benguela-e-28-em-angola\/\"]}]},{\"@type\":\"ImageObject\",\"inLanguage\":\"pt-PT\",\"@id\":\"https:\/\/portaltela.pt\/noticias\/2026\/04\/05\/chuvas-torrenciais-deixam-pelo-menos-24-mortos-em-benguela-e-28-em-angola\/#primaryimage\",\"url\":\"https:\/\/portaltela.pt\/s.01k8rhncp4jt1\/2026\/04\/CACHE_780X1200_ANALOG_WATERMARKED_40653304_380130714537787.jpg\",\"contentUrl\":\"https:\/\/portaltela.pt\/s.01k8rhncp4jt1\/2026\/04\/CACHE_780X1200_ANALOG_WATERMARKED_40653304_380130714537787.jpg\",\"width\":796,\"height\":448,\"caption\":\"Chuvas torrenciais provocaram pelo menos 24 mortes em Benguela, 28 em Angola\"},{\"@type\":\"BreadcrumbList\",\"@id\":\"https:\/\/portaltela.pt\/noticias\/2026\/04\/05\/chuvas-torrenciais-deixam-pelo-menos-24-mortos-em-benguela-e-28-em-angola\/#breadcrumb\",\"itemListElement\":[{\"@type\":\"ListItem\",\"position\":1,\"name\":\"In\u00edcio\",\"item\":\"https:\/\/portaltela.pt\/\"},{\"@type\":\"ListItem\",\"position\":2,\"name\":\"Chuvas torrenciais deixam pelo menos 24 mortos em Benguela e 28 em Angola\"}]},{\"@type\":\"WebSite\",\"@id\":\"https:\/\/portaltela.pt\/#website\",\"url\":\"https:\/\/portaltela.pt\/\",\"name\":\"Portal Tela Portugal\",\"description\":\"\",\"potentialAction\":[{\"@type\":\"SearchAction\",\"target\":{\"@type\":\"EntryPoint\",\"urlTemplate\":\"https:\/\/portaltela.pt\/?s={search_term_string}\"},\"query-input\":{\"@type\":\"PropertyValueSpecification\",\"valueRequired\":true,\"valueName\":\"search_term_string\"}}],\"inLanguage\":\"pt-PT\"},{\"@type\":\"Person\",\"@id\":\"https:\/\/portaltela.pt\/#\/schema\/person\/c4278d4a6028830caff9ee44b42d32ed\",\"name\":\"Telinha\",\"image\":{\"@type\":\"ImageObject\",\"inLanguage\":\"pt-PT\",\"@id\":\"https:\/\/portaltela.pt\/s.01k8rhncp4jt1\/2025\/11\/talking-bot-125x125.png\",\"url\":\"https:\/\/portaltela.pt\/s.01k8rhncp4jt1\/2025\/11\/talking-bot-125x125.png\",\"contentUrl\":\"https:\/\/portaltela.pt\/s.01k8rhncp4jt1\/2025\/11\/talking-bot-125x125.png\",\"caption\":\"Telinha\"},\"sameAs\":[\"https:\/\/portaltela.pt\/\"],\"url\":\"https:\/\/portaltela.pt\/por\/367410592786\/\"}]}<\/script>\n<!-- \/ Yoast SEO plugin. -->","yoast_head_json":{"title":"Chuvas torrenciais deixam pelo menos 24 mortos em Benguela e 28 em Angola - Portal Tela Portugal","robots":{"index":"index","follow":"follow","max-snippet":"max-snippet:-1","max-image-preview":"max-image-preview:large","max-video-preview":"max-video-preview:-1"},"og_locale":"pt_PT","og_type":"article","og_title":"Chuvas torrenciais deixam pelo menos 24 mortos em Benguela e 28 em Angola - Portal Tela Portugal","og_description":"O governo provincial de Benguela confirmou que j\u00e1 s\u00e3o 24 mortos devido \u00e0s chuvas torrenciais. O alerta mant\u00e9m-se ativo devido \u00e0 previs\u00e3o de agravamento das condi\u00e7\u00f5es meteorol\u00f3gicas. O texto dispon\u00edvel n\u00e3o detalha o total de v\u00edtimas em Angola al\u00e9m do confirmado em Benguela. O conte\u00fado completo est\u00e1 acess\u00edvel apenas para subscritores (conte\u00fado bloqueado).","og_url":"https:\/\/portaltela.pt\/noticias\/2026\/04\/05\/chuvas-torrenciais-deixam-pelo-menos-24-mortos-em-benguela-e-28-em-angola\/","og_site_name":"Portal Tela Portugal","article_published_time":"2026-04-05T19:32:15+00:00","author":"Telinha","twitter_card":"summary_large_image","twitter_misc":{"Escrito por":"Telinha","Tempo estimado de leitura":"1 minuto"},"schema":{"@context":"https:\/\/schema.org","@graph":[{"@type":"Article","@id":"https:\/\/portaltela.pt\/noticias\/2026\/04\/05\/chuvas-torrenciais-deixam-pelo-menos-24-mortos-em-benguela-e-28-em-angola\/#article","isPartOf":{"@id":"https:\/\/portaltela.pt\/noticias\/2026\/04\/05\/chuvas-torrenciais-deixam-pelo-menos-24-mortos-em-benguela-e-28-em-angola\/"},"author":{"name":"Telinha","@id":"https:\/\/portaltela.pt\/#\/schema\/person\/c4278d4a6028830caff9ee44b42d32ed"},"headline":"Chuvas torrenciais deixam pelo menos 24 mortos em Benguela e 28 em Angola","datePublished":"2026-04-05T19:32:15+00:00","mainEntityOfPage":{"@id":"https:\/\/portaltela.pt\/noticias\/2026\/04\/05\/chuvas-torrenciais-deixam-pelo-menos-24-mortos-em-benguela-e-28-em-angola\/"},"wordCount":137,"image":{"@id":"https:\/\/portaltela.pt\/noticias\/2026\/04\/05\/chuvas-torrenciais-deixam-pelo-menos-24-mortos-em-benguela-e-28-em-angola\/#primaryimage"},"thumbnailUrl":"https:\/\/portaltela.pt\/s.01k8rhncp4jt1\/2026\/04\/CACHE_780X1200_ANALOG_WATERMARKED_40653304_380130714537787.jpg","keywords":["alerta amarelo","Angola","cat\u00e1strofes naturais","chuva","emerg\u00eancia","prote\u00e7\u00e3o civil"],"articleSection":["Tempo"],"inLanguage":"pt-PT"},{"@type":"WebPage","@id":"https:\/\/portaltela.pt\/noticias\/2026\/04\/05\/chuvas-torrenciais-deixam-pelo-menos-24-mortos-em-benguela-e-28-em-angola\/","url":"https:\/\/portaltela.pt\/noticias\/2026\/04\/05\/chuvas-torrenciais-deixam-pelo-menos-24-mortos-em-benguela-e-28-em-angola\/","name":"Chuvas torrenciais deixam pelo menos 24 mortos em Benguela e 28 em Angola - Portal Tela Portugal","isPartOf":{"@id":"https:\/\/portaltela.pt\/#website"},"primaryImageOfPage":{"@id":"https:\/\/portaltela.pt\/noticias\/2026\/04\/05\/chuvas-torrenciais-deixam-pelo-menos-24-mortos-em-benguela-e-28-em-angola\/#primaryimage"},"image":{"@id":"https:\/\/portaltela.pt\/noticias\/2026\/04\/05\/chuvas-torrenciais-deixam-pelo-menos-24-mortos-em-benguela-e-28-em-angola\/#primaryimage"},"thumbnailUrl":"https:\/\/portaltela.pt\/s.01k8rhncp4jt1\/2026\/04\/CACHE_780X1200_ANALOG_WATERMARKED_40653304_380130714537787.jpg","datePublished":"2026-04-05T19:32:15+00:00","author":{"@id":"https:\/\/portaltela.pt\/#\/schema\/person\/c4278d4a6028830caff9ee44b42d32ed"},"breadcrumb":{"@id":"https:\/\/portaltela.pt\/noticias\/2026\/04\/05\/chuvas-torrenciais-deixam-pelo-menos-24-mortos-em-benguela-e-28-em-angola\/#breadcrumb"},"inLanguage":"pt-PT","potentialAction":[{"@type":"ReadAction","target":["https:\/\/portaltela.pt\/noticias\/2026\/04\/05\/chuvas-torrenciais-deixam-pelo-menos-24-mortos-em-benguela-e-28-em-angola\/"]}]},{"@type":"ImageObject","inLanguage":"pt-PT","@id":"https:\/\/portaltela.pt\/noticias\/2026\/04\/05\/chuvas-torrenciais-deixam-pelo-menos-24-mortos-em-benguela-e-28-em-angola\/#primaryimage","url":"https:\/\/portaltela.pt\/s.01k8rhncp4jt1\/2026\/04\/CACHE_780X1200_ANALOG_WATERMARKED_40653304_380130714537787.jpg","contentUrl":"https:\/\/portaltela.pt\/s.01k8rhncp4jt1\/2026\/04\/CACHE_780X1200_ANALOG_WATERMARKED_40653304_380130714537787.jpg","width":796,"height":448,"caption":"Chuvas torrenciais provocaram pelo menos 24 mortes em Benguela, 28 em Angola"},{"@type":"BreadcrumbList","@id":"https:\/\/portaltela.pt\/noticias\/2026\/04\/05\/chuvas-torrenciais-deixam-pelo-menos-24-mortos-em-benguela-e-28-em-angola\/#breadcrumb","itemListElement":[{"@type":"ListItem","position":1,"name":"In\u00edcio","item":"https:\/\/portaltela.pt\/"},{"@type":"ListItem","position":2,"name":"Chuvas torrenciais deixam pelo menos 24 mortos em Benguela e 28 em Angola"}]},{"@type":"WebSite","@id":"https:\/\/portaltela.pt\/#website","url":"https:\/\/portaltela.pt\/","name":"Portal Tela Portugal","description":"","potentialAction":[{"@type":"SearchAction","target":{"@type":"EntryPoint","urlTemplate":"https:\/\/portaltela.pt\/?s={search_term_string}"},"query-input":{"@type":"PropertyValueSpecification","valueRequired":true,"valueName":"search_term_string"}}],"inLanguage":"pt-PT"},{"@type":"Person","@id":"https:\/\/portaltela.pt\/#\/schema\/person\/c4278d4a6028830caff9ee44b42d32ed","name":"Telinha","image":{"@type":"ImageObject","inLanguage":"pt-PT","@id":"https:\/\/portaltela.pt\/s.01k8rhncp4jt1\/2025\/11\/talking-bot-125x125.png","url":"https:\/\/portaltela.pt\/s.01k8rhncp4jt1\/2025\/11\/talking-bot-125x125.png","contentUrl":"https:\/\/portaltela.pt\/s.01k8rhncp4jt1\/2025\/11\/talking-bot-125x125.png","caption":"Telinha"},"sameAs":["https:\/\/portaltela.pt\/"],"url":"https:\/\/portaltela.pt\/por\/367410592786\/"}]}},"_links":{"self":[{"href":"https:\/\/portaltela.pt\/api\/wp\/v2\/posts\/433500","targetHints":{"allow":["GET"]}}],"collection":[{"href":"https:\/\/portaltela.pt\/api\/wp\/v2\/posts"}],"about":[{"href":"https:\/\/portaltela.pt\/api\/wp\/v2\/types\/post"}],"author":[{"embeddable":true,"href":"https:\/\/portaltela.pt\/api\/wp\/v2\/users\/2"}],"replies":[{"embeddable":true,"href":"https:\/\/portaltela.pt\/api\/wp\/v2\/comments?post=433500"}],"version-history":[{"count":0,"href":"https:\/\/portaltela.pt\/api\/wp\/v2\/posts\/433500\/revisions"}],"wp:featuredmedia":[{"embeddable":true,"href":"https:\/\/portaltela.pt\/api\/wp\/v2\/media\/433501"}],"wp:attachment":[{"href":"https:\/\/portaltela.pt\/api\/wp\/v2\/media?parent=433500"}],"wp:term":[{"taxonomy":"category","embeddable":true,"href":"https:\/\/portaltela.pt\/api\/wp\/v2\/categories?post=433500"},{"taxonomy":"post_tag","embeddable":true,"href":"https:\/\/portaltela.pt\/api\/wp\/v2\/tags?post=433500"}],"curies":[{"name":"wp","href":"https:\/\/api.w.org\/{rel}","templated":true}]}}