{"id":433480,"date":"2026-04-05T16:02:13","date_gmt":"2026-04-05T19:02:13","guid":{"rendered":"https:\/\/portaltela.pt\/noticias\/2026\/04\/05\/turquia-arbitra-atingida-por-carrinho-atacante-nao-pediu-desculpa-nem-ajudou\/"},"modified":"2026-04-05T16:02:13","modified_gmt":"2026-04-05T19:02:13","slug":"turquia-arbitra-atingida-por-carrinho-atacante-nao-pediu-desculpa-nem-ajudou","status":"publish","type":"post","link":"https:\/\/portaltela.pt\/desporto\/futebol\/2026\/04\/05\/turquia-arbitra-atingida-por-carrinho-atacante-nao-pediu-desculpa-nem-ajudou\/","title":{"rendered":"Turquia: \u00e1rbitra atingida por carrinho; atacante n\u00e3o pediu desculpa nem ajudou"},"content":{"rendered":"<p>Os jogos na Turquia, mesmo em escal\u00f5es inferiores, costumam deixar marcas. Durante um confronto da terceira divis\u00e3o entre Bursaspor e Mardin 1969 Spor, Mehmet Manis executou um carrinho que derrubou a \u00e1rbitra assistente Esra Arikboga. O lance ocorreu num momento de disputa acirrada entre as equipas em campo.<\/p>\n<p>Segundo relatos, Manis n\u00e3o apenas n\u00e3o pediu desculpas como tamb\u00e9m n\u00e3o ofereceu assist\u00eancia a Arikboga, que ficou no ch\u00e3o ap\u00f3s o choque. Testemunhas descrevem o momento como grave, gerando cr\u00edticas no ambiente desportivo e entre f\u00e3s.<\/p>\n<h3>Repercuss\u00f5es e contexto<\/h3>\n<p>At\u00e9 ao momento, n\u00e3o foram divulgadas informa\u00e7\u00f5es oficiais sobre san\u00e7\u00f5es aplicadas ou sobre uma posi\u00e7\u00e3o institucional da liga relativamente ao incidente. O epis\u00f3dio reacendeu o debate sobre a prote\u00e7\u00e3o de \u00e1rbitros em jogos de competi\u00e7\u00e3o. T\u00e9cnicos e jogadores ainda n\u00e3o se pronunciaram de forma coletiva.<\/p>\n","protected":false},"excerpt":{"rendered":"<ul>\n<li>Na Turquia, em jogo da terceira divis\u00e3o entre Bursaspor e Mardin 1969 Spor, houve um lance dividido com carrinho de Mehmet Manis.<\/li>\n<li>O tackle atingiu a \u00e1rbitra assistente Esra Arikboga.<\/li>\n<li>Depois do incidente, Manis n\u00e3o pediu desculpa nem prestou ajuda para Arikboga se levantar.<\/li>\n<li>O epis\u00f3dio gerou controv\u00e9rsia nas cr\u00edticas \u00e0 rea\u00e7\u00e3o do jogador.<\/li>\n<li>N\u00e3o h\u00e1 informa\u00e7\u00e3o dispon\u00edvel sobre eventuais san\u00e7\u00f5es at\u00e9 ao momento.<\/li>\n<\/ul>\n","protected":false},"author":2,"featured_media":433481,"comment_status":"closed","ping_status":"closed","sticky":false,"template":"","format":"standard","meta":{"footnotes":""},"categories":[21,24],"tags":[1289,1336,6920,32,2126,6171],"class_list":["post-433480","post","type-post","status-publish","format-standard","has-post-thumbnail","hentry","category-desporto","category-futebol","tag-arbitragem","tag-arbitro","tag-arbitros","tag-futebol","tag-turquia","tag-violencia-no-desporto"],"yoast_head":"<!-- This site is optimized with the Yoast SEO plugin v27.2 - https:\/\/yoast.com\/product\/yoast-seo-wordpress\/ -->\n<title>Turquia: \u00e1rbitra atingida por carrinho; atacante n\u00e3o pediu desculpa nem ajudou - Portal Tela Portugal<\/title>\n<meta name=\"robots\" content=\"index, follow, max-snippet:-1, max-image-preview:large, max-video-preview:-1\" \/>\n<meta property=\"og:locale\" content=\"pt_PT\" \/>\n<meta property=\"og:type\" content=\"article\" \/>\n<meta property=\"og:title\" content=\"Turquia: \u00e1rbitra atingida por carrinho; atacante n\u00e3o pediu desculpa nem ajudou - Portal Tela Portugal\" \/>\n<meta property=\"og:description\" content=\"Na Turquia, em jogo da terceira divis\u00e3o entre Bursaspor e Mardin 1969 Spor, houve um lance dividido com carrinho de Mehmet Manis. O tackle atingiu a \u00e1rbitra assistente Esra Arikboga. Depois do incidente, Manis n\u00e3o pediu desculpa nem prestou ajuda para Arikboga se levantar. O epis\u00f3dio gerou controv\u00e9rsia nas cr\u00edticas \u00e0 rea\u00e7\u00e3o do jogador. N\u00e3o h\u00e1 informa\u00e7\u00e3o dispon\u00edvel sobre eventuais san\u00e7\u00f5es at\u00e9 ao momento.\" \/>\n<meta property=\"og:url\" content=\"https:\/\/portaltela.pt\/noticias\/2026\/04\/05\/turquia-arbitra-atingida-por-carrinho-atacante-nao-pediu-desculpa-nem-ajudou\/\" \/>\n<meta property=\"og:site_name\" content=\"Portal Tela Portugal\" \/>\n<meta property=\"article:published_time\" content=\"2026-04-05T19:02:13+00:00\" \/>\n<meta name=\"author\" content=\"Telinha\" \/>\n<meta name=\"twitter:card\" content=\"summary_large_image\" \/>\n<meta name=\"twitter:label1\" content=\"Escrito por\" \/>\n\t<meta name=\"twitter:data1\" content=\"Telinha\" \/>\n\t<meta name=\"twitter:label2\" content=\"Tempo estimado de leitura\" \/>\n\t<meta name=\"twitter:data2\" content=\"1 minuto\" \/>\n<script type=\"application\/ld+json\" class=\"yoast-schema-graph\">{\"@context\":\"https:\/\/schema.org\",\"@graph\":[{\"@type\":\"Article\",\"@id\":\"https:\/\/portaltela.pt\/noticias\/2026\/04\/05\/turquia-arbitra-atingida-por-carrinho-atacante-nao-pediu-desculpa-nem-ajudou\/#article\",\"isPartOf\":{\"@id\":\"https:\/\/portaltela.pt\/noticias\/2026\/04\/05\/turquia-arbitra-atingida-por-carrinho-atacante-nao-pediu-desculpa-nem-ajudou\/\"},\"author\":{\"name\":\"Telinha\",\"@id\":\"https:\/\/portaltela.pt\/#\/schema\/person\/c4278d4a6028830caff9ee44b42d32ed\"},\"headline\":\"Turquia: \u00e1rbitra atingida por carrinho; atacante n\u00e3o pediu desculpa nem ajudou\",\"datePublished\":\"2026-04-05T19:02:13+00:00\",\"mainEntityOfPage\":{\"@id\":\"https:\/\/portaltela.pt\/noticias\/2026\/04\/05\/turquia-arbitra-atingida-por-carrinho-atacante-nao-pediu-desculpa-nem-ajudou\/\"},\"wordCount\":164,\"image\":{\"@id\":\"https:\/\/portaltela.pt\/noticias\/2026\/04\/05\/turquia-arbitra-atingida-por-carrinho-atacante-nao-pediu-desculpa-nem-ajudou\/#primaryimage\"},\"thumbnailUrl\":\"https:\/\/portaltela.pt\/s.01k8rhncp4jt1\/2026\/04\/img_1200x721uu2026-04-05-19-57-02-2431293.jpg\",\"keywords\":[\"arbitragem\",\"\u00e1rbitro\",\"\u00e1rbitros\",\"futebol\",\"Turquia\",\"viol\u00eancia no desporto\"],\"articleSection\":[\"Desporto\",\"Futebol\"],\"inLanguage\":\"pt-PT\"},{\"@type\":\"WebPage\",\"@id\":\"https:\/\/portaltela.pt\/noticias\/2026\/04\/05\/turquia-arbitra-atingida-por-carrinho-atacante-nao-pediu-desculpa-nem-ajudou\/\",\"url\":\"https:\/\/portaltela.pt\/noticias\/2026\/04\/05\/turquia-arbitra-atingida-por-carrinho-atacante-nao-pediu-desculpa-nem-ajudou\/\",\"name\":\"Turquia: \u00e1rbitra atingida por carrinho; atacante n\u00e3o pediu desculpa nem ajudou - Portal Tela Portugal\",\"isPartOf\":{\"@id\":\"https:\/\/portaltela.pt\/#website\"},\"primaryImageOfPage\":{\"@id\":\"https:\/\/portaltela.pt\/noticias\/2026\/04\/05\/turquia-arbitra-atingida-por-carrinho-atacante-nao-pediu-desculpa-nem-ajudou\/#primaryimage\"},\"image\":{\"@id\":\"https:\/\/portaltela.pt\/noticias\/2026\/04\/05\/turquia-arbitra-atingida-por-carrinho-atacante-nao-pediu-desculpa-nem-ajudou\/#primaryimage\"},\"thumbnailUrl\":\"https:\/\/portaltela.pt\/s.01k8rhncp4jt1\/2026\/04\/img_1200x721uu2026-04-05-19-57-02-2431293.jpg\",\"datePublished\":\"2026-04-05T19:02:13+00:00\",\"author\":{\"@id\":\"https:\/\/portaltela.pt\/#\/schema\/person\/c4278d4a6028830caff9ee44b42d32ed\"},\"breadcrumb\":{\"@id\":\"https:\/\/portaltela.pt\/noticias\/2026\/04\/05\/turquia-arbitra-atingida-por-carrinho-atacante-nao-pediu-desculpa-nem-ajudou\/#breadcrumb\"},\"inLanguage\":\"pt-PT\",\"potentialAction\":[{\"@type\":\"ReadAction\",\"target\":[\"https:\/\/portaltela.pt\/noticias\/2026\/04\/05\/turquia-arbitra-atingida-por-carrinho-atacante-nao-pediu-desculpa-nem-ajudou\/\"]}]},{\"@type\":\"ImageObject\",\"inLanguage\":\"pt-PT\",\"@id\":\"https:\/\/portaltela.pt\/noticias\/2026\/04\/05\/turquia-arbitra-atingida-por-carrinho-atacante-nao-pediu-desculpa-nem-ajudou\/#primaryimage\",\"url\":\"https:\/\/portaltela.pt\/s.01k8rhncp4jt1\/2026\/04\/img_1200x721uu2026-04-05-19-57-02-2431293.jpg\",\"contentUrl\":\"https:\/\/portaltela.pt\/s.01k8rhncp4jt1\/2026\/04\/img_1200x721uu2026-04-05-19-57-02-2431293.jpg\",\"width\":796,\"height\":448,\"caption\":\"Pol\u00e9mica na Turquia: 'varreu' \u00e1rbitra com um carrinho e nem pediu desculpa ou prestou ajuda\"},{\"@type\":\"BreadcrumbList\",\"@id\":\"https:\/\/portaltela.pt\/noticias\/2026\/04\/05\/turquia-arbitra-atingida-por-carrinho-atacante-nao-pediu-desculpa-nem-ajudou\/#breadcrumb\",\"itemListElement\":[{\"@type\":\"ListItem\",\"position\":1,\"name\":\"In\u00edcio\",\"item\":\"https:\/\/portaltela.pt\/\"},{\"@type\":\"ListItem\",\"position\":2,\"name\":\"Turquia: \u00e1rbitra atingida por carrinho; atacante n\u00e3o pediu desculpa nem ajudou\"}]},{\"@type\":\"WebSite\",\"@id\":\"https:\/\/portaltela.pt\/#website\",\"url\":\"https:\/\/portaltela.pt\/\",\"name\":\"Portal Tela Portugal\",\"description\":\"\",\"potentialAction\":[{\"@type\":\"SearchAction\",\"target\":{\"@type\":\"EntryPoint\",\"urlTemplate\":\"https:\/\/portaltela.pt\/?s={search_term_string}\"},\"query-input\":{\"@type\":\"PropertyValueSpecification\",\"valueRequired\":true,\"valueName\":\"search_term_string\"}}],\"inLanguage\":\"pt-PT\"},{\"@type\":\"Person\",\"@id\":\"https:\/\/portaltela.pt\/#\/schema\/person\/c4278d4a6028830caff9ee44b42d32ed\",\"name\":\"Telinha\",\"image\":{\"@type\":\"ImageObject\",\"inLanguage\":\"pt-PT\",\"@id\":\"https:\/\/portaltela.pt\/s.01k8rhncp4jt1\/2025\/11\/talking-bot-125x125.png\",\"url\":\"https:\/\/portaltela.pt\/s.01k8rhncp4jt1\/2025\/11\/talking-bot-125x125.png\",\"contentUrl\":\"https:\/\/portaltela.pt\/s.01k8rhncp4jt1\/2025\/11\/talking-bot-125x125.png\",\"caption\":\"Telinha\"},\"sameAs\":[\"https:\/\/portaltela.pt\/\"],\"url\":\"https:\/\/portaltela.pt\/por\/367410592786\/\"}]}<\/script>\n<!-- \/ Yoast SEO plugin. -->","yoast_head_json":{"title":"Turquia: \u00e1rbitra atingida por carrinho; atacante n\u00e3o pediu desculpa nem ajudou - Portal Tela Portugal","robots":{"index":"index","follow":"follow","max-snippet":"max-snippet:-1","max-image-preview":"max-image-preview:large","max-video-preview":"max-video-preview:-1"},"og_locale":"pt_PT","og_type":"article","og_title":"Turquia: \u00e1rbitra atingida por carrinho; atacante n\u00e3o pediu desculpa nem ajudou - Portal Tela Portugal","og_description":"Na Turquia, em jogo da terceira divis\u00e3o entre Bursaspor e Mardin 1969 Spor, houve um lance dividido com carrinho de Mehmet Manis. O tackle atingiu a \u00e1rbitra assistente Esra Arikboga. Depois do incidente, Manis n\u00e3o pediu desculpa nem prestou ajuda para Arikboga se levantar. O epis\u00f3dio gerou controv\u00e9rsia nas cr\u00edticas \u00e0 rea\u00e7\u00e3o do jogador. N\u00e3o h\u00e1 informa\u00e7\u00e3o dispon\u00edvel sobre eventuais san\u00e7\u00f5es at\u00e9 ao momento.","og_url":"https:\/\/portaltela.pt\/noticias\/2026\/04\/05\/turquia-arbitra-atingida-por-carrinho-atacante-nao-pediu-desculpa-nem-ajudou\/","og_site_name":"Portal Tela Portugal","article_published_time":"2026-04-05T19:02:13+00:00","author":"Telinha","twitter_card":"summary_large_image","twitter_misc":{"Escrito por":"Telinha","Tempo estimado de leitura":"1 minuto"},"schema":{"@context":"https:\/\/schema.org","@graph":[{"@type":"Article","@id":"https:\/\/portaltela.pt\/noticias\/2026\/04\/05\/turquia-arbitra-atingida-por-carrinho-atacante-nao-pediu-desculpa-nem-ajudou\/#article","isPartOf":{"@id":"https:\/\/portaltela.pt\/noticias\/2026\/04\/05\/turquia-arbitra-atingida-por-carrinho-atacante-nao-pediu-desculpa-nem-ajudou\/"},"author":{"name":"Telinha","@id":"https:\/\/portaltela.pt\/#\/schema\/person\/c4278d4a6028830caff9ee44b42d32ed"},"headline":"Turquia: \u00e1rbitra atingida por carrinho; atacante n\u00e3o pediu desculpa nem ajudou","datePublished":"2026-04-05T19:02:13+00:00","mainEntityOfPage":{"@id":"https:\/\/portaltela.pt\/noticias\/2026\/04\/05\/turquia-arbitra-atingida-por-carrinho-atacante-nao-pediu-desculpa-nem-ajudou\/"},"wordCount":164,"image":{"@id":"https:\/\/portaltela.pt\/noticias\/2026\/04\/05\/turquia-arbitra-atingida-por-carrinho-atacante-nao-pediu-desculpa-nem-ajudou\/#primaryimage"},"thumbnailUrl":"https:\/\/portaltela.pt\/s.01k8rhncp4jt1\/2026\/04\/img_1200x721uu2026-04-05-19-57-02-2431293.jpg","keywords":["arbitragem","\u00e1rbitro","\u00e1rbitros","futebol","Turquia","viol\u00eancia no desporto"],"articleSection":["Desporto","Futebol"],"inLanguage":"pt-PT"},{"@type":"WebPage","@id":"https:\/\/portaltela.pt\/noticias\/2026\/04\/05\/turquia-arbitra-atingida-por-carrinho-atacante-nao-pediu-desculpa-nem-ajudou\/","url":"https:\/\/portaltela.pt\/noticias\/2026\/04\/05\/turquia-arbitra-atingida-por-carrinho-atacante-nao-pediu-desculpa-nem-ajudou\/","name":"Turquia: \u00e1rbitra atingida por carrinho; atacante n\u00e3o pediu desculpa nem ajudou - Portal Tela Portugal","isPartOf":{"@id":"https:\/\/portaltela.pt\/#website"},"primaryImageOfPage":{"@id":"https:\/\/portaltela.pt\/noticias\/2026\/04\/05\/turquia-arbitra-atingida-por-carrinho-atacante-nao-pediu-desculpa-nem-ajudou\/#primaryimage"},"image":{"@id":"https:\/\/portaltela.pt\/noticias\/2026\/04\/05\/turquia-arbitra-atingida-por-carrinho-atacante-nao-pediu-desculpa-nem-ajudou\/#primaryimage"},"thumbnailUrl":"https:\/\/portaltela.pt\/s.01k8rhncp4jt1\/2026\/04\/img_1200x721uu2026-04-05-19-57-02-2431293.jpg","datePublished":"2026-04-05T19:02:13+00:00","author":{"@id":"https:\/\/portaltela.pt\/#\/schema\/person\/c4278d4a6028830caff9ee44b42d32ed"},"breadcrumb":{"@id":"https:\/\/portaltela.pt\/noticias\/2026\/04\/05\/turquia-arbitra-atingida-por-carrinho-atacante-nao-pediu-desculpa-nem-ajudou\/#breadcrumb"},"inLanguage":"pt-PT","potentialAction":[{"@type":"ReadAction","target":["https:\/\/portaltela.pt\/noticias\/2026\/04\/05\/turquia-arbitra-atingida-por-carrinho-atacante-nao-pediu-desculpa-nem-ajudou\/"]}]},{"@type":"ImageObject","inLanguage":"pt-PT","@id":"https:\/\/portaltela.pt\/noticias\/2026\/04\/05\/turquia-arbitra-atingida-por-carrinho-atacante-nao-pediu-desculpa-nem-ajudou\/#primaryimage","url":"https:\/\/portaltela.pt\/s.01k8rhncp4jt1\/2026\/04\/img_1200x721uu2026-04-05-19-57-02-2431293.jpg","contentUrl":"https:\/\/portaltela.pt\/s.01k8rhncp4jt1\/2026\/04\/img_1200x721uu2026-04-05-19-57-02-2431293.jpg","width":796,"height":448,"caption":"Pol\u00e9mica na Turquia: 'varreu' \u00e1rbitra com um carrinho e nem pediu desculpa ou prestou ajuda"},{"@type":"BreadcrumbList","@id":"https:\/\/portaltela.pt\/noticias\/2026\/04\/05\/turquia-arbitra-atingida-por-carrinho-atacante-nao-pediu-desculpa-nem-ajudou\/#breadcrumb","itemListElement":[{"@type":"ListItem","position":1,"name":"In\u00edcio","item":"https:\/\/portaltela.pt\/"},{"@type":"ListItem","position":2,"name":"Turquia: \u00e1rbitra atingida por carrinho; atacante n\u00e3o pediu desculpa nem ajudou"}]},{"@type":"WebSite","@id":"https:\/\/portaltela.pt\/#website","url":"https:\/\/portaltela.pt\/","name":"Portal Tela Portugal","description":"","potentialAction":[{"@type":"SearchAction","target":{"@type":"EntryPoint","urlTemplate":"https:\/\/portaltela.pt\/?s={search_term_string}"},"query-input":{"@type":"PropertyValueSpecification","valueRequired":true,"valueName":"search_term_string"}}],"inLanguage":"pt-PT"},{"@type":"Person","@id":"https:\/\/portaltela.pt\/#\/schema\/person\/c4278d4a6028830caff9ee44b42d32ed","name":"Telinha","image":{"@type":"ImageObject","inLanguage":"pt-PT","@id":"https:\/\/portaltela.pt\/s.01k8rhncp4jt1\/2025\/11\/talking-bot-125x125.png","url":"https:\/\/portaltela.pt\/s.01k8rhncp4jt1\/2025\/11\/talking-bot-125x125.png","contentUrl":"https:\/\/portaltela.pt\/s.01k8rhncp4jt1\/2025\/11\/talking-bot-125x125.png","caption":"Telinha"},"sameAs":["https:\/\/portaltela.pt\/"],"url":"https:\/\/portaltela.pt\/por\/367410592786\/"}]}},"_links":{"self":[{"href":"https:\/\/portaltela.pt\/api\/wp\/v2\/posts\/433480","targetHints":{"allow":["GET"]}}],"collection":[{"href":"https:\/\/portaltela.pt\/api\/wp\/v2\/posts"}],"about":[{"href":"https:\/\/portaltela.pt\/api\/wp\/v2\/types\/post"}],"author":[{"embeddable":true,"href":"https:\/\/portaltela.pt\/api\/wp\/v2\/users\/2"}],"replies":[{"embeddable":true,"href":"https:\/\/portaltela.pt\/api\/wp\/v2\/comments?post=433480"}],"version-history":[{"count":0,"href":"https:\/\/portaltela.pt\/api\/wp\/v2\/posts\/433480\/revisions"}],"wp:featuredmedia":[{"embeddable":true,"href":"https:\/\/portaltela.pt\/api\/wp\/v2\/media\/433481"}],"wp:attachment":[{"href":"https:\/\/portaltela.pt\/api\/wp\/v2\/media?parent=433480"}],"wp:term":[{"taxonomy":"category","embeddable":true,"href":"https:\/\/portaltela.pt\/api\/wp\/v2\/categories?post=433480"},{"taxonomy":"post_tag","embeddable":true,"href":"https:\/\/portaltela.pt\/api\/wp\/v2\/tags?post=433480"}],"curies":[{"name":"wp","href":"https:\/\/api.w.org\/{rel}","templated":true}]}}