{"id":433464,"date":"2026-04-05T16:01:57","date_gmt":"2026-04-05T19:01:57","guid":{"rendered":"https:\/\/portaltela.pt\/noticias\/2026\/04\/05\/paises-baixos-sem-jerdy-schouten-por-rotura-ligamentar-no-joelho\/"},"modified":"2026-04-05T16:01:57","modified_gmt":"2026-04-05T19:01:57","slug":"paises-baixos-sem-jerdy-schouten-por-rotura-ligamentar-no-joelho","status":"publish","type":"post","link":"https:\/\/portaltela.pt\/desporto\/futebol\/2026\/04\/05\/paises-baixos-sem-jerdy-schouten-por-rotura-ligamentar-no-joelho\/","title":{"rendered":"Pa\u00edses Baixos sem Jerdy Schouten por rotura ligamentar no joelho"},"content":{"rendered":"<p>O meio-campista Jerdy Schouten ficou indispon\u00edvel para a sele\u00e7\u00e3o dos Pa\u00edses Baixos ap\u00f3s sofrer uma rotura ligamentar no joelho. A confirma\u00e7\u00e3o foi emitida pela equipa t\u00e9cnica durante os trabalhos de prepara\u00e7\u00e3o para o Mundial2026.<\/p>\n<p>Schouten \u00e9 o principal desfalque na lista de convocados para o torneio, com impacto imediato no meio-campo da equipa. O m\u00e9dico da sele\u00e7\u00e3o dever\u00e1 apresentar o progn\u00f3stico assim que houver avalia\u00e7\u00f5es adicionais.<\/p>\n<p>O incidente ocorreu no contexto dos trabalhos preparat\u00f3rios para o Mundial2026, cuja data ainda n\u00e3o definiu a participa\u00e7\u00e3o final da equipa. At\u00e9 ao momento, n\u00e3o foram divulgados detalhes sobre o tempo esperado de aus\u00eancia.<\/p>\n","protected":false},"excerpt":{"rendered":"<ul>\n<li>Jerdy Schouten sofreu rotura ligamentar no joelho e fica de fora do Mundial de 2026.<\/li>\n<li>A les\u00e3o impede a participa\u00e7\u00e3o do jogador na competi\u00e7\u00e3o com a sele\u00e7\u00e3o dos Pa\u00edses Baixos.<\/li>\n<li>O an\u00fancio afecta o planeamento da equipa para o torneio que decorrer\u00e1 em 2026.<\/li>\n<li>N\u00e3o foram divulgados detalhes adicionais sobre o tempo de recupera\u00e7\u00e3o no momento deste resumo.<\/li>\n<\/ul>\n","protected":false},"author":2,"featured_media":433465,"comment_status":"closed","ping_status":"closed","sticky":false,"template":"","format":"standard","meta":{"footnotes":""},"categories":[21,24],"tags":[32,2538,1809,2057,7549],"class_list":["post-433464","post","type-post","status-publish","format-standard","has-post-thumbnail","hentry","category-desporto","category-futebol","tag-futebol","tag-lesoes","tag-paises-baixos","tag-selecao-nacional","tag-seleccoes-internacionais"],"yoast_head":"<!-- This site is optimized with the Yoast SEO plugin v27.2 - https:\/\/yoast.com\/product\/yoast-seo-wordpress\/ -->\n<title>Pa\u00edses Baixos sem Jerdy Schouten por rotura ligamentar no joelho - Portal Tela Portugal<\/title>\n<meta name=\"robots\" content=\"index, follow, max-snippet:-1, max-image-preview:large, max-video-preview:-1\" \/>\n<meta property=\"og:locale\" content=\"pt_PT\" \/>\n<meta property=\"og:type\" content=\"article\" \/>\n<meta property=\"og:title\" content=\"Pa\u00edses Baixos sem Jerdy Schouten por rotura ligamentar no joelho - Portal Tela Portugal\" \/>\n<meta property=\"og:description\" content=\"Jerdy Schouten sofreu rotura ligamentar no joelho e fica de fora do Mundial de 2026. A les\u00e3o impede a participa\u00e7\u00e3o do jogador na competi\u00e7\u00e3o com a sele\u00e7\u00e3o dos Pa\u00edses Baixos. O an\u00fancio afecta o planeamento da equipa para o torneio que decorrer\u00e1 em 2026. N\u00e3o foram divulgados detalhes adicionais sobre o tempo de recupera\u00e7\u00e3o no momento deste resumo.\" \/>\n<meta property=\"og:url\" content=\"https:\/\/portaltela.pt\/noticias\/2026\/04\/05\/paises-baixos-sem-jerdy-schouten-por-rotura-ligamentar-no-joelho\/\" \/>\n<meta property=\"og:site_name\" content=\"Portal Tela Portugal\" \/>\n<meta property=\"article:published_time\" content=\"2026-04-05T19:01:57+00:00\" \/>\n<meta name=\"author\" content=\"Telinha\" \/>\n<meta name=\"twitter:card\" content=\"summary_large_image\" \/>\n<meta name=\"twitter:label1\" content=\"Escrito por\" \/>\n\t<meta name=\"twitter:data1\" content=\"Telinha\" \/>\n\t<meta name=\"twitter:label2\" content=\"Tempo estimado de leitura\" \/>\n\t<meta name=\"twitter:data2\" content=\"1 minuto\" \/>\n<script type=\"application\/ld+json\" class=\"yoast-schema-graph\">{\"@context\":\"https:\/\/schema.org\",\"@graph\":[{\"@type\":\"Article\",\"@id\":\"https:\/\/portaltela.pt\/noticias\/2026\/04\/05\/paises-baixos-sem-jerdy-schouten-por-rotura-ligamentar-no-joelho\/#article\",\"isPartOf\":{\"@id\":\"https:\/\/portaltela.pt\/noticias\/2026\/04\/05\/paises-baixos-sem-jerdy-schouten-por-rotura-ligamentar-no-joelho\/\"},\"author\":{\"name\":\"Telinha\",\"@id\":\"https:\/\/portaltela.pt\/#\/schema\/person\/c4278d4a6028830caff9ee44b42d32ed\"},\"headline\":\"Pa\u00edses Baixos sem Jerdy Schouten por rotura ligamentar no joelho\",\"datePublished\":\"2026-04-05T19:01:57+00:00\",\"mainEntityOfPage\":{\"@id\":\"https:\/\/portaltela.pt\/noticias\/2026\/04\/05\/paises-baixos-sem-jerdy-schouten-por-rotura-ligamentar-no-joelho\/\"},\"wordCount\":126,\"image\":{\"@id\":\"https:\/\/portaltela.pt\/noticias\/2026\/04\/05\/paises-baixos-sem-jerdy-schouten-por-rotura-ligamentar-no-joelho\/#primaryimage\"},\"thumbnailUrl\":\"https:\/\/portaltela.pt\/s.01k8rhncp4jt1\/2026\/04\/CACHE_780X1200_ANALOG_WATERMARKED_46858394_682709724000077.jpg\",\"keywords\":[\"futebol\",\"les\u00f5es\",\"Pa\u00edses Baixos\",\"Sele\u00e7\u00e3o Nacional\",\"selec\u00e7\u00f5es internacionais\"],\"articleSection\":[\"Desporto\",\"Futebol\"],\"inLanguage\":\"pt-PT\"},{\"@type\":\"WebPage\",\"@id\":\"https:\/\/portaltela.pt\/noticias\/2026\/04\/05\/paises-baixos-sem-jerdy-schouten-por-rotura-ligamentar-no-joelho\/\",\"url\":\"https:\/\/portaltela.pt\/noticias\/2026\/04\/05\/paises-baixos-sem-jerdy-schouten-por-rotura-ligamentar-no-joelho\/\",\"name\":\"Pa\u00edses Baixos sem Jerdy Schouten por rotura ligamentar no joelho - Portal Tela Portugal\",\"isPartOf\":{\"@id\":\"https:\/\/portaltela.pt\/#website\"},\"primaryImageOfPage\":{\"@id\":\"https:\/\/portaltela.pt\/noticias\/2026\/04\/05\/paises-baixos-sem-jerdy-schouten-por-rotura-ligamentar-no-joelho\/#primaryimage\"},\"image\":{\"@id\":\"https:\/\/portaltela.pt\/noticias\/2026\/04\/05\/paises-baixos-sem-jerdy-schouten-por-rotura-ligamentar-no-joelho\/#primaryimage\"},\"thumbnailUrl\":\"https:\/\/portaltela.pt\/s.01k8rhncp4jt1\/2026\/04\/CACHE_780X1200_ANALOG_WATERMARKED_46858394_682709724000077.jpg\",\"datePublished\":\"2026-04-05T19:01:57+00:00\",\"author\":{\"@id\":\"https:\/\/portaltela.pt\/#\/schema\/person\/c4278d4a6028830caff9ee44b42d32ed\"},\"breadcrumb\":{\"@id\":\"https:\/\/portaltela.pt\/noticias\/2026\/04\/05\/paises-baixos-sem-jerdy-schouten-por-rotura-ligamentar-no-joelho\/#breadcrumb\"},\"inLanguage\":\"pt-PT\",\"potentialAction\":[{\"@type\":\"ReadAction\",\"target\":[\"https:\/\/portaltela.pt\/noticias\/2026\/04\/05\/paises-baixos-sem-jerdy-schouten-por-rotura-ligamentar-no-joelho\/\"]}]},{\"@type\":\"ImageObject\",\"inLanguage\":\"pt-PT\",\"@id\":\"https:\/\/portaltela.pt\/noticias\/2026\/04\/05\/paises-baixos-sem-jerdy-schouten-por-rotura-ligamentar-no-joelho\/#primaryimage\",\"url\":\"https:\/\/portaltela.pt\/s.01k8rhncp4jt1\/2026\/04\/CACHE_780X1200_ANALOG_WATERMARKED_46858394_682709724000077.jpg\",\"contentUrl\":\"https:\/\/portaltela.pt\/s.01k8rhncp4jt1\/2026\/04\/CACHE_780X1200_ANALOG_WATERMARKED_46858394_682709724000077.jpg\",\"width\":796,\"height\":448,\"caption\":\"Mundial2026: Jerdy Schouten desfalca Pa\u00edses Baixos com rotura ligamentar num joelho\"},{\"@type\":\"BreadcrumbList\",\"@id\":\"https:\/\/portaltela.pt\/noticias\/2026\/04\/05\/paises-baixos-sem-jerdy-schouten-por-rotura-ligamentar-no-joelho\/#breadcrumb\",\"itemListElement\":[{\"@type\":\"ListItem\",\"position\":1,\"name\":\"In\u00edcio\",\"item\":\"https:\/\/portaltela.pt\/\"},{\"@type\":\"ListItem\",\"position\":2,\"name\":\"Pa\u00edses Baixos sem Jerdy Schouten por rotura ligamentar no joelho\"}]},{\"@type\":\"WebSite\",\"@id\":\"https:\/\/portaltela.pt\/#website\",\"url\":\"https:\/\/portaltela.pt\/\",\"name\":\"Portal Tela Portugal\",\"description\":\"\",\"potentialAction\":[{\"@type\":\"SearchAction\",\"target\":{\"@type\":\"EntryPoint\",\"urlTemplate\":\"https:\/\/portaltela.pt\/?s={search_term_string}\"},\"query-input\":{\"@type\":\"PropertyValueSpecification\",\"valueRequired\":true,\"valueName\":\"search_term_string\"}}],\"inLanguage\":\"pt-PT\"},{\"@type\":\"Person\",\"@id\":\"https:\/\/portaltela.pt\/#\/schema\/person\/c4278d4a6028830caff9ee44b42d32ed\",\"name\":\"Telinha\",\"image\":{\"@type\":\"ImageObject\",\"inLanguage\":\"pt-PT\",\"@id\":\"https:\/\/portaltela.pt\/s.01k8rhncp4jt1\/2025\/11\/talking-bot-125x125.png\",\"url\":\"https:\/\/portaltela.pt\/s.01k8rhncp4jt1\/2025\/11\/talking-bot-125x125.png\",\"contentUrl\":\"https:\/\/portaltela.pt\/s.01k8rhncp4jt1\/2025\/11\/talking-bot-125x125.png\",\"caption\":\"Telinha\"},\"sameAs\":[\"https:\/\/portaltela.pt\/\"],\"url\":\"https:\/\/portaltela.pt\/por\/367410592786\/\"}]}<\/script>\n<!-- \/ Yoast SEO plugin. -->","yoast_head_json":{"title":"Pa\u00edses Baixos sem Jerdy Schouten por rotura ligamentar no joelho - Portal Tela Portugal","robots":{"index":"index","follow":"follow","max-snippet":"max-snippet:-1","max-image-preview":"max-image-preview:large","max-video-preview":"max-video-preview:-1"},"og_locale":"pt_PT","og_type":"article","og_title":"Pa\u00edses Baixos sem Jerdy Schouten por rotura ligamentar no joelho - Portal Tela Portugal","og_description":"Jerdy Schouten sofreu rotura ligamentar no joelho e fica de fora do Mundial de 2026. A les\u00e3o impede a participa\u00e7\u00e3o do jogador na competi\u00e7\u00e3o com a sele\u00e7\u00e3o dos Pa\u00edses Baixos. O an\u00fancio afecta o planeamento da equipa para o torneio que decorrer\u00e1 em 2026. N\u00e3o foram divulgados detalhes adicionais sobre o tempo de recupera\u00e7\u00e3o no momento deste resumo.","og_url":"https:\/\/portaltela.pt\/noticias\/2026\/04\/05\/paises-baixos-sem-jerdy-schouten-por-rotura-ligamentar-no-joelho\/","og_site_name":"Portal Tela Portugal","article_published_time":"2026-04-05T19:01:57+00:00","author":"Telinha","twitter_card":"summary_large_image","twitter_misc":{"Escrito por":"Telinha","Tempo estimado de leitura":"1 minuto"},"schema":{"@context":"https:\/\/schema.org","@graph":[{"@type":"Article","@id":"https:\/\/portaltela.pt\/noticias\/2026\/04\/05\/paises-baixos-sem-jerdy-schouten-por-rotura-ligamentar-no-joelho\/#article","isPartOf":{"@id":"https:\/\/portaltela.pt\/noticias\/2026\/04\/05\/paises-baixos-sem-jerdy-schouten-por-rotura-ligamentar-no-joelho\/"},"author":{"name":"Telinha","@id":"https:\/\/portaltela.pt\/#\/schema\/person\/c4278d4a6028830caff9ee44b42d32ed"},"headline":"Pa\u00edses Baixos sem Jerdy Schouten por rotura ligamentar no joelho","datePublished":"2026-04-05T19:01:57+00:00","mainEntityOfPage":{"@id":"https:\/\/portaltela.pt\/noticias\/2026\/04\/05\/paises-baixos-sem-jerdy-schouten-por-rotura-ligamentar-no-joelho\/"},"wordCount":126,"image":{"@id":"https:\/\/portaltela.pt\/noticias\/2026\/04\/05\/paises-baixos-sem-jerdy-schouten-por-rotura-ligamentar-no-joelho\/#primaryimage"},"thumbnailUrl":"https:\/\/portaltela.pt\/s.01k8rhncp4jt1\/2026\/04\/CACHE_780X1200_ANALOG_WATERMARKED_46858394_682709724000077.jpg","keywords":["futebol","les\u00f5es","Pa\u00edses Baixos","Sele\u00e7\u00e3o Nacional","selec\u00e7\u00f5es internacionais"],"articleSection":["Desporto","Futebol"],"inLanguage":"pt-PT"},{"@type":"WebPage","@id":"https:\/\/portaltela.pt\/noticias\/2026\/04\/05\/paises-baixos-sem-jerdy-schouten-por-rotura-ligamentar-no-joelho\/","url":"https:\/\/portaltela.pt\/noticias\/2026\/04\/05\/paises-baixos-sem-jerdy-schouten-por-rotura-ligamentar-no-joelho\/","name":"Pa\u00edses Baixos sem Jerdy Schouten por rotura ligamentar no joelho - Portal Tela Portugal","isPartOf":{"@id":"https:\/\/portaltela.pt\/#website"},"primaryImageOfPage":{"@id":"https:\/\/portaltela.pt\/noticias\/2026\/04\/05\/paises-baixos-sem-jerdy-schouten-por-rotura-ligamentar-no-joelho\/#primaryimage"},"image":{"@id":"https:\/\/portaltela.pt\/noticias\/2026\/04\/05\/paises-baixos-sem-jerdy-schouten-por-rotura-ligamentar-no-joelho\/#primaryimage"},"thumbnailUrl":"https:\/\/portaltela.pt\/s.01k8rhncp4jt1\/2026\/04\/CACHE_780X1200_ANALOG_WATERMARKED_46858394_682709724000077.jpg","datePublished":"2026-04-05T19:01:57+00:00","author":{"@id":"https:\/\/portaltela.pt\/#\/schema\/person\/c4278d4a6028830caff9ee44b42d32ed"},"breadcrumb":{"@id":"https:\/\/portaltela.pt\/noticias\/2026\/04\/05\/paises-baixos-sem-jerdy-schouten-por-rotura-ligamentar-no-joelho\/#breadcrumb"},"inLanguage":"pt-PT","potentialAction":[{"@type":"ReadAction","target":["https:\/\/portaltela.pt\/noticias\/2026\/04\/05\/paises-baixos-sem-jerdy-schouten-por-rotura-ligamentar-no-joelho\/"]}]},{"@type":"ImageObject","inLanguage":"pt-PT","@id":"https:\/\/portaltela.pt\/noticias\/2026\/04\/05\/paises-baixos-sem-jerdy-schouten-por-rotura-ligamentar-no-joelho\/#primaryimage","url":"https:\/\/portaltela.pt\/s.01k8rhncp4jt1\/2026\/04\/CACHE_780X1200_ANALOG_WATERMARKED_46858394_682709724000077.jpg","contentUrl":"https:\/\/portaltela.pt\/s.01k8rhncp4jt1\/2026\/04\/CACHE_780X1200_ANALOG_WATERMARKED_46858394_682709724000077.jpg","width":796,"height":448,"caption":"Mundial2026: Jerdy Schouten desfalca Pa\u00edses Baixos com rotura ligamentar num joelho"},{"@type":"BreadcrumbList","@id":"https:\/\/portaltela.pt\/noticias\/2026\/04\/05\/paises-baixos-sem-jerdy-schouten-por-rotura-ligamentar-no-joelho\/#breadcrumb","itemListElement":[{"@type":"ListItem","position":1,"name":"In\u00edcio","item":"https:\/\/portaltela.pt\/"},{"@type":"ListItem","position":2,"name":"Pa\u00edses Baixos sem Jerdy Schouten por rotura ligamentar no joelho"}]},{"@type":"WebSite","@id":"https:\/\/portaltela.pt\/#website","url":"https:\/\/portaltela.pt\/","name":"Portal Tela Portugal","description":"","potentialAction":[{"@type":"SearchAction","target":{"@type":"EntryPoint","urlTemplate":"https:\/\/portaltela.pt\/?s={search_term_string}"},"query-input":{"@type":"PropertyValueSpecification","valueRequired":true,"valueName":"search_term_string"}}],"inLanguage":"pt-PT"},{"@type":"Person","@id":"https:\/\/portaltela.pt\/#\/schema\/person\/c4278d4a6028830caff9ee44b42d32ed","name":"Telinha","image":{"@type":"ImageObject","inLanguage":"pt-PT","@id":"https:\/\/portaltela.pt\/s.01k8rhncp4jt1\/2025\/11\/talking-bot-125x125.png","url":"https:\/\/portaltela.pt\/s.01k8rhncp4jt1\/2025\/11\/talking-bot-125x125.png","contentUrl":"https:\/\/portaltela.pt\/s.01k8rhncp4jt1\/2025\/11\/talking-bot-125x125.png","caption":"Telinha"},"sameAs":["https:\/\/portaltela.pt\/"],"url":"https:\/\/portaltela.pt\/por\/367410592786\/"}]}},"_links":{"self":[{"href":"https:\/\/portaltela.pt\/api\/wp\/v2\/posts\/433464","targetHints":{"allow":["GET"]}}],"collection":[{"href":"https:\/\/portaltela.pt\/api\/wp\/v2\/posts"}],"about":[{"href":"https:\/\/portaltela.pt\/api\/wp\/v2\/types\/post"}],"author":[{"embeddable":true,"href":"https:\/\/portaltela.pt\/api\/wp\/v2\/users\/2"}],"replies":[{"embeddable":true,"href":"https:\/\/portaltela.pt\/api\/wp\/v2\/comments?post=433464"}],"version-history":[{"count":0,"href":"https:\/\/portaltela.pt\/api\/wp\/v2\/posts\/433464\/revisions"}],"wp:featuredmedia":[{"embeddable":true,"href":"https:\/\/portaltela.pt\/api\/wp\/v2\/media\/433465"}],"wp:attachment":[{"href":"https:\/\/portaltela.pt\/api\/wp\/v2\/media?parent=433464"}],"wp:term":[{"taxonomy":"category","embeddable":true,"href":"https:\/\/portaltela.pt\/api\/wp\/v2\/categories?post=433464"},{"taxonomy":"post_tag","embeddable":true,"href":"https:\/\/portaltela.pt\/api\/wp\/v2\/tags?post=433464"}],"curies":[{"name":"wp","href":"https:\/\/api.w.org\/{rel}","templated":true}]}}