{"id":433241,"date":"2026-04-05T11:32:36","date_gmt":"2026-04-05T14:32:36","guid":{"rendered":"https:\/\/portaltela.pt\/noticias\/2026\/04\/05\/cabo-verde-tranquiliza-turistas\/"},"modified":"2026-04-05T11:32:36","modified_gmt":"2026-04-05T14:32:36","slug":"cabo-verde-tranquiliza-turistas","status":"publish","type":"post","link":"https:\/\/portaltela.pt\/saude\/2026\/04\/05\/cabo-verde-tranquiliza-turistas\/","title":{"rendered":"Cabo Verde tranquiliza turistas"},"content":{"rendered":"<p>O Governo de Cabo Verde assegura que o pa\u00eds n\u00e3o regista surtos de doen\u00e7as gastrointestinais. A comunica\u00e7\u00e3o surge ap\u00f3s not\u00edcias brit\u00e2nicas sobre a morte de um turista associada a infe\u00e7\u00f5es gastrointestinais.<\/p>\n<p>Cabo Verde mant\u00e9m um sistema de vigil\u00e2ncia epidemiol\u00f3gica ativo, em estreita articula\u00e7\u00e3o com autoridades de sa\u00fade e operadores tur\u00edsticos, segundo o Executivo.<\/p>\n<h3>Dados e Contexto<\/h3>\n<p>N\u00e3o h\u00e1 evid\u00eancia de surtos nas ilhas do Sal e da Boa Vista. Os casos mant\u00eam-se dentro dos n\u00edveis sazonais e com car\u00e1ter espor\u00e1dico, n\u00e3o indicando altera\u00e7\u00f5es anormais.<\/p>\n<p>Em mar\u00e7o, o INSP informou ter detetado a bact\u00e9ria Shigella em amostras de \u00e1gua de rega de produtos frescos fornecidos a hot\u00e9is, nas mesmas ilhas, Sal e Boa Vista. O ECDC tinha emitido recomenda\u00e7\u00f5es para viajantes devido a um risco moderado.<\/p>\n<p>O turismo representa o principal motor da economia cabo-verdiana, com concentra\u00e7\u00e3o de atividades nas ilhas do Sal e da Boa Vista.<\/p>\n","protected":false},"excerpt":{"rendered":"<ul>\n<li>O Governo de Cabo Verde afirma que n\u00e3o h\u00e1 registos de surtos de doen\u00e7as gastrointestinais no pa\u00eds.<\/li>\n<li>A vigil\u00e2ncia epidemiol\u00f3gica est\u00e1 ativa e em coopera\u00e7\u00e3o com autoridades de sa\u00fade e operadores tur\u00edsticos.<\/li>\n<li>N\u00e3o existem evid\u00eancias de surtos nas ilhas do Sal e da Boa Vista; os casos est\u00e3o dentro do esperado para esta altura do ano e s\u00e3o espor\u00e1dicos.<\/li>\n<li>Foi detetada a bact\u00e9ria Shigella em amostras de \u00e1gua de rega de produtos frescos fornecidos a hot\u00e9is, nas ilhas do Sal e da Boa Vista.<\/li>\n<li>O Centro Europeu de Preven\u00e7\u00e3o e Controlo de Doen\u00e7as (ECDC) j\u00e1 tinha emitido recomenda\u00e7\u00f5es para viajantes devido a um risco moderado de infe\u00e7\u00f5es gastrointestinais em Santa Maria. O turismo continua a ser o principal motor da economia cabo-verdiana.<\/li>\n<\/ul>\n","protected":false},"author":2,"featured_media":433243,"comment_status":"closed","ping_status":"closed","sticky":false,"template":"","format":"standard","meta":{"footnotes":""},"categories":[6745],"tags":[6115,1090,167,4684,172,169],"class_list":["post-433241","post","type-post","status-publish","format-standard","has-post-thumbnail","hentry","category-saude","tag-_economia","tag-agua","tag-ambiente","tag-epidemiologia","tag-saude","tag-turismo"],"yoast_head":"<!-- This site is optimized with the Yoast SEO plugin v27.2 - https:\/\/yoast.com\/product\/yoast-seo-wordpress\/ -->\n<title>Cabo Verde tranquiliza turistas - Portal Tela Portugal<\/title>\n<meta name=\"robots\" content=\"index, follow, max-snippet:-1, max-image-preview:large, max-video-preview:-1\" \/>\n<meta property=\"og:locale\" content=\"pt_PT\" \/>\n<meta property=\"og:type\" content=\"article\" \/>\n<meta property=\"og:title\" content=\"Cabo Verde tranquiliza turistas - Portal Tela Portugal\" \/>\n<meta property=\"og:description\" content=\"O Governo de Cabo Verde afirma que n\u00e3o h\u00e1 registos de surtos de doen\u00e7as gastrointestinais no pa\u00eds. A vigil\u00e2ncia epidemiol\u00f3gica est\u00e1 ativa e em coopera\u00e7\u00e3o com autoridades de sa\u00fade e operadores tur\u00edsticos. N\u00e3o existem evid\u00eancias de surtos nas ilhas do Sal e da Boa Vista; os casos est\u00e3o dentro do esperado para esta altura do ano e s\u00e3o espor\u00e1dicos. Foi detetada a bact\u00e9ria Shigella em amostras de \u00e1gua de rega de produtos frescos fornecidos a hot\u00e9is, nas ilhas do Sal e da Boa Vista. O Centro Europeu de Preven\u00e7\u00e3o e Controlo de Doen\u00e7as (ECDC) j\u00e1 tinha emitido recomenda\u00e7\u00f5es para viajantes devido a um risco moderado de infe\u00e7\u00f5es gastrointestinais em Santa Maria. O turismo continua a ser o principal motor da economia cabo-verdiana.\" \/>\n<meta property=\"og:url\" content=\"https:\/\/portaltela.pt\/noticias\/2026\/04\/05\/cabo-verde-tranquiliza-turistas\/\" \/>\n<meta property=\"og:site_name\" content=\"Portal Tela Portugal\" \/>\n<meta property=\"article:published_time\" content=\"2026-04-05T14:32:36+00:00\" \/>\n<meta name=\"author\" content=\"Telinha\" \/>\n<meta name=\"twitter:card\" content=\"summary_large_image\" \/>\n<meta name=\"twitter:label1\" content=\"Escrito por\" \/>\n\t<meta name=\"twitter:data1\" content=\"Telinha\" \/>\n\t<meta name=\"twitter:label2\" content=\"Tempo estimado de leitura\" \/>\n\t<meta name=\"twitter:data2\" content=\"1 minuto\" \/>\n<script type=\"application\/ld+json\" class=\"yoast-schema-graph\">{\"@context\":\"https:\/\/schema.org\",\"@graph\":[{\"@type\":\"Article\",\"@id\":\"https:\/\/portaltela.pt\/noticias\/2026\/04\/05\/cabo-verde-tranquiliza-turistas\/#article\",\"isPartOf\":{\"@id\":\"https:\/\/portaltela.pt\/noticias\/2026\/04\/05\/cabo-verde-tranquiliza-turistas\/\"},\"author\":{\"name\":\"Telinha\",\"@id\":\"https:\/\/portaltela.pt\/#\/schema\/person\/c4278d4a6028830caff9ee44b42d32ed\"},\"headline\":\"Cabo Verde tranquiliza turistas\",\"datePublished\":\"2026-04-05T14:32:36+00:00\",\"mainEntityOfPage\":{\"@id\":\"https:\/\/portaltela.pt\/noticias\/2026\/04\/05\/cabo-verde-tranquiliza-turistas\/\"},\"wordCount\":177,\"image\":{\"@id\":\"https:\/\/portaltela.pt\/noticias\/2026\/04\/05\/cabo-verde-tranquiliza-turistas\/#primaryimage\"},\"thumbnailUrl\":\"https:\/\/portaltela.pt\/s.01k8rhncp4jt1\/2026\/04\/image-260.jpg\",\"keywords\":[\"_economia\",\"\u00e1gua\",\"ambiente\",\"epidemiologia\",\"sa\u00fade\",\"turismo\"],\"articleSection\":[\"Sa\u00fade\"],\"inLanguage\":\"pt-PT\"},{\"@type\":\"WebPage\",\"@id\":\"https:\/\/portaltela.pt\/noticias\/2026\/04\/05\/cabo-verde-tranquiliza-turistas\/\",\"url\":\"https:\/\/portaltela.pt\/noticias\/2026\/04\/05\/cabo-verde-tranquiliza-turistas\/\",\"name\":\"Cabo Verde tranquiliza turistas - Portal Tela Portugal\",\"isPartOf\":{\"@id\":\"https:\/\/portaltela.pt\/#website\"},\"primaryImageOfPage\":{\"@id\":\"https:\/\/portaltela.pt\/noticias\/2026\/04\/05\/cabo-verde-tranquiliza-turistas\/#primaryimage\"},\"image\":{\"@id\":\"https:\/\/portaltela.pt\/noticias\/2026\/04\/05\/cabo-verde-tranquiliza-turistas\/#primaryimage\"},\"thumbnailUrl\":\"https:\/\/portaltela.pt\/s.01k8rhncp4jt1\/2026\/04\/image-260.jpg\",\"datePublished\":\"2026-04-05T14:32:36+00:00\",\"author\":{\"@id\":\"https:\/\/portaltela.pt\/#\/schema\/person\/c4278d4a6028830caff9ee44b42d32ed\"},\"breadcrumb\":{\"@id\":\"https:\/\/portaltela.pt\/noticias\/2026\/04\/05\/cabo-verde-tranquiliza-turistas\/#breadcrumb\"},\"inLanguage\":\"pt-PT\",\"potentialAction\":[{\"@type\":\"ReadAction\",\"target\":[\"https:\/\/portaltela.pt\/noticias\/2026\/04\/05\/cabo-verde-tranquiliza-turistas\/\"]}]},{\"@type\":\"ImageObject\",\"inLanguage\":\"pt-PT\",\"@id\":\"https:\/\/portaltela.pt\/noticias\/2026\/04\/05\/cabo-verde-tranquiliza-turistas\/#primaryimage\",\"url\":\"https:\/\/portaltela.pt\/s.01k8rhncp4jt1\/2026\/04\/image-260.jpg\",\"contentUrl\":\"https:\/\/portaltela.pt\/s.01k8rhncp4jt1\/2026\/04\/image-260.jpg\",\"width\":796,\"height\":448,\"caption\":\"Visitar Cabo Verde continua a ser seguro, garantem as autoridades do pa\u00eds insular\"},{\"@type\":\"BreadcrumbList\",\"@id\":\"https:\/\/portaltela.pt\/noticias\/2026\/04\/05\/cabo-verde-tranquiliza-turistas\/#breadcrumb\",\"itemListElement\":[{\"@type\":\"ListItem\",\"position\":1,\"name\":\"In\u00edcio\",\"item\":\"https:\/\/portaltela.pt\/\"},{\"@type\":\"ListItem\",\"position\":2,\"name\":\"Cabo Verde tranquiliza turistas\"}]},{\"@type\":\"WebSite\",\"@id\":\"https:\/\/portaltela.pt\/#website\",\"url\":\"https:\/\/portaltela.pt\/\",\"name\":\"Portal Tela Portugal\",\"description\":\"\",\"potentialAction\":[{\"@type\":\"SearchAction\",\"target\":{\"@type\":\"EntryPoint\",\"urlTemplate\":\"https:\/\/portaltela.pt\/?s={search_term_string}\"},\"query-input\":{\"@type\":\"PropertyValueSpecification\",\"valueRequired\":true,\"valueName\":\"search_term_string\"}}],\"inLanguage\":\"pt-PT\"},{\"@type\":\"Person\",\"@id\":\"https:\/\/portaltela.pt\/#\/schema\/person\/c4278d4a6028830caff9ee44b42d32ed\",\"name\":\"Telinha\",\"image\":{\"@type\":\"ImageObject\",\"inLanguage\":\"pt-PT\",\"@id\":\"https:\/\/portaltela.pt\/s.01k8rhncp4jt1\/2025\/11\/talking-bot-125x125.png\",\"url\":\"https:\/\/portaltela.pt\/s.01k8rhncp4jt1\/2025\/11\/talking-bot-125x125.png\",\"contentUrl\":\"https:\/\/portaltela.pt\/s.01k8rhncp4jt1\/2025\/11\/talking-bot-125x125.png\",\"caption\":\"Telinha\"},\"sameAs\":[\"https:\/\/portaltela.pt\/\"],\"url\":\"https:\/\/portaltela.pt\/por\/367410592786\/\"}]}<\/script>\n<!-- \/ Yoast SEO plugin. -->","yoast_head_json":{"title":"Cabo Verde tranquiliza turistas - Portal Tela Portugal","robots":{"index":"index","follow":"follow","max-snippet":"max-snippet:-1","max-image-preview":"max-image-preview:large","max-video-preview":"max-video-preview:-1"},"og_locale":"pt_PT","og_type":"article","og_title":"Cabo Verde tranquiliza turistas - Portal Tela Portugal","og_description":"O Governo de Cabo Verde afirma que n\u00e3o h\u00e1 registos de surtos de doen\u00e7as gastrointestinais no pa\u00eds. A vigil\u00e2ncia epidemiol\u00f3gica est\u00e1 ativa e em coopera\u00e7\u00e3o com autoridades de sa\u00fade e operadores tur\u00edsticos. N\u00e3o existem evid\u00eancias de surtos nas ilhas do Sal e da Boa Vista; os casos est\u00e3o dentro do esperado para esta altura do ano e s\u00e3o espor\u00e1dicos. Foi detetada a bact\u00e9ria Shigella em amostras de \u00e1gua de rega de produtos frescos fornecidos a hot\u00e9is, nas ilhas do Sal e da Boa Vista. O Centro Europeu de Preven\u00e7\u00e3o e Controlo de Doen\u00e7as (ECDC) j\u00e1 tinha emitido recomenda\u00e7\u00f5es para viajantes devido a um risco moderado de infe\u00e7\u00f5es gastrointestinais em Santa Maria. O turismo continua a ser o principal motor da economia cabo-verdiana.","og_url":"https:\/\/portaltela.pt\/noticias\/2026\/04\/05\/cabo-verde-tranquiliza-turistas\/","og_site_name":"Portal Tela Portugal","article_published_time":"2026-04-05T14:32:36+00:00","author":"Telinha","twitter_card":"summary_large_image","twitter_misc":{"Escrito por":"Telinha","Tempo estimado de leitura":"1 minuto"},"schema":{"@context":"https:\/\/schema.org","@graph":[{"@type":"Article","@id":"https:\/\/portaltela.pt\/noticias\/2026\/04\/05\/cabo-verde-tranquiliza-turistas\/#article","isPartOf":{"@id":"https:\/\/portaltela.pt\/noticias\/2026\/04\/05\/cabo-verde-tranquiliza-turistas\/"},"author":{"name":"Telinha","@id":"https:\/\/portaltela.pt\/#\/schema\/person\/c4278d4a6028830caff9ee44b42d32ed"},"headline":"Cabo Verde tranquiliza turistas","datePublished":"2026-04-05T14:32:36+00:00","mainEntityOfPage":{"@id":"https:\/\/portaltela.pt\/noticias\/2026\/04\/05\/cabo-verde-tranquiliza-turistas\/"},"wordCount":177,"image":{"@id":"https:\/\/portaltela.pt\/noticias\/2026\/04\/05\/cabo-verde-tranquiliza-turistas\/#primaryimage"},"thumbnailUrl":"https:\/\/portaltela.pt\/s.01k8rhncp4jt1\/2026\/04\/image-260.jpg","keywords":["_economia","\u00e1gua","ambiente","epidemiologia","sa\u00fade","turismo"],"articleSection":["Sa\u00fade"],"inLanguage":"pt-PT"},{"@type":"WebPage","@id":"https:\/\/portaltela.pt\/noticias\/2026\/04\/05\/cabo-verde-tranquiliza-turistas\/","url":"https:\/\/portaltela.pt\/noticias\/2026\/04\/05\/cabo-verde-tranquiliza-turistas\/","name":"Cabo Verde tranquiliza turistas - Portal Tela Portugal","isPartOf":{"@id":"https:\/\/portaltela.pt\/#website"},"primaryImageOfPage":{"@id":"https:\/\/portaltela.pt\/noticias\/2026\/04\/05\/cabo-verde-tranquiliza-turistas\/#primaryimage"},"image":{"@id":"https:\/\/portaltela.pt\/noticias\/2026\/04\/05\/cabo-verde-tranquiliza-turistas\/#primaryimage"},"thumbnailUrl":"https:\/\/portaltela.pt\/s.01k8rhncp4jt1\/2026\/04\/image-260.jpg","datePublished":"2026-04-05T14:32:36+00:00","author":{"@id":"https:\/\/portaltela.pt\/#\/schema\/person\/c4278d4a6028830caff9ee44b42d32ed"},"breadcrumb":{"@id":"https:\/\/portaltela.pt\/noticias\/2026\/04\/05\/cabo-verde-tranquiliza-turistas\/#breadcrumb"},"inLanguage":"pt-PT","potentialAction":[{"@type":"ReadAction","target":["https:\/\/portaltela.pt\/noticias\/2026\/04\/05\/cabo-verde-tranquiliza-turistas\/"]}]},{"@type":"ImageObject","inLanguage":"pt-PT","@id":"https:\/\/portaltela.pt\/noticias\/2026\/04\/05\/cabo-verde-tranquiliza-turistas\/#primaryimage","url":"https:\/\/portaltela.pt\/s.01k8rhncp4jt1\/2026\/04\/image-260.jpg","contentUrl":"https:\/\/portaltela.pt\/s.01k8rhncp4jt1\/2026\/04\/image-260.jpg","width":796,"height":448,"caption":"Visitar Cabo Verde continua a ser seguro, garantem as autoridades do pa\u00eds insular"},{"@type":"BreadcrumbList","@id":"https:\/\/portaltela.pt\/noticias\/2026\/04\/05\/cabo-verde-tranquiliza-turistas\/#breadcrumb","itemListElement":[{"@type":"ListItem","position":1,"name":"In\u00edcio","item":"https:\/\/portaltela.pt\/"},{"@type":"ListItem","position":2,"name":"Cabo Verde tranquiliza turistas"}]},{"@type":"WebSite","@id":"https:\/\/portaltela.pt\/#website","url":"https:\/\/portaltela.pt\/","name":"Portal Tela Portugal","description":"","potentialAction":[{"@type":"SearchAction","target":{"@type":"EntryPoint","urlTemplate":"https:\/\/portaltela.pt\/?s={search_term_string}"},"query-input":{"@type":"PropertyValueSpecification","valueRequired":true,"valueName":"search_term_string"}}],"inLanguage":"pt-PT"},{"@type":"Person","@id":"https:\/\/portaltela.pt\/#\/schema\/person\/c4278d4a6028830caff9ee44b42d32ed","name":"Telinha","image":{"@type":"ImageObject","inLanguage":"pt-PT","@id":"https:\/\/portaltela.pt\/s.01k8rhncp4jt1\/2025\/11\/talking-bot-125x125.png","url":"https:\/\/portaltela.pt\/s.01k8rhncp4jt1\/2025\/11\/talking-bot-125x125.png","contentUrl":"https:\/\/portaltela.pt\/s.01k8rhncp4jt1\/2025\/11\/talking-bot-125x125.png","caption":"Telinha"},"sameAs":["https:\/\/portaltela.pt\/"],"url":"https:\/\/portaltela.pt\/por\/367410592786\/"}]}},"_links":{"self":[{"href":"https:\/\/portaltela.pt\/api\/wp\/v2\/posts\/433241","targetHints":{"allow":["GET"]}}],"collection":[{"href":"https:\/\/portaltela.pt\/api\/wp\/v2\/posts"}],"about":[{"href":"https:\/\/portaltela.pt\/api\/wp\/v2\/types\/post"}],"author":[{"embeddable":true,"href":"https:\/\/portaltela.pt\/api\/wp\/v2\/users\/2"}],"replies":[{"embeddable":true,"href":"https:\/\/portaltela.pt\/api\/wp\/v2\/comments?post=433241"}],"version-history":[{"count":0,"href":"https:\/\/portaltela.pt\/api\/wp\/v2\/posts\/433241\/revisions"}],"wp:featuredmedia":[{"embeddable":true,"href":"https:\/\/portaltela.pt\/api\/wp\/v2\/media\/433243"}],"wp:attachment":[{"href":"https:\/\/portaltela.pt\/api\/wp\/v2\/media?parent=433241"}],"wp:term":[{"taxonomy":"category","embeddable":true,"href":"https:\/\/portaltela.pt\/api\/wp\/v2\/categories?post=433241"},{"taxonomy":"post_tag","embeddable":true,"href":"https:\/\/portaltela.pt\/api\/wp\/v2\/tags?post=433241"}],"curies":[{"name":"wp","href":"https:\/\/api.w.org\/{rel}","templated":true}]}}