{"id":433103,"date":"2026-04-05T07:47:03","date_gmt":"2026-04-05T10:47:03","guid":{"rendered":"https:\/\/portaltela.pt\/noticias\/2026\/04\/05\/incendio-urbano-danifica-predio-de-tres-pisos-em-montargil\/"},"modified":"2026-04-05T07:47:03","modified_gmt":"2026-04-05T10:47:03","slug":"incendio-urbano-danifica-predio-de-tres-pisos-em-montargil","status":"publish","type":"post","link":"https:\/\/portaltela.pt\/noticias\/2026\/04\/05\/incendio-urbano-danifica-predio-de-tres-pisos-em-montargil\/","title":{"rendered":"Inc\u00eandio urbano danifica pr\u00e9dio de tr\u00eas pisos em Montargil"},"content":{"rendered":"<p>Um inc\u00eandio urbano deixou parcialmente destru\u00eddo um pr\u00e9dio de tr\u00eas pisos em Montargil, no distrito de Santar\u00e9m. O fogo deflagrou ao in\u00edcio da tarde deste s\u00e1bado. N\u00e3o h\u00e1 registo de v\u00edtimas, mas a habita\u00e7\u00e3o ficou sem condi\u00e7\u00f5es de utiliza\u00e7\u00e3o.<\/p>\n<p>As autoridades reportam que o fogo teve origem desconhecida at\u00e9 ao momento, com extin\u00e7\u00e3o realizada pelos bombeiros locais. O edif\u00edcio afetado permanece isolado e ainda n\u00e3o foi determinada a extens\u00e3o dos danos.<\/p>\n<h3>Inc\u00eandio em anexo em obras na P\u00f3voa do Lanhoso<\/h3>\n<p>Um inc\u00eandio deflagrou num anexo em obras na P\u00f3voa do Lanhoso. Os trabalhos de combate ao fogo est\u00e3o a decorrer, com equipas no local para evitar a propaga\u00e7\u00e3o e avaliar danos estruturais.<\/p>\n<h3>Cigarro eletr\u00f3nico a arder for\u00e7a voo da TAP a aterrar de emerg\u00eancia<\/h3>\n<p>Um cigarro eletr\u00f3nico a arder levou a que a TAP realizasse uma aterragem de emerg\u00eancia. N\u00e3o h\u00e1 detalhes sobre ferimentos ou consequ\u00eancias adicionais, apenas o registo de uma aterragem for\u00e7ada.<\/p>\n<h3>Jos\u00e9 Castelo Branco enfrenta filho de Betty Grafstein em tribunal<\/h3>\n<p>Jos\u00e9 Castelo Branco estar\u00e1 a enfrentar o filho de Betty Grafstein em tribunal, num caso relacionado com pe\u00e7as alegadamente roubadas e leiloadas. O processo est\u00e1 em curso, sem informa\u00e7\u00f5es adicionais divulgadas.<\/p>\n<h3>Amea\u00e7a de viol\u00eancia contra ex-companheira<\/h3>\n<p>Foi reportada uma amea\u00e7a de viol\u00eancia, com o uso de termos agressivos caso a ex-companheira dance com outra pessoa. O caso est\u00e1 a ser acompanhado pelas autoridades, com dilig\u00eancias em curso.<\/p>\n<h3>Ataque \u00e0 faca em Ermesinde<\/h3>\n<p>Lia afirmou ter sido atacada \u00e0 faca por um homem com quem marcou encontro em Ermesinde. O incidente j\u00e1 est\u00e1 a ser investigado pelas autoridades competentes, com mais informa\u00e7\u00f5es a serem divulgadas quando estiverem dispon\u00edveis.<\/p>\n","protected":false},"excerpt":{"rendered":"<ul>\n<li>Inc\u00eandio urbano em Montargil deixou um pr\u00e9dio de tr\u00eas pisos parcialmente destru\u00eddo.<\/li>\n<li>O fogo deflagrou ao in\u00edcio da tarde deste s\u00e1bado.<\/li>\n<li>N\u00e3o houve v\u00edtimas registadas.<\/li>\n<li>A habita\u00e7\u00e3o ficou sem condi\u00e7\u00f5es de utiliza\u00e7\u00e3o.<\/li>\n<\/ul>\n","protected":false},"author":2,"featured_media":433104,"comment_status":"closed","ping_status":"closed","sticky":false,"template":"","format":"standard","meta":{"footnotes":""},"categories":[6849,1],"tags":[4728,971,4069,150,1438,898],"class_list":["post-433103","post","type-post","status-publish","format-standard","has-post-thumbnail","hentry","category-acidentes","category-noticias","tag-ameaca","tag-bombeiros","tag-ermesinde","tag-habitacao","tag-incendio","tag-santarem"],"yoast_head":"<!-- This site is optimized with the Yoast SEO plugin v27.2 - https:\/\/yoast.com\/product\/yoast-seo-wordpress\/ -->\n<title>Inc\u00eandio urbano danifica pr\u00e9dio de tr\u00eas pisos em Montargil - Portal Tela Portugal<\/title>\n<meta name=\"robots\" content=\"index, follow, max-snippet:-1, max-image-preview:large, max-video-preview:-1\" \/>\n<meta property=\"og:locale\" content=\"pt_PT\" \/>\n<meta property=\"og:type\" content=\"article\" \/>\n<meta property=\"og:title\" content=\"Inc\u00eandio urbano danifica pr\u00e9dio de tr\u00eas pisos em Montargil - Portal Tela Portugal\" \/>\n<meta property=\"og:description\" content=\"Inc\u00eandio urbano em Montargil deixou um pr\u00e9dio de tr\u00eas pisos parcialmente destru\u00eddo. O fogo deflagrou ao in\u00edcio da tarde deste s\u00e1bado. N\u00e3o houve v\u00edtimas registadas. A habita\u00e7\u00e3o ficou sem condi\u00e7\u00f5es de utiliza\u00e7\u00e3o.\" \/>\n<meta property=\"og:url\" content=\"https:\/\/portaltela.pt\/noticias\/2026\/04\/05\/incendio-urbano-danifica-predio-de-tres-pisos-em-montargil\/\" \/>\n<meta property=\"og:site_name\" content=\"Portal Tela Portugal\" \/>\n<meta property=\"article:published_time\" content=\"2026-04-05T10:47:03+00:00\" \/>\n<meta name=\"author\" content=\"Telinha\" \/>\n<meta name=\"twitter:card\" content=\"summary_large_image\" \/>\n<meta name=\"twitter:label1\" content=\"Escrito por\" \/>\n\t<meta name=\"twitter:data1\" content=\"Telinha\" \/>\n\t<meta name=\"twitter:label2\" content=\"Tempo estimado de leitura\" \/>\n\t<meta name=\"twitter:data2\" content=\"2 minutos\" \/>\n<script type=\"application\/ld+json\" class=\"yoast-schema-graph\">{\"@context\":\"https:\/\/schema.org\",\"@graph\":[{\"@type\":\"Article\",\"@id\":\"https:\/\/portaltela.pt\/noticias\/2026\/04\/05\/incendio-urbano-danifica-predio-de-tres-pisos-em-montargil\/#article\",\"isPartOf\":{\"@id\":\"https:\/\/portaltela.pt\/noticias\/2026\/04\/05\/incendio-urbano-danifica-predio-de-tres-pisos-em-montargil\/\"},\"author\":{\"name\":\"Telinha\",\"@id\":\"https:\/\/portaltela.pt\/#\/schema\/person\/c4278d4a6028830caff9ee44b42d32ed\"},\"headline\":\"Inc\u00eandio urbano danifica pr\u00e9dio de tr\u00eas pisos em Montargil\",\"datePublished\":\"2026-04-05T10:47:03+00:00\",\"mainEntityOfPage\":{\"@id\":\"https:\/\/portaltela.pt\/noticias\/2026\/04\/05\/incendio-urbano-danifica-predio-de-tres-pisos-em-montargil\/\"},\"wordCount\":320,\"image\":{\"@id\":\"https:\/\/portaltela.pt\/noticias\/2026\/04\/05\/incendio-urbano-danifica-predio-de-tres-pisos-em-montargil\/#primaryimage\"},\"thumbnailUrl\":\"https:\/\/portaltela.pt\/s.01k8rhncp4jt1\/2026\/04\/img_1280x722uu2026-04-05-11-33-49-2276663.jpg\",\"keywords\":[\"amea\u00e7a\",\"bombeiros\",\"Ermesinde\",\"habita\u00e7\u00e3o\",\"inc\u00eandio\",\"Santar\u00e9m\"],\"articleSection\":[\"Acidentes\",\"Not\u00edcias\"],\"inLanguage\":\"pt-PT\"},{\"@type\":\"WebPage\",\"@id\":\"https:\/\/portaltela.pt\/noticias\/2026\/04\/05\/incendio-urbano-danifica-predio-de-tres-pisos-em-montargil\/\",\"url\":\"https:\/\/portaltela.pt\/noticias\/2026\/04\/05\/incendio-urbano-danifica-predio-de-tres-pisos-em-montargil\/\",\"name\":\"Inc\u00eandio urbano danifica pr\u00e9dio de tr\u00eas pisos em Montargil - Portal Tela Portugal\",\"isPartOf\":{\"@id\":\"https:\/\/portaltela.pt\/#website\"},\"primaryImageOfPage\":{\"@id\":\"https:\/\/portaltela.pt\/noticias\/2026\/04\/05\/incendio-urbano-danifica-predio-de-tres-pisos-em-montargil\/#primaryimage\"},\"image\":{\"@id\":\"https:\/\/portaltela.pt\/noticias\/2026\/04\/05\/incendio-urbano-danifica-predio-de-tres-pisos-em-montargil\/#primaryimage\"},\"thumbnailUrl\":\"https:\/\/portaltela.pt\/s.01k8rhncp4jt1\/2026\/04\/img_1280x722uu2026-04-05-11-33-49-2276663.jpg\",\"datePublished\":\"2026-04-05T10:47:03+00:00\",\"author\":{\"@id\":\"https:\/\/portaltela.pt\/#\/schema\/person\/c4278d4a6028830caff9ee44b42d32ed\"},\"breadcrumb\":{\"@id\":\"https:\/\/portaltela.pt\/noticias\/2026\/04\/05\/incendio-urbano-danifica-predio-de-tres-pisos-em-montargil\/#breadcrumb\"},\"inLanguage\":\"pt-PT\",\"potentialAction\":[{\"@type\":\"ReadAction\",\"target\":[\"https:\/\/portaltela.pt\/noticias\/2026\/04\/05\/incendio-urbano-danifica-predio-de-tres-pisos-em-montargil\/\"]}]},{\"@type\":\"ImageObject\",\"inLanguage\":\"pt-PT\",\"@id\":\"https:\/\/portaltela.pt\/noticias\/2026\/04\/05\/incendio-urbano-danifica-predio-de-tres-pisos-em-montargil\/#primaryimage\",\"url\":\"https:\/\/portaltela.pt\/s.01k8rhncp4jt1\/2026\/04\/img_1280x722uu2026-04-05-11-33-49-2276663.jpg\",\"contentUrl\":\"https:\/\/portaltela.pt\/s.01k8rhncp4jt1\/2026\/04\/img_1280x722uu2026-04-05-11-33-49-2276663.jpg\",\"width\":796,\"height\":448,\"caption\":\"Photo\"},{\"@type\":\"BreadcrumbList\",\"@id\":\"https:\/\/portaltela.pt\/noticias\/2026\/04\/05\/incendio-urbano-danifica-predio-de-tres-pisos-em-montargil\/#breadcrumb\",\"itemListElement\":[{\"@type\":\"ListItem\",\"position\":1,\"name\":\"In\u00edcio\",\"item\":\"https:\/\/portaltela.pt\/\"},{\"@type\":\"ListItem\",\"position\":2,\"name\":\"Inc\u00eandio urbano danifica pr\u00e9dio de tr\u00eas pisos em Montargil\"}]},{\"@type\":\"WebSite\",\"@id\":\"https:\/\/portaltela.pt\/#website\",\"url\":\"https:\/\/portaltela.pt\/\",\"name\":\"Portal Tela Portugal\",\"description\":\"\",\"potentialAction\":[{\"@type\":\"SearchAction\",\"target\":{\"@type\":\"EntryPoint\",\"urlTemplate\":\"https:\/\/portaltela.pt\/?s={search_term_string}\"},\"query-input\":{\"@type\":\"PropertyValueSpecification\",\"valueRequired\":true,\"valueName\":\"search_term_string\"}}],\"inLanguage\":\"pt-PT\"},{\"@type\":\"Person\",\"@id\":\"https:\/\/portaltela.pt\/#\/schema\/person\/c4278d4a6028830caff9ee44b42d32ed\",\"name\":\"Telinha\",\"image\":{\"@type\":\"ImageObject\",\"inLanguage\":\"pt-PT\",\"@id\":\"https:\/\/portaltela.pt\/s.01k8rhncp4jt1\/2025\/11\/talking-bot-125x125.png\",\"url\":\"https:\/\/portaltela.pt\/s.01k8rhncp4jt1\/2025\/11\/talking-bot-125x125.png\",\"contentUrl\":\"https:\/\/portaltela.pt\/s.01k8rhncp4jt1\/2025\/11\/talking-bot-125x125.png\",\"caption\":\"Telinha\"},\"sameAs\":[\"https:\/\/portaltela.pt\/\"],\"url\":\"https:\/\/portaltela.pt\/por\/367410592786\/\"}]}<\/script>\n<!-- \/ Yoast SEO plugin. -->","yoast_head_json":{"title":"Inc\u00eandio urbano danifica pr\u00e9dio de tr\u00eas pisos em Montargil - Portal Tela Portugal","robots":{"index":"index","follow":"follow","max-snippet":"max-snippet:-1","max-image-preview":"max-image-preview:large","max-video-preview":"max-video-preview:-1"},"og_locale":"pt_PT","og_type":"article","og_title":"Inc\u00eandio urbano danifica pr\u00e9dio de tr\u00eas pisos em Montargil - Portal Tela Portugal","og_description":"Inc\u00eandio urbano em Montargil deixou um pr\u00e9dio de tr\u00eas pisos parcialmente destru\u00eddo. O fogo deflagrou ao in\u00edcio da tarde deste s\u00e1bado. N\u00e3o houve v\u00edtimas registadas. A habita\u00e7\u00e3o ficou sem condi\u00e7\u00f5es de utiliza\u00e7\u00e3o.","og_url":"https:\/\/portaltela.pt\/noticias\/2026\/04\/05\/incendio-urbano-danifica-predio-de-tres-pisos-em-montargil\/","og_site_name":"Portal Tela Portugal","article_published_time":"2026-04-05T10:47:03+00:00","author":"Telinha","twitter_card":"summary_large_image","twitter_misc":{"Escrito por":"Telinha","Tempo estimado de leitura":"2 minutos"},"schema":{"@context":"https:\/\/schema.org","@graph":[{"@type":"Article","@id":"https:\/\/portaltela.pt\/noticias\/2026\/04\/05\/incendio-urbano-danifica-predio-de-tres-pisos-em-montargil\/#article","isPartOf":{"@id":"https:\/\/portaltela.pt\/noticias\/2026\/04\/05\/incendio-urbano-danifica-predio-de-tres-pisos-em-montargil\/"},"author":{"name":"Telinha","@id":"https:\/\/portaltela.pt\/#\/schema\/person\/c4278d4a6028830caff9ee44b42d32ed"},"headline":"Inc\u00eandio urbano danifica pr\u00e9dio de tr\u00eas pisos em Montargil","datePublished":"2026-04-05T10:47:03+00:00","mainEntityOfPage":{"@id":"https:\/\/portaltela.pt\/noticias\/2026\/04\/05\/incendio-urbano-danifica-predio-de-tres-pisos-em-montargil\/"},"wordCount":320,"image":{"@id":"https:\/\/portaltela.pt\/noticias\/2026\/04\/05\/incendio-urbano-danifica-predio-de-tres-pisos-em-montargil\/#primaryimage"},"thumbnailUrl":"https:\/\/portaltela.pt\/s.01k8rhncp4jt1\/2026\/04\/img_1280x722uu2026-04-05-11-33-49-2276663.jpg","keywords":["amea\u00e7a","bombeiros","Ermesinde","habita\u00e7\u00e3o","inc\u00eandio","Santar\u00e9m"],"articleSection":["Acidentes","Not\u00edcias"],"inLanguage":"pt-PT"},{"@type":"WebPage","@id":"https:\/\/portaltela.pt\/noticias\/2026\/04\/05\/incendio-urbano-danifica-predio-de-tres-pisos-em-montargil\/","url":"https:\/\/portaltela.pt\/noticias\/2026\/04\/05\/incendio-urbano-danifica-predio-de-tres-pisos-em-montargil\/","name":"Inc\u00eandio urbano danifica pr\u00e9dio de tr\u00eas pisos em Montargil - Portal Tela Portugal","isPartOf":{"@id":"https:\/\/portaltela.pt\/#website"},"primaryImageOfPage":{"@id":"https:\/\/portaltela.pt\/noticias\/2026\/04\/05\/incendio-urbano-danifica-predio-de-tres-pisos-em-montargil\/#primaryimage"},"image":{"@id":"https:\/\/portaltela.pt\/noticias\/2026\/04\/05\/incendio-urbano-danifica-predio-de-tres-pisos-em-montargil\/#primaryimage"},"thumbnailUrl":"https:\/\/portaltela.pt\/s.01k8rhncp4jt1\/2026\/04\/img_1280x722uu2026-04-05-11-33-49-2276663.jpg","datePublished":"2026-04-05T10:47:03+00:00","author":{"@id":"https:\/\/portaltela.pt\/#\/schema\/person\/c4278d4a6028830caff9ee44b42d32ed"},"breadcrumb":{"@id":"https:\/\/portaltela.pt\/noticias\/2026\/04\/05\/incendio-urbano-danifica-predio-de-tres-pisos-em-montargil\/#breadcrumb"},"inLanguage":"pt-PT","potentialAction":[{"@type":"ReadAction","target":["https:\/\/portaltela.pt\/noticias\/2026\/04\/05\/incendio-urbano-danifica-predio-de-tres-pisos-em-montargil\/"]}]},{"@type":"ImageObject","inLanguage":"pt-PT","@id":"https:\/\/portaltela.pt\/noticias\/2026\/04\/05\/incendio-urbano-danifica-predio-de-tres-pisos-em-montargil\/#primaryimage","url":"https:\/\/portaltela.pt\/s.01k8rhncp4jt1\/2026\/04\/img_1280x722uu2026-04-05-11-33-49-2276663.jpg","contentUrl":"https:\/\/portaltela.pt\/s.01k8rhncp4jt1\/2026\/04\/img_1280x722uu2026-04-05-11-33-49-2276663.jpg","width":796,"height":448,"caption":"Photo"},{"@type":"BreadcrumbList","@id":"https:\/\/portaltela.pt\/noticias\/2026\/04\/05\/incendio-urbano-danifica-predio-de-tres-pisos-em-montargil\/#breadcrumb","itemListElement":[{"@type":"ListItem","position":1,"name":"In\u00edcio","item":"https:\/\/portaltela.pt\/"},{"@type":"ListItem","position":2,"name":"Inc\u00eandio urbano danifica pr\u00e9dio de tr\u00eas pisos em Montargil"}]},{"@type":"WebSite","@id":"https:\/\/portaltela.pt\/#website","url":"https:\/\/portaltela.pt\/","name":"Portal Tela Portugal","description":"","potentialAction":[{"@type":"SearchAction","target":{"@type":"EntryPoint","urlTemplate":"https:\/\/portaltela.pt\/?s={search_term_string}"},"query-input":{"@type":"PropertyValueSpecification","valueRequired":true,"valueName":"search_term_string"}}],"inLanguage":"pt-PT"},{"@type":"Person","@id":"https:\/\/portaltela.pt\/#\/schema\/person\/c4278d4a6028830caff9ee44b42d32ed","name":"Telinha","image":{"@type":"ImageObject","inLanguage":"pt-PT","@id":"https:\/\/portaltela.pt\/s.01k8rhncp4jt1\/2025\/11\/talking-bot-125x125.png","url":"https:\/\/portaltela.pt\/s.01k8rhncp4jt1\/2025\/11\/talking-bot-125x125.png","contentUrl":"https:\/\/portaltela.pt\/s.01k8rhncp4jt1\/2025\/11\/talking-bot-125x125.png","caption":"Telinha"},"sameAs":["https:\/\/portaltela.pt\/"],"url":"https:\/\/portaltela.pt\/por\/367410592786\/"}]}},"_links":{"self":[{"href":"https:\/\/portaltela.pt\/api\/wp\/v2\/posts\/433103","targetHints":{"allow":["GET"]}}],"collection":[{"href":"https:\/\/portaltela.pt\/api\/wp\/v2\/posts"}],"about":[{"href":"https:\/\/portaltela.pt\/api\/wp\/v2\/types\/post"}],"author":[{"embeddable":true,"href":"https:\/\/portaltela.pt\/api\/wp\/v2\/users\/2"}],"replies":[{"embeddable":true,"href":"https:\/\/portaltela.pt\/api\/wp\/v2\/comments?post=433103"}],"version-history":[{"count":0,"href":"https:\/\/portaltela.pt\/api\/wp\/v2\/posts\/433103\/revisions"}],"wp:featuredmedia":[{"embeddable":true,"href":"https:\/\/portaltela.pt\/api\/wp\/v2\/media\/433104"}],"wp:attachment":[{"href":"https:\/\/portaltela.pt\/api\/wp\/v2\/media?parent=433103"}],"wp:term":[{"taxonomy":"category","embeddable":true,"href":"https:\/\/portaltela.pt\/api\/wp\/v2\/categories?post=433103"},{"taxonomy":"post_tag","embeddable":true,"href":"https:\/\/portaltela.pt\/api\/wp\/v2\/tags?post=433103"}],"curies":[{"name":"wp","href":"https:\/\/api.w.org\/{rel}","templated":true}]}}