{"id":433096,"date":"2026-04-05T07:32:34","date_gmt":"2026-04-05T10:32:34","guid":{"rendered":"https:\/\/portaltela.pt\/noticias\/2026\/04\/05\/jogador-dos-lakers-e-comparado-a-mbappe-apos-exame-feito-no-local-errado\/"},"modified":"2026-04-05T07:32:34","modified_gmt":"2026-04-05T10:32:34","slug":"jogador-dos-lakers-e-comparado-a-mbappe-apos-exame-feito-no-local-errado","status":"publish","type":"post","link":"https:\/\/portaltela.pt\/desporto\/futebol\/2026\/04\/05\/jogador-dos-lakers-e-comparado-a-mbappe-apos-exame-feito-no-local-errado\/","title":{"rendered":"Jogador dos Lakers \u00e9 comparado a Mbapp\u00e9 ap\u00f3s exame feito no local errado"},"content":{"rendered":"<p>Austin Reaves sofreu uma entorse no m\u00fasculo obl\u00edquo durante o jogo entre Oklahoma City Thunder e Los Angeles Lakers, tendo jogado apesar da dor. O diagn\u00f3stico inicial foi feito pelo departamento m\u00e9dico dos Dallas Mavericks, que conduziu a avalia\u00e7\u00e3o.<\/p>\n<p>Ap\u00f3s a partida, um segundo exame revelou que a les\u00e3o \u00e9 de grau 2, impondo uma pausa de quatro a seis semanas. A falha de diagn\u00f3stico inicial acontece por ter sido realizada a resson\u00e2ncia no local errado, segundo a equipa de Reaves.<\/p>\n<p>JJ Redick, treinador dos Lakers, afirmou que houve erro t\u00e9cnico no diagn\u00f3stico dos Mavericks, sem acusar indiv\u00edduos espec\u00edficos. O comunicado n\u00e3o detalha responsabilidade, e n\u00e3o houve explica\u00e7\u00e3o oficial daqui a j\u00e1.<\/p>\n<h3>Compara\u00e7\u00e3o com Mbapp\u00e9<\/h3>\n<p>A situa\u00e7\u00e3o remete a um caso recente com Mbapp\u00e9, do Real Madrid, que teve diagn\u00f3stico incorreto de joelho pela mesma cl\u00ednica. O erro levou ao despedimento de m\u00e9dicos segundo a RMC Sports, conforme reportagem publicada.<\/p>\n<p>Os Lakers j\u00e1 enfrentam outros problemas f\u00edsicos, com Luka Don\u010di\u0107 tornando-se indispon\u00edvel por tempo indefinido devido a les\u00e3o muscular. A equipa luta para manter o 3\u00ba lugar na Confer\u00eancia Oeste, \u00e0 medida que avan\u00e7a a fase final da liga.<\/p>\n","protected":false},"excerpt":{"rendered":"<p>\u2022Austin Reaves lesionou-se num m\u00fasculo obl\u00edquo durante o jogo frente aos Oklahoma City Thunder e foi ao hospital para uma resson\u00e2ncia magn\u00e9tica.<\/p>\n<p>\u2022Os m\u00e9dicos dos Dallas Mavericks realizaram a resson\u00e2ncia no local errado, segundo o treinador dos Lakers, JJ Redick, que pediu corre\u00e7\u00e3o no diagn\u00f3stico.<\/p>\n<p>\u2022Um segundo exame confirmou uma les\u00e3o de grau dois, o que deve obrigar Reaves a parar entre quatro a seis semanas.<\/p>\n<p>\u2022A falha diagn\u00f3stica pode afetar a reta final da fase regular e a primeira ronda dos playoffs.<\/p>\n<p>\u2022A compara\u00e7\u00e3o com Mbapp\u00e9 \u00e9 usada devido a diagn\u00f3stico incorreto semelhante do Real Madrid; o clube enfrentou demiss\u00f5es de m\u00e9dicos no in\u00edcio do ano. Tamb\u00e9m Luka Don\u010di\u0107 est\u00e1 lesionado, deixando os Lakers com problemas f\u00edsicos antes de manterem o terceiro lugar na Confer\u00eancia Oeste.<\/p>\n","protected":false},"author":2,"featured_media":433100,"comment_status":"closed","ping_status":"closed","sticky":false,"template":"","format":"standard","meta":{"footnotes":""},"categories":[21,24],"tags":[4929,152,2681,2538,6906,7211],"class_list":["post-433096","post","type-post","status-publish","format-standard","has-post-thumbnail","hentry","category-desporto","category-futebol","tag-clinicas","tag-desporto","tag-desporto-internacional","tag-lesoes","tag-los-angeles","tag-medicina"],"yoast_head":"<!-- This site is optimized with the Yoast SEO plugin v27.2 - https:\/\/yoast.com\/product\/yoast-seo-wordpress\/ -->\n<title>Jogador dos Lakers \u00e9 comparado a Mbapp\u00e9 ap\u00f3s exame feito no local errado - Portal Tela Portugal<\/title>\n<meta name=\"robots\" content=\"index, follow, max-snippet:-1, max-image-preview:large, max-video-preview:-1\" \/>\n<meta property=\"og:locale\" content=\"pt_PT\" \/>\n<meta property=\"og:type\" content=\"article\" \/>\n<meta property=\"og:title\" content=\"Jogador dos Lakers \u00e9 comparado a Mbapp\u00e9 ap\u00f3s exame feito no local errado - Portal Tela Portugal\" \/>\n<meta property=\"og:description\" content=\"\u2022Austin Reaves lesionou-se num m\u00fasculo obl\u00edquo durante o jogo frente aos Oklahoma City Thunder e foi ao hospital para uma resson\u00e2ncia magn\u00e9tica. \u2022Os m\u00e9dicos dos Dallas Mavericks realizaram a resson\u00e2ncia no local errado, segundo o treinador dos Lakers, JJ Redick, que pediu corre\u00e7\u00e3o no diagn\u00f3stico. \u2022Um segundo exame confirmou uma les\u00e3o de grau dois, o que deve obrigar Reaves a parar entre quatro a seis semanas. \u2022A falha diagn\u00f3stica pode afetar a reta final da fase regular e a primeira ronda dos playoffs. \u2022A compara\u00e7\u00e3o com Mbapp\u00e9 \u00e9 usada devido a diagn\u00f3stico incorreto semelhante do Real Madrid; o clube enfrentou demiss\u00f5es de m\u00e9dicos no in\u00edcio do ano. Tamb\u00e9m Luka Don\u010di\u0107 est\u00e1 lesionado, deixando os Lakers com problemas f\u00edsicos antes de manterem o terceiro lugar na Confer\u00eancia Oeste.\" \/>\n<meta property=\"og:url\" content=\"https:\/\/portaltela.pt\/noticias\/2026\/04\/05\/jogador-dos-lakers-e-comparado-a-mbappe-apos-exame-feito-no-local-errado\/\" \/>\n<meta property=\"og:site_name\" content=\"Portal Tela Portugal\" \/>\n<meta property=\"article:published_time\" content=\"2026-04-05T10:32:34+00:00\" \/>\n<meta name=\"author\" content=\"Telinha\" \/>\n<meta name=\"twitter:card\" content=\"summary_large_image\" \/>\n<meta name=\"twitter:label1\" content=\"Escrito por\" \/>\n\t<meta name=\"twitter:data1\" content=\"Telinha\" \/>\n\t<meta name=\"twitter:label2\" content=\"Tempo estimado de leitura\" \/>\n\t<meta name=\"twitter:data2\" content=\"1 minuto\" \/>\n<script type=\"application\/ld+json\" class=\"yoast-schema-graph\">{\"@context\":\"https:\/\/schema.org\",\"@graph\":[{\"@type\":\"Article\",\"@id\":\"https:\/\/portaltela.pt\/noticias\/2026\/04\/05\/jogador-dos-lakers-e-comparado-a-mbappe-apos-exame-feito-no-local-errado\/#article\",\"isPartOf\":{\"@id\":\"https:\/\/portaltela.pt\/noticias\/2026\/04\/05\/jogador-dos-lakers-e-comparado-a-mbappe-apos-exame-feito-no-local-errado\/\"},\"author\":{\"name\":\"Telinha\",\"@id\":\"https:\/\/portaltela.pt\/#\/schema\/person\/c4278d4a6028830caff9ee44b42d32ed\"},\"headline\":\"Jogador dos Lakers \u00e9 comparado a Mbapp\u00e9 ap\u00f3s exame feito no local errado\",\"datePublished\":\"2026-04-05T10:32:34+00:00\",\"mainEntityOfPage\":{\"@id\":\"https:\/\/portaltela.pt\/noticias\/2026\/04\/05\/jogador-dos-lakers-e-comparado-a-mbappe-apos-exame-feito-no-local-errado\/\"},\"wordCount\":225,\"image\":{\"@id\":\"https:\/\/portaltela.pt\/noticias\/2026\/04\/05\/jogador-dos-lakers-e-comparado-a-mbappe-apos-exame-feito-no-local-errado\/#primaryimage\"},\"thumbnailUrl\":\"https:\/\/portaltela.pt\/s.01k8rhncp4jt1\/2026\/04\/img_920x518uu2026-04-05-11-15-24-2431237.jpg\",\"keywords\":[\"cl\u00ednicas\",\"desporto\",\"desporto internacional\",\"les\u00f5es\",\"Los Angeles\",\"medicina\"],\"articleSection\":[\"Desporto\",\"Futebol\"],\"inLanguage\":\"pt-PT\"},{\"@type\":\"WebPage\",\"@id\":\"https:\/\/portaltela.pt\/noticias\/2026\/04\/05\/jogador-dos-lakers-e-comparado-a-mbappe-apos-exame-feito-no-local-errado\/\",\"url\":\"https:\/\/portaltela.pt\/noticias\/2026\/04\/05\/jogador-dos-lakers-e-comparado-a-mbappe-apos-exame-feito-no-local-errado\/\",\"name\":\"Jogador dos Lakers \u00e9 comparado a Mbapp\u00e9 ap\u00f3s exame feito no local errado - Portal Tela Portugal\",\"isPartOf\":{\"@id\":\"https:\/\/portaltela.pt\/#website\"},\"primaryImageOfPage\":{\"@id\":\"https:\/\/portaltela.pt\/noticias\/2026\/04\/05\/jogador-dos-lakers-e-comparado-a-mbappe-apos-exame-feito-no-local-errado\/#primaryimage\"},\"image\":{\"@id\":\"https:\/\/portaltela.pt\/noticias\/2026\/04\/05\/jogador-dos-lakers-e-comparado-a-mbappe-apos-exame-feito-no-local-errado\/#primaryimage\"},\"thumbnailUrl\":\"https:\/\/portaltela.pt\/s.01k8rhncp4jt1\/2026\/04\/img_920x518uu2026-04-05-11-15-24-2431237.jpg\",\"datePublished\":\"2026-04-05T10:32:34+00:00\",\"author\":{\"@id\":\"https:\/\/portaltela.pt\/#\/schema\/person\/c4278d4a6028830caff9ee44b42d32ed\"},\"breadcrumb\":{\"@id\":\"https:\/\/portaltela.pt\/noticias\/2026\/04\/05\/jogador-dos-lakers-e-comparado-a-mbappe-apos-exame-feito-no-local-errado\/#breadcrumb\"},\"inLanguage\":\"pt-PT\",\"potentialAction\":[{\"@type\":\"ReadAction\",\"target\":[\"https:\/\/portaltela.pt\/noticias\/2026\/04\/05\/jogador-dos-lakers-e-comparado-a-mbappe-apos-exame-feito-no-local-errado\/\"]}]},{\"@type\":\"ImageObject\",\"inLanguage\":\"pt-PT\",\"@id\":\"https:\/\/portaltela.pt\/noticias\/2026\/04\/05\/jogador-dos-lakers-e-comparado-a-mbappe-apos-exame-feito-no-local-errado\/#primaryimage\",\"url\":\"https:\/\/portaltela.pt\/s.01k8rhncp4jt1\/2026\/04\/img_920x518uu2026-04-05-11-15-24-2431237.jpg\",\"contentUrl\":\"https:\/\/portaltela.pt\/s.01k8rhncp4jt1\/2026\/04\/img_920x518uu2026-04-05-11-15-24-2431237.jpg\",\"width\":920,\"height\":518,\"caption\":\"Austin Reaves no duelo entre OKC e Lakers\"},{\"@type\":\"BreadcrumbList\",\"@id\":\"https:\/\/portaltela.pt\/noticias\/2026\/04\/05\/jogador-dos-lakers-e-comparado-a-mbappe-apos-exame-feito-no-local-errado\/#breadcrumb\",\"itemListElement\":[{\"@type\":\"ListItem\",\"position\":1,\"name\":\"In\u00edcio\",\"item\":\"https:\/\/portaltela.pt\/\"},{\"@type\":\"ListItem\",\"position\":2,\"name\":\"Jogador dos Lakers \u00e9 comparado a Mbapp\u00e9 ap\u00f3s exame feito no local errado\"}]},{\"@type\":\"WebSite\",\"@id\":\"https:\/\/portaltela.pt\/#website\",\"url\":\"https:\/\/portaltela.pt\/\",\"name\":\"Portal Tela Portugal\",\"description\":\"\",\"potentialAction\":[{\"@type\":\"SearchAction\",\"target\":{\"@type\":\"EntryPoint\",\"urlTemplate\":\"https:\/\/portaltela.pt\/?s={search_term_string}\"},\"query-input\":{\"@type\":\"PropertyValueSpecification\",\"valueRequired\":true,\"valueName\":\"search_term_string\"}}],\"inLanguage\":\"pt-PT\"},{\"@type\":\"Person\",\"@id\":\"https:\/\/portaltela.pt\/#\/schema\/person\/c4278d4a6028830caff9ee44b42d32ed\",\"name\":\"Telinha\",\"image\":{\"@type\":\"ImageObject\",\"inLanguage\":\"pt-PT\",\"@id\":\"https:\/\/portaltela.pt\/s.01k8rhncp4jt1\/2025\/11\/talking-bot-125x125.png\",\"url\":\"https:\/\/portaltela.pt\/s.01k8rhncp4jt1\/2025\/11\/talking-bot-125x125.png\",\"contentUrl\":\"https:\/\/portaltela.pt\/s.01k8rhncp4jt1\/2025\/11\/talking-bot-125x125.png\",\"caption\":\"Telinha\"},\"sameAs\":[\"https:\/\/portaltela.pt\/\"],\"url\":\"https:\/\/portaltela.pt\/por\/367410592786\/\"}]}<\/script>\n<!-- \/ Yoast SEO plugin. -->","yoast_head_json":{"title":"Jogador dos Lakers \u00e9 comparado a Mbapp\u00e9 ap\u00f3s exame feito no local errado - Portal Tela Portugal","robots":{"index":"index","follow":"follow","max-snippet":"max-snippet:-1","max-image-preview":"max-image-preview:large","max-video-preview":"max-video-preview:-1"},"og_locale":"pt_PT","og_type":"article","og_title":"Jogador dos Lakers \u00e9 comparado a Mbapp\u00e9 ap\u00f3s exame feito no local errado - Portal Tela Portugal","og_description":"\u2022Austin Reaves lesionou-se num m\u00fasculo obl\u00edquo durante o jogo frente aos Oklahoma City Thunder e foi ao hospital para uma resson\u00e2ncia magn\u00e9tica. \u2022Os m\u00e9dicos dos Dallas Mavericks realizaram a resson\u00e2ncia no local errado, segundo o treinador dos Lakers, JJ Redick, que pediu corre\u00e7\u00e3o no diagn\u00f3stico. \u2022Um segundo exame confirmou uma les\u00e3o de grau dois, o que deve obrigar Reaves a parar entre quatro a seis semanas. \u2022A falha diagn\u00f3stica pode afetar a reta final da fase regular e a primeira ronda dos playoffs. \u2022A compara\u00e7\u00e3o com Mbapp\u00e9 \u00e9 usada devido a diagn\u00f3stico incorreto semelhante do Real Madrid; o clube enfrentou demiss\u00f5es de m\u00e9dicos no in\u00edcio do ano. Tamb\u00e9m Luka Don\u010di\u0107 est\u00e1 lesionado, deixando os Lakers com problemas f\u00edsicos antes de manterem o terceiro lugar na Confer\u00eancia Oeste.","og_url":"https:\/\/portaltela.pt\/noticias\/2026\/04\/05\/jogador-dos-lakers-e-comparado-a-mbappe-apos-exame-feito-no-local-errado\/","og_site_name":"Portal Tela Portugal","article_published_time":"2026-04-05T10:32:34+00:00","author":"Telinha","twitter_card":"summary_large_image","twitter_misc":{"Escrito por":"Telinha","Tempo estimado de leitura":"1 minuto"},"schema":{"@context":"https:\/\/schema.org","@graph":[{"@type":"Article","@id":"https:\/\/portaltela.pt\/noticias\/2026\/04\/05\/jogador-dos-lakers-e-comparado-a-mbappe-apos-exame-feito-no-local-errado\/#article","isPartOf":{"@id":"https:\/\/portaltela.pt\/noticias\/2026\/04\/05\/jogador-dos-lakers-e-comparado-a-mbappe-apos-exame-feito-no-local-errado\/"},"author":{"name":"Telinha","@id":"https:\/\/portaltela.pt\/#\/schema\/person\/c4278d4a6028830caff9ee44b42d32ed"},"headline":"Jogador dos Lakers \u00e9 comparado a Mbapp\u00e9 ap\u00f3s exame feito no local errado","datePublished":"2026-04-05T10:32:34+00:00","mainEntityOfPage":{"@id":"https:\/\/portaltela.pt\/noticias\/2026\/04\/05\/jogador-dos-lakers-e-comparado-a-mbappe-apos-exame-feito-no-local-errado\/"},"wordCount":225,"image":{"@id":"https:\/\/portaltela.pt\/noticias\/2026\/04\/05\/jogador-dos-lakers-e-comparado-a-mbappe-apos-exame-feito-no-local-errado\/#primaryimage"},"thumbnailUrl":"https:\/\/portaltela.pt\/s.01k8rhncp4jt1\/2026\/04\/img_920x518uu2026-04-05-11-15-24-2431237.jpg","keywords":["cl\u00ednicas","desporto","desporto internacional","les\u00f5es","Los Angeles","medicina"],"articleSection":["Desporto","Futebol"],"inLanguage":"pt-PT"},{"@type":"WebPage","@id":"https:\/\/portaltela.pt\/noticias\/2026\/04\/05\/jogador-dos-lakers-e-comparado-a-mbappe-apos-exame-feito-no-local-errado\/","url":"https:\/\/portaltela.pt\/noticias\/2026\/04\/05\/jogador-dos-lakers-e-comparado-a-mbappe-apos-exame-feito-no-local-errado\/","name":"Jogador dos Lakers \u00e9 comparado a Mbapp\u00e9 ap\u00f3s exame feito no local errado - Portal Tela Portugal","isPartOf":{"@id":"https:\/\/portaltela.pt\/#website"},"primaryImageOfPage":{"@id":"https:\/\/portaltela.pt\/noticias\/2026\/04\/05\/jogador-dos-lakers-e-comparado-a-mbappe-apos-exame-feito-no-local-errado\/#primaryimage"},"image":{"@id":"https:\/\/portaltela.pt\/noticias\/2026\/04\/05\/jogador-dos-lakers-e-comparado-a-mbappe-apos-exame-feito-no-local-errado\/#primaryimage"},"thumbnailUrl":"https:\/\/portaltela.pt\/s.01k8rhncp4jt1\/2026\/04\/img_920x518uu2026-04-05-11-15-24-2431237.jpg","datePublished":"2026-04-05T10:32:34+00:00","author":{"@id":"https:\/\/portaltela.pt\/#\/schema\/person\/c4278d4a6028830caff9ee44b42d32ed"},"breadcrumb":{"@id":"https:\/\/portaltela.pt\/noticias\/2026\/04\/05\/jogador-dos-lakers-e-comparado-a-mbappe-apos-exame-feito-no-local-errado\/#breadcrumb"},"inLanguage":"pt-PT","potentialAction":[{"@type":"ReadAction","target":["https:\/\/portaltela.pt\/noticias\/2026\/04\/05\/jogador-dos-lakers-e-comparado-a-mbappe-apos-exame-feito-no-local-errado\/"]}]},{"@type":"ImageObject","inLanguage":"pt-PT","@id":"https:\/\/portaltela.pt\/noticias\/2026\/04\/05\/jogador-dos-lakers-e-comparado-a-mbappe-apos-exame-feito-no-local-errado\/#primaryimage","url":"https:\/\/portaltela.pt\/s.01k8rhncp4jt1\/2026\/04\/img_920x518uu2026-04-05-11-15-24-2431237.jpg","contentUrl":"https:\/\/portaltela.pt\/s.01k8rhncp4jt1\/2026\/04\/img_920x518uu2026-04-05-11-15-24-2431237.jpg","width":920,"height":518,"caption":"Austin Reaves no duelo entre OKC e Lakers"},{"@type":"BreadcrumbList","@id":"https:\/\/portaltela.pt\/noticias\/2026\/04\/05\/jogador-dos-lakers-e-comparado-a-mbappe-apos-exame-feito-no-local-errado\/#breadcrumb","itemListElement":[{"@type":"ListItem","position":1,"name":"In\u00edcio","item":"https:\/\/portaltela.pt\/"},{"@type":"ListItem","position":2,"name":"Jogador dos Lakers \u00e9 comparado a Mbapp\u00e9 ap\u00f3s exame feito no local errado"}]},{"@type":"WebSite","@id":"https:\/\/portaltela.pt\/#website","url":"https:\/\/portaltela.pt\/","name":"Portal Tela Portugal","description":"","potentialAction":[{"@type":"SearchAction","target":{"@type":"EntryPoint","urlTemplate":"https:\/\/portaltela.pt\/?s={search_term_string}"},"query-input":{"@type":"PropertyValueSpecification","valueRequired":true,"valueName":"search_term_string"}}],"inLanguage":"pt-PT"},{"@type":"Person","@id":"https:\/\/portaltela.pt\/#\/schema\/person\/c4278d4a6028830caff9ee44b42d32ed","name":"Telinha","image":{"@type":"ImageObject","inLanguage":"pt-PT","@id":"https:\/\/portaltela.pt\/s.01k8rhncp4jt1\/2025\/11\/talking-bot-125x125.png","url":"https:\/\/portaltela.pt\/s.01k8rhncp4jt1\/2025\/11\/talking-bot-125x125.png","contentUrl":"https:\/\/portaltela.pt\/s.01k8rhncp4jt1\/2025\/11\/talking-bot-125x125.png","caption":"Telinha"},"sameAs":["https:\/\/portaltela.pt\/"],"url":"https:\/\/portaltela.pt\/por\/367410592786\/"}]}},"_links":{"self":[{"href":"https:\/\/portaltela.pt\/api\/wp\/v2\/posts\/433096","targetHints":{"allow":["GET"]}}],"collection":[{"href":"https:\/\/portaltela.pt\/api\/wp\/v2\/posts"}],"about":[{"href":"https:\/\/portaltela.pt\/api\/wp\/v2\/types\/post"}],"author":[{"embeddable":true,"href":"https:\/\/portaltela.pt\/api\/wp\/v2\/users\/2"}],"replies":[{"embeddable":true,"href":"https:\/\/portaltela.pt\/api\/wp\/v2\/comments?post=433096"}],"version-history":[{"count":0,"href":"https:\/\/portaltela.pt\/api\/wp\/v2\/posts\/433096\/revisions"}],"wp:featuredmedia":[{"embeddable":true,"href":"https:\/\/portaltela.pt\/api\/wp\/v2\/media\/433100"}],"wp:attachment":[{"href":"https:\/\/portaltela.pt\/api\/wp\/v2\/media?parent=433096"}],"wp:term":[{"taxonomy":"category","embeddable":true,"href":"https:\/\/portaltela.pt\/api\/wp\/v2\/categories?post=433096"},{"taxonomy":"post_tag","embeddable":true,"href":"https:\/\/portaltela.pt\/api\/wp\/v2\/tags?post=433096"}],"curies":[{"name":"wp","href":"https:\/\/api.w.org\/{rel}","templated":true}]}}