{"id":433045,"date":"2026-04-05T06:17:09","date_gmt":"2026-04-05T09:17:09","guid":{"rendered":"https:\/\/portaltela.pt\/noticias\/2026\/04\/05\/carlos-cabreiro-reconhecido-por-ser-humilde-e-trabalhador\/"},"modified":"2026-04-05T06:17:09","modified_gmt":"2026-04-05T09:17:09","slug":"carlos-cabreiro-reconhecido-por-ser-humilde-e-trabalhador","status":"publish","type":"post","link":"https:\/\/portaltela.pt\/policia\/2026\/04\/05\/carlos-cabreiro-reconhecido-por-ser-humilde-e-trabalhador\/","title":{"rendered":"Carlos Cabreiro, reconhecido por ser humilde e trabalhador"},"content":{"rendered":"<p>O Governo revelou o nome do novo diretor da Pol\u00edcia Judici\u00e1ria 38 dias ap\u00f3s ter anunciado a sa\u00edda de Lu\u00eds Neves para a tutela da Administra\u00e7\u00e3o Interna. Carlos Cabreiro fica no cargo por um mandato de tr\u00eas anos.<\/p>\n<p>Cabreiro licenciou-se em Direito e tirou p\u00f3s-gradua\u00e7\u00e3o em Guerra de Informa\u00e7\u00e3o. Saiu ainda jovem da aldeia de Picote, em Tr\u00e1s-os-Montes, para estudar em Lisboa e acabou por fixar-se na capital.<\/p>\n<p>O nome foi escolhido para liderar a PJ no \u00e2mbito de uma reforma institucional em curso, com foco na melhoria da investiga\u00e7\u00e3o criminal e na coordena\u00e7\u00e3o entre for\u00e7as.<\/p>\n<p>Natural de Picote, cabreiro traz uma trajet\u00f3ria marcada por experi\u00eancia em casos medi\u00e1ticos ao longo da carreira, cabendo-lhe a gest\u00e3o de uma estrutura de investiga\u00e7\u00e3o de alto n\u00edvel.<\/p>\n","protected":false},"excerpt":{"rendered":"<ul>\n<li>Carlos Cabreiro foi anunciado como diretor da Pol\u00edcia Judici\u00e1ria, com um mandato de tr\u00eas anos, ap\u00f3s 38 dias desde a sa\u00edda de Lu\u00eds Neves.<\/li>\n<li>Saiu do combate ao cibercrime para ocupar o topo da PJ.<\/li>\n<li>\u00c9 licenciado em Direito e p\u00f3s-graduado em Guerra de Informa\u00e7\u00e3o, trazendo experi\u00eancia na \u00e1rea.<\/li>\n<li>Nascido em Picote, aldeia de Tr\u00e1s-os-Montes junto ao Douro, ficou conhecido pela passagem pela aldeia antes de estudar em Lisboa.<\/li>\n<li>O Governo demorou 38 dias a comunicar o nome do novo diretor ap\u00f3s a sa\u00edda de Lu\u00eds Neves para a pasta da Administra\u00e7\u00e3o Interna.<\/li>\n<\/ul>\n","protected":false},"author":2,"featured_media":433048,"comment_status":"closed","ping_status":"closed","sticky":false,"template":"","format":"standard","meta":{"footnotes":""},"categories":[6781],"tags":[5798,34,217,1802,36,1811],"class_list":["post-433045","post","type-post","status-publish","format-standard","has-post-thumbnail","hentry","category-policia","tag-administracao-interna","tag-governo","tag-investigacao-criminal","tag-policia-judiciaria","tag-reforma","tag-tras-os-montes"],"yoast_head":"<!-- This site is optimized with the Yoast SEO plugin v27.2 - https:\/\/yoast.com\/product\/yoast-seo-wordpress\/ -->\n<title>Carlos Cabreiro, reconhecido por ser humilde e trabalhador - Portal Tela Portugal<\/title>\n<meta name=\"robots\" content=\"index, follow, max-snippet:-1, max-image-preview:large, max-video-preview:-1\" \/>\n<meta property=\"og:locale\" content=\"pt_PT\" \/>\n<meta property=\"og:type\" content=\"article\" \/>\n<meta property=\"og:title\" content=\"Carlos Cabreiro, reconhecido por ser humilde e trabalhador - Portal Tela Portugal\" \/>\n<meta property=\"og:description\" content=\"Carlos Cabreiro foi anunciado como diretor da Pol\u00edcia Judici\u00e1ria, com um mandato de tr\u00eas anos, ap\u00f3s 38 dias desde a sa\u00edda de Lu\u00eds Neves. Saiu do combate ao cibercrime para ocupar o topo da PJ. \u00c9 licenciado em Direito e p\u00f3s-graduado em Guerra de Informa\u00e7\u00e3o, trazendo experi\u00eancia na \u00e1rea. Nascido em Picote, aldeia de Tr\u00e1s-os-Montes junto ao Douro, ficou conhecido pela passagem pela aldeia antes de estudar em Lisboa. O Governo demorou 38 dias a comunicar o nome do novo diretor ap\u00f3s a sa\u00edda de Lu\u00eds Neves para a pasta da Administra\u00e7\u00e3o Interna.\" \/>\n<meta property=\"og:url\" content=\"https:\/\/portaltela.pt\/noticias\/2026\/04\/05\/carlos-cabreiro-reconhecido-por-ser-humilde-e-trabalhador\/\" \/>\n<meta property=\"og:site_name\" content=\"Portal Tela Portugal\" \/>\n<meta property=\"article:published_time\" content=\"2026-04-05T09:17:09+00:00\" \/>\n<meta name=\"author\" content=\"Telinha\" \/>\n<meta name=\"twitter:card\" content=\"summary_large_image\" \/>\n<meta name=\"twitter:label1\" content=\"Escrito por\" \/>\n\t<meta name=\"twitter:data1\" content=\"Telinha\" \/>\n\t<meta name=\"twitter:label2\" content=\"Tempo estimado de leitura\" \/>\n\t<meta name=\"twitter:data2\" content=\"1 minuto\" \/>\n<script type=\"application\/ld+json\" class=\"yoast-schema-graph\">{\"@context\":\"https:\/\/schema.org\",\"@graph\":[{\"@type\":\"Article\",\"@id\":\"https:\/\/portaltela.pt\/noticias\/2026\/04\/05\/carlos-cabreiro-reconhecido-por-ser-humilde-e-trabalhador\/#article\",\"isPartOf\":{\"@id\":\"https:\/\/portaltela.pt\/noticias\/2026\/04\/05\/carlos-cabreiro-reconhecido-por-ser-humilde-e-trabalhador\/\"},\"author\":{\"name\":\"Telinha\",\"@id\":\"https:\/\/portaltela.pt\/#\/schema\/person\/c4278d4a6028830caff9ee44b42d32ed\"},\"headline\":\"Carlos Cabreiro, reconhecido por ser humilde e trabalhador\",\"datePublished\":\"2026-04-05T09:17:09+00:00\",\"mainEntityOfPage\":{\"@id\":\"https:\/\/portaltela.pt\/noticias\/2026\/04\/05\/carlos-cabreiro-reconhecido-por-ser-humilde-e-trabalhador\/\"},\"wordCount\":151,\"image\":{\"@id\":\"https:\/\/portaltela.pt\/noticias\/2026\/04\/05\/carlos-cabreiro-reconhecido-por-ser-humilde-e-trabalhador\/#primaryimage\"},\"thumbnailUrl\":\"https:\/\/portaltela.pt\/s.01k8rhncp4jt1\/2026\/04\/image-250.jpg\",\"keywords\":[\"Administra\u00e7\u00e3o Interna\",\"governo\",\"investiga\u00e7\u00e3o criminal\",\"Pol\u00edcia Judici\u00e1ria\",\"reforma\",\"Tr\u00e1s-os-Montes\"],\"articleSection\":[\"Pol\u00edcia\"],\"inLanguage\":\"pt-PT\"},{\"@type\":\"WebPage\",\"@id\":\"https:\/\/portaltela.pt\/noticias\/2026\/04\/05\/carlos-cabreiro-reconhecido-por-ser-humilde-e-trabalhador\/\",\"url\":\"https:\/\/portaltela.pt\/noticias\/2026\/04\/05\/carlos-cabreiro-reconhecido-por-ser-humilde-e-trabalhador\/\",\"name\":\"Carlos Cabreiro, reconhecido por ser humilde e trabalhador - Portal Tela Portugal\",\"isPartOf\":{\"@id\":\"https:\/\/portaltela.pt\/#website\"},\"primaryImageOfPage\":{\"@id\":\"https:\/\/portaltela.pt\/noticias\/2026\/04\/05\/carlos-cabreiro-reconhecido-por-ser-humilde-e-trabalhador\/#primaryimage\"},\"image\":{\"@id\":\"https:\/\/portaltela.pt\/noticias\/2026\/04\/05\/carlos-cabreiro-reconhecido-por-ser-humilde-e-trabalhador\/#primaryimage\"},\"thumbnailUrl\":\"https:\/\/portaltela.pt\/s.01k8rhncp4jt1\/2026\/04\/image-250.jpg\",\"datePublished\":\"2026-04-05T09:17:09+00:00\",\"author\":{\"@id\":\"https:\/\/portaltela.pt\/#\/schema\/person\/c4278d4a6028830caff9ee44b42d32ed\"},\"breadcrumb\":{\"@id\":\"https:\/\/portaltela.pt\/noticias\/2026\/04\/05\/carlos-cabreiro-reconhecido-por-ser-humilde-e-trabalhador\/#breadcrumb\"},\"inLanguage\":\"pt-PT\",\"potentialAction\":[{\"@type\":\"ReadAction\",\"target\":[\"https:\/\/portaltela.pt\/noticias\/2026\/04\/05\/carlos-cabreiro-reconhecido-por-ser-humilde-e-trabalhador\/\"]}]},{\"@type\":\"ImageObject\",\"inLanguage\":\"pt-PT\",\"@id\":\"https:\/\/portaltela.pt\/noticias\/2026\/04\/05\/carlos-cabreiro-reconhecido-por-ser-humilde-e-trabalhador\/#primaryimage\",\"url\":\"https:\/\/portaltela.pt\/s.01k8rhncp4jt1\/2026\/04\/image-250.jpg\",\"contentUrl\":\"https:\/\/portaltela.pt\/s.01k8rhncp4jt1\/2026\/04\/image-250.jpg\",\"width\":796,\"height\":448,\"caption\":\"Imagem de contexto do artigo Carlos Cabreiro. Picot\u00eas de gema, humilde e trabalhador\"},{\"@type\":\"BreadcrumbList\",\"@id\":\"https:\/\/portaltela.pt\/noticias\/2026\/04\/05\/carlos-cabreiro-reconhecido-por-ser-humilde-e-trabalhador\/#breadcrumb\",\"itemListElement\":[{\"@type\":\"ListItem\",\"position\":1,\"name\":\"In\u00edcio\",\"item\":\"https:\/\/portaltela.pt\/\"},{\"@type\":\"ListItem\",\"position\":2,\"name\":\"Carlos Cabreiro, reconhecido por ser humilde e trabalhador\"}]},{\"@type\":\"WebSite\",\"@id\":\"https:\/\/portaltela.pt\/#website\",\"url\":\"https:\/\/portaltela.pt\/\",\"name\":\"Portal Tela Portugal\",\"description\":\"\",\"potentialAction\":[{\"@type\":\"SearchAction\",\"target\":{\"@type\":\"EntryPoint\",\"urlTemplate\":\"https:\/\/portaltela.pt\/?s={search_term_string}\"},\"query-input\":{\"@type\":\"PropertyValueSpecification\",\"valueRequired\":true,\"valueName\":\"search_term_string\"}}],\"inLanguage\":\"pt-PT\"},{\"@type\":\"Person\",\"@id\":\"https:\/\/portaltela.pt\/#\/schema\/person\/c4278d4a6028830caff9ee44b42d32ed\",\"name\":\"Telinha\",\"image\":{\"@type\":\"ImageObject\",\"inLanguage\":\"pt-PT\",\"@id\":\"https:\/\/portaltela.pt\/s.01k8rhncp4jt1\/2025\/11\/talking-bot-125x125.png\",\"url\":\"https:\/\/portaltela.pt\/s.01k8rhncp4jt1\/2025\/11\/talking-bot-125x125.png\",\"contentUrl\":\"https:\/\/portaltela.pt\/s.01k8rhncp4jt1\/2025\/11\/talking-bot-125x125.png\",\"caption\":\"Telinha\"},\"sameAs\":[\"https:\/\/portaltela.pt\/\"],\"url\":\"https:\/\/portaltela.pt\/por\/367410592786\/\"}]}<\/script>\n<!-- \/ Yoast SEO plugin. -->","yoast_head_json":{"title":"Carlos Cabreiro, reconhecido por ser humilde e trabalhador - Portal Tela Portugal","robots":{"index":"index","follow":"follow","max-snippet":"max-snippet:-1","max-image-preview":"max-image-preview:large","max-video-preview":"max-video-preview:-1"},"og_locale":"pt_PT","og_type":"article","og_title":"Carlos Cabreiro, reconhecido por ser humilde e trabalhador - Portal Tela Portugal","og_description":"Carlos Cabreiro foi anunciado como diretor da Pol\u00edcia Judici\u00e1ria, com um mandato de tr\u00eas anos, ap\u00f3s 38 dias desde a sa\u00edda de Lu\u00eds Neves. Saiu do combate ao cibercrime para ocupar o topo da PJ. \u00c9 licenciado em Direito e p\u00f3s-graduado em Guerra de Informa\u00e7\u00e3o, trazendo experi\u00eancia na \u00e1rea. Nascido em Picote, aldeia de Tr\u00e1s-os-Montes junto ao Douro, ficou conhecido pela passagem pela aldeia antes de estudar em Lisboa. O Governo demorou 38 dias a comunicar o nome do novo diretor ap\u00f3s a sa\u00edda de Lu\u00eds Neves para a pasta da Administra\u00e7\u00e3o Interna.","og_url":"https:\/\/portaltela.pt\/noticias\/2026\/04\/05\/carlos-cabreiro-reconhecido-por-ser-humilde-e-trabalhador\/","og_site_name":"Portal Tela Portugal","article_published_time":"2026-04-05T09:17:09+00:00","author":"Telinha","twitter_card":"summary_large_image","twitter_misc":{"Escrito por":"Telinha","Tempo estimado de leitura":"1 minuto"},"schema":{"@context":"https:\/\/schema.org","@graph":[{"@type":"Article","@id":"https:\/\/portaltela.pt\/noticias\/2026\/04\/05\/carlos-cabreiro-reconhecido-por-ser-humilde-e-trabalhador\/#article","isPartOf":{"@id":"https:\/\/portaltela.pt\/noticias\/2026\/04\/05\/carlos-cabreiro-reconhecido-por-ser-humilde-e-trabalhador\/"},"author":{"name":"Telinha","@id":"https:\/\/portaltela.pt\/#\/schema\/person\/c4278d4a6028830caff9ee44b42d32ed"},"headline":"Carlos Cabreiro, reconhecido por ser humilde e trabalhador","datePublished":"2026-04-05T09:17:09+00:00","mainEntityOfPage":{"@id":"https:\/\/portaltela.pt\/noticias\/2026\/04\/05\/carlos-cabreiro-reconhecido-por-ser-humilde-e-trabalhador\/"},"wordCount":151,"image":{"@id":"https:\/\/portaltela.pt\/noticias\/2026\/04\/05\/carlos-cabreiro-reconhecido-por-ser-humilde-e-trabalhador\/#primaryimage"},"thumbnailUrl":"https:\/\/portaltela.pt\/s.01k8rhncp4jt1\/2026\/04\/image-250.jpg","keywords":["Administra\u00e7\u00e3o Interna","governo","investiga\u00e7\u00e3o criminal","Pol\u00edcia Judici\u00e1ria","reforma","Tr\u00e1s-os-Montes"],"articleSection":["Pol\u00edcia"],"inLanguage":"pt-PT"},{"@type":"WebPage","@id":"https:\/\/portaltela.pt\/noticias\/2026\/04\/05\/carlos-cabreiro-reconhecido-por-ser-humilde-e-trabalhador\/","url":"https:\/\/portaltela.pt\/noticias\/2026\/04\/05\/carlos-cabreiro-reconhecido-por-ser-humilde-e-trabalhador\/","name":"Carlos Cabreiro, reconhecido por ser humilde e trabalhador - Portal Tela Portugal","isPartOf":{"@id":"https:\/\/portaltela.pt\/#website"},"primaryImageOfPage":{"@id":"https:\/\/portaltela.pt\/noticias\/2026\/04\/05\/carlos-cabreiro-reconhecido-por-ser-humilde-e-trabalhador\/#primaryimage"},"image":{"@id":"https:\/\/portaltela.pt\/noticias\/2026\/04\/05\/carlos-cabreiro-reconhecido-por-ser-humilde-e-trabalhador\/#primaryimage"},"thumbnailUrl":"https:\/\/portaltela.pt\/s.01k8rhncp4jt1\/2026\/04\/image-250.jpg","datePublished":"2026-04-05T09:17:09+00:00","author":{"@id":"https:\/\/portaltela.pt\/#\/schema\/person\/c4278d4a6028830caff9ee44b42d32ed"},"breadcrumb":{"@id":"https:\/\/portaltela.pt\/noticias\/2026\/04\/05\/carlos-cabreiro-reconhecido-por-ser-humilde-e-trabalhador\/#breadcrumb"},"inLanguage":"pt-PT","potentialAction":[{"@type":"ReadAction","target":["https:\/\/portaltela.pt\/noticias\/2026\/04\/05\/carlos-cabreiro-reconhecido-por-ser-humilde-e-trabalhador\/"]}]},{"@type":"ImageObject","inLanguage":"pt-PT","@id":"https:\/\/portaltela.pt\/noticias\/2026\/04\/05\/carlos-cabreiro-reconhecido-por-ser-humilde-e-trabalhador\/#primaryimage","url":"https:\/\/portaltela.pt\/s.01k8rhncp4jt1\/2026\/04\/image-250.jpg","contentUrl":"https:\/\/portaltela.pt\/s.01k8rhncp4jt1\/2026\/04\/image-250.jpg","width":796,"height":448,"caption":"Imagem de contexto do artigo Carlos Cabreiro. Picot\u00eas de gema, humilde e trabalhador"},{"@type":"BreadcrumbList","@id":"https:\/\/portaltela.pt\/noticias\/2026\/04\/05\/carlos-cabreiro-reconhecido-por-ser-humilde-e-trabalhador\/#breadcrumb","itemListElement":[{"@type":"ListItem","position":1,"name":"In\u00edcio","item":"https:\/\/portaltela.pt\/"},{"@type":"ListItem","position":2,"name":"Carlos Cabreiro, reconhecido por ser humilde e trabalhador"}]},{"@type":"WebSite","@id":"https:\/\/portaltela.pt\/#website","url":"https:\/\/portaltela.pt\/","name":"Portal Tela Portugal","description":"","potentialAction":[{"@type":"SearchAction","target":{"@type":"EntryPoint","urlTemplate":"https:\/\/portaltela.pt\/?s={search_term_string}"},"query-input":{"@type":"PropertyValueSpecification","valueRequired":true,"valueName":"search_term_string"}}],"inLanguage":"pt-PT"},{"@type":"Person","@id":"https:\/\/portaltela.pt\/#\/schema\/person\/c4278d4a6028830caff9ee44b42d32ed","name":"Telinha","image":{"@type":"ImageObject","inLanguage":"pt-PT","@id":"https:\/\/portaltela.pt\/s.01k8rhncp4jt1\/2025\/11\/talking-bot-125x125.png","url":"https:\/\/portaltela.pt\/s.01k8rhncp4jt1\/2025\/11\/talking-bot-125x125.png","contentUrl":"https:\/\/portaltela.pt\/s.01k8rhncp4jt1\/2025\/11\/talking-bot-125x125.png","caption":"Telinha"},"sameAs":["https:\/\/portaltela.pt\/"],"url":"https:\/\/portaltela.pt\/por\/367410592786\/"}]}},"_links":{"self":[{"href":"https:\/\/portaltela.pt\/api\/wp\/v2\/posts\/433045","targetHints":{"allow":["GET"]}}],"collection":[{"href":"https:\/\/portaltela.pt\/api\/wp\/v2\/posts"}],"about":[{"href":"https:\/\/portaltela.pt\/api\/wp\/v2\/types\/post"}],"author":[{"embeddable":true,"href":"https:\/\/portaltela.pt\/api\/wp\/v2\/users\/2"}],"replies":[{"embeddable":true,"href":"https:\/\/portaltela.pt\/api\/wp\/v2\/comments?post=433045"}],"version-history":[{"count":0,"href":"https:\/\/portaltela.pt\/api\/wp\/v2\/posts\/433045\/revisions"}],"wp:featuredmedia":[{"embeddable":true,"href":"https:\/\/portaltela.pt\/api\/wp\/v2\/media\/433048"}],"wp:attachment":[{"href":"https:\/\/portaltela.pt\/api\/wp\/v2\/media?parent=433045"}],"wp:term":[{"taxonomy":"category","embeddable":true,"href":"https:\/\/portaltela.pt\/api\/wp\/v2\/categories?post=433045"},{"taxonomy":"post_tag","embeddable":true,"href":"https:\/\/portaltela.pt\/api\/wp\/v2\/tags?post=433045"}],"curies":[{"name":"wp","href":"https:\/\/api.w.org\/{rel}","templated":true}]}}