{"id":432951,"date":"2026-04-05T04:02:24","date_gmt":"2026-04-05T07:02:24","guid":{"rendered":"https:\/\/portaltela.pt\/noticias\/2026\/04\/05\/falta-de-tecnicos-trava-a-execucao-do-prr-na-agencia-para-o-clima\/"},"modified":"2026-04-05T04:02:24","modified_gmt":"2026-04-05T07:02:24","slug":"falta-de-tecnicos-trava-a-execucao-do-prr-na-agencia-para-o-clima","status":"publish","type":"post","link":"https:\/\/portaltela.pt\/meio-ambiente\/2026\/04\/05\/falta-de-tecnicos-trava-a-execucao-do-prr-na-agencia-para-o-clima\/","title":{"rendered":"Falta de t\u00e9cnicos trava a execu\u00e7\u00e3o do PRR na Ag\u00eancia para o Clima"},"content":{"rendered":"<p>A Ag\u00eancia para o Clima enfrenta atrasos na execu\u00e7\u00e3o de medidas financiadas pelo Fundo Ambiental, sob o PRR, devido \u00e0 falta de t\u00e9cnicos. A situa\u00e7\u00e3o foi apontada pela Comiss\u00e3o Nacional de Acompanhamento do PRR, que teme o impacto na an\u00e1lise de candidaturas e nos pagamentos.<\/p>\n<p>Pedro Dominguinhos, presidente da Comiss\u00e3o, afirma que a redu\u00e7\u00e3o de pessoal agrava o trabalho da Ag\u00eancia. Segundo documentos oficiais, entre 2022 e o presente, passaram de 26 para 19 os t\u00e9cnicos admitidos para a antiga Secretaria-Geral do Ambiente, agora integrada na Ag\u00eancia.<\/p>\n<p>A baixa de quadros preocupa sobretudo as candidaturas ligadas a janelas eficientes e a pain\u00e9is fotovoltaicos, em que apenas um t\u00e9cnico trata dessas a\u00e7\u00f5es. A tutela afirma que medidas de refor\u00e7o de recursos j\u00e1 est\u00e3o a ser implementadas desde meados de 2025.<\/p>\n<h3>Refor\u00e7os em curso<\/h3>\n<p>O Minist\u00e9rio do Ambiente diz estar a contratar apoio externo para assegurar an\u00e1lises atempadas no \u00e2mbito do PRR. A EMRP mant\u00e9m um quadro reduzido, com um t\u00e9cnico dedicado ao PAES, apoiado por equipas universit\u00e1rias contratadas para o efeito.<\/p>\n<p>O Minist\u00e9rio acrescenta que a Ag\u00eancia para o Clima recebeu refor\u00e7os recentes, com 36 trabalhadores adicionais e um objetivo de 69, para melhorar a capacidade operacional. As transfer\u00eancias de compet\u00eancias foram feitas ao longo de 2024, com alguns bloqueios administrativos.<\/p>\n<h3>Impacto pr\u00e1tico e perspetivas<\/h3>\n<p>A escassez de recursos j\u00e1 se reflete em atrasos na an\u00e1lise de processos e na liquidez de entidades benefici\u00e1rias. Autarquias de menor dimens\u00e3o relatam dificuldades de tesouraria devido a pagamentos ainda pendentes.<\/p>\n<p>A falta de capacidade tamb\u00e9m afecta concursos estruturantes, como o segundo aviso para Comunidades de Energia Renov\u00e1vel, lan\u00e7ado em 2024, cuja divulga\u00e7\u00e3o de resultados ainda n\u00e3o ocorreu. A Comiss\u00e3o aponta para a necessidade de refor\u00e7o de compet\u00eancias nas entidades apoiadas.<\/p>\n<h3>Caminhos e pr\u00f3ximos passos<\/h3>\n<p>A Comiss\u00e3o defende, a curto prazo, a contrata\u00e7\u00e3o externa para aliviar a equipa interna. Em sede estrutural, aponta a abertura de vagas permanentes, algo que depende da vontade da tutela e da autoriza\u00e7\u00e3o das Finan\u00e7as.<\/p>\n<p>O relat\u00f3rio da Comiss\u00e3o Nacional de Acompanhamento dever\u00e1 ficar pronto na primeira quinzena de Abril e ser apresentado no final do m\u00eas. O objetivo \u00e9 apresentar recomenda\u00e7\u00f5es para melhorar a execu\u00e7\u00e3o do PRR pela Ag\u00eancia para o Clima.<\/p>\n","protected":false},"excerpt":{"rendered":"<ul>\n<li>A Ag\u00eancia para o Clima enfrenta falta de t\u00e9cnicos, o que atrasa candidaturas e pagamentos de medidas financiadas pelo Fundo Ambiental no PRR.<\/li>\n<li>Do total de 26 t\u00e9cnicos admitidos em 2022, apenas 19 permanecem, com apenas um a tratar das candidaturas do programa de janelas eficientes e pain\u00e9is fotovoltaicos.<\/li>\n<li>O Minist\u00e9rio do Ambiente admite contrata\u00e7\u00f5es de apoio externo e a tutelar Ag\u00eancia para o Clima j\u00e1 refor\u00e7ou o quadro com mais 36 trabalhadores, previsto chegar a 69.<\/li>\n<li>A Comiss\u00e3o Nacional de Acompanhamento do PRR v\u00ea impacto negativo na execu\u00e7\u00e3o de concursos e no prazo de pagamentos, citando atrasos de seis a sete meses em alguns casos.<\/li>\n<li>A solu\u00e7\u00e3o de curto prazo passa pela contrata\u00e7\u00e3o externa, enquanto a solu\u00e7\u00e3o estrutural exige abertura de vagas permanentes, ainda sem autoriza\u00e7\u00e3o das Finan\u00e7as.<\/li>\n<\/ul>\n","protected":false},"author":2,"featured_media":432954,"comment_status":"closed","ping_status":"closed","sticky":false,"template":"","format":"standard","meta":{"footnotes":""},"categories":[6725],"tags":[7767,168,755,28,2729,3985],"class_list":["post-432951","post","type-post","status-publish","format-standard","has-post-thumbnail","hentry","category-meio-ambiente","tag-_meio-ambiente","tag-administracao-publica","tag-desenvolvimento-sustentavel","tag-economia","tag-energia-renovavel","tag-fundo-ambiental"],"yoast_head":"<!-- This site is optimized with the Yoast SEO plugin v27.2 - https:\/\/yoast.com\/product\/yoast-seo-wordpress\/ -->\n<title>Falta de t\u00e9cnicos trava a execu\u00e7\u00e3o do PRR na Ag\u00eancia para o Clima - Portal Tela Portugal<\/title>\n<meta name=\"robots\" content=\"index, follow, max-snippet:-1, max-image-preview:large, max-video-preview:-1\" \/>\n<meta property=\"og:locale\" content=\"pt_PT\" \/>\n<meta property=\"og:type\" content=\"article\" \/>\n<meta property=\"og:title\" content=\"Falta de t\u00e9cnicos trava a execu\u00e7\u00e3o do PRR na Ag\u00eancia para o Clima - Portal Tela Portugal\" \/>\n<meta property=\"og:description\" content=\"A Ag\u00eancia para o Clima enfrenta falta de t\u00e9cnicos, o que atrasa candidaturas e pagamentos de medidas financiadas pelo Fundo Ambiental no PRR. Do total de 26 t\u00e9cnicos admitidos em 2022, apenas 19 permanecem, com apenas um a tratar das candidaturas do programa de janelas eficientes e pain\u00e9is fotovoltaicos. O Minist\u00e9rio do Ambiente admite contrata\u00e7\u00f5es de apoio externo e a tutelar Ag\u00eancia para o Clima j\u00e1 refor\u00e7ou o quadro com mais 36 trabalhadores, previsto chegar a 69. A Comiss\u00e3o Nacional de Acompanhamento do PRR v\u00ea impacto negativo na execu\u00e7\u00e3o de concursos e no prazo de pagamentos, citando atrasos de seis a sete meses em alguns casos. A solu\u00e7\u00e3o de curto prazo passa pela contrata\u00e7\u00e3o externa, enquanto a solu\u00e7\u00e3o estrutural exige abertura de vagas permanentes, ainda sem autoriza\u00e7\u00e3o das Finan\u00e7as.\" \/>\n<meta property=\"og:url\" content=\"https:\/\/portaltela.pt\/noticias\/2026\/04\/05\/falta-de-tecnicos-trava-a-execucao-do-prr-na-agencia-para-o-clima\/\" \/>\n<meta property=\"og:site_name\" content=\"Portal Tela Portugal\" \/>\n<meta property=\"article:published_time\" content=\"2026-04-05T07:02:24+00:00\" \/>\n<meta name=\"author\" content=\"Telinha\" \/>\n<meta name=\"twitter:card\" content=\"summary_large_image\" \/>\n<meta name=\"twitter:label1\" content=\"Escrito por\" \/>\n\t<meta name=\"twitter:data1\" content=\"Telinha\" \/>\n\t<meta name=\"twitter:label2\" content=\"Tempo estimado de leitura\" \/>\n\t<meta name=\"twitter:data2\" content=\"2 minutos\" \/>\n<script type=\"application\/ld+json\" class=\"yoast-schema-graph\">{\"@context\":\"https:\/\/schema.org\",\"@graph\":[{\"@type\":\"Article\",\"@id\":\"https:\/\/portaltela.pt\/noticias\/2026\/04\/05\/falta-de-tecnicos-trava-a-execucao-do-prr-na-agencia-para-o-clima\/#article\",\"isPartOf\":{\"@id\":\"https:\/\/portaltela.pt\/noticias\/2026\/04\/05\/falta-de-tecnicos-trava-a-execucao-do-prr-na-agencia-para-o-clima\/\"},\"author\":{\"name\":\"Telinha\",\"@id\":\"https:\/\/portaltela.pt\/#\/schema\/person\/c4278d4a6028830caff9ee44b42d32ed\"},\"headline\":\"Falta de t\u00e9cnicos trava a execu\u00e7\u00e3o do PRR na Ag\u00eancia para o Clima\",\"datePublished\":\"2026-04-05T07:02:24+00:00\",\"mainEntityOfPage\":{\"@id\":\"https:\/\/portaltela.pt\/noticias\/2026\/04\/05\/falta-de-tecnicos-trava-a-execucao-do-prr-na-agencia-para-o-clima\/\"},\"wordCount\":419,\"image\":{\"@id\":\"https:\/\/portaltela.pt\/noticias\/2026\/04\/05\/falta-de-tecnicos-trava-a-execucao-do-prr-na-agencia-para-o-clima\/#primaryimage\"},\"thumbnailUrl\":\"https:\/\/portaltela.pt\/s.01k8rhncp4jt1\/2026\/04\/2078317.jpg\",\"keywords\":[\"_meio-ambiente\",\"administra\u00e7\u00e3o p\u00fablica\",\"desenvolvimento sustent\u00e1vel\",\"economia\",\"energia renov\u00e1vel\",\"Fundo Ambiental\"],\"articleSection\":[\"Meio Ambiente\"],\"inLanguage\":\"pt-PT\"},{\"@type\":\"WebPage\",\"@id\":\"https:\/\/portaltela.pt\/noticias\/2026\/04\/05\/falta-de-tecnicos-trava-a-execucao-do-prr-na-agencia-para-o-clima\/\",\"url\":\"https:\/\/portaltela.pt\/noticias\/2026\/04\/05\/falta-de-tecnicos-trava-a-execucao-do-prr-na-agencia-para-o-clima\/\",\"name\":\"Falta de t\u00e9cnicos trava a execu\u00e7\u00e3o do PRR na Ag\u00eancia para o Clima - Portal Tela Portugal\",\"isPartOf\":{\"@id\":\"https:\/\/portaltela.pt\/#website\"},\"primaryImageOfPage\":{\"@id\":\"https:\/\/portaltela.pt\/noticias\/2026\/04\/05\/falta-de-tecnicos-trava-a-execucao-do-prr-na-agencia-para-o-clima\/#primaryimage\"},\"image\":{\"@id\":\"https:\/\/portaltela.pt\/noticias\/2026\/04\/05\/falta-de-tecnicos-trava-a-execucao-do-prr-na-agencia-para-o-clima\/#primaryimage\"},\"thumbnailUrl\":\"https:\/\/portaltela.pt\/s.01k8rhncp4jt1\/2026\/04\/2078317.jpg\",\"datePublished\":\"2026-04-05T07:02:24+00:00\",\"author\":{\"@id\":\"https:\/\/portaltela.pt\/#\/schema\/person\/c4278d4a6028830caff9ee44b42d32ed\"},\"breadcrumb\":{\"@id\":\"https:\/\/portaltela.pt\/noticias\/2026\/04\/05\/falta-de-tecnicos-trava-a-execucao-do-prr-na-agencia-para-o-clima\/#breadcrumb\"},\"inLanguage\":\"pt-PT\",\"potentialAction\":[{\"@type\":\"ReadAction\",\"target\":[\"https:\/\/portaltela.pt\/noticias\/2026\/04\/05\/falta-de-tecnicos-trava-a-execucao-do-prr-na-agencia-para-o-clima\/\"]}]},{\"@type\":\"ImageObject\",\"inLanguage\":\"pt-PT\",\"@id\":\"https:\/\/portaltela.pt\/noticias\/2026\/04\/05\/falta-de-tecnicos-trava-a-execucao-do-prr-na-agencia-para-o-clima\/#primaryimage\",\"url\":\"https:\/\/portaltela.pt\/s.01k8rhncp4jt1\/2026\/04\/2078317.jpg\",\"contentUrl\":\"https:\/\/portaltela.pt\/s.01k8rhncp4jt1\/2026\/04\/2078317.jpg\",\"width\":796,\"height\":448,\"caption\":\"V\u00e1rias autarquias que j\u00e1 procederam \u00e0 limpeza de \u00e1reas florestais aguardam pagamentos do Fundo Ambiental\"},{\"@type\":\"BreadcrumbList\",\"@id\":\"https:\/\/portaltela.pt\/noticias\/2026\/04\/05\/falta-de-tecnicos-trava-a-execucao-do-prr-na-agencia-para-o-clima\/#breadcrumb\",\"itemListElement\":[{\"@type\":\"ListItem\",\"position\":1,\"name\":\"In\u00edcio\",\"item\":\"https:\/\/portaltela.pt\/\"},{\"@type\":\"ListItem\",\"position\":2,\"name\":\"Falta de t\u00e9cnicos trava a execu\u00e7\u00e3o do PRR na Ag\u00eancia para o Clima\"}]},{\"@type\":\"WebSite\",\"@id\":\"https:\/\/portaltela.pt\/#website\",\"url\":\"https:\/\/portaltela.pt\/\",\"name\":\"Portal Tela Portugal\",\"description\":\"\",\"potentialAction\":[{\"@type\":\"SearchAction\",\"target\":{\"@type\":\"EntryPoint\",\"urlTemplate\":\"https:\/\/portaltela.pt\/?s={search_term_string}\"},\"query-input\":{\"@type\":\"PropertyValueSpecification\",\"valueRequired\":true,\"valueName\":\"search_term_string\"}}],\"inLanguage\":\"pt-PT\"},{\"@type\":\"Person\",\"@id\":\"https:\/\/portaltela.pt\/#\/schema\/person\/c4278d4a6028830caff9ee44b42d32ed\",\"name\":\"Telinha\",\"image\":{\"@type\":\"ImageObject\",\"inLanguage\":\"pt-PT\",\"@id\":\"https:\/\/portaltela.pt\/s.01k8rhncp4jt1\/2025\/11\/talking-bot-125x125.png\",\"url\":\"https:\/\/portaltela.pt\/s.01k8rhncp4jt1\/2025\/11\/talking-bot-125x125.png\",\"contentUrl\":\"https:\/\/portaltela.pt\/s.01k8rhncp4jt1\/2025\/11\/talking-bot-125x125.png\",\"caption\":\"Telinha\"},\"sameAs\":[\"https:\/\/portaltela.pt\/\"],\"url\":\"https:\/\/portaltela.pt\/por\/367410592786\/\"}]}<\/script>\n<!-- \/ Yoast SEO plugin. -->","yoast_head_json":{"title":"Falta de t\u00e9cnicos trava a execu\u00e7\u00e3o do PRR na Ag\u00eancia para o Clima - Portal Tela Portugal","robots":{"index":"index","follow":"follow","max-snippet":"max-snippet:-1","max-image-preview":"max-image-preview:large","max-video-preview":"max-video-preview:-1"},"og_locale":"pt_PT","og_type":"article","og_title":"Falta de t\u00e9cnicos trava a execu\u00e7\u00e3o do PRR na Ag\u00eancia para o Clima - Portal Tela Portugal","og_description":"A Ag\u00eancia para o Clima enfrenta falta de t\u00e9cnicos, o que atrasa candidaturas e pagamentos de medidas financiadas pelo Fundo Ambiental no PRR. Do total de 26 t\u00e9cnicos admitidos em 2022, apenas 19 permanecem, com apenas um a tratar das candidaturas do programa de janelas eficientes e pain\u00e9is fotovoltaicos. O Minist\u00e9rio do Ambiente admite contrata\u00e7\u00f5es de apoio externo e a tutelar Ag\u00eancia para o Clima j\u00e1 refor\u00e7ou o quadro com mais 36 trabalhadores, previsto chegar a 69. A Comiss\u00e3o Nacional de Acompanhamento do PRR v\u00ea impacto negativo na execu\u00e7\u00e3o de concursos e no prazo de pagamentos, citando atrasos de seis a sete meses em alguns casos. A solu\u00e7\u00e3o de curto prazo passa pela contrata\u00e7\u00e3o externa, enquanto a solu\u00e7\u00e3o estrutural exige abertura de vagas permanentes, ainda sem autoriza\u00e7\u00e3o das Finan\u00e7as.","og_url":"https:\/\/portaltela.pt\/noticias\/2026\/04\/05\/falta-de-tecnicos-trava-a-execucao-do-prr-na-agencia-para-o-clima\/","og_site_name":"Portal Tela Portugal","article_published_time":"2026-04-05T07:02:24+00:00","author":"Telinha","twitter_card":"summary_large_image","twitter_misc":{"Escrito por":"Telinha","Tempo estimado de leitura":"2 minutos"},"schema":{"@context":"https:\/\/schema.org","@graph":[{"@type":"Article","@id":"https:\/\/portaltela.pt\/noticias\/2026\/04\/05\/falta-de-tecnicos-trava-a-execucao-do-prr-na-agencia-para-o-clima\/#article","isPartOf":{"@id":"https:\/\/portaltela.pt\/noticias\/2026\/04\/05\/falta-de-tecnicos-trava-a-execucao-do-prr-na-agencia-para-o-clima\/"},"author":{"name":"Telinha","@id":"https:\/\/portaltela.pt\/#\/schema\/person\/c4278d4a6028830caff9ee44b42d32ed"},"headline":"Falta de t\u00e9cnicos trava a execu\u00e7\u00e3o do PRR na Ag\u00eancia para o Clima","datePublished":"2026-04-05T07:02:24+00:00","mainEntityOfPage":{"@id":"https:\/\/portaltela.pt\/noticias\/2026\/04\/05\/falta-de-tecnicos-trava-a-execucao-do-prr-na-agencia-para-o-clima\/"},"wordCount":419,"image":{"@id":"https:\/\/portaltela.pt\/noticias\/2026\/04\/05\/falta-de-tecnicos-trava-a-execucao-do-prr-na-agencia-para-o-clima\/#primaryimage"},"thumbnailUrl":"https:\/\/portaltela.pt\/s.01k8rhncp4jt1\/2026\/04\/2078317.jpg","keywords":["_meio-ambiente","administra\u00e7\u00e3o p\u00fablica","desenvolvimento sustent\u00e1vel","economia","energia renov\u00e1vel","Fundo Ambiental"],"articleSection":["Meio Ambiente"],"inLanguage":"pt-PT"},{"@type":"WebPage","@id":"https:\/\/portaltela.pt\/noticias\/2026\/04\/05\/falta-de-tecnicos-trava-a-execucao-do-prr-na-agencia-para-o-clima\/","url":"https:\/\/portaltela.pt\/noticias\/2026\/04\/05\/falta-de-tecnicos-trava-a-execucao-do-prr-na-agencia-para-o-clima\/","name":"Falta de t\u00e9cnicos trava a execu\u00e7\u00e3o do PRR na Ag\u00eancia para o Clima - Portal Tela Portugal","isPartOf":{"@id":"https:\/\/portaltela.pt\/#website"},"primaryImageOfPage":{"@id":"https:\/\/portaltela.pt\/noticias\/2026\/04\/05\/falta-de-tecnicos-trava-a-execucao-do-prr-na-agencia-para-o-clima\/#primaryimage"},"image":{"@id":"https:\/\/portaltela.pt\/noticias\/2026\/04\/05\/falta-de-tecnicos-trava-a-execucao-do-prr-na-agencia-para-o-clima\/#primaryimage"},"thumbnailUrl":"https:\/\/portaltela.pt\/s.01k8rhncp4jt1\/2026\/04\/2078317.jpg","datePublished":"2026-04-05T07:02:24+00:00","author":{"@id":"https:\/\/portaltela.pt\/#\/schema\/person\/c4278d4a6028830caff9ee44b42d32ed"},"breadcrumb":{"@id":"https:\/\/portaltela.pt\/noticias\/2026\/04\/05\/falta-de-tecnicos-trava-a-execucao-do-prr-na-agencia-para-o-clima\/#breadcrumb"},"inLanguage":"pt-PT","potentialAction":[{"@type":"ReadAction","target":["https:\/\/portaltela.pt\/noticias\/2026\/04\/05\/falta-de-tecnicos-trava-a-execucao-do-prr-na-agencia-para-o-clima\/"]}]},{"@type":"ImageObject","inLanguage":"pt-PT","@id":"https:\/\/portaltela.pt\/noticias\/2026\/04\/05\/falta-de-tecnicos-trava-a-execucao-do-prr-na-agencia-para-o-clima\/#primaryimage","url":"https:\/\/portaltela.pt\/s.01k8rhncp4jt1\/2026\/04\/2078317.jpg","contentUrl":"https:\/\/portaltela.pt\/s.01k8rhncp4jt1\/2026\/04\/2078317.jpg","width":796,"height":448,"caption":"V\u00e1rias autarquias que j\u00e1 procederam \u00e0 limpeza de \u00e1reas florestais aguardam pagamentos do Fundo Ambiental"},{"@type":"BreadcrumbList","@id":"https:\/\/portaltela.pt\/noticias\/2026\/04\/05\/falta-de-tecnicos-trava-a-execucao-do-prr-na-agencia-para-o-clima\/#breadcrumb","itemListElement":[{"@type":"ListItem","position":1,"name":"In\u00edcio","item":"https:\/\/portaltela.pt\/"},{"@type":"ListItem","position":2,"name":"Falta de t\u00e9cnicos trava a execu\u00e7\u00e3o do PRR na Ag\u00eancia para o Clima"}]},{"@type":"WebSite","@id":"https:\/\/portaltela.pt\/#website","url":"https:\/\/portaltela.pt\/","name":"Portal Tela Portugal","description":"","potentialAction":[{"@type":"SearchAction","target":{"@type":"EntryPoint","urlTemplate":"https:\/\/portaltela.pt\/?s={search_term_string}"},"query-input":{"@type":"PropertyValueSpecification","valueRequired":true,"valueName":"search_term_string"}}],"inLanguage":"pt-PT"},{"@type":"Person","@id":"https:\/\/portaltela.pt\/#\/schema\/person\/c4278d4a6028830caff9ee44b42d32ed","name":"Telinha","image":{"@type":"ImageObject","inLanguage":"pt-PT","@id":"https:\/\/portaltela.pt\/s.01k8rhncp4jt1\/2025\/11\/talking-bot-125x125.png","url":"https:\/\/portaltela.pt\/s.01k8rhncp4jt1\/2025\/11\/talking-bot-125x125.png","contentUrl":"https:\/\/portaltela.pt\/s.01k8rhncp4jt1\/2025\/11\/talking-bot-125x125.png","caption":"Telinha"},"sameAs":["https:\/\/portaltela.pt\/"],"url":"https:\/\/portaltela.pt\/por\/367410592786\/"}]}},"_links":{"self":[{"href":"https:\/\/portaltela.pt\/api\/wp\/v2\/posts\/432951","targetHints":{"allow":["GET"]}}],"collection":[{"href":"https:\/\/portaltela.pt\/api\/wp\/v2\/posts"}],"about":[{"href":"https:\/\/portaltela.pt\/api\/wp\/v2\/types\/post"}],"author":[{"embeddable":true,"href":"https:\/\/portaltela.pt\/api\/wp\/v2\/users\/2"}],"replies":[{"embeddable":true,"href":"https:\/\/portaltela.pt\/api\/wp\/v2\/comments?post=432951"}],"version-history":[{"count":0,"href":"https:\/\/portaltela.pt\/api\/wp\/v2\/posts\/432951\/revisions"}],"wp:featuredmedia":[{"embeddable":true,"href":"https:\/\/portaltela.pt\/api\/wp\/v2\/media\/432954"}],"wp:attachment":[{"href":"https:\/\/portaltela.pt\/api\/wp\/v2\/media?parent=432951"}],"wp:term":[{"taxonomy":"category","embeddable":true,"href":"https:\/\/portaltela.pt\/api\/wp\/v2\/categories?post=432951"},{"taxonomy":"post_tag","embeddable":true,"href":"https:\/\/portaltela.pt\/api\/wp\/v2\/tags?post=432951"}],"curies":[{"name":"wp","href":"https:\/\/api.w.org\/{rel}","templated":true}]}}