{"id":432771,"date":"2026-04-04T19:02:33","date_gmt":"2026-04-04T22:02:33","guid":{"rendered":"https:\/\/portaltela.pt\/noticias\/2026\/04\/04\/fc-porto-falha-vitoria-em-noite-tensa-na-luta-pelo-titulo\/"},"modified":"2026-04-04T19:02:33","modified_gmt":"2026-04-04T22:02:33","slug":"fc-porto-falha-vitoria-em-noite-tensa-na-luta-pelo-titulo","status":"publish","type":"post","link":"https:\/\/portaltela.pt\/desporto\/futebol\/2026\/04\/04\/fc-porto-falha-vitoria-em-noite-tensa-na-luta-pelo-titulo\/","title":{"rendered":"FC Porto falha vit\u00f3ria em noite tensa na luta pelo t\u00edtulo"},"content":{"rendered":"<p>O FC Porto deixou escapar a vit\u00f3ria diante do Famalic\u00e3o e empatou 2-2 no Drag\u00e3o, na continuidade da Liga. A derrota de Gabri Veiga for\u00e7ou mudan\u00e7as no meio-campo, mas Diogo Costa e Rodrigo Mora voltaram a jogar. Alberto Costa abriu o marcador com assist\u00eancia de Mora, j\u00e1 no final da primeira parte.<\/p>\n<p>No regresso ao relvado, o Porto teve imbalances no corredor esquerdo com Zaidu e Pietuszewski substitu\u00eddos por Martim Fernandes e William Gomes, ap\u00f3s o intervalo. O Famalic\u00e3o aproveitou a desorganiza\u00e7\u00e3o para empatar, com Sorriso a concluir uma jogada de Gil Dias que Diogo Costa ainda defendeu.<\/p>\n<p>Equil\u00edbrio e momentos decisivos<\/p>\n<p>Aos 35 minutos do segundo tempo, o Famalic\u00e3o igualou por Sorriso numa recarga ap\u00f3s defesa de Diogo Costa a um remate de Gil Dias. O Porto respondeu com intensidade, mas acabou por sofrer o golo do empate no \u00faltimo minuto, ap\u00f3s uma transi\u00e7\u00e3o em que Froholdt perdeu a bola no meio-campo.<\/p>\n<p>Golo de Fofana e desfecho<\/p>\n<p>Com o tempo extra a decorrer, Fofana apareceu nos descontos para marcar, colocando o marcador em 2-2 e renovando a esperan\u00e7a minhota. O tento, contudo, n\u00e3o fez o Porto vencer, mantendo a Liga com o Porto ainda \u00e0 frente, mas com rivais a menos pontos e com jogos por cumprir.<\/p>\n<p>Condi\u00e7\u00f5es e contexto<\/p>\n<p>A equipa de Francesco Farioli chega ao fim da jornada com tr\u00eas empates em casa na Liga, somando quatro nesta competi\u00e7\u00e3o. O Famalic\u00e3o, que j\u00e1 havia vencido o Porto na Ta\u00e7a da Liga e na Ta\u00e7a de Portugal, saiu do Drag\u00e3o com um ponto valioso, refor\u00e7ando as ambi\u00e7\u00f5es europeias. Nenhum jogador foi alvo de penaliza\u00e7\u00e3o grave durante o encontro.<\/p>\n","protected":false},"excerpt":{"rendered":"<ul>\n<li>O FC Porto empatou 2-2 com o Famalic\u00e3o no Drag\u00e3o, somando o terceiro empate em casa e o quarto na liga.<\/li>\n<li>Alberto Costa adiantou o Porto aos dez minutos do primeiro tempo, numa jogada arrancada por Rodrigo Mora; Fofana lesionou\u2011se no lance do golo.<\/li>\n<li>O Famalic\u00e3o empatou na segunda parte, numa transi\u00e7\u00e3o r\u00e1pida, com Sorriso a marcar numa recarga a um remate de Gil Dias defendido por Diogo Costa.<\/li>\n<li>Houve tens\u00e3o na parte final, com um agarr\u00e3o na \u00e1rea e o \u00e1rbitro a n\u00e3o marcar, mantendo o cen\u00e1rio de press\u00e3o at\u00e9 ao final.<\/li>\n<li>No \u00faltimo minuto, Fofana voltou a marca, mas o golo n\u00e3o chegou a valer a vit\u00f3ria, deixando o Porto com rivais a cinco e oito pontos, ambos com um jogo a menos.<\/li>\n<\/ul>\n","protected":false},"author":2,"featured_media":432774,"comment_status":"closed","ping_status":"closed","sticky":false,"template":"","format":"standard","meta":{"footnotes":""},"categories":[21,24],"tags":[3406,1396,32,3154,1786,982],"class_list":["post-432771","post","type-post","status-publish","format-standard","has-post-thumbnail","hentry","category-desporto","category-futebol","tag-diogo-costa","tag-famalicao","tag-futebol","tag-gabri-veiga","tag-liga","tag-porto"],"yoast_head":"<!-- This site is optimized with the Yoast SEO plugin v27.2 - https:\/\/yoast.com\/product\/yoast-seo-wordpress\/ -->\n<title>FC Porto falha vit\u00f3ria em noite tensa na luta pelo t\u00edtulo - Portal Tela Portugal<\/title>\n<meta name=\"robots\" content=\"index, follow, max-snippet:-1, max-image-preview:large, max-video-preview:-1\" \/>\n<meta property=\"og:locale\" content=\"pt_PT\" \/>\n<meta property=\"og:type\" content=\"article\" \/>\n<meta property=\"og:title\" content=\"FC Porto falha vit\u00f3ria em noite tensa na luta pelo t\u00edtulo - Portal Tela Portugal\" \/>\n<meta property=\"og:description\" content=\"O FC Porto empatou 2-2 com o Famalic\u00e3o no Drag\u00e3o, somando o terceiro empate em casa e o quarto na liga. Alberto Costa adiantou o Porto aos dez minutos do primeiro tempo, numa jogada arrancada por Rodrigo Mora; Fofana lesionou\u2011se no lance do golo. O Famalic\u00e3o empatou na segunda parte, numa transi\u00e7\u00e3o r\u00e1pida, com Sorriso a marcar numa recarga a um remate de Gil Dias defendido por Diogo Costa. Houve tens\u00e3o na parte final, com um agarr\u00e3o na \u00e1rea e o \u00e1rbitro a n\u00e3o marcar, mantendo o cen\u00e1rio de press\u00e3o at\u00e9 ao final. No \u00faltimo minuto, Fofana voltou a marca, mas o golo n\u00e3o chegou a valer a vit\u00f3ria, deixando o Porto com rivais a cinco e oito pontos, ambos com um jogo a menos.\" \/>\n<meta property=\"og:url\" content=\"https:\/\/portaltela.pt\/noticias\/2026\/04\/04\/fc-porto-falha-vitoria-em-noite-tensa-na-luta-pelo-titulo\/\" \/>\n<meta property=\"og:site_name\" content=\"Portal Tela Portugal\" \/>\n<meta property=\"article:published_time\" content=\"2026-04-04T22:02:33+00:00\" \/>\n<meta name=\"author\" content=\"Telinha\" \/>\n<meta name=\"twitter:card\" content=\"summary_large_image\" \/>\n<meta name=\"twitter:label1\" content=\"Escrito por\" \/>\n\t<meta name=\"twitter:data1\" content=\"Telinha\" \/>\n\t<meta name=\"twitter:label2\" content=\"Tempo estimado de leitura\" \/>\n\t<meta name=\"twitter:data2\" content=\"1 minuto\" \/>\n<script type=\"application\/ld+json\" class=\"yoast-schema-graph\">{\"@context\":\"https:\/\/schema.org\",\"@graph\":[{\"@type\":\"Article\",\"@id\":\"https:\/\/portaltela.pt\/noticias\/2026\/04\/04\/fc-porto-falha-vitoria-em-noite-tensa-na-luta-pelo-titulo\/#article\",\"isPartOf\":{\"@id\":\"https:\/\/portaltela.pt\/noticias\/2026\/04\/04\/fc-porto-falha-vitoria-em-noite-tensa-na-luta-pelo-titulo\/\"},\"author\":{\"name\":\"Telinha\",\"@id\":\"https:\/\/portaltela.pt\/#\/schema\/person\/c4278d4a6028830caff9ee44b42d32ed\"},\"headline\":\"FC Porto falha vit\u00f3ria em noite tensa na luta pelo t\u00edtulo\",\"datePublished\":\"2026-04-04T22:02:33+00:00\",\"mainEntityOfPage\":{\"@id\":\"https:\/\/portaltela.pt\/noticias\/2026\/04\/04\/fc-porto-falha-vitoria-em-noite-tensa-na-luta-pelo-titulo\/\"},\"wordCount\":308,\"image\":{\"@id\":\"https:\/\/portaltela.pt\/noticias\/2026\/04\/04\/fc-porto-falha-vitoria-em-noite-tensa-na-luta-pelo-titulo\/#primaryimage\"},\"thumbnailUrl\":\"https:\/\/portaltela.pt\/s.01k8rhncp4jt1\/2026\/04\/2079359.jpg\",\"keywords\":[\"Diogo Costa\",\"Famalic\u00e3o\",\"futebol\",\"Gabri Veiga\",\"Liga\",\"Porto\"],\"articleSection\":[\"Desporto\",\"Futebol\"],\"inLanguage\":\"pt-PT\"},{\"@type\":\"WebPage\",\"@id\":\"https:\/\/portaltela.pt\/noticias\/2026\/04\/04\/fc-porto-falha-vitoria-em-noite-tensa-na-luta-pelo-titulo\/\",\"url\":\"https:\/\/portaltela.pt\/noticias\/2026\/04\/04\/fc-porto-falha-vitoria-em-noite-tensa-na-luta-pelo-titulo\/\",\"name\":\"FC Porto falha vit\u00f3ria em noite tensa na luta pelo t\u00edtulo - Portal Tela Portugal\",\"isPartOf\":{\"@id\":\"https:\/\/portaltela.pt\/#website\"},\"primaryImageOfPage\":{\"@id\":\"https:\/\/portaltela.pt\/noticias\/2026\/04\/04\/fc-porto-falha-vitoria-em-noite-tensa-na-luta-pelo-titulo\/#primaryimage\"},\"image\":{\"@id\":\"https:\/\/portaltela.pt\/noticias\/2026\/04\/04\/fc-porto-falha-vitoria-em-noite-tensa-na-luta-pelo-titulo\/#primaryimage\"},\"thumbnailUrl\":\"https:\/\/portaltela.pt\/s.01k8rhncp4jt1\/2026\/04\/2079359.jpg\",\"datePublished\":\"2026-04-04T22:02:33+00:00\",\"author\":{\"@id\":\"https:\/\/portaltela.pt\/#\/schema\/person\/c4278d4a6028830caff9ee44b42d32ed\"},\"breadcrumb\":{\"@id\":\"https:\/\/portaltela.pt\/noticias\/2026\/04\/04\/fc-porto-falha-vitoria-em-noite-tensa-na-luta-pelo-titulo\/#breadcrumb\"},\"inLanguage\":\"pt-PT\",\"potentialAction\":[{\"@type\":\"ReadAction\",\"target\":[\"https:\/\/portaltela.pt\/noticias\/2026\/04\/04\/fc-porto-falha-vitoria-em-noite-tensa-na-luta-pelo-titulo\/\"]}]},{\"@type\":\"ImageObject\",\"inLanguage\":\"pt-PT\",\"@id\":\"https:\/\/portaltela.pt\/noticias\/2026\/04\/04\/fc-porto-falha-vitoria-em-noite-tensa-na-luta-pelo-titulo\/#primaryimage\",\"url\":\"https:\/\/portaltela.pt\/s.01k8rhncp4jt1\/2026\/04\/2079359.jpg\",\"contentUrl\":\"https:\/\/portaltela.pt\/s.01k8rhncp4jt1\/2026\/04\/2079359.jpg\",\"width\":796,\"height\":448,\"caption\":\"Alberto Costa e Sorriso em disputa acesa no FC Porto-Famalic\u00e3o\"},{\"@type\":\"BreadcrumbList\",\"@id\":\"https:\/\/portaltela.pt\/noticias\/2026\/04\/04\/fc-porto-falha-vitoria-em-noite-tensa-na-luta-pelo-titulo\/#breadcrumb\",\"itemListElement\":[{\"@type\":\"ListItem\",\"position\":1,\"name\":\"In\u00edcio\",\"item\":\"https:\/\/portaltela.pt\/\"},{\"@type\":\"ListItem\",\"position\":2,\"name\":\"FC Porto falha vit\u00f3ria em noite tensa na luta pelo t\u00edtulo\"}]},{\"@type\":\"WebSite\",\"@id\":\"https:\/\/portaltela.pt\/#website\",\"url\":\"https:\/\/portaltela.pt\/\",\"name\":\"Portal Tela Portugal\",\"description\":\"\",\"potentialAction\":[{\"@type\":\"SearchAction\",\"target\":{\"@type\":\"EntryPoint\",\"urlTemplate\":\"https:\/\/portaltela.pt\/?s={search_term_string}\"},\"query-input\":{\"@type\":\"PropertyValueSpecification\",\"valueRequired\":true,\"valueName\":\"search_term_string\"}}],\"inLanguage\":\"pt-PT\"},{\"@type\":\"Person\",\"@id\":\"https:\/\/portaltela.pt\/#\/schema\/person\/c4278d4a6028830caff9ee44b42d32ed\",\"name\":\"Telinha\",\"image\":{\"@type\":\"ImageObject\",\"inLanguage\":\"pt-PT\",\"@id\":\"https:\/\/portaltela.pt\/s.01k8rhncp4jt1\/2025\/11\/talking-bot-125x125.png\",\"url\":\"https:\/\/portaltela.pt\/s.01k8rhncp4jt1\/2025\/11\/talking-bot-125x125.png\",\"contentUrl\":\"https:\/\/portaltela.pt\/s.01k8rhncp4jt1\/2025\/11\/talking-bot-125x125.png\",\"caption\":\"Telinha\"},\"sameAs\":[\"https:\/\/portaltela.pt\/\"],\"url\":\"https:\/\/portaltela.pt\/por\/367410592786\/\"}]}<\/script>\n<!-- \/ Yoast SEO plugin. -->","yoast_head_json":{"title":"FC Porto falha vit\u00f3ria em noite tensa na luta pelo t\u00edtulo - Portal Tela Portugal","robots":{"index":"index","follow":"follow","max-snippet":"max-snippet:-1","max-image-preview":"max-image-preview:large","max-video-preview":"max-video-preview:-1"},"og_locale":"pt_PT","og_type":"article","og_title":"FC Porto falha vit\u00f3ria em noite tensa na luta pelo t\u00edtulo - Portal Tela Portugal","og_description":"O FC Porto empatou 2-2 com o Famalic\u00e3o no Drag\u00e3o, somando o terceiro empate em casa e o quarto na liga. Alberto Costa adiantou o Porto aos dez minutos do primeiro tempo, numa jogada arrancada por Rodrigo Mora; Fofana lesionou\u2011se no lance do golo. O Famalic\u00e3o empatou na segunda parte, numa transi\u00e7\u00e3o r\u00e1pida, com Sorriso a marcar numa recarga a um remate de Gil Dias defendido por Diogo Costa. Houve tens\u00e3o na parte final, com um agarr\u00e3o na \u00e1rea e o \u00e1rbitro a n\u00e3o marcar, mantendo o cen\u00e1rio de press\u00e3o at\u00e9 ao final. No \u00faltimo minuto, Fofana voltou a marca, mas o golo n\u00e3o chegou a valer a vit\u00f3ria, deixando o Porto com rivais a cinco e oito pontos, ambos com um jogo a menos.","og_url":"https:\/\/portaltela.pt\/noticias\/2026\/04\/04\/fc-porto-falha-vitoria-em-noite-tensa-na-luta-pelo-titulo\/","og_site_name":"Portal Tela Portugal","article_published_time":"2026-04-04T22:02:33+00:00","author":"Telinha","twitter_card":"summary_large_image","twitter_misc":{"Escrito por":"Telinha","Tempo estimado de leitura":"1 minuto"},"schema":{"@context":"https:\/\/schema.org","@graph":[{"@type":"Article","@id":"https:\/\/portaltela.pt\/noticias\/2026\/04\/04\/fc-porto-falha-vitoria-em-noite-tensa-na-luta-pelo-titulo\/#article","isPartOf":{"@id":"https:\/\/portaltela.pt\/noticias\/2026\/04\/04\/fc-porto-falha-vitoria-em-noite-tensa-na-luta-pelo-titulo\/"},"author":{"name":"Telinha","@id":"https:\/\/portaltela.pt\/#\/schema\/person\/c4278d4a6028830caff9ee44b42d32ed"},"headline":"FC Porto falha vit\u00f3ria em noite tensa na luta pelo t\u00edtulo","datePublished":"2026-04-04T22:02:33+00:00","mainEntityOfPage":{"@id":"https:\/\/portaltela.pt\/noticias\/2026\/04\/04\/fc-porto-falha-vitoria-em-noite-tensa-na-luta-pelo-titulo\/"},"wordCount":308,"image":{"@id":"https:\/\/portaltela.pt\/noticias\/2026\/04\/04\/fc-porto-falha-vitoria-em-noite-tensa-na-luta-pelo-titulo\/#primaryimage"},"thumbnailUrl":"https:\/\/portaltela.pt\/s.01k8rhncp4jt1\/2026\/04\/2079359.jpg","keywords":["Diogo Costa","Famalic\u00e3o","futebol","Gabri Veiga","Liga","Porto"],"articleSection":["Desporto","Futebol"],"inLanguage":"pt-PT"},{"@type":"WebPage","@id":"https:\/\/portaltela.pt\/noticias\/2026\/04\/04\/fc-porto-falha-vitoria-em-noite-tensa-na-luta-pelo-titulo\/","url":"https:\/\/portaltela.pt\/noticias\/2026\/04\/04\/fc-porto-falha-vitoria-em-noite-tensa-na-luta-pelo-titulo\/","name":"FC Porto falha vit\u00f3ria em noite tensa na luta pelo t\u00edtulo - Portal Tela Portugal","isPartOf":{"@id":"https:\/\/portaltela.pt\/#website"},"primaryImageOfPage":{"@id":"https:\/\/portaltela.pt\/noticias\/2026\/04\/04\/fc-porto-falha-vitoria-em-noite-tensa-na-luta-pelo-titulo\/#primaryimage"},"image":{"@id":"https:\/\/portaltela.pt\/noticias\/2026\/04\/04\/fc-porto-falha-vitoria-em-noite-tensa-na-luta-pelo-titulo\/#primaryimage"},"thumbnailUrl":"https:\/\/portaltela.pt\/s.01k8rhncp4jt1\/2026\/04\/2079359.jpg","datePublished":"2026-04-04T22:02:33+00:00","author":{"@id":"https:\/\/portaltela.pt\/#\/schema\/person\/c4278d4a6028830caff9ee44b42d32ed"},"breadcrumb":{"@id":"https:\/\/portaltela.pt\/noticias\/2026\/04\/04\/fc-porto-falha-vitoria-em-noite-tensa-na-luta-pelo-titulo\/#breadcrumb"},"inLanguage":"pt-PT","potentialAction":[{"@type":"ReadAction","target":["https:\/\/portaltela.pt\/noticias\/2026\/04\/04\/fc-porto-falha-vitoria-em-noite-tensa-na-luta-pelo-titulo\/"]}]},{"@type":"ImageObject","inLanguage":"pt-PT","@id":"https:\/\/portaltela.pt\/noticias\/2026\/04\/04\/fc-porto-falha-vitoria-em-noite-tensa-na-luta-pelo-titulo\/#primaryimage","url":"https:\/\/portaltela.pt\/s.01k8rhncp4jt1\/2026\/04\/2079359.jpg","contentUrl":"https:\/\/portaltela.pt\/s.01k8rhncp4jt1\/2026\/04\/2079359.jpg","width":796,"height":448,"caption":"Alberto Costa e Sorriso em disputa acesa no FC Porto-Famalic\u00e3o"},{"@type":"BreadcrumbList","@id":"https:\/\/portaltela.pt\/noticias\/2026\/04\/04\/fc-porto-falha-vitoria-em-noite-tensa-na-luta-pelo-titulo\/#breadcrumb","itemListElement":[{"@type":"ListItem","position":1,"name":"In\u00edcio","item":"https:\/\/portaltela.pt\/"},{"@type":"ListItem","position":2,"name":"FC Porto falha vit\u00f3ria em noite tensa na luta pelo t\u00edtulo"}]},{"@type":"WebSite","@id":"https:\/\/portaltela.pt\/#website","url":"https:\/\/portaltela.pt\/","name":"Portal Tela Portugal","description":"","potentialAction":[{"@type":"SearchAction","target":{"@type":"EntryPoint","urlTemplate":"https:\/\/portaltela.pt\/?s={search_term_string}"},"query-input":{"@type":"PropertyValueSpecification","valueRequired":true,"valueName":"search_term_string"}}],"inLanguage":"pt-PT"},{"@type":"Person","@id":"https:\/\/portaltela.pt\/#\/schema\/person\/c4278d4a6028830caff9ee44b42d32ed","name":"Telinha","image":{"@type":"ImageObject","inLanguage":"pt-PT","@id":"https:\/\/portaltela.pt\/s.01k8rhncp4jt1\/2025\/11\/talking-bot-125x125.png","url":"https:\/\/portaltela.pt\/s.01k8rhncp4jt1\/2025\/11\/talking-bot-125x125.png","contentUrl":"https:\/\/portaltela.pt\/s.01k8rhncp4jt1\/2025\/11\/talking-bot-125x125.png","caption":"Telinha"},"sameAs":["https:\/\/portaltela.pt\/"],"url":"https:\/\/portaltela.pt\/por\/367410592786\/"}]}},"_links":{"self":[{"href":"https:\/\/portaltela.pt\/api\/wp\/v2\/posts\/432771","targetHints":{"allow":["GET"]}}],"collection":[{"href":"https:\/\/portaltela.pt\/api\/wp\/v2\/posts"}],"about":[{"href":"https:\/\/portaltela.pt\/api\/wp\/v2\/types\/post"}],"author":[{"embeddable":true,"href":"https:\/\/portaltela.pt\/api\/wp\/v2\/users\/2"}],"replies":[{"embeddable":true,"href":"https:\/\/portaltela.pt\/api\/wp\/v2\/comments?post=432771"}],"version-history":[{"count":0,"href":"https:\/\/portaltela.pt\/api\/wp\/v2\/posts\/432771\/revisions"}],"wp:featuredmedia":[{"embeddable":true,"href":"https:\/\/portaltela.pt\/api\/wp\/v2\/media\/432774"}],"wp:attachment":[{"href":"https:\/\/portaltela.pt\/api\/wp\/v2\/media?parent=432771"}],"wp:term":[{"taxonomy":"category","embeddable":true,"href":"https:\/\/portaltela.pt\/api\/wp\/v2\/categories?post=432771"},{"taxonomy":"post_tag","embeddable":true,"href":"https:\/\/portaltela.pt\/api\/wp\/v2\/tags?post=432771"}],"curies":[{"name":"wp","href":"https:\/\/api.w.org\/{rel}","templated":true}]}}