{"id":432519,"date":"2026-04-04T13:32:27","date_gmt":"2026-04-04T16:32:27","guid":{"rendered":"https:\/\/portaltela.pt\/noticias\/2026\/04\/04\/benfica-vence-no-barreiro-e-mantem-lideranca\/"},"modified":"2026-04-04T13:32:27","modified_gmt":"2026-04-04T16:32:27","slug":"benfica-vence-no-barreiro-e-mantem-lideranca","status":"publish","type":"post","link":"https:\/\/portaltela.pt\/desporto\/futebol\/2026\/04\/04\/benfica-vence-no-barreiro-e-mantem-lideranca\/","title":{"rendered":"Benfica vence no Barreiro e mant\u00e9m lideran\u00e7a"},"content":{"rendered":"<p>O Benfica venceu no Barreiro e manteve a lideran\u00e7a da Liga Betclic, ao derrotar o Galitos por 108-82 na 19.\u00aa jornada. A partida realizou-se no s\u00e1bado, com as \u00c1guias a atuar no terreno advers\u00e1rio.<\/p>\n<p>A defesa benfiquista abriu com um m\u00e1ximo de 8-0 e dominou o primeiro per\u00edodo, vencendo por 29-18. No segundo quarto, o Galitos reduziu, mas os visitantes seguiram na frente, chegando ao intervalo com 56-44.<\/p>\n<p>No segundo tempo, o Benfica aumentou a diferen\u00e7a e entrou no \u00faltimo quarto j\u00e1 com 22 pontos de vantagem (80-58). Individualmente, Rasaq Yussuf foi o melhor marcador, com 23 pontos; Rogdree Stein somou 20 pelo Galitos.<\/p>\n<h3>Desempenho e lideran\u00e7a<\/h3>\n<p>O triunfo mant\u00e9m o Benfica na primeira posi\u00e7\u00e3o, com 36 pontos. S\u00famula do jogo aponta para o dom\u00ednio externo, com os rivais diretos ainda a disputar jornadas neste s\u00e1bado e a aguardar o desfecho dos encontros.<\/p>\n","protected":false},"excerpt":{"rendered":"<ul>\n<li>Benfica venceu no Barreiro o Galitos por 108-82, na 19.\u00aa jornada da Liga Betclic.<\/li>\n<li>Com o triunfo, as \u00e1guias mant\u00eam a lideran\u00e7a da competi\u00e7\u00e3o com 36 pontos, \u00e0 espera do desfecho dos jogos dos principais rivais.<\/li>\n<li>No in\u00edcio do encontro, o Benfica fez 8-0 e dominou o primeiro per\u00edodo, que acabou 29-18.<\/li>\n<li>Ao intervalo, a vantagem era de 56-44 a favor de Benfica.<\/li>\n<li>No segundo tempo, os tetracampe\u00f5es alargaram a diferen\u00e7a, chegando a 22 pontos de diferen\u00e7a no in\u00edcio do \u00faltimo per\u00edodo (80-58); o melhor marcador foi Rasaq Yussuf, com 23 pontos, e Rogdree Stein somou 20 pelo Galitos.<\/li>\n<\/ul>\n","protected":false},"author":2,"featured_media":432521,"comment_status":"closed","ping_status":"closed","sticky":false,"template":"","format":"standard","meta":{"footnotes":""},"categories":[21,24],"tags":[1056,1946,3972,152,3413,1786],"class_list":["post-432519","post","type-post","status-publish","format-standard","has-post-thumbnail","hentry","category-desporto","category-futebol","tag-barreiro","tag-benfica","tag-benfica-sad","tag-desporto","tag-galitos-barreiro","tag-liga"],"yoast_head":"<!-- This site is optimized with the Yoast SEO plugin v27.2 - https:\/\/yoast.com\/product\/yoast-seo-wordpress\/ -->\n<title>Benfica vence no Barreiro e mant\u00e9m lideran\u00e7a - Portal Tela Portugal<\/title>\n<meta name=\"robots\" content=\"index, follow, max-snippet:-1, max-image-preview:large, max-video-preview:-1\" \/>\n<meta property=\"og:locale\" content=\"pt_PT\" \/>\n<meta property=\"og:type\" content=\"article\" \/>\n<meta property=\"og:title\" content=\"Benfica vence no Barreiro e mant\u00e9m lideran\u00e7a - Portal Tela Portugal\" \/>\n<meta property=\"og:description\" content=\"Benfica venceu no Barreiro o Galitos por 108-82, na 19.\u00aa jornada da Liga Betclic. Com o triunfo, as \u00e1guias mant\u00eam a lideran\u00e7a da competi\u00e7\u00e3o com 36 pontos, \u00e0 espera do desfecho dos jogos dos principais rivais. No in\u00edcio do encontro, o Benfica fez 8-0 e dominou o primeiro per\u00edodo, que acabou 29-18. Ao intervalo, a vantagem era de 56-44 a favor de Benfica. No segundo tempo, os tetracampe\u00f5es alargaram a diferen\u00e7a, chegando a 22 pontos de diferen\u00e7a no in\u00edcio do \u00faltimo per\u00edodo (80-58); o melhor marcador foi Rasaq Yussuf, com 23 pontos, e Rogdree Stein somou 20 pelo Galitos.\" \/>\n<meta property=\"og:url\" content=\"https:\/\/portaltela.pt\/noticias\/2026\/04\/04\/benfica-vence-no-barreiro-e-mantem-lideranca\/\" \/>\n<meta property=\"og:site_name\" content=\"Portal Tela Portugal\" \/>\n<meta property=\"article:published_time\" content=\"2026-04-04T16:32:27+00:00\" \/>\n<meta name=\"author\" content=\"Telinha\" \/>\n<meta name=\"twitter:card\" content=\"summary_large_image\" \/>\n<meta name=\"twitter:label1\" content=\"Escrito por\" \/>\n\t<meta name=\"twitter:data1\" content=\"Telinha\" \/>\n\t<meta name=\"twitter:label2\" content=\"Tempo estimado de leitura\" \/>\n\t<meta name=\"twitter:data2\" content=\"1 minuto\" \/>\n<script type=\"application\/ld+json\" class=\"yoast-schema-graph\">{\"@context\":\"https:\/\/schema.org\",\"@graph\":[{\"@type\":\"Article\",\"@id\":\"https:\/\/portaltela.pt\/noticias\/2026\/04\/04\/benfica-vence-no-barreiro-e-mantem-lideranca\/#article\",\"isPartOf\":{\"@id\":\"https:\/\/portaltela.pt\/noticias\/2026\/04\/04\/benfica-vence-no-barreiro-e-mantem-lideranca\/\"},\"author\":{\"name\":\"Telinha\",\"@id\":\"https:\/\/portaltela.pt\/#\/schema\/person\/c4278d4a6028830caff9ee44b42d32ed\"},\"headline\":\"Benfica vence no Barreiro e mant\u00e9m lideran\u00e7a\",\"datePublished\":\"2026-04-04T16:32:27+00:00\",\"mainEntityOfPage\":{\"@id\":\"https:\/\/portaltela.pt\/noticias\/2026\/04\/04\/benfica-vence-no-barreiro-e-mantem-lideranca\/\"},\"wordCount\":159,\"image\":{\"@id\":\"https:\/\/portaltela.pt\/noticias\/2026\/04\/04\/benfica-vence-no-barreiro-e-mantem-lideranca\/#primaryimage\"},\"thumbnailUrl\":\"https:\/\/portaltela.pt\/s.01k8rhncp4jt1\/2026\/04\/img_920x518uu2026-04-04-17-17-48-2431090-im-639109199405816788.jpg\",\"keywords\":[\"Barreiro\",\"Benfica\",\"Benfica SAD\",\"desporto\",\"Galitos Barreiro\",\"Liga\"],\"articleSection\":[\"Desporto\",\"Futebol\"],\"inLanguage\":\"pt-PT\"},{\"@type\":\"WebPage\",\"@id\":\"https:\/\/portaltela.pt\/noticias\/2026\/04\/04\/benfica-vence-no-barreiro-e-mantem-lideranca\/\",\"url\":\"https:\/\/portaltela.pt\/noticias\/2026\/04\/04\/benfica-vence-no-barreiro-e-mantem-lideranca\/\",\"name\":\"Benfica vence no Barreiro e mant\u00e9m lideran\u00e7a - Portal Tela Portugal\",\"isPartOf\":{\"@id\":\"https:\/\/portaltela.pt\/#website\"},\"primaryImageOfPage\":{\"@id\":\"https:\/\/portaltela.pt\/noticias\/2026\/04\/04\/benfica-vence-no-barreiro-e-mantem-lideranca\/#primaryimage\"},\"image\":{\"@id\":\"https:\/\/portaltela.pt\/noticias\/2026\/04\/04\/benfica-vence-no-barreiro-e-mantem-lideranca\/#primaryimage\"},\"thumbnailUrl\":\"https:\/\/portaltela.pt\/s.01k8rhncp4jt1\/2026\/04\/img_920x518uu2026-04-04-17-17-48-2431090-im-639109199405816788.jpg\",\"datePublished\":\"2026-04-04T16:32:27+00:00\",\"author\":{\"@id\":\"https:\/\/portaltela.pt\/#\/schema\/person\/c4278d4a6028830caff9ee44b42d32ed\"},\"breadcrumb\":{\"@id\":\"https:\/\/portaltela.pt\/noticias\/2026\/04\/04\/benfica-vence-no-barreiro-e-mantem-lideranca\/#breadcrumb\"},\"inLanguage\":\"pt-PT\",\"potentialAction\":[{\"@type\":\"ReadAction\",\"target\":[\"https:\/\/portaltela.pt\/noticias\/2026\/04\/04\/benfica-vence-no-barreiro-e-mantem-lideranca\/\"]}]},{\"@type\":\"ImageObject\",\"inLanguage\":\"pt-PT\",\"@id\":\"https:\/\/portaltela.pt\/noticias\/2026\/04\/04\/benfica-vence-no-barreiro-e-mantem-lideranca\/#primaryimage\",\"url\":\"https:\/\/portaltela.pt\/s.01k8rhncp4jt1\/2026\/04\/img_920x518uu2026-04-04-17-17-48-2431090-im-639109199405816788.jpg\",\"contentUrl\":\"https:\/\/portaltela.pt\/s.01k8rhncp4jt1\/2026\/04\/img_920x518uu2026-04-04-17-17-48-2431090-im-639109199405816788.jpg\",\"width\":796,\"height\":448,\"caption\":\"Broussard em a\u00e7\u00e3o\"},{\"@type\":\"BreadcrumbList\",\"@id\":\"https:\/\/portaltela.pt\/noticias\/2026\/04\/04\/benfica-vence-no-barreiro-e-mantem-lideranca\/#breadcrumb\",\"itemListElement\":[{\"@type\":\"ListItem\",\"position\":1,\"name\":\"In\u00edcio\",\"item\":\"https:\/\/portaltela.pt\/\"},{\"@type\":\"ListItem\",\"position\":2,\"name\":\"Benfica vence no Barreiro e mant\u00e9m lideran\u00e7a\"}]},{\"@type\":\"WebSite\",\"@id\":\"https:\/\/portaltela.pt\/#website\",\"url\":\"https:\/\/portaltela.pt\/\",\"name\":\"Portal Tela Portugal\",\"description\":\"\",\"potentialAction\":[{\"@type\":\"SearchAction\",\"target\":{\"@type\":\"EntryPoint\",\"urlTemplate\":\"https:\/\/portaltela.pt\/?s={search_term_string}\"},\"query-input\":{\"@type\":\"PropertyValueSpecification\",\"valueRequired\":true,\"valueName\":\"search_term_string\"}}],\"inLanguage\":\"pt-PT\"},{\"@type\":\"Person\",\"@id\":\"https:\/\/portaltela.pt\/#\/schema\/person\/c4278d4a6028830caff9ee44b42d32ed\",\"name\":\"Telinha\",\"image\":{\"@type\":\"ImageObject\",\"inLanguage\":\"pt-PT\",\"@id\":\"https:\/\/portaltela.pt\/s.01k8rhncp4jt1\/2025\/11\/talking-bot-125x125.png\",\"url\":\"https:\/\/portaltela.pt\/s.01k8rhncp4jt1\/2025\/11\/talking-bot-125x125.png\",\"contentUrl\":\"https:\/\/portaltela.pt\/s.01k8rhncp4jt1\/2025\/11\/talking-bot-125x125.png\",\"caption\":\"Telinha\"},\"sameAs\":[\"https:\/\/portaltela.pt\/\"],\"url\":\"https:\/\/portaltela.pt\/por\/367410592786\/\"}]}<\/script>\n<!-- \/ Yoast SEO plugin. -->","yoast_head_json":{"title":"Benfica vence no Barreiro e mant\u00e9m lideran\u00e7a - Portal Tela Portugal","robots":{"index":"index","follow":"follow","max-snippet":"max-snippet:-1","max-image-preview":"max-image-preview:large","max-video-preview":"max-video-preview:-1"},"og_locale":"pt_PT","og_type":"article","og_title":"Benfica vence no Barreiro e mant\u00e9m lideran\u00e7a - Portal Tela Portugal","og_description":"Benfica venceu no Barreiro o Galitos por 108-82, na 19.\u00aa jornada da Liga Betclic. Com o triunfo, as \u00e1guias mant\u00eam a lideran\u00e7a da competi\u00e7\u00e3o com 36 pontos, \u00e0 espera do desfecho dos jogos dos principais rivais. No in\u00edcio do encontro, o Benfica fez 8-0 e dominou o primeiro per\u00edodo, que acabou 29-18. Ao intervalo, a vantagem era de 56-44 a favor de Benfica. No segundo tempo, os tetracampe\u00f5es alargaram a diferen\u00e7a, chegando a 22 pontos de diferen\u00e7a no in\u00edcio do \u00faltimo per\u00edodo (80-58); o melhor marcador foi Rasaq Yussuf, com 23 pontos, e Rogdree Stein somou 20 pelo Galitos.","og_url":"https:\/\/portaltela.pt\/noticias\/2026\/04\/04\/benfica-vence-no-barreiro-e-mantem-lideranca\/","og_site_name":"Portal Tela Portugal","article_published_time":"2026-04-04T16:32:27+00:00","author":"Telinha","twitter_card":"summary_large_image","twitter_misc":{"Escrito por":"Telinha","Tempo estimado de leitura":"1 minuto"},"schema":{"@context":"https:\/\/schema.org","@graph":[{"@type":"Article","@id":"https:\/\/portaltela.pt\/noticias\/2026\/04\/04\/benfica-vence-no-barreiro-e-mantem-lideranca\/#article","isPartOf":{"@id":"https:\/\/portaltela.pt\/noticias\/2026\/04\/04\/benfica-vence-no-barreiro-e-mantem-lideranca\/"},"author":{"name":"Telinha","@id":"https:\/\/portaltela.pt\/#\/schema\/person\/c4278d4a6028830caff9ee44b42d32ed"},"headline":"Benfica vence no Barreiro e mant\u00e9m lideran\u00e7a","datePublished":"2026-04-04T16:32:27+00:00","mainEntityOfPage":{"@id":"https:\/\/portaltela.pt\/noticias\/2026\/04\/04\/benfica-vence-no-barreiro-e-mantem-lideranca\/"},"wordCount":159,"image":{"@id":"https:\/\/portaltela.pt\/noticias\/2026\/04\/04\/benfica-vence-no-barreiro-e-mantem-lideranca\/#primaryimage"},"thumbnailUrl":"https:\/\/portaltela.pt\/s.01k8rhncp4jt1\/2026\/04\/img_920x518uu2026-04-04-17-17-48-2431090-im-639109199405816788.jpg","keywords":["Barreiro","Benfica","Benfica SAD","desporto","Galitos Barreiro","Liga"],"articleSection":["Desporto","Futebol"],"inLanguage":"pt-PT"},{"@type":"WebPage","@id":"https:\/\/portaltela.pt\/noticias\/2026\/04\/04\/benfica-vence-no-barreiro-e-mantem-lideranca\/","url":"https:\/\/portaltela.pt\/noticias\/2026\/04\/04\/benfica-vence-no-barreiro-e-mantem-lideranca\/","name":"Benfica vence no Barreiro e mant\u00e9m lideran\u00e7a - Portal Tela Portugal","isPartOf":{"@id":"https:\/\/portaltela.pt\/#website"},"primaryImageOfPage":{"@id":"https:\/\/portaltela.pt\/noticias\/2026\/04\/04\/benfica-vence-no-barreiro-e-mantem-lideranca\/#primaryimage"},"image":{"@id":"https:\/\/portaltela.pt\/noticias\/2026\/04\/04\/benfica-vence-no-barreiro-e-mantem-lideranca\/#primaryimage"},"thumbnailUrl":"https:\/\/portaltela.pt\/s.01k8rhncp4jt1\/2026\/04\/img_920x518uu2026-04-04-17-17-48-2431090-im-639109199405816788.jpg","datePublished":"2026-04-04T16:32:27+00:00","author":{"@id":"https:\/\/portaltela.pt\/#\/schema\/person\/c4278d4a6028830caff9ee44b42d32ed"},"breadcrumb":{"@id":"https:\/\/portaltela.pt\/noticias\/2026\/04\/04\/benfica-vence-no-barreiro-e-mantem-lideranca\/#breadcrumb"},"inLanguage":"pt-PT","potentialAction":[{"@type":"ReadAction","target":["https:\/\/portaltela.pt\/noticias\/2026\/04\/04\/benfica-vence-no-barreiro-e-mantem-lideranca\/"]}]},{"@type":"ImageObject","inLanguage":"pt-PT","@id":"https:\/\/portaltela.pt\/noticias\/2026\/04\/04\/benfica-vence-no-barreiro-e-mantem-lideranca\/#primaryimage","url":"https:\/\/portaltela.pt\/s.01k8rhncp4jt1\/2026\/04\/img_920x518uu2026-04-04-17-17-48-2431090-im-639109199405816788.jpg","contentUrl":"https:\/\/portaltela.pt\/s.01k8rhncp4jt1\/2026\/04\/img_920x518uu2026-04-04-17-17-48-2431090-im-639109199405816788.jpg","width":796,"height":448,"caption":"Broussard em a\u00e7\u00e3o"},{"@type":"BreadcrumbList","@id":"https:\/\/portaltela.pt\/noticias\/2026\/04\/04\/benfica-vence-no-barreiro-e-mantem-lideranca\/#breadcrumb","itemListElement":[{"@type":"ListItem","position":1,"name":"In\u00edcio","item":"https:\/\/portaltela.pt\/"},{"@type":"ListItem","position":2,"name":"Benfica vence no Barreiro e mant\u00e9m lideran\u00e7a"}]},{"@type":"WebSite","@id":"https:\/\/portaltela.pt\/#website","url":"https:\/\/portaltela.pt\/","name":"Portal Tela Portugal","description":"","potentialAction":[{"@type":"SearchAction","target":{"@type":"EntryPoint","urlTemplate":"https:\/\/portaltela.pt\/?s={search_term_string}"},"query-input":{"@type":"PropertyValueSpecification","valueRequired":true,"valueName":"search_term_string"}}],"inLanguage":"pt-PT"},{"@type":"Person","@id":"https:\/\/portaltela.pt\/#\/schema\/person\/c4278d4a6028830caff9ee44b42d32ed","name":"Telinha","image":{"@type":"ImageObject","inLanguage":"pt-PT","@id":"https:\/\/portaltela.pt\/s.01k8rhncp4jt1\/2025\/11\/talking-bot-125x125.png","url":"https:\/\/portaltela.pt\/s.01k8rhncp4jt1\/2025\/11\/talking-bot-125x125.png","contentUrl":"https:\/\/portaltela.pt\/s.01k8rhncp4jt1\/2025\/11\/talking-bot-125x125.png","caption":"Telinha"},"sameAs":["https:\/\/portaltela.pt\/"],"url":"https:\/\/portaltela.pt\/por\/367410592786\/"}]}},"_links":{"self":[{"href":"https:\/\/portaltela.pt\/api\/wp\/v2\/posts\/432519","targetHints":{"allow":["GET"]}}],"collection":[{"href":"https:\/\/portaltela.pt\/api\/wp\/v2\/posts"}],"about":[{"href":"https:\/\/portaltela.pt\/api\/wp\/v2\/types\/post"}],"author":[{"embeddable":true,"href":"https:\/\/portaltela.pt\/api\/wp\/v2\/users\/2"}],"replies":[{"embeddable":true,"href":"https:\/\/portaltela.pt\/api\/wp\/v2\/comments?post=432519"}],"version-history":[{"count":0,"href":"https:\/\/portaltela.pt\/api\/wp\/v2\/posts\/432519\/revisions"}],"wp:featuredmedia":[{"embeddable":true,"href":"https:\/\/portaltela.pt\/api\/wp\/v2\/media\/432521"}],"wp:attachment":[{"href":"https:\/\/portaltela.pt\/api\/wp\/v2\/media?parent=432519"}],"wp:term":[{"taxonomy":"category","embeddable":true,"href":"https:\/\/portaltela.pt\/api\/wp\/v2\/categories?post=432519"},{"taxonomy":"post_tag","embeddable":true,"href":"https:\/\/portaltela.pt\/api\/wp\/v2\/tags?post=432519"}],"curies":[{"name":"wp","href":"https:\/\/api.w.org\/{rel}","templated":true}]}}