{"id":432479,"date":"2026-04-04T10:58:00","date_gmt":"2026-04-04T13:58:00","guid":{"rendered":"https:\/\/portaltela.pt\/noticias\/2026\/04\/04\/alvaro-pacheco-acredita-numa-nova-quebra-de-invencibilidade-frente-ao-benfica\/"},"modified":"2026-04-04T10:58:00","modified_gmt":"2026-04-04T13:58:00","slug":"alvaro-pacheco-acredita-numa-nova-quebra-de-invencibilidade-frente-ao-benfica","status":"publish","type":"post","link":"https:\/\/portaltela.pt\/desporto\/futebol\/2026\/04\/04\/alvaro-pacheco-acredita-numa-nova-quebra-de-invencibilidade-frente-ao-benfica\/","title":{"rendered":"\u00c1lvaro Pacheco acredita numa nova quebra de invencibilidade frente ao Benfica"},"content":{"rendered":"<p>O treinador do Casa Pia, \u00c1lvaro Pacheco, afirmou hoje que pretende replicar a rece\u00e7\u00e3o ao FC Porto e colocar fim \u00e0 invencibilidade do Benfica na 28.\u00aa jornada da I Liga portuguesa de futebol. A entrevista decorreu no contexto da prepara\u00e7\u00e3o para o confronto entre as equipas.<\/p>\n<p>Pacheco explicou que a ideia \u00e9 manter o mesmo \u00e2nimo e ambiente do jogo anterior frente ao Porto, para estimular a equipa na luta pela vit\u00f3ria. O objetivo \u00e9 derrotar o Benfica no campeonato, assegurando mais tr\u00eas pontos para o Casa Pia.<\/p>\n<p>O t\u00e9cnico n\u00e3o avan\u00e7ou detalhes t\u00e1cticos, mas destacou a import\u00e2ncia de uma resposta coletiva, com foco na defesa e nos momentos de transi\u00e7\u00e3o. O Benfica tenta manter a lideran\u00e7a da prova, enquanto o Casa Pia procura consolidar a posi\u00e7\u00e3o no meio da tabela.<\/p>\n<h3>Prepara\u00e7\u00e3o para o jogo<\/h3>\n<ul>\n<li>O encontro entre Casa Pia e Benfica ocorre na 28.\u00aa jornada da I Liga, em data a confirmar oficialmente.<\/li>\n<li>A equipa de Lisboa chega com invencibilidade no confronto direto e procura manter o ritmo, enquanto o Casa Pia procura prolongar o momento positivo.<\/li>\n<li>Ainda n\u00e3o foram anunciadas novidades sobre o alinhamento prov\u00e1vel dos dois conjuntos.<\/li>\n<\/ul>\n","protected":false},"excerpt":{"rendered":"<ul>\n<li>\u00c1lvaro Pacheco, treinador do Casa Pia, afirmou hoje que quer replicar a rece\u00e7\u00e3o ao FC Porto.<\/li>\n<li>O objetivo \u00e9 derrotar o Benfica pela primeira vez na I Liga, na 28.\u00aa jornada.<\/li>\n<li>A equipa procura manter a confian\u00e7a ap\u00f3s o desempenho recente e manter a lideran\u00e7a de objetivos futuros para o campeonato.<\/li>\n<\/ul>\n","protected":false},"author":2,"featured_media":432482,"comment_status":"closed","ping_status":"closed","sticky":false,"template":"","format":"standard","meta":{"footnotes":""},"categories":[21,24],"tags":[4143,4059,1946,123,32,982],"class_list":["post-432479","post","type-post","status-publish","format-standard","has-post-thumbnail","hentry","category-desporto","category-futebol","tag-1-liga","tag-1-a-liga","tag-benfica","tag-desportivos","tag-futebol","tag-porto"],"yoast_head":"<!-- This site is optimized with the Yoast SEO plugin v27.2 - https:\/\/yoast.com\/product\/yoast-seo-wordpress\/ -->\n<title>\u00c1lvaro Pacheco acredita numa nova quebra de invencibilidade frente ao Benfica - Portal Tela Portugal<\/title>\n<meta name=\"robots\" content=\"index, follow, max-snippet:-1, max-image-preview:large, max-video-preview:-1\" \/>\n<meta property=\"og:locale\" content=\"pt_PT\" \/>\n<meta property=\"og:type\" content=\"article\" \/>\n<meta property=\"og:title\" content=\"\u00c1lvaro Pacheco acredita numa nova quebra de invencibilidade frente ao Benfica - Portal Tela Portugal\" \/>\n<meta property=\"og:description\" content=\"\u00c1lvaro Pacheco, treinador do Casa Pia, afirmou hoje que quer replicar a rece\u00e7\u00e3o ao FC Porto. O objetivo \u00e9 derrotar o Benfica pela primeira vez na I Liga, na 28.\u00aa jornada. A equipa procura manter a confian\u00e7a ap\u00f3s o desempenho recente e manter a lideran\u00e7a de objetivos futuros para o campeonato.\" \/>\n<meta property=\"og:url\" content=\"https:\/\/portaltela.pt\/noticias\/2026\/04\/04\/alvaro-pacheco-acredita-numa-nova-quebra-de-invencibilidade-frente-ao-benfica\/\" \/>\n<meta property=\"og:site_name\" content=\"Portal Tela Portugal\" \/>\n<meta property=\"article:published_time\" content=\"2026-04-04T13:58:00+00:00\" \/>\n<meta name=\"author\" content=\"Telinha\" \/>\n<meta name=\"twitter:card\" content=\"summary_large_image\" \/>\n<meta name=\"twitter:label1\" content=\"Escrito por\" \/>\n\t<meta name=\"twitter:data1\" content=\"Telinha\" \/>\n\t<meta name=\"twitter:label2\" content=\"Tempo estimado de leitura\" \/>\n\t<meta name=\"twitter:data2\" content=\"1 minuto\" \/>\n<script type=\"application\/ld+json\" class=\"yoast-schema-graph\">{\"@context\":\"https:\/\/schema.org\",\"@graph\":[{\"@type\":\"Article\",\"@id\":\"https:\/\/portaltela.pt\/noticias\/2026\/04\/04\/alvaro-pacheco-acredita-numa-nova-quebra-de-invencibilidade-frente-ao-benfica\/#article\",\"isPartOf\":{\"@id\":\"https:\/\/portaltela.pt\/noticias\/2026\/04\/04\/alvaro-pacheco-acredita-numa-nova-quebra-de-invencibilidade-frente-ao-benfica\/\"},\"author\":{\"name\":\"Telinha\",\"@id\":\"https:\/\/portaltela.pt\/#\/schema\/person\/c4278d4a6028830caff9ee44b42d32ed\"},\"headline\":\"\u00c1lvaro Pacheco acredita numa nova quebra de invencibilidade frente ao Benfica\",\"datePublished\":\"2026-04-04T13:58:00+00:00\",\"mainEntityOfPage\":{\"@id\":\"https:\/\/portaltela.pt\/noticias\/2026\/04\/04\/alvaro-pacheco-acredita-numa-nova-quebra-de-invencibilidade-frente-ao-benfica\/\"},\"wordCount\":211,\"image\":{\"@id\":\"https:\/\/portaltela.pt\/noticias\/2026\/04\/04\/alvaro-pacheco-acredita-numa-nova-quebra-de-invencibilidade-frente-ao-benfica\/#primaryimage\"},\"thumbnailUrl\":\"https:\/\/portaltela.pt\/s.01k8rhncp4jt1\/2026\/04\/CACHE_780X1200_ANALOG_WATERMARKED_46628273_2380416_23022026093243.jpg\",\"keywords\":[\"1. Liga\",\"1.\u00aa Liga\",\"Benfica\",\"desportivos\",\"futebol\",\"Porto\"],\"articleSection\":[\"Desporto\",\"Futebol\"],\"inLanguage\":\"pt-PT\"},{\"@type\":\"WebPage\",\"@id\":\"https:\/\/portaltela.pt\/noticias\/2026\/04\/04\/alvaro-pacheco-acredita-numa-nova-quebra-de-invencibilidade-frente-ao-benfica\/\",\"url\":\"https:\/\/portaltela.pt\/noticias\/2026\/04\/04\/alvaro-pacheco-acredita-numa-nova-quebra-de-invencibilidade-frente-ao-benfica\/\",\"name\":\"\u00c1lvaro Pacheco acredita numa nova quebra de invencibilidade frente ao Benfica - Portal Tela Portugal\",\"isPartOf\":{\"@id\":\"https:\/\/portaltela.pt\/#website\"},\"primaryImageOfPage\":{\"@id\":\"https:\/\/portaltela.pt\/noticias\/2026\/04\/04\/alvaro-pacheco-acredita-numa-nova-quebra-de-invencibilidade-frente-ao-benfica\/#primaryimage\"},\"image\":{\"@id\":\"https:\/\/portaltela.pt\/noticias\/2026\/04\/04\/alvaro-pacheco-acredita-numa-nova-quebra-de-invencibilidade-frente-ao-benfica\/#primaryimage\"},\"thumbnailUrl\":\"https:\/\/portaltela.pt\/s.01k8rhncp4jt1\/2026\/04\/CACHE_780X1200_ANALOG_WATERMARKED_46628273_2380416_23022026093243.jpg\",\"datePublished\":\"2026-04-04T13:58:00+00:00\",\"author\":{\"@id\":\"https:\/\/portaltela.pt\/#\/schema\/person\/c4278d4a6028830caff9ee44b42d32ed\"},\"breadcrumb\":{\"@id\":\"https:\/\/portaltela.pt\/noticias\/2026\/04\/04\/alvaro-pacheco-acredita-numa-nova-quebra-de-invencibilidade-frente-ao-benfica\/#breadcrumb\"},\"inLanguage\":\"pt-PT\",\"potentialAction\":[{\"@type\":\"ReadAction\",\"target\":[\"https:\/\/portaltela.pt\/noticias\/2026\/04\/04\/alvaro-pacheco-acredita-numa-nova-quebra-de-invencibilidade-frente-ao-benfica\/\"]}]},{\"@type\":\"ImageObject\",\"inLanguage\":\"pt-PT\",\"@id\":\"https:\/\/portaltela.pt\/noticias\/2026\/04\/04\/alvaro-pacheco-acredita-numa-nova-quebra-de-invencibilidade-frente-ao-benfica\/#primaryimage\",\"url\":\"https:\/\/portaltela.pt\/s.01k8rhncp4jt1\/2026\/04\/CACHE_780X1200_ANALOG_WATERMARKED_46628273_2380416_23022026093243.jpg\",\"contentUrl\":\"https:\/\/portaltela.pt\/s.01k8rhncp4jt1\/2026\/04\/CACHE_780X1200_ANALOG_WATERMARKED_46628273_2380416_23022026093243.jpg\",\"width\":796,\"height\":448,\"caption\":\"\u00c1lvaro Pacheco acredita em nova quebra de invencibilidade frente ao Benfica\"},{\"@type\":\"BreadcrumbList\",\"@id\":\"https:\/\/portaltela.pt\/noticias\/2026\/04\/04\/alvaro-pacheco-acredita-numa-nova-quebra-de-invencibilidade-frente-ao-benfica\/#breadcrumb\",\"itemListElement\":[{\"@type\":\"ListItem\",\"position\":1,\"name\":\"In\u00edcio\",\"item\":\"https:\/\/portaltela.pt\/\"},{\"@type\":\"ListItem\",\"position\":2,\"name\":\"\u00c1lvaro Pacheco acredita numa nova quebra de invencibilidade frente ao Benfica\"}]},{\"@type\":\"WebSite\",\"@id\":\"https:\/\/portaltela.pt\/#website\",\"url\":\"https:\/\/portaltela.pt\/\",\"name\":\"Portal Tela Portugal\",\"description\":\"\",\"potentialAction\":[{\"@type\":\"SearchAction\",\"target\":{\"@type\":\"EntryPoint\",\"urlTemplate\":\"https:\/\/portaltela.pt\/?s={search_term_string}\"},\"query-input\":{\"@type\":\"PropertyValueSpecification\",\"valueRequired\":true,\"valueName\":\"search_term_string\"}}],\"inLanguage\":\"pt-PT\"},{\"@type\":\"Person\",\"@id\":\"https:\/\/portaltela.pt\/#\/schema\/person\/c4278d4a6028830caff9ee44b42d32ed\",\"name\":\"Telinha\",\"image\":{\"@type\":\"ImageObject\",\"inLanguage\":\"pt-PT\",\"@id\":\"https:\/\/portaltela.pt\/s.01k8rhncp4jt1\/2025\/11\/talking-bot-125x125.png\",\"url\":\"https:\/\/portaltela.pt\/s.01k8rhncp4jt1\/2025\/11\/talking-bot-125x125.png\",\"contentUrl\":\"https:\/\/portaltela.pt\/s.01k8rhncp4jt1\/2025\/11\/talking-bot-125x125.png\",\"caption\":\"Telinha\"},\"sameAs\":[\"https:\/\/portaltela.pt\/\"],\"url\":\"https:\/\/portaltela.pt\/por\/367410592786\/\"}]}<\/script>\n<!-- \/ Yoast SEO plugin. -->","yoast_head_json":{"title":"\u00c1lvaro Pacheco acredita numa nova quebra de invencibilidade frente ao Benfica - Portal Tela Portugal","robots":{"index":"index","follow":"follow","max-snippet":"max-snippet:-1","max-image-preview":"max-image-preview:large","max-video-preview":"max-video-preview:-1"},"og_locale":"pt_PT","og_type":"article","og_title":"\u00c1lvaro Pacheco acredita numa nova quebra de invencibilidade frente ao Benfica - Portal Tela Portugal","og_description":"\u00c1lvaro Pacheco, treinador do Casa Pia, afirmou hoje que quer replicar a rece\u00e7\u00e3o ao FC Porto. O objetivo \u00e9 derrotar o Benfica pela primeira vez na I Liga, na 28.\u00aa jornada. A equipa procura manter a confian\u00e7a ap\u00f3s o desempenho recente e manter a lideran\u00e7a de objetivos futuros para o campeonato.","og_url":"https:\/\/portaltela.pt\/noticias\/2026\/04\/04\/alvaro-pacheco-acredita-numa-nova-quebra-de-invencibilidade-frente-ao-benfica\/","og_site_name":"Portal Tela Portugal","article_published_time":"2026-04-04T13:58:00+00:00","author":"Telinha","twitter_card":"summary_large_image","twitter_misc":{"Escrito por":"Telinha","Tempo estimado de leitura":"1 minuto"},"schema":{"@context":"https:\/\/schema.org","@graph":[{"@type":"Article","@id":"https:\/\/portaltela.pt\/noticias\/2026\/04\/04\/alvaro-pacheco-acredita-numa-nova-quebra-de-invencibilidade-frente-ao-benfica\/#article","isPartOf":{"@id":"https:\/\/portaltela.pt\/noticias\/2026\/04\/04\/alvaro-pacheco-acredita-numa-nova-quebra-de-invencibilidade-frente-ao-benfica\/"},"author":{"name":"Telinha","@id":"https:\/\/portaltela.pt\/#\/schema\/person\/c4278d4a6028830caff9ee44b42d32ed"},"headline":"\u00c1lvaro Pacheco acredita numa nova quebra de invencibilidade frente ao Benfica","datePublished":"2026-04-04T13:58:00+00:00","mainEntityOfPage":{"@id":"https:\/\/portaltela.pt\/noticias\/2026\/04\/04\/alvaro-pacheco-acredita-numa-nova-quebra-de-invencibilidade-frente-ao-benfica\/"},"wordCount":211,"image":{"@id":"https:\/\/portaltela.pt\/noticias\/2026\/04\/04\/alvaro-pacheco-acredita-numa-nova-quebra-de-invencibilidade-frente-ao-benfica\/#primaryimage"},"thumbnailUrl":"https:\/\/portaltela.pt\/s.01k8rhncp4jt1\/2026\/04\/CACHE_780X1200_ANALOG_WATERMARKED_46628273_2380416_23022026093243.jpg","keywords":["1. Liga","1.\u00aa Liga","Benfica","desportivos","futebol","Porto"],"articleSection":["Desporto","Futebol"],"inLanguage":"pt-PT"},{"@type":"WebPage","@id":"https:\/\/portaltela.pt\/noticias\/2026\/04\/04\/alvaro-pacheco-acredita-numa-nova-quebra-de-invencibilidade-frente-ao-benfica\/","url":"https:\/\/portaltela.pt\/noticias\/2026\/04\/04\/alvaro-pacheco-acredita-numa-nova-quebra-de-invencibilidade-frente-ao-benfica\/","name":"\u00c1lvaro Pacheco acredita numa nova quebra de invencibilidade frente ao Benfica - Portal Tela Portugal","isPartOf":{"@id":"https:\/\/portaltela.pt\/#website"},"primaryImageOfPage":{"@id":"https:\/\/portaltela.pt\/noticias\/2026\/04\/04\/alvaro-pacheco-acredita-numa-nova-quebra-de-invencibilidade-frente-ao-benfica\/#primaryimage"},"image":{"@id":"https:\/\/portaltela.pt\/noticias\/2026\/04\/04\/alvaro-pacheco-acredita-numa-nova-quebra-de-invencibilidade-frente-ao-benfica\/#primaryimage"},"thumbnailUrl":"https:\/\/portaltela.pt\/s.01k8rhncp4jt1\/2026\/04\/CACHE_780X1200_ANALOG_WATERMARKED_46628273_2380416_23022026093243.jpg","datePublished":"2026-04-04T13:58:00+00:00","author":{"@id":"https:\/\/portaltela.pt\/#\/schema\/person\/c4278d4a6028830caff9ee44b42d32ed"},"breadcrumb":{"@id":"https:\/\/portaltela.pt\/noticias\/2026\/04\/04\/alvaro-pacheco-acredita-numa-nova-quebra-de-invencibilidade-frente-ao-benfica\/#breadcrumb"},"inLanguage":"pt-PT","potentialAction":[{"@type":"ReadAction","target":["https:\/\/portaltela.pt\/noticias\/2026\/04\/04\/alvaro-pacheco-acredita-numa-nova-quebra-de-invencibilidade-frente-ao-benfica\/"]}]},{"@type":"ImageObject","inLanguage":"pt-PT","@id":"https:\/\/portaltela.pt\/noticias\/2026\/04\/04\/alvaro-pacheco-acredita-numa-nova-quebra-de-invencibilidade-frente-ao-benfica\/#primaryimage","url":"https:\/\/portaltela.pt\/s.01k8rhncp4jt1\/2026\/04\/CACHE_780X1200_ANALOG_WATERMARKED_46628273_2380416_23022026093243.jpg","contentUrl":"https:\/\/portaltela.pt\/s.01k8rhncp4jt1\/2026\/04\/CACHE_780X1200_ANALOG_WATERMARKED_46628273_2380416_23022026093243.jpg","width":796,"height":448,"caption":"\u00c1lvaro Pacheco acredita em nova quebra de invencibilidade frente ao Benfica"},{"@type":"BreadcrumbList","@id":"https:\/\/portaltela.pt\/noticias\/2026\/04\/04\/alvaro-pacheco-acredita-numa-nova-quebra-de-invencibilidade-frente-ao-benfica\/#breadcrumb","itemListElement":[{"@type":"ListItem","position":1,"name":"In\u00edcio","item":"https:\/\/portaltela.pt\/"},{"@type":"ListItem","position":2,"name":"\u00c1lvaro Pacheco acredita numa nova quebra de invencibilidade frente ao Benfica"}]},{"@type":"WebSite","@id":"https:\/\/portaltela.pt\/#website","url":"https:\/\/portaltela.pt\/","name":"Portal Tela Portugal","description":"","potentialAction":[{"@type":"SearchAction","target":{"@type":"EntryPoint","urlTemplate":"https:\/\/portaltela.pt\/?s={search_term_string}"},"query-input":{"@type":"PropertyValueSpecification","valueRequired":true,"valueName":"search_term_string"}}],"inLanguage":"pt-PT"},{"@type":"Person","@id":"https:\/\/portaltela.pt\/#\/schema\/person\/c4278d4a6028830caff9ee44b42d32ed","name":"Telinha","image":{"@type":"ImageObject","inLanguage":"pt-PT","@id":"https:\/\/portaltela.pt\/s.01k8rhncp4jt1\/2025\/11\/talking-bot-125x125.png","url":"https:\/\/portaltela.pt\/s.01k8rhncp4jt1\/2025\/11\/talking-bot-125x125.png","contentUrl":"https:\/\/portaltela.pt\/s.01k8rhncp4jt1\/2025\/11\/talking-bot-125x125.png","caption":"Telinha"},"sameAs":["https:\/\/portaltela.pt\/"],"url":"https:\/\/portaltela.pt\/por\/367410592786\/"}]}},"_links":{"self":[{"href":"https:\/\/portaltela.pt\/api\/wp\/v2\/posts\/432479","targetHints":{"allow":["GET"]}}],"collection":[{"href":"https:\/\/portaltela.pt\/api\/wp\/v2\/posts"}],"about":[{"href":"https:\/\/portaltela.pt\/api\/wp\/v2\/types\/post"}],"author":[{"embeddable":true,"href":"https:\/\/portaltela.pt\/api\/wp\/v2\/users\/2"}],"replies":[{"embeddable":true,"href":"https:\/\/portaltela.pt\/api\/wp\/v2\/comments?post=432479"}],"version-history":[{"count":0,"href":"https:\/\/portaltela.pt\/api\/wp\/v2\/posts\/432479\/revisions"}],"wp:featuredmedia":[{"embeddable":true,"href":"https:\/\/portaltela.pt\/api\/wp\/v2\/media\/432482"}],"wp:attachment":[{"href":"https:\/\/portaltela.pt\/api\/wp\/v2\/media?parent=432479"}],"wp:term":[{"taxonomy":"category","embeddable":true,"href":"https:\/\/portaltela.pt\/api\/wp\/v2\/categories?post=432479"},{"taxonomy":"post_tag","embeddable":true,"href":"https:\/\/portaltela.pt\/api\/wp\/v2\/tags?post=432479"}],"curies":[{"name":"wp","href":"https:\/\/api.w.org\/{rel}","templated":true}]}}