{"id":432276,"date":"2026-04-04T07:02:36","date_gmt":"2026-04-04T10:02:36","guid":{"rendered":"https:\/\/portaltela.pt\/noticias\/2026\/04\/04\/primeiras-imagens-da-terra-captadas-na-missao-artemis-ii\/"},"modified":"2026-04-04T07:02:36","modified_gmt":"2026-04-04T10:02:36","slug":"primeiras-imagens-da-terra-captadas-na-missao-artemis-ii","status":"publish","type":"post","link":"https:\/\/portaltela.pt\/tecnologia\/2026\/04\/04\/primeiras-imagens-da-terra-captadas-na-missao-artemis-ii\/","title":{"rendered":"Primeiras imagens da Terra captadas na miss\u00e3o Artemis II"},"content":{"rendered":"<p>A NASA revelou as primeiras imagens de alta resolu\u00e7\u00e3o da Terra captadas pela tripula\u00e7\u00e3o da Artemis II, durante a passagem entre a Terra e a Lua. A c\u00e1psula Orion, sob comando de Reid Wiseman, registou imagens consideradas espetaculares pela ag\u00eancia.<\/p>\n<p>Por volta das 07h00, hora de Portugal, a Orion encontrava-se a 228.500 quil\u00f3metros da Terra e a 212.400 quil\u00f3metros da Lua, segundo o painel da miss\u00e3o citado pela BBC. A tripula\u00e7\u00e3o recebeu a not\u00edcia de que tinha cumprido a inje\u00e7\u00e3o translunar, ap\u00f3s cerca de dois dias, cinco horas e 24 minutos de lan\u00e7amento.<\/p>\n<p>A imagem emblem\u00e1tica intitulada Ol\u00e1, Mundo mostra o Atl\u00e2ntico em tons de azul, com a atmosfera a envolver o planeta e auroras vis\u00edveis nos polos. O oeste da \u00c1frica e a Pen\u00ednsula Ib\u00e9rica aparecem \u00e0 esquerda, enquanto a Am\u00e9rica do Sul se estende \u00e0 direita, com Venus identificada no canto inferior direito.<\/p>\n<h3>Trajet\u00f3ria e contexto da miss\u00e3o<\/h3>\n<p>A Artemis II decorre numa trajet\u00f3ria circular ap\u00f3s a inser\u00e7\u00e3o translunar. Trata-se da primeira miss\u00e3o humana al\u00e9m da \u00f3rbita terrestre desde 1972, com a c\u00e1psula Orion lan\u00e7ada no Centro Espacial Kennedy, na Fl\u00f3rida. O objetivo \u00e9 observar a Terra de fora do nosso planeta e preparar futuras miss\u00f5es.<\/p>\n<p>Durante o dia, foram divulgadas outras imagens, incluindo uma vista da Terra dividida entre o dia e a noite, com o terminador vis\u00edvel. A NASA tamb\u00e9m mostrou a Terra quase no escurecer, onde apenas as luzes humanas permanecem percept\u00edveis.<\/p>\n<h3>Confronto temporal com miss\u00f5es anteriores<\/h3>\n<p>Foi publicada uma compara\u00e7\u00e3o entre a Terra em 2026 e uma imagem semelhante da Apollo 17, em 1972, destacando o progresso t\u00e9cnico ao longo de mais de cinco d\u00e9cadas. A NASA sublinha que, apesar dos avan\u00e7os, a casa comum continua a inspirar quem observa o espa\u00e7o.<\/p>\n","protected":false},"excerpt":{"rendered":"<ul>\n<li>A c\u00e1psula Orion estava a 228.500 quil\u00f3metros da Terra e a 212.400 quil\u00f3metros da Lua, numa passagem entre os corpos celestes, a caminho da Lua, durante a miss\u00e3o Artemis II.<\/li>\n<li>As primeiras imagens de alta resolu\u00e7\u00e3o da Terra foram captadas pela tripula\u00e7\u00e3o, com destaque para a foto intitulada \u201cOl\u00e1, Mundo\u201d e para as auroras nos polos.<\/li>\n<li>O comandante Ride Wiseman captou as imagens durante a trajet\u00f3ria de inje\u00e7\u00e3o translunar, conclu\u00edda nas primeiras horas de sexta-feira.<\/li>\n<li>A miss\u00e3o Artemis II est\u00e1 numa trajet\u00f3ria circular; \u00e9 a primeira viagem humana para fora da \u00f3rbita da Terra desde 1972, com retorno previsto para 10 de abril.<\/li>\n<li>Outras imagens mostram a Terra dividida entre dia e noite (terminador) e, numa segunda foto, a Terra quase em escurid\u00e3o, com as luzes de cidades vis\u00edveis; a NASA comparou a vista com uma imagem da Apollo 17 de 1972.<\/li>\n<\/ul>\n","protected":false},"author":2,"featured_media":432277,"comment_status":"closed","ping_status":"closed","sticky":false,"template":"","format":"standard","meta":{"footnotes":""},"categories":[6716],"tags":[7186,1992,6232,787,5375],"class_list":["post-432276","post","type-post","status-publish","format-standard","has-post-thumbnail","hentry","category-tecnologia","tag-astronomia","tag-ciencia","tag-nasa","tag-observacao","tag-terra"],"yoast_head":"<!-- This site is optimized with the Yoast SEO plugin v27.2 - https:\/\/yoast.com\/product\/yoast-seo-wordpress\/ -->\n<title>Primeiras imagens da Terra captadas na miss\u00e3o Artemis II - Portal Tela Portugal<\/title>\n<meta name=\"robots\" content=\"index, follow, max-snippet:-1, max-image-preview:large, max-video-preview:-1\" \/>\n<meta property=\"og:locale\" content=\"pt_PT\" \/>\n<meta property=\"og:type\" content=\"article\" \/>\n<meta property=\"og:title\" content=\"Primeiras imagens da Terra captadas na miss\u00e3o Artemis II - Portal Tela Portugal\" \/>\n<meta property=\"og:description\" content=\"A c\u00e1psula Orion estava a 228.500 quil\u00f3metros da Terra e a 212.400 quil\u00f3metros da Lua, numa passagem entre os corpos celestes, a caminho da Lua, durante a miss\u00e3o Artemis II. As primeiras imagens de alta resolu\u00e7\u00e3o da Terra foram captadas pela tripula\u00e7\u00e3o, com destaque para a foto intitulada \u201cOl\u00e1, Mundo\u201d e para as auroras nos polos. O comandante Ride Wiseman captou as imagens durante a trajet\u00f3ria de inje\u00e7\u00e3o translunar, conclu\u00edda nas primeiras horas de sexta-feira. A miss\u00e3o Artemis II est\u00e1 numa trajet\u00f3ria circular; \u00e9 a primeira viagem humana para fora da \u00f3rbita da Terra desde 1972, com retorno previsto para 10 de abril. Outras imagens mostram a Terra dividida entre dia e noite (terminador) e, numa segunda foto, a Terra quase em escurid\u00e3o, com as luzes de cidades vis\u00edveis; a NASA comparou a vista com uma imagem da Apollo 17 de 1972.\" \/>\n<meta property=\"og:url\" content=\"https:\/\/portaltela.pt\/noticias\/2026\/04\/04\/primeiras-imagens-da-terra-captadas-na-missao-artemis-ii\/\" \/>\n<meta property=\"og:site_name\" content=\"Portal Tela Portugal\" \/>\n<meta property=\"article:published_time\" content=\"2026-04-04T10:02:36+00:00\" \/>\n<meta name=\"author\" content=\"Telinha\" \/>\n<meta name=\"twitter:card\" content=\"summary_large_image\" \/>\n<meta name=\"twitter:label1\" content=\"Escrito por\" \/>\n\t<meta name=\"twitter:data1\" content=\"Telinha\" \/>\n\t<meta name=\"twitter:label2\" content=\"Tempo estimado de leitura\" \/>\n\t<meta name=\"twitter:data2\" content=\"2 minutos\" \/>\n<script type=\"application\/ld+json\" class=\"yoast-schema-graph\">{\"@context\":\"https:\/\/schema.org\",\"@graph\":[{\"@type\":\"Article\",\"@id\":\"https:\/\/portaltela.pt\/noticias\/2026\/04\/04\/primeiras-imagens-da-terra-captadas-na-missao-artemis-ii\/#article\",\"isPartOf\":{\"@id\":\"https:\/\/portaltela.pt\/noticias\/2026\/04\/04\/primeiras-imagens-da-terra-captadas-na-missao-artemis-ii\/\"},\"author\":{\"name\":\"Telinha\",\"@id\":\"https:\/\/portaltela.pt\/#\/schema\/person\/c4278d4a6028830caff9ee44b42d32ed\"},\"headline\":\"Primeiras imagens da Terra captadas na miss\u00e3o Artemis II\",\"datePublished\":\"2026-04-04T10:02:36+00:00\",\"mainEntityOfPage\":{\"@id\":\"https:\/\/portaltela.pt\/noticias\/2026\/04\/04\/primeiras-imagens-da-terra-captadas-na-missao-artemis-ii\/\"},\"wordCount\":326,\"image\":{\"@id\":\"https:\/\/portaltela.pt\/noticias\/2026\/04\/04\/primeiras-imagens-da-terra-captadas-na-missao-artemis-ii\/#primaryimage\"},\"thumbnailUrl\":\"https:\/\/portaltela.pt\/s.01k8rhncp4jt1\/2026\/04\/img_1500x1000uu2026-04-04-10-04-00-2276548.jpg\",\"keywords\":[\"astronomia\",\"ci\u00eancia\",\"NASA\",\"observa\u00e7\u00e3o\",\"Terra\"],\"articleSection\":[\"Tecnologia\"],\"inLanguage\":\"pt-PT\"},{\"@type\":\"WebPage\",\"@id\":\"https:\/\/portaltela.pt\/noticias\/2026\/04\/04\/primeiras-imagens-da-terra-captadas-na-missao-artemis-ii\/\",\"url\":\"https:\/\/portaltela.pt\/noticias\/2026\/04\/04\/primeiras-imagens-da-terra-captadas-na-missao-artemis-ii\/\",\"name\":\"Primeiras imagens da Terra captadas na miss\u00e3o Artemis II - Portal Tela Portugal\",\"isPartOf\":{\"@id\":\"https:\/\/portaltela.pt\/#website\"},\"primaryImageOfPage\":{\"@id\":\"https:\/\/portaltela.pt\/noticias\/2026\/04\/04\/primeiras-imagens-da-terra-captadas-na-missao-artemis-ii\/#primaryimage\"},\"image\":{\"@id\":\"https:\/\/portaltela.pt\/noticias\/2026\/04\/04\/primeiras-imagens-da-terra-captadas-na-missao-artemis-ii\/#primaryimage\"},\"thumbnailUrl\":\"https:\/\/portaltela.pt\/s.01k8rhncp4jt1\/2026\/04\/img_1500x1000uu2026-04-04-10-04-00-2276548.jpg\",\"datePublished\":\"2026-04-04T10:02:36+00:00\",\"author\":{\"@id\":\"https:\/\/portaltela.pt\/#\/schema\/person\/c4278d4a6028830caff9ee44b42d32ed\"},\"breadcrumb\":{\"@id\":\"https:\/\/portaltela.pt\/noticias\/2026\/04\/04\/primeiras-imagens-da-terra-captadas-na-missao-artemis-ii\/#breadcrumb\"},\"inLanguage\":\"pt-PT\",\"potentialAction\":[{\"@type\":\"ReadAction\",\"target\":[\"https:\/\/portaltela.pt\/noticias\/2026\/04\/04\/primeiras-imagens-da-terra-captadas-na-missao-artemis-ii\/\"]}]},{\"@type\":\"ImageObject\",\"inLanguage\":\"pt-PT\",\"@id\":\"https:\/\/portaltela.pt\/noticias\/2026\/04\/04\/primeiras-imagens-da-terra-captadas-na-missao-artemis-ii\/#primaryimage\",\"url\":\"https:\/\/portaltela.pt\/s.01k8rhncp4jt1\/2026\/04\/img_1500x1000uu2026-04-04-10-04-00-2276548.jpg\",\"contentUrl\":\"https:\/\/portaltela.pt\/s.01k8rhncp4jt1\/2026\/04\/img_1500x1000uu2026-04-04-10-04-00-2276548.jpg\",\"width\":796,\"height\":448,\"caption\":\"Tripula\u00e7\u00e3o da miss\u00e3o Artemis II capta primeiras imagens da Terra vista do espa\u00e7o\"},{\"@type\":\"BreadcrumbList\",\"@id\":\"https:\/\/portaltela.pt\/noticias\/2026\/04\/04\/primeiras-imagens-da-terra-captadas-na-missao-artemis-ii\/#breadcrumb\",\"itemListElement\":[{\"@type\":\"ListItem\",\"position\":1,\"name\":\"In\u00edcio\",\"item\":\"https:\/\/portaltela.pt\/\"},{\"@type\":\"ListItem\",\"position\":2,\"name\":\"Primeiras imagens da Terra captadas na miss\u00e3o Artemis II\"}]},{\"@type\":\"WebSite\",\"@id\":\"https:\/\/portaltela.pt\/#website\",\"url\":\"https:\/\/portaltela.pt\/\",\"name\":\"Portal Tela Portugal\",\"description\":\"\",\"potentialAction\":[{\"@type\":\"SearchAction\",\"target\":{\"@type\":\"EntryPoint\",\"urlTemplate\":\"https:\/\/portaltela.pt\/?s={search_term_string}\"},\"query-input\":{\"@type\":\"PropertyValueSpecification\",\"valueRequired\":true,\"valueName\":\"search_term_string\"}}],\"inLanguage\":\"pt-PT\"},{\"@type\":\"Person\",\"@id\":\"https:\/\/portaltela.pt\/#\/schema\/person\/c4278d4a6028830caff9ee44b42d32ed\",\"name\":\"Telinha\",\"image\":{\"@type\":\"ImageObject\",\"inLanguage\":\"pt-PT\",\"@id\":\"https:\/\/portaltela.pt\/s.01k8rhncp4jt1\/2025\/11\/talking-bot-125x125.png\",\"url\":\"https:\/\/portaltela.pt\/s.01k8rhncp4jt1\/2025\/11\/talking-bot-125x125.png\",\"contentUrl\":\"https:\/\/portaltela.pt\/s.01k8rhncp4jt1\/2025\/11\/talking-bot-125x125.png\",\"caption\":\"Telinha\"},\"sameAs\":[\"https:\/\/portaltela.pt\/\"],\"url\":\"https:\/\/portaltela.pt\/por\/367410592786\/\"}]}<\/script>\n<!-- \/ Yoast SEO plugin. -->","yoast_head_json":{"title":"Primeiras imagens da Terra captadas na miss\u00e3o Artemis II - Portal Tela Portugal","robots":{"index":"index","follow":"follow","max-snippet":"max-snippet:-1","max-image-preview":"max-image-preview:large","max-video-preview":"max-video-preview:-1"},"og_locale":"pt_PT","og_type":"article","og_title":"Primeiras imagens da Terra captadas na miss\u00e3o Artemis II - Portal Tela Portugal","og_description":"A c\u00e1psula Orion estava a 228.500 quil\u00f3metros da Terra e a 212.400 quil\u00f3metros da Lua, numa passagem entre os corpos celestes, a caminho da Lua, durante a miss\u00e3o Artemis II. As primeiras imagens de alta resolu\u00e7\u00e3o da Terra foram captadas pela tripula\u00e7\u00e3o, com destaque para a foto intitulada \u201cOl\u00e1, Mundo\u201d e para as auroras nos polos. O comandante Ride Wiseman captou as imagens durante a trajet\u00f3ria de inje\u00e7\u00e3o translunar, conclu\u00edda nas primeiras horas de sexta-feira. A miss\u00e3o Artemis II est\u00e1 numa trajet\u00f3ria circular; \u00e9 a primeira viagem humana para fora da \u00f3rbita da Terra desde 1972, com retorno previsto para 10 de abril. Outras imagens mostram a Terra dividida entre dia e noite (terminador) e, numa segunda foto, a Terra quase em escurid\u00e3o, com as luzes de cidades vis\u00edveis; a NASA comparou a vista com uma imagem da Apollo 17 de 1972.","og_url":"https:\/\/portaltela.pt\/noticias\/2026\/04\/04\/primeiras-imagens-da-terra-captadas-na-missao-artemis-ii\/","og_site_name":"Portal Tela Portugal","article_published_time":"2026-04-04T10:02:36+00:00","author":"Telinha","twitter_card":"summary_large_image","twitter_misc":{"Escrito por":"Telinha","Tempo estimado de leitura":"2 minutos"},"schema":{"@context":"https:\/\/schema.org","@graph":[{"@type":"Article","@id":"https:\/\/portaltela.pt\/noticias\/2026\/04\/04\/primeiras-imagens-da-terra-captadas-na-missao-artemis-ii\/#article","isPartOf":{"@id":"https:\/\/portaltela.pt\/noticias\/2026\/04\/04\/primeiras-imagens-da-terra-captadas-na-missao-artemis-ii\/"},"author":{"name":"Telinha","@id":"https:\/\/portaltela.pt\/#\/schema\/person\/c4278d4a6028830caff9ee44b42d32ed"},"headline":"Primeiras imagens da Terra captadas na miss\u00e3o Artemis II","datePublished":"2026-04-04T10:02:36+00:00","mainEntityOfPage":{"@id":"https:\/\/portaltela.pt\/noticias\/2026\/04\/04\/primeiras-imagens-da-terra-captadas-na-missao-artemis-ii\/"},"wordCount":326,"image":{"@id":"https:\/\/portaltela.pt\/noticias\/2026\/04\/04\/primeiras-imagens-da-terra-captadas-na-missao-artemis-ii\/#primaryimage"},"thumbnailUrl":"https:\/\/portaltela.pt\/s.01k8rhncp4jt1\/2026\/04\/img_1500x1000uu2026-04-04-10-04-00-2276548.jpg","keywords":["astronomia","ci\u00eancia","NASA","observa\u00e7\u00e3o","Terra"],"articleSection":["Tecnologia"],"inLanguage":"pt-PT"},{"@type":"WebPage","@id":"https:\/\/portaltela.pt\/noticias\/2026\/04\/04\/primeiras-imagens-da-terra-captadas-na-missao-artemis-ii\/","url":"https:\/\/portaltela.pt\/noticias\/2026\/04\/04\/primeiras-imagens-da-terra-captadas-na-missao-artemis-ii\/","name":"Primeiras imagens da Terra captadas na miss\u00e3o Artemis II - Portal Tela Portugal","isPartOf":{"@id":"https:\/\/portaltela.pt\/#website"},"primaryImageOfPage":{"@id":"https:\/\/portaltela.pt\/noticias\/2026\/04\/04\/primeiras-imagens-da-terra-captadas-na-missao-artemis-ii\/#primaryimage"},"image":{"@id":"https:\/\/portaltela.pt\/noticias\/2026\/04\/04\/primeiras-imagens-da-terra-captadas-na-missao-artemis-ii\/#primaryimage"},"thumbnailUrl":"https:\/\/portaltela.pt\/s.01k8rhncp4jt1\/2026\/04\/img_1500x1000uu2026-04-04-10-04-00-2276548.jpg","datePublished":"2026-04-04T10:02:36+00:00","author":{"@id":"https:\/\/portaltela.pt\/#\/schema\/person\/c4278d4a6028830caff9ee44b42d32ed"},"breadcrumb":{"@id":"https:\/\/portaltela.pt\/noticias\/2026\/04\/04\/primeiras-imagens-da-terra-captadas-na-missao-artemis-ii\/#breadcrumb"},"inLanguage":"pt-PT","potentialAction":[{"@type":"ReadAction","target":["https:\/\/portaltela.pt\/noticias\/2026\/04\/04\/primeiras-imagens-da-terra-captadas-na-missao-artemis-ii\/"]}]},{"@type":"ImageObject","inLanguage":"pt-PT","@id":"https:\/\/portaltela.pt\/noticias\/2026\/04\/04\/primeiras-imagens-da-terra-captadas-na-missao-artemis-ii\/#primaryimage","url":"https:\/\/portaltela.pt\/s.01k8rhncp4jt1\/2026\/04\/img_1500x1000uu2026-04-04-10-04-00-2276548.jpg","contentUrl":"https:\/\/portaltela.pt\/s.01k8rhncp4jt1\/2026\/04\/img_1500x1000uu2026-04-04-10-04-00-2276548.jpg","width":796,"height":448,"caption":"Tripula\u00e7\u00e3o da miss\u00e3o Artemis II capta primeiras imagens da Terra vista do espa\u00e7o"},{"@type":"BreadcrumbList","@id":"https:\/\/portaltela.pt\/noticias\/2026\/04\/04\/primeiras-imagens-da-terra-captadas-na-missao-artemis-ii\/#breadcrumb","itemListElement":[{"@type":"ListItem","position":1,"name":"In\u00edcio","item":"https:\/\/portaltela.pt\/"},{"@type":"ListItem","position":2,"name":"Primeiras imagens da Terra captadas na miss\u00e3o Artemis II"}]},{"@type":"WebSite","@id":"https:\/\/portaltela.pt\/#website","url":"https:\/\/portaltela.pt\/","name":"Portal Tela Portugal","description":"","potentialAction":[{"@type":"SearchAction","target":{"@type":"EntryPoint","urlTemplate":"https:\/\/portaltela.pt\/?s={search_term_string}"},"query-input":{"@type":"PropertyValueSpecification","valueRequired":true,"valueName":"search_term_string"}}],"inLanguage":"pt-PT"},{"@type":"Person","@id":"https:\/\/portaltela.pt\/#\/schema\/person\/c4278d4a6028830caff9ee44b42d32ed","name":"Telinha","image":{"@type":"ImageObject","inLanguage":"pt-PT","@id":"https:\/\/portaltela.pt\/s.01k8rhncp4jt1\/2025\/11\/talking-bot-125x125.png","url":"https:\/\/portaltela.pt\/s.01k8rhncp4jt1\/2025\/11\/talking-bot-125x125.png","contentUrl":"https:\/\/portaltela.pt\/s.01k8rhncp4jt1\/2025\/11\/talking-bot-125x125.png","caption":"Telinha"},"sameAs":["https:\/\/portaltela.pt\/"],"url":"https:\/\/portaltela.pt\/por\/367410592786\/"}]}},"_links":{"self":[{"href":"https:\/\/portaltela.pt\/api\/wp\/v2\/posts\/432276","targetHints":{"allow":["GET"]}}],"collection":[{"href":"https:\/\/portaltela.pt\/api\/wp\/v2\/posts"}],"about":[{"href":"https:\/\/portaltela.pt\/api\/wp\/v2\/types\/post"}],"author":[{"embeddable":true,"href":"https:\/\/portaltela.pt\/api\/wp\/v2\/users\/2"}],"replies":[{"embeddable":true,"href":"https:\/\/portaltela.pt\/api\/wp\/v2\/comments?post=432276"}],"version-history":[{"count":0,"href":"https:\/\/portaltela.pt\/api\/wp\/v2\/posts\/432276\/revisions"}],"wp:featuredmedia":[{"embeddable":true,"href":"https:\/\/portaltela.pt\/api\/wp\/v2\/media\/432277"}],"wp:attachment":[{"href":"https:\/\/portaltela.pt\/api\/wp\/v2\/media?parent=432276"}],"wp:term":[{"taxonomy":"category","embeddable":true,"href":"https:\/\/portaltela.pt\/api\/wp\/v2\/categories?post=432276"},{"taxonomy":"post_tag","embeddable":true,"href":"https:\/\/portaltela.pt\/api\/wp\/v2\/tags?post=432276"}],"curies":[{"name":"wp","href":"https:\/\/api.w.org\/{rel}","templated":true}]}}