{"id":432096,"date":"2026-04-04T00:01:00","date_gmt":"2026-04-04T03:01:00","guid":{"rendered":"https:\/\/portaltela.pt\/noticias\/2026\/04\/04\/suburbios-do-sul-de-beirute-sao-alvo-de-pelo-menos-dois-bombardeamentos\/"},"modified":"2026-04-04T00:01:00","modified_gmt":"2026-04-04T03:01:00","slug":"suburbios-do-sul-de-beirute-sao-alvo-de-pelo-menos-dois-bombardeamentos","status":"publish","type":"post","link":"https:\/\/portaltela.pt\/guerra\/2026\/04\/04\/suburbios-do-sul-de-beirute-sao-alvo-de-pelo-menos-dois-bombardeamentos\/","title":{"rendered":"Sub\u00farbios do sul de Beirute s\u00e3o alvo de pelo menos dois bombardeamentos"},"content":{"rendered":"<p>Sub\u00farbios do sul de Beirute foram alvo de pelo menos dois bombardeamentos, segundo relatos veiculados pela ag\u00eancia Lusa. O incidente ocorreu na regi\u00e3o de Beirute, mas detalhes adicionais n\u00e3o constam no texto dispon\u00edvel.<\/p>\n<p>As informa\u00e7\u00f5es n\u00e3o especificam o momento exacto nem os respons\u00e1veis pelos ataques. A fonte indica apenas a ocorr\u00eancia de dois bombardeamentos na \u00e1rea mencionada.<\/p>\n<p>Para conhecer desenvolvimentos e n\u00fameros oficiais, ser\u00e1 necess\u00e1rio consultar fontes oficiais ou o conte\u00fado completo, que nesta altura est\u00e1 reservado a subscritores. Fonte: Lusa.<\/p>\n","protected":false},"excerpt":{"rendered":"<ul>\n<li>Sub\u00farbios do sul de Beirute foram alvo de pelo menos dois bombardeamentos.<\/li>\n<li>A not\u00edcia est\u00e1 apresentada pela ag\u00eancia Lusa, com o conte\u00fado completo dispon\u00edvel apenas para subscritores.<\/li>\n<li>N\u00e3o s\u00e3o fornecidos detalhes adicionais no excerto dispon\u00edvel.<\/li>\n<li>O relat\u00f3rio n\u00e3o indica feridos, data dos ataques ou respons\u00e1veis.<\/li>\n<\/ul>\n","protected":false},"author":2,"featured_media":432098,"comment_status":"closed","ping_status":"closed","sticky":false,"template":"","format":"standard","meta":{"footnotes":""},"categories":[6790,6804],"tags":[6552,6465,62,6635],"class_list":["post-432096","post","type-post","status-publish","format-standard","has-post-thumbnail","hentry","category-conflitos","category-guerra","tag-beirute","tag-bombardeamentos","tag-guerra","tag-libano"],"yoast_head":"<!-- This site is optimized with the Yoast SEO plugin v27.2 - https:\/\/yoast.com\/product\/yoast-seo-wordpress\/ -->\n<title>Sub\u00farbios do sul de Beirute s\u00e3o alvo de pelo menos dois bombardeamentos - Portal Tela Portugal<\/title>\n<meta name=\"robots\" content=\"index, follow, max-snippet:-1, max-image-preview:large, max-video-preview:-1\" \/>\n<meta property=\"og:locale\" content=\"pt_PT\" \/>\n<meta property=\"og:type\" content=\"article\" \/>\n<meta property=\"og:title\" content=\"Sub\u00farbios do sul de Beirute s\u00e3o alvo de pelo menos dois bombardeamentos - Portal Tela Portugal\" \/>\n<meta property=\"og:description\" content=\"Sub\u00farbios do sul de Beirute foram alvo de pelo menos dois bombardeamentos. A not\u00edcia est\u00e1 apresentada pela ag\u00eancia Lusa, com o conte\u00fado completo dispon\u00edvel apenas para subscritores. N\u00e3o s\u00e3o fornecidos detalhes adicionais no excerto dispon\u00edvel. O relat\u00f3rio n\u00e3o indica feridos, data dos ataques ou respons\u00e1veis.\" \/>\n<meta property=\"og:url\" content=\"https:\/\/portaltela.pt\/noticias\/2026\/04\/04\/suburbios-do-sul-de-beirute-sao-alvo-de-pelo-menos-dois-bombardeamentos\/\" \/>\n<meta property=\"og:site_name\" content=\"Portal Tela Portugal\" \/>\n<meta property=\"article:published_time\" content=\"2026-04-04T03:01:00+00:00\" \/>\n<meta name=\"author\" content=\"Telinha\" \/>\n<meta name=\"twitter:card\" content=\"summary_large_image\" \/>\n<meta name=\"twitter:label1\" content=\"Escrito por\" \/>\n\t<meta name=\"twitter:data1\" content=\"Telinha\" \/>\n<script type=\"application\/ld+json\" class=\"yoast-schema-graph\">{\"@context\":\"https:\/\/schema.org\",\"@graph\":[{\"@type\":\"Article\",\"@id\":\"https:\/\/portaltela.pt\/noticias\/2026\/04\/04\/suburbios-do-sul-de-beirute-sao-alvo-de-pelo-menos-dois-bombardeamentos\/#article\",\"isPartOf\":{\"@id\":\"https:\/\/portaltela.pt\/noticias\/2026\/04\/04\/suburbios-do-sul-de-beirute-sao-alvo-de-pelo-menos-dois-bombardeamentos\/\"},\"author\":{\"name\":\"Telinha\",\"@id\":\"https:\/\/portaltela.pt\/#\/schema\/person\/c4278d4a6028830caff9ee44b42d32ed\"},\"headline\":\"Sub\u00farbios do sul de Beirute s\u00e3o alvo de pelo menos dois bombardeamentos\",\"datePublished\":\"2026-04-04T03:01:00+00:00\",\"mainEntityOfPage\":{\"@id\":\"https:\/\/portaltela.pt\/noticias\/2026\/04\/04\/suburbios-do-sul-de-beirute-sao-alvo-de-pelo-menos-dois-bombardeamentos\/\"},\"wordCount\":107,\"image\":{\"@id\":\"https:\/\/portaltela.pt\/noticias\/2026\/04\/04\/suburbios-do-sul-de-beirute-sao-alvo-de-pelo-menos-dois-bombardeamentos\/#primaryimage\"},\"thumbnailUrl\":\"https:\/\/portaltela.pt\/s.01k8rhncp4jt1\/2026\/04\/CACHE_780X1200_ANALOG_WATERMARKED_46871619_429994116163917.jpg\",\"keywords\":[\"Beirute\",\"bombardeamentos\",\"guerra\",\"L\u00edbano\"],\"articleSection\":[\"Conflitos\",\"Guerra\"],\"inLanguage\":\"pt-PT\"},{\"@type\":\"WebPage\",\"@id\":\"https:\/\/portaltela.pt\/noticias\/2026\/04\/04\/suburbios-do-sul-de-beirute-sao-alvo-de-pelo-menos-dois-bombardeamentos\/\",\"url\":\"https:\/\/portaltela.pt\/noticias\/2026\/04\/04\/suburbios-do-sul-de-beirute-sao-alvo-de-pelo-menos-dois-bombardeamentos\/\",\"name\":\"Sub\u00farbios do sul de Beirute s\u00e3o alvo de pelo menos dois bombardeamentos - Portal Tela Portugal\",\"isPartOf\":{\"@id\":\"https:\/\/portaltela.pt\/#website\"},\"primaryImageOfPage\":{\"@id\":\"https:\/\/portaltela.pt\/noticias\/2026\/04\/04\/suburbios-do-sul-de-beirute-sao-alvo-de-pelo-menos-dois-bombardeamentos\/#primaryimage\"},\"image\":{\"@id\":\"https:\/\/portaltela.pt\/noticias\/2026\/04\/04\/suburbios-do-sul-de-beirute-sao-alvo-de-pelo-menos-dois-bombardeamentos\/#primaryimage\"},\"thumbnailUrl\":\"https:\/\/portaltela.pt\/s.01k8rhncp4jt1\/2026\/04\/CACHE_780X1200_ANALOG_WATERMARKED_46871619_429994116163917.jpg\",\"datePublished\":\"2026-04-04T03:01:00+00:00\",\"author\":{\"@id\":\"https:\/\/portaltela.pt\/#\/schema\/person\/c4278d4a6028830caff9ee44b42d32ed\"},\"breadcrumb\":{\"@id\":\"https:\/\/portaltela.pt\/noticias\/2026\/04\/04\/suburbios-do-sul-de-beirute-sao-alvo-de-pelo-menos-dois-bombardeamentos\/#breadcrumb\"},\"inLanguage\":\"pt-PT\",\"potentialAction\":[{\"@type\":\"ReadAction\",\"target\":[\"https:\/\/portaltela.pt\/noticias\/2026\/04\/04\/suburbios-do-sul-de-beirute-sao-alvo-de-pelo-menos-dois-bombardeamentos\/\"]}]},{\"@type\":\"ImageObject\",\"inLanguage\":\"pt-PT\",\"@id\":\"https:\/\/portaltela.pt\/noticias\/2026\/04\/04\/suburbios-do-sul-de-beirute-sao-alvo-de-pelo-menos-dois-bombardeamentos\/#primaryimage\",\"url\":\"https:\/\/portaltela.pt\/s.01k8rhncp4jt1\/2026\/04\/CACHE_780X1200_ANALOG_WATERMARKED_46871619_429994116163917.jpg\",\"contentUrl\":\"https:\/\/portaltela.pt\/s.01k8rhncp4jt1\/2026\/04\/CACHE_780X1200_ANALOG_WATERMARKED_46871619_429994116163917.jpg\",\"width\":796,\"height\":448,\"caption\":\"Sub\u00farbios do sul de Beirute alvo de pelo menos dois bombardeamentos\"},{\"@type\":\"BreadcrumbList\",\"@id\":\"https:\/\/portaltela.pt\/noticias\/2026\/04\/04\/suburbios-do-sul-de-beirute-sao-alvo-de-pelo-menos-dois-bombardeamentos\/#breadcrumb\",\"itemListElement\":[{\"@type\":\"ListItem\",\"position\":1,\"name\":\"In\u00edcio\",\"item\":\"https:\/\/portaltela.pt\/\"},{\"@type\":\"ListItem\",\"position\":2,\"name\":\"Sub\u00farbios do sul de Beirute s\u00e3o alvo de pelo menos dois bombardeamentos\"}]},{\"@type\":\"WebSite\",\"@id\":\"https:\/\/portaltela.pt\/#website\",\"url\":\"https:\/\/portaltela.pt\/\",\"name\":\"Portal Tela Portugal\",\"description\":\"\",\"potentialAction\":[{\"@type\":\"SearchAction\",\"target\":{\"@type\":\"EntryPoint\",\"urlTemplate\":\"https:\/\/portaltela.pt\/?s={search_term_string}\"},\"query-input\":{\"@type\":\"PropertyValueSpecification\",\"valueRequired\":true,\"valueName\":\"search_term_string\"}}],\"inLanguage\":\"pt-PT\"},{\"@type\":\"Person\",\"@id\":\"https:\/\/portaltela.pt\/#\/schema\/person\/c4278d4a6028830caff9ee44b42d32ed\",\"name\":\"Telinha\",\"image\":{\"@type\":\"ImageObject\",\"inLanguage\":\"pt-PT\",\"@id\":\"https:\/\/portaltela.pt\/s.01k8rhncp4jt1\/2025\/11\/talking-bot-125x125.png\",\"url\":\"https:\/\/portaltela.pt\/s.01k8rhncp4jt1\/2025\/11\/talking-bot-125x125.png\",\"contentUrl\":\"https:\/\/portaltela.pt\/s.01k8rhncp4jt1\/2025\/11\/talking-bot-125x125.png\",\"caption\":\"Telinha\"},\"sameAs\":[\"https:\/\/portaltela.pt\/\"],\"url\":\"https:\/\/portaltela.pt\/por\/367410592786\/\"}]}<\/script>\n<!-- \/ Yoast SEO plugin. -->","yoast_head_json":{"title":"Sub\u00farbios do sul de Beirute s\u00e3o alvo de pelo menos dois bombardeamentos - Portal Tela Portugal","robots":{"index":"index","follow":"follow","max-snippet":"max-snippet:-1","max-image-preview":"max-image-preview:large","max-video-preview":"max-video-preview:-1"},"og_locale":"pt_PT","og_type":"article","og_title":"Sub\u00farbios do sul de Beirute s\u00e3o alvo de pelo menos dois bombardeamentos - Portal Tela Portugal","og_description":"Sub\u00farbios do sul de Beirute foram alvo de pelo menos dois bombardeamentos. A not\u00edcia est\u00e1 apresentada pela ag\u00eancia Lusa, com o conte\u00fado completo dispon\u00edvel apenas para subscritores. N\u00e3o s\u00e3o fornecidos detalhes adicionais no excerto dispon\u00edvel. O relat\u00f3rio n\u00e3o indica feridos, data dos ataques ou respons\u00e1veis.","og_url":"https:\/\/portaltela.pt\/noticias\/2026\/04\/04\/suburbios-do-sul-de-beirute-sao-alvo-de-pelo-menos-dois-bombardeamentos\/","og_site_name":"Portal Tela Portugal","article_published_time":"2026-04-04T03:01:00+00:00","author":"Telinha","twitter_card":"summary_large_image","twitter_misc":{"Escrito por":"Telinha"},"schema":{"@context":"https:\/\/schema.org","@graph":[{"@type":"Article","@id":"https:\/\/portaltela.pt\/noticias\/2026\/04\/04\/suburbios-do-sul-de-beirute-sao-alvo-de-pelo-menos-dois-bombardeamentos\/#article","isPartOf":{"@id":"https:\/\/portaltela.pt\/noticias\/2026\/04\/04\/suburbios-do-sul-de-beirute-sao-alvo-de-pelo-menos-dois-bombardeamentos\/"},"author":{"name":"Telinha","@id":"https:\/\/portaltela.pt\/#\/schema\/person\/c4278d4a6028830caff9ee44b42d32ed"},"headline":"Sub\u00farbios do sul de Beirute s\u00e3o alvo de pelo menos dois bombardeamentos","datePublished":"2026-04-04T03:01:00+00:00","mainEntityOfPage":{"@id":"https:\/\/portaltela.pt\/noticias\/2026\/04\/04\/suburbios-do-sul-de-beirute-sao-alvo-de-pelo-menos-dois-bombardeamentos\/"},"wordCount":107,"image":{"@id":"https:\/\/portaltela.pt\/noticias\/2026\/04\/04\/suburbios-do-sul-de-beirute-sao-alvo-de-pelo-menos-dois-bombardeamentos\/#primaryimage"},"thumbnailUrl":"https:\/\/portaltela.pt\/s.01k8rhncp4jt1\/2026\/04\/CACHE_780X1200_ANALOG_WATERMARKED_46871619_429994116163917.jpg","keywords":["Beirute","bombardeamentos","guerra","L\u00edbano"],"articleSection":["Conflitos","Guerra"],"inLanguage":"pt-PT"},{"@type":"WebPage","@id":"https:\/\/portaltela.pt\/noticias\/2026\/04\/04\/suburbios-do-sul-de-beirute-sao-alvo-de-pelo-menos-dois-bombardeamentos\/","url":"https:\/\/portaltela.pt\/noticias\/2026\/04\/04\/suburbios-do-sul-de-beirute-sao-alvo-de-pelo-menos-dois-bombardeamentos\/","name":"Sub\u00farbios do sul de Beirute s\u00e3o alvo de pelo menos dois bombardeamentos - Portal Tela Portugal","isPartOf":{"@id":"https:\/\/portaltela.pt\/#website"},"primaryImageOfPage":{"@id":"https:\/\/portaltela.pt\/noticias\/2026\/04\/04\/suburbios-do-sul-de-beirute-sao-alvo-de-pelo-menos-dois-bombardeamentos\/#primaryimage"},"image":{"@id":"https:\/\/portaltela.pt\/noticias\/2026\/04\/04\/suburbios-do-sul-de-beirute-sao-alvo-de-pelo-menos-dois-bombardeamentos\/#primaryimage"},"thumbnailUrl":"https:\/\/portaltela.pt\/s.01k8rhncp4jt1\/2026\/04\/CACHE_780X1200_ANALOG_WATERMARKED_46871619_429994116163917.jpg","datePublished":"2026-04-04T03:01:00+00:00","author":{"@id":"https:\/\/portaltela.pt\/#\/schema\/person\/c4278d4a6028830caff9ee44b42d32ed"},"breadcrumb":{"@id":"https:\/\/portaltela.pt\/noticias\/2026\/04\/04\/suburbios-do-sul-de-beirute-sao-alvo-de-pelo-menos-dois-bombardeamentos\/#breadcrumb"},"inLanguage":"pt-PT","potentialAction":[{"@type":"ReadAction","target":["https:\/\/portaltela.pt\/noticias\/2026\/04\/04\/suburbios-do-sul-de-beirute-sao-alvo-de-pelo-menos-dois-bombardeamentos\/"]}]},{"@type":"ImageObject","inLanguage":"pt-PT","@id":"https:\/\/portaltela.pt\/noticias\/2026\/04\/04\/suburbios-do-sul-de-beirute-sao-alvo-de-pelo-menos-dois-bombardeamentos\/#primaryimage","url":"https:\/\/portaltela.pt\/s.01k8rhncp4jt1\/2026\/04\/CACHE_780X1200_ANALOG_WATERMARKED_46871619_429994116163917.jpg","contentUrl":"https:\/\/portaltela.pt\/s.01k8rhncp4jt1\/2026\/04\/CACHE_780X1200_ANALOG_WATERMARKED_46871619_429994116163917.jpg","width":796,"height":448,"caption":"Sub\u00farbios do sul de Beirute alvo de pelo menos dois bombardeamentos"},{"@type":"BreadcrumbList","@id":"https:\/\/portaltela.pt\/noticias\/2026\/04\/04\/suburbios-do-sul-de-beirute-sao-alvo-de-pelo-menos-dois-bombardeamentos\/#breadcrumb","itemListElement":[{"@type":"ListItem","position":1,"name":"In\u00edcio","item":"https:\/\/portaltela.pt\/"},{"@type":"ListItem","position":2,"name":"Sub\u00farbios do sul de Beirute s\u00e3o alvo de pelo menos dois bombardeamentos"}]},{"@type":"WebSite","@id":"https:\/\/portaltela.pt\/#website","url":"https:\/\/portaltela.pt\/","name":"Portal Tela Portugal","description":"","potentialAction":[{"@type":"SearchAction","target":{"@type":"EntryPoint","urlTemplate":"https:\/\/portaltela.pt\/?s={search_term_string}"},"query-input":{"@type":"PropertyValueSpecification","valueRequired":true,"valueName":"search_term_string"}}],"inLanguage":"pt-PT"},{"@type":"Person","@id":"https:\/\/portaltela.pt\/#\/schema\/person\/c4278d4a6028830caff9ee44b42d32ed","name":"Telinha","image":{"@type":"ImageObject","inLanguage":"pt-PT","@id":"https:\/\/portaltela.pt\/s.01k8rhncp4jt1\/2025\/11\/talking-bot-125x125.png","url":"https:\/\/portaltela.pt\/s.01k8rhncp4jt1\/2025\/11\/talking-bot-125x125.png","contentUrl":"https:\/\/portaltela.pt\/s.01k8rhncp4jt1\/2025\/11\/talking-bot-125x125.png","caption":"Telinha"},"sameAs":["https:\/\/portaltela.pt\/"],"url":"https:\/\/portaltela.pt\/por\/367410592786\/"}]}},"_links":{"self":[{"href":"https:\/\/portaltela.pt\/api\/wp\/v2\/posts\/432096","targetHints":{"allow":["GET"]}}],"collection":[{"href":"https:\/\/portaltela.pt\/api\/wp\/v2\/posts"}],"about":[{"href":"https:\/\/portaltela.pt\/api\/wp\/v2\/types\/post"}],"author":[{"embeddable":true,"href":"https:\/\/portaltela.pt\/api\/wp\/v2\/users\/2"}],"replies":[{"embeddable":true,"href":"https:\/\/portaltela.pt\/api\/wp\/v2\/comments?post=432096"}],"version-history":[{"count":0,"href":"https:\/\/portaltela.pt\/api\/wp\/v2\/posts\/432096\/revisions"}],"wp:featuredmedia":[{"embeddable":true,"href":"https:\/\/portaltela.pt\/api\/wp\/v2\/media\/432098"}],"wp:attachment":[{"href":"https:\/\/portaltela.pt\/api\/wp\/v2\/media?parent=432096"}],"wp:term":[{"taxonomy":"category","embeddable":true,"href":"https:\/\/portaltela.pt\/api\/wp\/v2\/categories?post=432096"},{"taxonomy":"post_tag","embeddable":true,"href":"https:\/\/portaltela.pt\/api\/wp\/v2\/tags?post=432096"}],"curies":[{"name":"wp","href":"https:\/\/api.w.org\/{rel}","templated":true}]}}