{"id":432057,"date":"2026-04-03T21:33:16","date_gmt":"2026-04-04T00:33:16","guid":{"rendered":"https:\/\/portaltela.pt\/noticias\/2026\/04\/03\/pascoa-mais-cara-borrego-e-cabrito-sobem-de-preco\/"},"modified":"2026-04-03T21:33:16","modified_gmt":"2026-04-04T00:33:16","slug":"pascoa-mais-cara-borrego-e-cabrito-sobem-de-preco","status":"publish","type":"post","link":"https:\/\/portaltela.pt\/noticias\/economia\/2026\/04\/03\/pascoa-mais-cara-borrego-e-cabrito-sobem-de-preco\/","title":{"rendered":"P\u00e1scoa mais cara: borrego e cabrito sobem de pre\u00e7o"},"content":{"rendered":"<p>Os pre\u00e7os do borrego e do cabrito dispararam na \u00faltima semana e j\u00e1 superam os n\u00edveis de 2025. O Gabinete de Planeamento, Pol\u00edticas e Administra\u00e7\u00e3o Geral (GPP) do Minist\u00e9rio da Agricultura e Mar acompanha os mercados e regista os aumentos por regi\u00e3o.<\/p>\n<p>O borrego vivo com menos de 12 kg est\u00e1 a 6,80 \u20ac\/kg, mais 0,88 \u20ac face a antes da P\u00e1scoa de 2024. O cabrito apresenta eleva\u00e7\u00f5es mais expressivas: em Tr\u00e1s-os-Montes chega a 9 \u20ac\/kg (+1,80), na Beira Litoral 7,50 \u20ac\/kg (+1,50) e na Beira Interior 7,38 \u20ac\/kg (+0,66).<\/p>\n<p>Entre 23 e 29 de mar\u00e7o ocorreram subidas significativas. Em v\u00e1rias zonas \u2014 Cova da Beira, Ribatejo e Alentejo \u2014 o custo do cabrito aumentou mais 1 \u20ac\/kg em rela\u00e7\u00e3o \u00e0 semana anterior, sendo Coimbra a regi\u00e3o com o maior acr\u00e9scimo (1,5 \u20ac).<\/p>\n<h3>Ovos em falta<\/h3>\n<p>A normalidade da oferta de ovos est\u00e1 a demorar a regressar na Centro, Ribatejo e Oeste. O GPP explica que a procura aumenta face a estruturas danificadas e elevada mortalidade de galinhas, agravando a escassez. Os tipos M e L valem 2,30 \u20ac e 2,40 \u20ac por kg, respetivamente, mais 1% face a 2025. No Ribatejo h\u00e1 tamb\u00e9m falta de ovos.<\/p>\n<h3>Batata nova<\/h3>\n<p>A batata nova subiu 8,3% na semana passada, subindo 0,65 \u20ac\/kg, de acordo com o GPP. J\u00e1 a batata de conserva\u00e7\u00e3o branca manteve-se est\u00e1vel em 55 c\u00eantimos por kg, sem altera\u00e7\u00f5es.<\/p>\n<h3>Tomates<\/h3>\n<p>Entre as hort\u00edcolas, os tomates registam os aumentos mais relevantes. O tipo cacho est\u00e1 em 1,85 \u20ac\/kg (+7,6%), enquanto o tipo sulcado de estufa custa 1,67 \u20ac\/kg (+6,4%). O conjunto de varia\u00e7\u00f5es reflete a press\u00e3o de oferta em v\u00e1rias regi\u00f5es.<\/p>\n","protected":false},"excerpt":{"rendered":"<ul>\n<li>Borrego e cabrito subiram de pre\u00e7o na semana passada, j\u00e1 acima dos valores da P\u00e1scoa de 2025; no distrito de Tr\u00e1s-os-Montes o cabrito j\u00e1 custa 9 \u20ac\/kg.<\/li>\n<li>Borrego vivo at\u00e9 12 kg est\u00e1 a 6,80 \u20ac\/kg, 0,88 \u20ac mais caro do que no per\u00edodo anterior \u00e0 quadra pascal do ano passado.<\/li>\n<li>O aumento intensificou entre 23 e 29 de mar\u00e7o; Coimbra registou a maior subida (at\u00e9 1,5 \u20ac\/kg), noutras regi\u00f5es o acr\u00e9scimo foi pr\u00f3ximo de 1 \u20ac\/kg.<\/li>\n<li>H\u00e1 falta de ovos no Litoral Centro, Ribatejo e Oeste; ovos M e L custam 2,3 \u20ac e 2,4 \u20ac por kg, respetivamente, com oferta reduzida na Centro.<\/li>\n<li>Batata nova subiu 8,3% (0,65 \u20ac\/kg); batata de conserva\u00e7\u00e3o branca manteve-se em 55 c\u00eantimos; tomates mais caros: cacho 1,85 \u20ac\/kg (+7,6%), sulcado estufa 1,67 \u20ac\/kg (+6,4%).<\/li>\n<\/ul>\n","protected":false},"author":2,"featured_media":432062,"comment_status":"closed","ping_status":"closed","sticky":false,"template":"","format":"standard","meta":{"footnotes":""},"categories":[2,7385],"tags":[6115,4914,760,3289,3861,3481],"class_list":["post-432057","post","type-post","status-publish","format-standard","has-post-thumbnail","hentry","category-economia","category-precos","tag-_economia","tag-a-agricultura","tag-agroalimentar","tag-alimentos","tag-economia-internacional","tag-horticultura"],"yoast_head":"<!-- This site is optimized with the Yoast SEO plugin v27.2 - https:\/\/yoast.com\/product\/yoast-seo-wordpress\/ -->\n<title>P\u00e1scoa mais cara: borrego e cabrito sobem de pre\u00e7o - Portal Tela Portugal<\/title>\n<meta name=\"robots\" content=\"index, follow, max-snippet:-1, max-image-preview:large, max-video-preview:-1\" \/>\n<meta property=\"og:locale\" content=\"pt_PT\" \/>\n<meta property=\"og:type\" content=\"article\" \/>\n<meta property=\"og:title\" content=\"P\u00e1scoa mais cara: borrego e cabrito sobem de pre\u00e7o - Portal Tela Portugal\" \/>\n<meta property=\"og:description\" content=\"Borrego e cabrito subiram de pre\u00e7o na semana passada, j\u00e1 acima dos valores da P\u00e1scoa de 2025; no distrito de Tr\u00e1s-os-Montes o cabrito j\u00e1 custa 9 \u20ac\/kg. Borrego vivo at\u00e9 12 kg est\u00e1 a 6,80 \u20ac\/kg, 0,88 \u20ac mais caro do que no per\u00edodo anterior \u00e0 quadra pascal do ano passado. O aumento intensificou entre 23 e 29 de mar\u00e7o; Coimbra registou a maior subida (at\u00e9 1,5 \u20ac\/kg), noutras regi\u00f5es o acr\u00e9scimo foi pr\u00f3ximo de 1 \u20ac\/kg. H\u00e1 falta de ovos no Litoral Centro, Ribatejo e Oeste; ovos M e L custam 2,3 \u20ac e 2,4 \u20ac por kg, respetivamente, com oferta reduzida na Centro. Batata nova subiu 8,3% (0,65 \u20ac\/kg); batata de conserva\u00e7\u00e3o branca manteve-se em 55 c\u00eantimos; tomates mais caros: cacho 1,85 \u20ac\/kg (+7,6%), sulcado estufa 1,67 \u20ac\/kg (+6,4%).\" \/>\n<meta property=\"og:url\" content=\"https:\/\/portaltela.pt\/noticias\/2026\/04\/03\/pascoa-mais-cara-borrego-e-cabrito-sobem-de-preco\/\" \/>\n<meta property=\"og:site_name\" content=\"Portal Tela Portugal\" \/>\n<meta property=\"article:published_time\" content=\"2026-04-04T00:33:16+00:00\" \/>\n<meta name=\"author\" content=\"Telinha\" \/>\n<meta name=\"twitter:card\" content=\"summary_large_image\" \/>\n<meta name=\"twitter:label1\" content=\"Escrito por\" \/>\n\t<meta name=\"twitter:data1\" content=\"Telinha\" \/>\n\t<meta name=\"twitter:label2\" content=\"Tempo estimado de leitura\" \/>\n\t<meta name=\"twitter:data2\" content=\"1 minuto\" \/>\n<script type=\"application\/ld+json\" class=\"yoast-schema-graph\">{\"@context\":\"https:\/\/schema.org\",\"@graph\":[{\"@type\":\"Article\",\"@id\":\"https:\/\/portaltela.pt\/noticias\/2026\/04\/03\/pascoa-mais-cara-borrego-e-cabrito-sobem-de-preco\/#article\",\"isPartOf\":{\"@id\":\"https:\/\/portaltela.pt\/noticias\/2026\/04\/03\/pascoa-mais-cara-borrego-e-cabrito-sobem-de-preco\/\"},\"author\":{\"name\":\"Telinha\",\"@id\":\"https:\/\/portaltela.pt\/#\/schema\/person\/c4278d4a6028830caff9ee44b42d32ed\"},\"headline\":\"P\u00e1scoa mais cara: borrego e cabrito sobem de pre\u00e7o\",\"datePublished\":\"2026-04-04T00:33:16+00:00\",\"mainEntityOfPage\":{\"@id\":\"https:\/\/portaltela.pt\/noticias\/2026\/04\/03\/pascoa-mais-cara-borrego-e-cabrito-sobem-de-preco\/\"},\"wordCount\":273,\"image\":{\"@id\":\"https:\/\/portaltela.pt\/noticias\/2026\/04\/03\/pascoa-mais-cara-borrego-e-cabrito-sobem-de-preco\/#primaryimage\"},\"thumbnailUrl\":\"https:\/\/portaltela.pt\/s.01k8rhncp4jt1\/2026\/04\/img_1500x1000uu2025-04-10-01-34-08-2202711.jpg\",\"keywords\":[\"_economia\",\"A agricultura\",\"agroalimentar\",\"alimentos\",\"economia internacional\",\"horticultura\"],\"articleSection\":[\"Economia\",\"Pre\u00e7os\"],\"inLanguage\":\"pt-PT\"},{\"@type\":\"WebPage\",\"@id\":\"https:\/\/portaltela.pt\/noticias\/2026\/04\/03\/pascoa-mais-cara-borrego-e-cabrito-sobem-de-preco\/\",\"url\":\"https:\/\/portaltela.pt\/noticias\/2026\/04\/03\/pascoa-mais-cara-borrego-e-cabrito-sobem-de-preco\/\",\"name\":\"P\u00e1scoa mais cara: borrego e cabrito sobem de pre\u00e7o - Portal Tela Portugal\",\"isPartOf\":{\"@id\":\"https:\/\/portaltela.pt\/#website\"},\"primaryImageOfPage\":{\"@id\":\"https:\/\/portaltela.pt\/noticias\/2026\/04\/03\/pascoa-mais-cara-borrego-e-cabrito-sobem-de-preco\/#primaryimage\"},\"image\":{\"@id\":\"https:\/\/portaltela.pt\/noticias\/2026\/04\/03\/pascoa-mais-cara-borrego-e-cabrito-sobem-de-preco\/#primaryimage\"},\"thumbnailUrl\":\"https:\/\/portaltela.pt\/s.01k8rhncp4jt1\/2026\/04\/img_1500x1000uu2025-04-10-01-34-08-2202711.jpg\",\"datePublished\":\"2026-04-04T00:33:16+00:00\",\"author\":{\"@id\":\"https:\/\/portaltela.pt\/#\/schema\/person\/c4278d4a6028830caff9ee44b42d32ed\"},\"breadcrumb\":{\"@id\":\"https:\/\/portaltela.pt\/noticias\/2026\/04\/03\/pascoa-mais-cara-borrego-e-cabrito-sobem-de-preco\/#breadcrumb\"},\"inLanguage\":\"pt-PT\",\"potentialAction\":[{\"@type\":\"ReadAction\",\"target\":[\"https:\/\/portaltela.pt\/noticias\/2026\/04\/03\/pascoa-mais-cara-borrego-e-cabrito-sobem-de-preco\/\"]}]},{\"@type\":\"ImageObject\",\"inLanguage\":\"pt-PT\",\"@id\":\"https:\/\/portaltela.pt\/noticias\/2026\/04\/03\/pascoa-mais-cara-borrego-e-cabrito-sobem-de-preco\/#primaryimage\",\"url\":\"https:\/\/portaltela.pt\/s.01k8rhncp4jt1\/2026\/04\/img_1500x1000uu2025-04-10-01-34-08-2202711.jpg\",\"contentUrl\":\"https:\/\/portaltela.pt\/s.01k8rhncp4jt1\/2026\/04\/img_1500x1000uu2025-04-10-01-34-08-2202711.jpg\",\"width\":796,\"height\":448,\"caption\":\"Pre\u00e7os do cabrito e borrego disparam antes da P\u00e1scoa\"},{\"@type\":\"BreadcrumbList\",\"@id\":\"https:\/\/portaltela.pt\/noticias\/2026\/04\/03\/pascoa-mais-cara-borrego-e-cabrito-sobem-de-preco\/#breadcrumb\",\"itemListElement\":[{\"@type\":\"ListItem\",\"position\":1,\"name\":\"In\u00edcio\",\"item\":\"https:\/\/portaltela.pt\/\"},{\"@type\":\"ListItem\",\"position\":2,\"name\":\"P\u00e1scoa mais cara: borrego e cabrito sobem de pre\u00e7o\"}]},{\"@type\":\"WebSite\",\"@id\":\"https:\/\/portaltela.pt\/#website\",\"url\":\"https:\/\/portaltela.pt\/\",\"name\":\"Portal Tela Portugal\",\"description\":\"\",\"potentialAction\":[{\"@type\":\"SearchAction\",\"target\":{\"@type\":\"EntryPoint\",\"urlTemplate\":\"https:\/\/portaltela.pt\/?s={search_term_string}\"},\"query-input\":{\"@type\":\"PropertyValueSpecification\",\"valueRequired\":true,\"valueName\":\"search_term_string\"}}],\"inLanguage\":\"pt-PT\"},{\"@type\":\"Person\",\"@id\":\"https:\/\/portaltela.pt\/#\/schema\/person\/c4278d4a6028830caff9ee44b42d32ed\",\"name\":\"Telinha\",\"image\":{\"@type\":\"ImageObject\",\"inLanguage\":\"pt-PT\",\"@id\":\"https:\/\/portaltela.pt\/s.01k8rhncp4jt1\/2025\/11\/talking-bot-125x125.png\",\"url\":\"https:\/\/portaltela.pt\/s.01k8rhncp4jt1\/2025\/11\/talking-bot-125x125.png\",\"contentUrl\":\"https:\/\/portaltela.pt\/s.01k8rhncp4jt1\/2025\/11\/talking-bot-125x125.png\",\"caption\":\"Telinha\"},\"sameAs\":[\"https:\/\/portaltela.pt\/\"],\"url\":\"https:\/\/portaltela.pt\/por\/367410592786\/\"}]}<\/script>\n<!-- \/ Yoast SEO plugin. -->","yoast_head_json":{"title":"P\u00e1scoa mais cara: borrego e cabrito sobem de pre\u00e7o - Portal Tela Portugal","robots":{"index":"index","follow":"follow","max-snippet":"max-snippet:-1","max-image-preview":"max-image-preview:large","max-video-preview":"max-video-preview:-1"},"og_locale":"pt_PT","og_type":"article","og_title":"P\u00e1scoa mais cara: borrego e cabrito sobem de pre\u00e7o - Portal Tela Portugal","og_description":"Borrego e cabrito subiram de pre\u00e7o na semana passada, j\u00e1 acima dos valores da P\u00e1scoa de 2025; no distrito de Tr\u00e1s-os-Montes o cabrito j\u00e1 custa 9 \u20ac\/kg. Borrego vivo at\u00e9 12 kg est\u00e1 a 6,80 \u20ac\/kg, 0,88 \u20ac mais caro do que no per\u00edodo anterior \u00e0 quadra pascal do ano passado. O aumento intensificou entre 23 e 29 de mar\u00e7o; Coimbra registou a maior subida (at\u00e9 1,5 \u20ac\/kg), noutras regi\u00f5es o acr\u00e9scimo foi pr\u00f3ximo de 1 \u20ac\/kg. H\u00e1 falta de ovos no Litoral Centro, Ribatejo e Oeste; ovos M e L custam 2,3 \u20ac e 2,4 \u20ac por kg, respetivamente, com oferta reduzida na Centro. Batata nova subiu 8,3% (0,65 \u20ac\/kg); batata de conserva\u00e7\u00e3o branca manteve-se em 55 c\u00eantimos; tomates mais caros: cacho 1,85 \u20ac\/kg (+7,6%), sulcado estufa 1,67 \u20ac\/kg (+6,4%).","og_url":"https:\/\/portaltela.pt\/noticias\/2026\/04\/03\/pascoa-mais-cara-borrego-e-cabrito-sobem-de-preco\/","og_site_name":"Portal Tela Portugal","article_published_time":"2026-04-04T00:33:16+00:00","author":"Telinha","twitter_card":"summary_large_image","twitter_misc":{"Escrito por":"Telinha","Tempo estimado de leitura":"1 minuto"},"schema":{"@context":"https:\/\/schema.org","@graph":[{"@type":"Article","@id":"https:\/\/portaltela.pt\/noticias\/2026\/04\/03\/pascoa-mais-cara-borrego-e-cabrito-sobem-de-preco\/#article","isPartOf":{"@id":"https:\/\/portaltela.pt\/noticias\/2026\/04\/03\/pascoa-mais-cara-borrego-e-cabrito-sobem-de-preco\/"},"author":{"name":"Telinha","@id":"https:\/\/portaltela.pt\/#\/schema\/person\/c4278d4a6028830caff9ee44b42d32ed"},"headline":"P\u00e1scoa mais cara: borrego e cabrito sobem de pre\u00e7o","datePublished":"2026-04-04T00:33:16+00:00","mainEntityOfPage":{"@id":"https:\/\/portaltela.pt\/noticias\/2026\/04\/03\/pascoa-mais-cara-borrego-e-cabrito-sobem-de-preco\/"},"wordCount":273,"image":{"@id":"https:\/\/portaltela.pt\/noticias\/2026\/04\/03\/pascoa-mais-cara-borrego-e-cabrito-sobem-de-preco\/#primaryimage"},"thumbnailUrl":"https:\/\/portaltela.pt\/s.01k8rhncp4jt1\/2026\/04\/img_1500x1000uu2025-04-10-01-34-08-2202711.jpg","keywords":["_economia","A agricultura","agroalimentar","alimentos","economia internacional","horticultura"],"articleSection":["Economia","Pre\u00e7os"],"inLanguage":"pt-PT"},{"@type":"WebPage","@id":"https:\/\/portaltela.pt\/noticias\/2026\/04\/03\/pascoa-mais-cara-borrego-e-cabrito-sobem-de-preco\/","url":"https:\/\/portaltela.pt\/noticias\/2026\/04\/03\/pascoa-mais-cara-borrego-e-cabrito-sobem-de-preco\/","name":"P\u00e1scoa mais cara: borrego e cabrito sobem de pre\u00e7o - Portal Tela Portugal","isPartOf":{"@id":"https:\/\/portaltela.pt\/#website"},"primaryImageOfPage":{"@id":"https:\/\/portaltela.pt\/noticias\/2026\/04\/03\/pascoa-mais-cara-borrego-e-cabrito-sobem-de-preco\/#primaryimage"},"image":{"@id":"https:\/\/portaltela.pt\/noticias\/2026\/04\/03\/pascoa-mais-cara-borrego-e-cabrito-sobem-de-preco\/#primaryimage"},"thumbnailUrl":"https:\/\/portaltela.pt\/s.01k8rhncp4jt1\/2026\/04\/img_1500x1000uu2025-04-10-01-34-08-2202711.jpg","datePublished":"2026-04-04T00:33:16+00:00","author":{"@id":"https:\/\/portaltela.pt\/#\/schema\/person\/c4278d4a6028830caff9ee44b42d32ed"},"breadcrumb":{"@id":"https:\/\/portaltela.pt\/noticias\/2026\/04\/03\/pascoa-mais-cara-borrego-e-cabrito-sobem-de-preco\/#breadcrumb"},"inLanguage":"pt-PT","potentialAction":[{"@type":"ReadAction","target":["https:\/\/portaltela.pt\/noticias\/2026\/04\/03\/pascoa-mais-cara-borrego-e-cabrito-sobem-de-preco\/"]}]},{"@type":"ImageObject","inLanguage":"pt-PT","@id":"https:\/\/portaltela.pt\/noticias\/2026\/04\/03\/pascoa-mais-cara-borrego-e-cabrito-sobem-de-preco\/#primaryimage","url":"https:\/\/portaltela.pt\/s.01k8rhncp4jt1\/2026\/04\/img_1500x1000uu2025-04-10-01-34-08-2202711.jpg","contentUrl":"https:\/\/portaltela.pt\/s.01k8rhncp4jt1\/2026\/04\/img_1500x1000uu2025-04-10-01-34-08-2202711.jpg","width":796,"height":448,"caption":"Pre\u00e7os do cabrito e borrego disparam antes da P\u00e1scoa"},{"@type":"BreadcrumbList","@id":"https:\/\/portaltela.pt\/noticias\/2026\/04\/03\/pascoa-mais-cara-borrego-e-cabrito-sobem-de-preco\/#breadcrumb","itemListElement":[{"@type":"ListItem","position":1,"name":"In\u00edcio","item":"https:\/\/portaltela.pt\/"},{"@type":"ListItem","position":2,"name":"P\u00e1scoa mais cara: borrego e cabrito sobem de pre\u00e7o"}]},{"@type":"WebSite","@id":"https:\/\/portaltela.pt\/#website","url":"https:\/\/portaltela.pt\/","name":"Portal Tela Portugal","description":"","potentialAction":[{"@type":"SearchAction","target":{"@type":"EntryPoint","urlTemplate":"https:\/\/portaltela.pt\/?s={search_term_string}"},"query-input":{"@type":"PropertyValueSpecification","valueRequired":true,"valueName":"search_term_string"}}],"inLanguage":"pt-PT"},{"@type":"Person","@id":"https:\/\/portaltela.pt\/#\/schema\/person\/c4278d4a6028830caff9ee44b42d32ed","name":"Telinha","image":{"@type":"ImageObject","inLanguage":"pt-PT","@id":"https:\/\/portaltela.pt\/s.01k8rhncp4jt1\/2025\/11\/talking-bot-125x125.png","url":"https:\/\/portaltela.pt\/s.01k8rhncp4jt1\/2025\/11\/talking-bot-125x125.png","contentUrl":"https:\/\/portaltela.pt\/s.01k8rhncp4jt1\/2025\/11\/talking-bot-125x125.png","caption":"Telinha"},"sameAs":["https:\/\/portaltela.pt\/"],"url":"https:\/\/portaltela.pt\/por\/367410592786\/"}]}},"_links":{"self":[{"href":"https:\/\/portaltela.pt\/api\/wp\/v2\/posts\/432057","targetHints":{"allow":["GET"]}}],"collection":[{"href":"https:\/\/portaltela.pt\/api\/wp\/v2\/posts"}],"about":[{"href":"https:\/\/portaltela.pt\/api\/wp\/v2\/types\/post"}],"author":[{"embeddable":true,"href":"https:\/\/portaltela.pt\/api\/wp\/v2\/users\/2"}],"replies":[{"embeddable":true,"href":"https:\/\/portaltela.pt\/api\/wp\/v2\/comments?post=432057"}],"version-history":[{"count":0,"href":"https:\/\/portaltela.pt\/api\/wp\/v2\/posts\/432057\/revisions"}],"wp:featuredmedia":[{"embeddable":true,"href":"https:\/\/portaltela.pt\/api\/wp\/v2\/media\/432062"}],"wp:attachment":[{"href":"https:\/\/portaltela.pt\/api\/wp\/v2\/media?parent=432057"}],"wp:term":[{"taxonomy":"category","embeddable":true,"href":"https:\/\/portaltela.pt\/api\/wp\/v2\/categories?post=432057"},{"taxonomy":"post_tag","embeddable":true,"href":"https:\/\/portaltela.pt\/api\/wp\/v2\/tags?post=432057"}],"curies":[{"name":"wp","href":"https:\/\/api.w.org\/{rel}","templated":true}]}}