{"id":432048,"date":"2026-04-03T21:33:11","date_gmt":"2026-04-04T00:33:11","guid":{"rendered":"https:\/\/portaltela.pt\/noticias\/2026\/04\/03\/assessor-do-chega-chama-deputados-da-constituinte-de-esqueletos-de-abril\/"},"modified":"2026-04-03T21:33:11","modified_gmt":"2026-04-04T00:33:11","slug":"assessor-do-chega-chama-deputados-da-constituinte-de-esqueletos-de-abril","status":"publish","type":"post","link":"https:\/\/portaltela.pt\/noticias\/politica\/2026\/04\/03\/assessor-do-chega-chama-deputados-da-constituinte-de-esqueletos-de-abril\/","title":{"rendered":"Assessor do Chega chama deputados da Constituinte de &#8216;esqueletos de abril&#8217;"},"content":{"rendered":"<p>Um assessor do Chega chamou os deputados constituintes presentes no 50.\u00ba anivers\u00e1rio da Constitui\u00e7\u00e3o de \u201cesqueletos de abril\u201d durante uma sess\u00e3o no parlamento. Francisco Ara\u00fajo publicou imagens da ocasi\u00e3o no X, onde mostra os deputados a abandonar a sess\u00e3o solene ap\u00f3s cr\u00edticas de Andr\u00e9 Ventura. Dizia ainda que a constitui\u00e7\u00e3o de abril n\u00e3o serve o povo.<\/p>\n<p>Ara\u00fajo, al\u00e9m de assessor, \u00e9 tamb\u00e9m deputado municipal em Guimar\u00e3es. A publica\u00e7\u00e3o descreveu que os parlamentares teriam sa\u00eddo das galerias enquanto o l\u00edder do Chega alegava desmontar narrativas do sistema. O coment\u00e1rio gerou cr\u00edticas entre advers\u00e1rios pol\u00edticos e membros da Assembleia.<\/p>\n<h3>Rea\u00e7\u00e3o e contexto<\/h3>\n<p>O deputado socialista Jos\u00e9 Carlos Barbosa questionou se a AR paga a quem insultou convidados, lembrando um caso anterior envolvendo Filipe Melo. Barbosa comparou a situa\u00e7\u00e3o com um incidente em que foi alvo de insultos e cita a necessidade de urbanidade e lealdade institucional, conforme recomenda\u00e7\u00e3o da Comiss\u00e3o de \u00c9tica.<\/p>\n<p>Em julho de 2025, j\u00e1 no contexto em que Ara\u00fajo integrava o grupo parlamentar do Chega, a publica\u00e7\u00e3o da S\u00e1bado indicou a participa\u00e7\u00e3o frequente do assessor em eventos do movimento Reconquista. Foi citado num relat\u00f3rio de uma ONG norte-americana sobre promo\u00e7\u00e3o de \u00f3dio.<\/p>\n","protected":false},"excerpt":{"rendered":"<ul>\n<li>O assessor do Chega, Francisco Ara\u00fajo, chamou aos deputados constituintes presentes no 50.\u00ba anivers\u00e1rio da Constitui\u00e7\u00e3o a express\u00e3o \u201cesqueletos de abril\u201d numa publica\u00e7\u00e3o no X.<\/li>\n<li>O momento partilhado mostra deputados a abandonarem a sess\u00e3o solene depois de Andr\u00e9 Ventura os ter acusado de patrocinarem atentados terroristas.<\/li>\n<li>O deputado do PS, Jos\u00e9 Carlos Barbosa, questionou se a Assembleia da Rep\u00fablica paga esse assessor para insultar convidados, lembrando um caso anterior envolvendo Filipe Melo.<\/li>\n<li>Barbosa referiu-se ao epis\u00f3dio em que dirigiu um beijo a Isabel Moreira e \u00e0 decis\u00e3o da Comiss\u00e3o de \u00c9tica, que recomendou urbanidade e lealdade institucional sem san\u00e7\u00f5es.<\/li>\n<li>Em julho de 2025, foi referida a participa\u00e7\u00e3o frequente de Ara\u00fajo em eventos do movimento Reconquista, situa\u00e7\u00e3o mencionada num relat\u00f3rio de uma ONG norte-americana sobre promo\u00e7\u00e3o de \u00f3dio.<\/li>\n<\/ul>\n","protected":false},"author":2,"featured_media":432054,"comment_status":"closed","ping_status":"closed","sticky":false,"template":"","format":"standard","meta":{"footnotes":""},"categories":[5,6871],"tags":[3796,2142,4057,6039,847,2832],"class_list":["post-432048","post","type-post","status-publish","format-standard","has-post-thumbnail","hentry","category-politica","category-sociedade","tag-assembleias","tag-chega","tag-constituicao","tag-injuria","tag-injuria-agravada","tag-politica"],"yoast_head":"<!-- This site is optimized with the Yoast SEO plugin v27.2 - https:\/\/yoast.com\/product\/yoast-seo-wordpress\/ -->\n<title>Assessor do Chega chama deputados da Constituinte de &#039;esqueletos de abril&#039; - Portal Tela Portugal<\/title>\n<meta name=\"robots\" content=\"index, follow, max-snippet:-1, max-image-preview:large, max-video-preview:-1\" \/>\n<meta property=\"og:locale\" content=\"pt_PT\" \/>\n<meta property=\"og:type\" content=\"article\" \/>\n<meta property=\"og:title\" content=\"Assessor do Chega chama deputados da Constituinte de &#039;esqueletos de abril&#039; - Portal Tela Portugal\" \/>\n<meta property=\"og:description\" content=\"O assessor do Chega, Francisco Ara\u00fajo, chamou aos deputados constituintes presentes no 50.\u00ba anivers\u00e1rio da Constitui\u00e7\u00e3o a express\u00e3o \u201cesqueletos de abril\u201d numa publica\u00e7\u00e3o no X. O momento partilhado mostra deputados a abandonarem a sess\u00e3o solene depois de Andr\u00e9 Ventura os ter acusado de patrocinarem atentados terroristas. O deputado do PS, Jos\u00e9 Carlos Barbosa, questionou se a Assembleia da Rep\u00fablica paga esse assessor para insultar convidados, lembrando um caso anterior envolvendo Filipe Melo. Barbosa referiu-se ao epis\u00f3dio em que dirigiu um beijo a Isabel Moreira e \u00e0 decis\u00e3o da Comiss\u00e3o de \u00c9tica, que recomendou urbanidade e lealdade institucional sem san\u00e7\u00f5es. Em julho de 2025, foi referida a participa\u00e7\u00e3o frequente de Ara\u00fajo em eventos do movimento Reconquista, situa\u00e7\u00e3o mencionada num relat\u00f3rio de uma ONG norte-americana sobre promo\u00e7\u00e3o de \u00f3dio.\" \/>\n<meta property=\"og:url\" content=\"https:\/\/portaltela.pt\/noticias\/2026\/04\/03\/assessor-do-chega-chama-deputados-da-constituinte-de-esqueletos-de-abril\/\" \/>\n<meta property=\"og:site_name\" content=\"Portal Tela Portugal\" \/>\n<meta property=\"article:published_time\" content=\"2026-04-04T00:33:11+00:00\" \/>\n<meta name=\"author\" content=\"Telinha\" \/>\n<meta name=\"twitter:card\" content=\"summary_large_image\" \/>\n<meta name=\"twitter:label1\" content=\"Escrito por\" \/>\n\t<meta name=\"twitter:data1\" content=\"Telinha\" \/>\n\t<meta name=\"twitter:label2\" content=\"Tempo estimado de leitura\" \/>\n\t<meta name=\"twitter:data2\" content=\"1 minuto\" \/>\n<script type=\"application\/ld+json\" class=\"yoast-schema-graph\">{\"@context\":\"https:\/\/schema.org\",\"@graph\":[{\"@type\":\"Article\",\"@id\":\"https:\/\/portaltela.pt\/noticias\/2026\/04\/03\/assessor-do-chega-chama-deputados-da-constituinte-de-esqueletos-de-abril\/#article\",\"isPartOf\":{\"@id\":\"https:\/\/portaltela.pt\/noticias\/2026\/04\/03\/assessor-do-chega-chama-deputados-da-constituinte-de-esqueletos-de-abril\/\"},\"author\":{\"name\":\"Telinha\",\"@id\":\"https:\/\/portaltela.pt\/#\/schema\/person\/c4278d4a6028830caff9ee44b42d32ed\"},\"headline\":\"Assessor do Chega chama deputados da Constituinte de &#8216;esqueletos de abril&#8217;\",\"datePublished\":\"2026-04-04T00:33:11+00:00\",\"mainEntityOfPage\":{\"@id\":\"https:\/\/portaltela.pt\/noticias\/2026\/04\/03\/assessor-do-chega-chama-deputados-da-constituinte-de-esqueletos-de-abril\/\"},\"wordCount\":232,\"image\":{\"@id\":\"https:\/\/portaltela.pt\/noticias\/2026\/04\/03\/assessor-do-chega-chama-deputados-da-constituinte-de-esqueletos-de-abril\/#primaryimage\"},\"thumbnailUrl\":\"https:\/\/portaltela.pt\/s.01k8rhncp4jt1\/2026\/04\/img_1500x1000uu2026-04-02-11-27-39-2276193.jpg\",\"keywords\":[\"assembleias\",\"CHEGA\",\"constitui\u00e7\u00e3o\",\"inj\u00faria\",\"inj\u00faria agravada\",\"pol\u00edtica\"],\"articleSection\":[\"Pol\u00edtica\",\"Sociedade\"],\"inLanguage\":\"pt-PT\"},{\"@type\":\"WebPage\",\"@id\":\"https:\/\/portaltela.pt\/noticias\/2026\/04\/03\/assessor-do-chega-chama-deputados-da-constituinte-de-esqueletos-de-abril\/\",\"url\":\"https:\/\/portaltela.pt\/noticias\/2026\/04\/03\/assessor-do-chega-chama-deputados-da-constituinte-de-esqueletos-de-abril\/\",\"name\":\"Assessor do Chega chama deputados da Constituinte de 'esqueletos de abril' - Portal Tela Portugal\",\"isPartOf\":{\"@id\":\"https:\/\/portaltela.pt\/#website\"},\"primaryImageOfPage\":{\"@id\":\"https:\/\/portaltela.pt\/noticias\/2026\/04\/03\/assessor-do-chega-chama-deputados-da-constituinte-de-esqueletos-de-abril\/#primaryimage\"},\"image\":{\"@id\":\"https:\/\/portaltela.pt\/noticias\/2026\/04\/03\/assessor-do-chega-chama-deputados-da-constituinte-de-esqueletos-de-abril\/#primaryimage\"},\"thumbnailUrl\":\"https:\/\/portaltela.pt\/s.01k8rhncp4jt1\/2026\/04\/img_1500x1000uu2026-04-02-11-27-39-2276193.jpg\",\"datePublished\":\"2026-04-04T00:33:11+00:00\",\"author\":{\"@id\":\"https:\/\/portaltela.pt\/#\/schema\/person\/c4278d4a6028830caff9ee44b42d32ed\"},\"breadcrumb\":{\"@id\":\"https:\/\/portaltela.pt\/noticias\/2026\/04\/03\/assessor-do-chega-chama-deputados-da-constituinte-de-esqueletos-de-abril\/#breadcrumb\"},\"inLanguage\":\"pt-PT\",\"potentialAction\":[{\"@type\":\"ReadAction\",\"target\":[\"https:\/\/portaltela.pt\/noticias\/2026\/04\/03\/assessor-do-chega-chama-deputados-da-constituinte-de-esqueletos-de-abril\/\"]}]},{\"@type\":\"ImageObject\",\"inLanguage\":\"pt-PT\",\"@id\":\"https:\/\/portaltela.pt\/noticias\/2026\/04\/03\/assessor-do-chega-chama-deputados-da-constituinte-de-esqueletos-de-abril\/#primaryimage\",\"url\":\"https:\/\/portaltela.pt\/s.01k8rhncp4jt1\/2026\/04\/img_1500x1000uu2026-04-02-11-27-39-2276193.jpg\",\"contentUrl\":\"https:\/\/portaltela.pt\/s.01k8rhncp4jt1\/2026\/04\/img_1500x1000uu2026-04-02-11-27-39-2276193.jpg\",\"width\":796,\"height\":448,\"caption\":\"O momento em que deputados constituintes saem do Parlamento durante discurso de Ventura\"},{\"@type\":\"BreadcrumbList\",\"@id\":\"https:\/\/portaltela.pt\/noticias\/2026\/04\/03\/assessor-do-chega-chama-deputados-da-constituinte-de-esqueletos-de-abril\/#breadcrumb\",\"itemListElement\":[{\"@type\":\"ListItem\",\"position\":1,\"name\":\"In\u00edcio\",\"item\":\"https:\/\/portaltela.pt\/\"},{\"@type\":\"ListItem\",\"position\":2,\"name\":\"Assessor do Chega chama deputados da Constituinte de &#8216;esqueletos de abril&#8217;\"}]},{\"@type\":\"WebSite\",\"@id\":\"https:\/\/portaltela.pt\/#website\",\"url\":\"https:\/\/portaltela.pt\/\",\"name\":\"Portal Tela Portugal\",\"description\":\"\",\"potentialAction\":[{\"@type\":\"SearchAction\",\"target\":{\"@type\":\"EntryPoint\",\"urlTemplate\":\"https:\/\/portaltela.pt\/?s={search_term_string}\"},\"query-input\":{\"@type\":\"PropertyValueSpecification\",\"valueRequired\":true,\"valueName\":\"search_term_string\"}}],\"inLanguage\":\"pt-PT\"},{\"@type\":\"Person\",\"@id\":\"https:\/\/portaltela.pt\/#\/schema\/person\/c4278d4a6028830caff9ee44b42d32ed\",\"name\":\"Telinha\",\"image\":{\"@type\":\"ImageObject\",\"inLanguage\":\"pt-PT\",\"@id\":\"https:\/\/portaltela.pt\/s.01k8rhncp4jt1\/2025\/11\/talking-bot-125x125.png\",\"url\":\"https:\/\/portaltela.pt\/s.01k8rhncp4jt1\/2025\/11\/talking-bot-125x125.png\",\"contentUrl\":\"https:\/\/portaltela.pt\/s.01k8rhncp4jt1\/2025\/11\/talking-bot-125x125.png\",\"caption\":\"Telinha\"},\"sameAs\":[\"https:\/\/portaltela.pt\/\"],\"url\":\"https:\/\/portaltela.pt\/por\/367410592786\/\"}]}<\/script>\n<!-- \/ Yoast SEO plugin. -->","yoast_head_json":{"title":"Assessor do Chega chama deputados da Constituinte de 'esqueletos de abril' - Portal Tela Portugal","robots":{"index":"index","follow":"follow","max-snippet":"max-snippet:-1","max-image-preview":"max-image-preview:large","max-video-preview":"max-video-preview:-1"},"og_locale":"pt_PT","og_type":"article","og_title":"Assessor do Chega chama deputados da Constituinte de 'esqueletos de abril' - Portal Tela Portugal","og_description":"O assessor do Chega, Francisco Ara\u00fajo, chamou aos deputados constituintes presentes no 50.\u00ba anivers\u00e1rio da Constitui\u00e7\u00e3o a express\u00e3o \u201cesqueletos de abril\u201d numa publica\u00e7\u00e3o no X. O momento partilhado mostra deputados a abandonarem a sess\u00e3o solene depois de Andr\u00e9 Ventura os ter acusado de patrocinarem atentados terroristas. O deputado do PS, Jos\u00e9 Carlos Barbosa, questionou se a Assembleia da Rep\u00fablica paga esse assessor para insultar convidados, lembrando um caso anterior envolvendo Filipe Melo. Barbosa referiu-se ao epis\u00f3dio em que dirigiu um beijo a Isabel Moreira e \u00e0 decis\u00e3o da Comiss\u00e3o de \u00c9tica, que recomendou urbanidade e lealdade institucional sem san\u00e7\u00f5es. Em julho de 2025, foi referida a participa\u00e7\u00e3o frequente de Ara\u00fajo em eventos do movimento Reconquista, situa\u00e7\u00e3o mencionada num relat\u00f3rio de uma ONG norte-americana sobre promo\u00e7\u00e3o de \u00f3dio.","og_url":"https:\/\/portaltela.pt\/noticias\/2026\/04\/03\/assessor-do-chega-chama-deputados-da-constituinte-de-esqueletos-de-abril\/","og_site_name":"Portal Tela Portugal","article_published_time":"2026-04-04T00:33:11+00:00","author":"Telinha","twitter_card":"summary_large_image","twitter_misc":{"Escrito por":"Telinha","Tempo estimado de leitura":"1 minuto"},"schema":{"@context":"https:\/\/schema.org","@graph":[{"@type":"Article","@id":"https:\/\/portaltela.pt\/noticias\/2026\/04\/03\/assessor-do-chega-chama-deputados-da-constituinte-de-esqueletos-de-abril\/#article","isPartOf":{"@id":"https:\/\/portaltela.pt\/noticias\/2026\/04\/03\/assessor-do-chega-chama-deputados-da-constituinte-de-esqueletos-de-abril\/"},"author":{"name":"Telinha","@id":"https:\/\/portaltela.pt\/#\/schema\/person\/c4278d4a6028830caff9ee44b42d32ed"},"headline":"Assessor do Chega chama deputados da Constituinte de &#8216;esqueletos de abril&#8217;","datePublished":"2026-04-04T00:33:11+00:00","mainEntityOfPage":{"@id":"https:\/\/portaltela.pt\/noticias\/2026\/04\/03\/assessor-do-chega-chama-deputados-da-constituinte-de-esqueletos-de-abril\/"},"wordCount":232,"image":{"@id":"https:\/\/portaltela.pt\/noticias\/2026\/04\/03\/assessor-do-chega-chama-deputados-da-constituinte-de-esqueletos-de-abril\/#primaryimage"},"thumbnailUrl":"https:\/\/portaltela.pt\/s.01k8rhncp4jt1\/2026\/04\/img_1500x1000uu2026-04-02-11-27-39-2276193.jpg","keywords":["assembleias","CHEGA","constitui\u00e7\u00e3o","inj\u00faria","inj\u00faria agravada","pol\u00edtica"],"articleSection":["Pol\u00edtica","Sociedade"],"inLanguage":"pt-PT"},{"@type":"WebPage","@id":"https:\/\/portaltela.pt\/noticias\/2026\/04\/03\/assessor-do-chega-chama-deputados-da-constituinte-de-esqueletos-de-abril\/","url":"https:\/\/portaltela.pt\/noticias\/2026\/04\/03\/assessor-do-chega-chama-deputados-da-constituinte-de-esqueletos-de-abril\/","name":"Assessor do Chega chama deputados da Constituinte de 'esqueletos de abril' - Portal Tela Portugal","isPartOf":{"@id":"https:\/\/portaltela.pt\/#website"},"primaryImageOfPage":{"@id":"https:\/\/portaltela.pt\/noticias\/2026\/04\/03\/assessor-do-chega-chama-deputados-da-constituinte-de-esqueletos-de-abril\/#primaryimage"},"image":{"@id":"https:\/\/portaltela.pt\/noticias\/2026\/04\/03\/assessor-do-chega-chama-deputados-da-constituinte-de-esqueletos-de-abril\/#primaryimage"},"thumbnailUrl":"https:\/\/portaltela.pt\/s.01k8rhncp4jt1\/2026\/04\/img_1500x1000uu2026-04-02-11-27-39-2276193.jpg","datePublished":"2026-04-04T00:33:11+00:00","author":{"@id":"https:\/\/portaltela.pt\/#\/schema\/person\/c4278d4a6028830caff9ee44b42d32ed"},"breadcrumb":{"@id":"https:\/\/portaltela.pt\/noticias\/2026\/04\/03\/assessor-do-chega-chama-deputados-da-constituinte-de-esqueletos-de-abril\/#breadcrumb"},"inLanguage":"pt-PT","potentialAction":[{"@type":"ReadAction","target":["https:\/\/portaltela.pt\/noticias\/2026\/04\/03\/assessor-do-chega-chama-deputados-da-constituinte-de-esqueletos-de-abril\/"]}]},{"@type":"ImageObject","inLanguage":"pt-PT","@id":"https:\/\/portaltela.pt\/noticias\/2026\/04\/03\/assessor-do-chega-chama-deputados-da-constituinte-de-esqueletos-de-abril\/#primaryimage","url":"https:\/\/portaltela.pt\/s.01k8rhncp4jt1\/2026\/04\/img_1500x1000uu2026-04-02-11-27-39-2276193.jpg","contentUrl":"https:\/\/portaltela.pt\/s.01k8rhncp4jt1\/2026\/04\/img_1500x1000uu2026-04-02-11-27-39-2276193.jpg","width":796,"height":448,"caption":"O momento em que deputados constituintes saem do Parlamento durante discurso de Ventura"},{"@type":"BreadcrumbList","@id":"https:\/\/portaltela.pt\/noticias\/2026\/04\/03\/assessor-do-chega-chama-deputados-da-constituinte-de-esqueletos-de-abril\/#breadcrumb","itemListElement":[{"@type":"ListItem","position":1,"name":"In\u00edcio","item":"https:\/\/portaltela.pt\/"},{"@type":"ListItem","position":2,"name":"Assessor do Chega chama deputados da Constituinte de &#8216;esqueletos de abril&#8217;"}]},{"@type":"WebSite","@id":"https:\/\/portaltela.pt\/#website","url":"https:\/\/portaltela.pt\/","name":"Portal Tela Portugal","description":"","potentialAction":[{"@type":"SearchAction","target":{"@type":"EntryPoint","urlTemplate":"https:\/\/portaltela.pt\/?s={search_term_string}"},"query-input":{"@type":"PropertyValueSpecification","valueRequired":true,"valueName":"search_term_string"}}],"inLanguage":"pt-PT"},{"@type":"Person","@id":"https:\/\/portaltela.pt\/#\/schema\/person\/c4278d4a6028830caff9ee44b42d32ed","name":"Telinha","image":{"@type":"ImageObject","inLanguage":"pt-PT","@id":"https:\/\/portaltela.pt\/s.01k8rhncp4jt1\/2025\/11\/talking-bot-125x125.png","url":"https:\/\/portaltela.pt\/s.01k8rhncp4jt1\/2025\/11\/talking-bot-125x125.png","contentUrl":"https:\/\/portaltela.pt\/s.01k8rhncp4jt1\/2025\/11\/talking-bot-125x125.png","caption":"Telinha"},"sameAs":["https:\/\/portaltela.pt\/"],"url":"https:\/\/portaltela.pt\/por\/367410592786\/"}]}},"_links":{"self":[{"href":"https:\/\/portaltela.pt\/api\/wp\/v2\/posts\/432048","targetHints":{"allow":["GET"]}}],"collection":[{"href":"https:\/\/portaltela.pt\/api\/wp\/v2\/posts"}],"about":[{"href":"https:\/\/portaltela.pt\/api\/wp\/v2\/types\/post"}],"author":[{"embeddable":true,"href":"https:\/\/portaltela.pt\/api\/wp\/v2\/users\/2"}],"replies":[{"embeddable":true,"href":"https:\/\/portaltela.pt\/api\/wp\/v2\/comments?post=432048"}],"version-history":[{"count":0,"href":"https:\/\/portaltela.pt\/api\/wp\/v2\/posts\/432048\/revisions"}],"wp:featuredmedia":[{"embeddable":true,"href":"https:\/\/portaltela.pt\/api\/wp\/v2\/media\/432054"}],"wp:attachment":[{"href":"https:\/\/portaltela.pt\/api\/wp\/v2\/media?parent=432048"}],"wp:term":[{"taxonomy":"category","embeddable":true,"href":"https:\/\/portaltela.pt\/api\/wp\/v2\/categories?post=432048"},{"taxonomy":"post_tag","embeddable":true,"href":"https:\/\/portaltela.pt\/api\/wp\/v2\/tags?post=432048"}],"curies":[{"name":"wp","href":"https:\/\/api.w.org\/{rel}","templated":true}]}}