{"id":431988,"date":"2026-04-03T19:17:04","date_gmt":"2026-04-03T22:17:04","guid":{"rendered":"https:\/\/portaltela.pt\/noticias\/2026\/04\/03\/rafael-nel-titular-e-marca-no-dia-de-aniversario-equipa-brinda-com-presente\/"},"modified":"2026-04-03T19:17:04","modified_gmt":"2026-04-03T22:17:04","slug":"rafael-nel-titular-e-marca-no-dia-de-aniversario-equipa-brinda-com-presente","status":"publish","type":"post","link":"https:\/\/portaltela.pt\/desporto\/futebol\/2026\/04\/03\/rafael-nel-titular-e-marca-no-dia-de-aniversario-equipa-brinda-com-presente\/","title":{"rendered":"Rafael Nel titular e marca no dia de anivers\u00e1rio, equipa brinda com presente"},"content":{"rendered":"<p>Rafael Nel fez o quarto golo no triunfo do Sporting sobre o Santa Clara, 4-2, em Alvalade, no dia em que completou 21 anos. O lance fechou a vit\u00f3ria dos le\u00f5es, numa estreia a titular do avan\u00e7ado.<\/p>\n<p>O jogo decorreu a 3 de abril de 2026, perante casa cheia, com o Sporting a impor-se frente ao Santa Clara. Nel terminou o encontro com quatro golos do conjunto de Alvalade, tendo ampliado o marcador para o 4-2.<\/p>\n<p>Nel afirmou ter recebido instru\u00e7\u00f5es de Rui Borges para jogar de forma simples e revelou que os companheiros Lu\u00eds Su\u00e1rez e Ioannidis o ajudam diariamente, contribuindo para o seu rendimento e para a vit\u00f3ria. O avan\u00e7ado mostrou-se sincero ao agradecer o apoio da equipa.<\/p>\n<p>O jogador, que reconheceu uma primeira fase dif\u00edcil na partida, explicou que cada encontro \u00e9 uma aprendizagem e que o ambiente de treino tem sido determinante para o progresso. O golo de hoje foi dedicado aos jovens da forma\u00e7\u00e3o do clube e \u00e0 equipa t\u00e9cnica.<\/p>\n<p>No final, o avan\u00e7ado destacou a import\u00e2ncia dos tr\u00eas pontos na perspetiva do campeonato, sublinhando o esfor\u00e7o coletivo que permitiu manter a lideran\u00e7a na prova. A vit\u00f3ria ficou tamb\u00e9m marcada pela estreia de Nel como titular no clube.<\/p>\n","protected":false},"excerpt":{"rendered":"<ul>\n<li>Rafael Nel, que completou 21 anos, estreou-se a titular e fechou o marcador do Sporting na vit\u00f3ria por 4-2 frente ao Santa Clara.<\/li>\n<li>O avan\u00e7ado fez o quarto golo numa partida disputada, que ajudou os le\u00f5es a segurarem os tr\u00eas pontos.<\/li>\n<li>Nel disse na flash interview da Sport TV que a equipa lhe ofereceu \u201cesta prenda\u201d no dia do anivers\u00e1rio e explicou que o segredo foi jogar simples, conforme o pedido de Rui Borges.<\/li>\n<li>O jogador destacou o apoio de Lu\u00eds Su\u00e1rez e Ioannidis, que lhe d\u00e3o feedback, e afirmou que cada jogo \u00e9 uma nova experi\u00eancia enquanto trabalha com os colegas.<\/li>\n<li>Nel dedicou o golo aos jovens da forma\u00e7\u00e3o, \u00e0 sua fam\u00edlia e a si pr\u00f3prio, agradecendo tamb\u00e9m aos que n\u00e3o puderam estar presentes.<\/li>\n<\/ul>\n","protected":false},"author":2,"featured_media":431989,"comment_status":"closed","ping_status":"closed","sticky":false,"template":"","format":"standard","meta":{"footnotes":""},"categories":[21,24],"tags":[4143,72,32,198,242,1652],"class_list":["post-431988","post","type-post","status-publish","format-standard","has-post-thumbnail","hentry","category-desporto","category-futebol","tag-1-liga","tag-craques","tag-futebol","tag-golos","tag-jogadores","tag-sporting"],"yoast_head":"<!-- This site is optimized with the Yoast SEO plugin v27.2 - https:\/\/yoast.com\/product\/yoast-seo-wordpress\/ -->\n<title>Rafael Nel titular e marca no dia de anivers\u00e1rio, equipa brinda com presente - Portal Tela Portugal<\/title>\n<meta name=\"robots\" content=\"index, follow, max-snippet:-1, max-image-preview:large, max-video-preview:-1\" \/>\n<meta property=\"og:locale\" content=\"pt_PT\" \/>\n<meta property=\"og:type\" content=\"article\" \/>\n<meta property=\"og:title\" content=\"Rafael Nel titular e marca no dia de anivers\u00e1rio, equipa brinda com presente - Portal Tela Portugal\" \/>\n<meta property=\"og:description\" content=\"Rafael Nel, que completou 21 anos, estreou-se a titular e fechou o marcador do Sporting na vit\u00f3ria por 4-2 frente ao Santa Clara. O avan\u00e7ado fez o quarto golo numa partida disputada, que ajudou os le\u00f5es a segurarem os tr\u00eas pontos. Nel disse na flash interview da Sport TV que a equipa lhe ofereceu \u201cesta prenda\u201d no dia do anivers\u00e1rio e explicou que o segredo foi jogar simples, conforme o pedido de Rui Borges. O jogador destacou o apoio de Lu\u00eds Su\u00e1rez e Ioannidis, que lhe d\u00e3o feedback, e afirmou que cada jogo \u00e9 uma nova experi\u00eancia enquanto trabalha com os colegas. Nel dedicou o golo aos jovens da forma\u00e7\u00e3o, \u00e0 sua fam\u00edlia e a si pr\u00f3prio, agradecendo tamb\u00e9m aos que n\u00e3o puderam estar presentes.\" \/>\n<meta property=\"og:url\" content=\"https:\/\/portaltela.pt\/noticias\/2026\/04\/03\/rafael-nel-titular-e-marca-no-dia-de-aniversario-equipa-brinda-com-presente\/\" \/>\n<meta property=\"og:site_name\" content=\"Portal Tela Portugal\" \/>\n<meta property=\"article:published_time\" content=\"2026-04-03T22:17:04+00:00\" \/>\n<meta name=\"author\" content=\"Telinha\" \/>\n<meta name=\"twitter:card\" content=\"summary_large_image\" \/>\n<meta name=\"twitter:label1\" content=\"Escrito por\" \/>\n\t<meta name=\"twitter:data1\" content=\"Telinha\" \/>\n\t<meta name=\"twitter:label2\" content=\"Tempo estimado de leitura\" \/>\n\t<meta name=\"twitter:data2\" content=\"1 minuto\" \/>\n<script type=\"application\/ld+json\" class=\"yoast-schema-graph\">{\"@context\":\"https:\/\/schema.org\",\"@graph\":[{\"@type\":\"Article\",\"@id\":\"https:\/\/portaltela.pt\/noticias\/2026\/04\/03\/rafael-nel-titular-e-marca-no-dia-de-aniversario-equipa-brinda-com-presente\/#article\",\"isPartOf\":{\"@id\":\"https:\/\/portaltela.pt\/noticias\/2026\/04\/03\/rafael-nel-titular-e-marca-no-dia-de-aniversario-equipa-brinda-com-presente\/\"},\"author\":{\"name\":\"Telinha\",\"@id\":\"https:\/\/portaltela.pt\/#\/schema\/person\/c4278d4a6028830caff9ee44b42d32ed\"},\"headline\":\"Rafael Nel titular e marca no dia de anivers\u00e1rio, equipa brinda com presente\",\"datePublished\":\"2026-04-03T22:17:04+00:00\",\"mainEntityOfPage\":{\"@id\":\"https:\/\/portaltela.pt\/noticias\/2026\/04\/03\/rafael-nel-titular-e-marca-no-dia-de-aniversario-equipa-brinda-com-presente\/\"},\"wordCount\":230,\"image\":{\"@id\":\"https:\/\/portaltela.pt\/noticias\/2026\/04\/03\/rafael-nel-titular-e-marca-no-dia-de-aniversario-equipa-brinda-com-presente\/#primaryimage\"},\"thumbnailUrl\":\"https:\/\/portaltela.pt\/s.01k8rhncp4jt1\/2026\/04\/img_920x518uu2026-04-03-23-08-53-2431026-im-639108545504894898.jpg\",\"keywords\":[\"1. Liga\",\"craques\",\"futebol\",\"golos\",\"jogadores\",\"Sporting\"],\"articleSection\":[\"Desporto\",\"Futebol\"],\"inLanguage\":\"pt-PT\"},{\"@type\":\"WebPage\",\"@id\":\"https:\/\/portaltela.pt\/noticias\/2026\/04\/03\/rafael-nel-titular-e-marca-no-dia-de-aniversario-equipa-brinda-com-presente\/\",\"url\":\"https:\/\/portaltela.pt\/noticias\/2026\/04\/03\/rafael-nel-titular-e-marca-no-dia-de-aniversario-equipa-brinda-com-presente\/\",\"name\":\"Rafael Nel titular e marca no dia de anivers\u00e1rio, equipa brinda com presente - Portal Tela Portugal\",\"isPartOf\":{\"@id\":\"https:\/\/portaltela.pt\/#website\"},\"primaryImageOfPage\":{\"@id\":\"https:\/\/portaltela.pt\/noticias\/2026\/04\/03\/rafael-nel-titular-e-marca-no-dia-de-aniversario-equipa-brinda-com-presente\/#primaryimage\"},\"image\":{\"@id\":\"https:\/\/portaltela.pt\/noticias\/2026\/04\/03\/rafael-nel-titular-e-marca-no-dia-de-aniversario-equipa-brinda-com-presente\/#primaryimage\"},\"thumbnailUrl\":\"https:\/\/portaltela.pt\/s.01k8rhncp4jt1\/2026\/04\/img_920x518uu2026-04-03-23-08-53-2431026-im-639108545504894898.jpg\",\"datePublished\":\"2026-04-03T22:17:04+00:00\",\"author\":{\"@id\":\"https:\/\/portaltela.pt\/#\/schema\/person\/c4278d4a6028830caff9ee44b42d32ed\"},\"breadcrumb\":{\"@id\":\"https:\/\/portaltela.pt\/noticias\/2026\/04\/03\/rafael-nel-titular-e-marca-no-dia-de-aniversario-equipa-brinda-com-presente\/#breadcrumb\"},\"inLanguage\":\"pt-PT\",\"potentialAction\":[{\"@type\":\"ReadAction\",\"target\":[\"https:\/\/portaltela.pt\/noticias\/2026\/04\/03\/rafael-nel-titular-e-marca-no-dia-de-aniversario-equipa-brinda-com-presente\/\"]}]},{\"@type\":\"ImageObject\",\"inLanguage\":\"pt-PT\",\"@id\":\"https:\/\/portaltela.pt\/noticias\/2026\/04\/03\/rafael-nel-titular-e-marca-no-dia-de-aniversario-equipa-brinda-com-presente\/#primaryimage\",\"url\":\"https:\/\/portaltela.pt\/s.01k8rhncp4jt1\/2026\/04\/img_920x518uu2026-04-03-23-08-53-2431026-im-639108545504894898.jpg\",\"contentUrl\":\"https:\/\/portaltela.pt\/s.01k8rhncp4jt1\/2026\/04\/img_920x518uu2026-04-03-23-08-53-2431026-im-639108545504894898.jpg\",\"width\":796,\"height\":448,\"caption\":\"Rafael Nel fechou triunfo do Sporting na rece\u00e7\u00e3o ao Santa Clara\"},{\"@type\":\"BreadcrumbList\",\"@id\":\"https:\/\/portaltela.pt\/noticias\/2026\/04\/03\/rafael-nel-titular-e-marca-no-dia-de-aniversario-equipa-brinda-com-presente\/#breadcrumb\",\"itemListElement\":[{\"@type\":\"ListItem\",\"position\":1,\"name\":\"In\u00edcio\",\"item\":\"https:\/\/portaltela.pt\/\"},{\"@type\":\"ListItem\",\"position\":2,\"name\":\"Rafael Nel titular e marca no dia de anivers\u00e1rio, equipa brinda com presente\"}]},{\"@type\":\"WebSite\",\"@id\":\"https:\/\/portaltela.pt\/#website\",\"url\":\"https:\/\/portaltela.pt\/\",\"name\":\"Portal Tela Portugal\",\"description\":\"\",\"potentialAction\":[{\"@type\":\"SearchAction\",\"target\":{\"@type\":\"EntryPoint\",\"urlTemplate\":\"https:\/\/portaltela.pt\/?s={search_term_string}\"},\"query-input\":{\"@type\":\"PropertyValueSpecification\",\"valueRequired\":true,\"valueName\":\"search_term_string\"}}],\"inLanguage\":\"pt-PT\"},{\"@type\":\"Person\",\"@id\":\"https:\/\/portaltela.pt\/#\/schema\/person\/c4278d4a6028830caff9ee44b42d32ed\",\"name\":\"Telinha\",\"image\":{\"@type\":\"ImageObject\",\"inLanguage\":\"pt-PT\",\"@id\":\"https:\/\/portaltela.pt\/s.01k8rhncp4jt1\/2025\/11\/talking-bot-125x125.png\",\"url\":\"https:\/\/portaltela.pt\/s.01k8rhncp4jt1\/2025\/11\/talking-bot-125x125.png\",\"contentUrl\":\"https:\/\/portaltela.pt\/s.01k8rhncp4jt1\/2025\/11\/talking-bot-125x125.png\",\"caption\":\"Telinha\"},\"sameAs\":[\"https:\/\/portaltela.pt\/\"],\"url\":\"https:\/\/portaltela.pt\/por\/367410592786\/\"}]}<\/script>\n<!-- \/ Yoast SEO plugin. -->","yoast_head_json":{"title":"Rafael Nel titular e marca no dia de anivers\u00e1rio, equipa brinda com presente - Portal Tela Portugal","robots":{"index":"index","follow":"follow","max-snippet":"max-snippet:-1","max-image-preview":"max-image-preview:large","max-video-preview":"max-video-preview:-1"},"og_locale":"pt_PT","og_type":"article","og_title":"Rafael Nel titular e marca no dia de anivers\u00e1rio, equipa brinda com presente - Portal Tela Portugal","og_description":"Rafael Nel, que completou 21 anos, estreou-se a titular e fechou o marcador do Sporting na vit\u00f3ria por 4-2 frente ao Santa Clara. O avan\u00e7ado fez o quarto golo numa partida disputada, que ajudou os le\u00f5es a segurarem os tr\u00eas pontos. Nel disse na flash interview da Sport TV que a equipa lhe ofereceu \u201cesta prenda\u201d no dia do anivers\u00e1rio e explicou que o segredo foi jogar simples, conforme o pedido de Rui Borges. O jogador destacou o apoio de Lu\u00eds Su\u00e1rez e Ioannidis, que lhe d\u00e3o feedback, e afirmou que cada jogo \u00e9 uma nova experi\u00eancia enquanto trabalha com os colegas. Nel dedicou o golo aos jovens da forma\u00e7\u00e3o, \u00e0 sua fam\u00edlia e a si pr\u00f3prio, agradecendo tamb\u00e9m aos que n\u00e3o puderam estar presentes.","og_url":"https:\/\/portaltela.pt\/noticias\/2026\/04\/03\/rafael-nel-titular-e-marca-no-dia-de-aniversario-equipa-brinda-com-presente\/","og_site_name":"Portal Tela Portugal","article_published_time":"2026-04-03T22:17:04+00:00","author":"Telinha","twitter_card":"summary_large_image","twitter_misc":{"Escrito por":"Telinha","Tempo estimado de leitura":"1 minuto"},"schema":{"@context":"https:\/\/schema.org","@graph":[{"@type":"Article","@id":"https:\/\/portaltela.pt\/noticias\/2026\/04\/03\/rafael-nel-titular-e-marca-no-dia-de-aniversario-equipa-brinda-com-presente\/#article","isPartOf":{"@id":"https:\/\/portaltela.pt\/noticias\/2026\/04\/03\/rafael-nel-titular-e-marca-no-dia-de-aniversario-equipa-brinda-com-presente\/"},"author":{"name":"Telinha","@id":"https:\/\/portaltela.pt\/#\/schema\/person\/c4278d4a6028830caff9ee44b42d32ed"},"headline":"Rafael Nel titular e marca no dia de anivers\u00e1rio, equipa brinda com presente","datePublished":"2026-04-03T22:17:04+00:00","mainEntityOfPage":{"@id":"https:\/\/portaltela.pt\/noticias\/2026\/04\/03\/rafael-nel-titular-e-marca-no-dia-de-aniversario-equipa-brinda-com-presente\/"},"wordCount":230,"image":{"@id":"https:\/\/portaltela.pt\/noticias\/2026\/04\/03\/rafael-nel-titular-e-marca-no-dia-de-aniversario-equipa-brinda-com-presente\/#primaryimage"},"thumbnailUrl":"https:\/\/portaltela.pt\/s.01k8rhncp4jt1\/2026\/04\/img_920x518uu2026-04-03-23-08-53-2431026-im-639108545504894898.jpg","keywords":["1. Liga","craques","futebol","golos","jogadores","Sporting"],"articleSection":["Desporto","Futebol"],"inLanguage":"pt-PT"},{"@type":"WebPage","@id":"https:\/\/portaltela.pt\/noticias\/2026\/04\/03\/rafael-nel-titular-e-marca-no-dia-de-aniversario-equipa-brinda-com-presente\/","url":"https:\/\/portaltela.pt\/noticias\/2026\/04\/03\/rafael-nel-titular-e-marca-no-dia-de-aniversario-equipa-brinda-com-presente\/","name":"Rafael Nel titular e marca no dia de anivers\u00e1rio, equipa brinda com presente - Portal Tela Portugal","isPartOf":{"@id":"https:\/\/portaltela.pt\/#website"},"primaryImageOfPage":{"@id":"https:\/\/portaltela.pt\/noticias\/2026\/04\/03\/rafael-nel-titular-e-marca-no-dia-de-aniversario-equipa-brinda-com-presente\/#primaryimage"},"image":{"@id":"https:\/\/portaltela.pt\/noticias\/2026\/04\/03\/rafael-nel-titular-e-marca-no-dia-de-aniversario-equipa-brinda-com-presente\/#primaryimage"},"thumbnailUrl":"https:\/\/portaltela.pt\/s.01k8rhncp4jt1\/2026\/04\/img_920x518uu2026-04-03-23-08-53-2431026-im-639108545504894898.jpg","datePublished":"2026-04-03T22:17:04+00:00","author":{"@id":"https:\/\/portaltela.pt\/#\/schema\/person\/c4278d4a6028830caff9ee44b42d32ed"},"breadcrumb":{"@id":"https:\/\/portaltela.pt\/noticias\/2026\/04\/03\/rafael-nel-titular-e-marca-no-dia-de-aniversario-equipa-brinda-com-presente\/#breadcrumb"},"inLanguage":"pt-PT","potentialAction":[{"@type":"ReadAction","target":["https:\/\/portaltela.pt\/noticias\/2026\/04\/03\/rafael-nel-titular-e-marca-no-dia-de-aniversario-equipa-brinda-com-presente\/"]}]},{"@type":"ImageObject","inLanguage":"pt-PT","@id":"https:\/\/portaltela.pt\/noticias\/2026\/04\/03\/rafael-nel-titular-e-marca-no-dia-de-aniversario-equipa-brinda-com-presente\/#primaryimage","url":"https:\/\/portaltela.pt\/s.01k8rhncp4jt1\/2026\/04\/img_920x518uu2026-04-03-23-08-53-2431026-im-639108545504894898.jpg","contentUrl":"https:\/\/portaltela.pt\/s.01k8rhncp4jt1\/2026\/04\/img_920x518uu2026-04-03-23-08-53-2431026-im-639108545504894898.jpg","width":796,"height":448,"caption":"Rafael Nel fechou triunfo do Sporting na rece\u00e7\u00e3o ao Santa Clara"},{"@type":"BreadcrumbList","@id":"https:\/\/portaltela.pt\/noticias\/2026\/04\/03\/rafael-nel-titular-e-marca-no-dia-de-aniversario-equipa-brinda-com-presente\/#breadcrumb","itemListElement":[{"@type":"ListItem","position":1,"name":"In\u00edcio","item":"https:\/\/portaltela.pt\/"},{"@type":"ListItem","position":2,"name":"Rafael Nel titular e marca no dia de anivers\u00e1rio, equipa brinda com presente"}]},{"@type":"WebSite","@id":"https:\/\/portaltela.pt\/#website","url":"https:\/\/portaltela.pt\/","name":"Portal Tela Portugal","description":"","potentialAction":[{"@type":"SearchAction","target":{"@type":"EntryPoint","urlTemplate":"https:\/\/portaltela.pt\/?s={search_term_string}"},"query-input":{"@type":"PropertyValueSpecification","valueRequired":true,"valueName":"search_term_string"}}],"inLanguage":"pt-PT"},{"@type":"Person","@id":"https:\/\/portaltela.pt\/#\/schema\/person\/c4278d4a6028830caff9ee44b42d32ed","name":"Telinha","image":{"@type":"ImageObject","inLanguage":"pt-PT","@id":"https:\/\/portaltela.pt\/s.01k8rhncp4jt1\/2025\/11\/talking-bot-125x125.png","url":"https:\/\/portaltela.pt\/s.01k8rhncp4jt1\/2025\/11\/talking-bot-125x125.png","contentUrl":"https:\/\/portaltela.pt\/s.01k8rhncp4jt1\/2025\/11\/talking-bot-125x125.png","caption":"Telinha"},"sameAs":["https:\/\/portaltela.pt\/"],"url":"https:\/\/portaltela.pt\/por\/367410592786\/"}]}},"_links":{"self":[{"href":"https:\/\/portaltela.pt\/api\/wp\/v2\/posts\/431988","targetHints":{"allow":["GET"]}}],"collection":[{"href":"https:\/\/portaltela.pt\/api\/wp\/v2\/posts"}],"about":[{"href":"https:\/\/portaltela.pt\/api\/wp\/v2\/types\/post"}],"author":[{"embeddable":true,"href":"https:\/\/portaltela.pt\/api\/wp\/v2\/users\/2"}],"replies":[{"embeddable":true,"href":"https:\/\/portaltela.pt\/api\/wp\/v2\/comments?post=431988"}],"version-history":[{"count":0,"href":"https:\/\/portaltela.pt\/api\/wp\/v2\/posts\/431988\/revisions"}],"wp:featuredmedia":[{"embeddable":true,"href":"https:\/\/portaltela.pt\/api\/wp\/v2\/media\/431989"}],"wp:attachment":[{"href":"https:\/\/portaltela.pt\/api\/wp\/v2\/media?parent=431988"}],"wp:term":[{"taxonomy":"category","embeddable":true,"href":"https:\/\/portaltela.pt\/api\/wp\/v2\/categories?post=431988"},{"taxonomy":"post_tag","embeddable":true,"href":"https:\/\/portaltela.pt\/api\/wp\/v2\/tags?post=431988"}],"curies":[{"name":"wp","href":"https:\/\/api.w.org\/{rel}","templated":true}]}}