{"id":431976,"date":"2026-04-03T15:52:00","date_gmt":"2026-04-03T18:52:00","guid":{"rendered":"https:\/\/portaltela.pt\/noticias\/2026\/04\/03\/tres-navios-atravessam-o-estreito-de-ormuz-junto-a-costa-de-oma\/"},"modified":"2026-04-03T15:52:00","modified_gmt":"2026-04-03T18:52:00","slug":"tres-navios-atravessam-o-estreito-de-ormuz-junto-a-costa-de-oma","status":"publish","type":"post","link":"https:\/\/portaltela.pt\/noticias\/internacional\/2026\/04\/03\/tres-navios-atravessam-o-estreito-de-ormuz-junto-a-costa-de-oma\/","title":{"rendered":"Tr\u00eas navios atravessam o estreito de Ormuz junto \u00e0 costa de Om\u00e3"},"content":{"rendered":"<p>Tr\u00eas navios atravessaram o estreito de Ormuz ao longo da costa de Om\u00e3. A informa\u00e7\u00e3o, publicada pela fonte base, n\u00e3o especifica a data, nem detalha a identidade das embarca\u00e7\u00f5es ou o prop\u00f3sito da travessia.<\/p>\n<p>Segundo o conte\u00fado dispon\u00edvel, n\u00e3o h\u00e1 informa\u00e7\u00f5es adicionais sobre o incidente, nem declara\u00e7\u00f5es oficiais que expliquem o contexto. O texto n\u00e3o revela se houve contacto com autoridades locais ou com outras entidades mar\u00edtimas.<\/p>\n","protected":false},"excerpt":{"rendered":"<ul>\n<li>Tr\u00eas navios atravessaram o estreito de Ormuz.<\/li>\n<li>A travessia realizou-se ao longo da costa de Om\u00e3.<\/li>\n<li>O conte\u00fado completo da not\u00edcia est\u00e1 reservado a subscritores.<\/li>\n<li>N\u00e3o foram fornecidos detalhes sobre a origem, o destino ou o tipo de embarca\u00e7\u00f5es.<\/li>\n<\/ul>\n","protected":false},"author":2,"featured_media":431977,"comment_status":"closed","ping_status":"closed","sticky":false,"template":"","format":"standard","meta":{"footnotes":""},"categories":[6814,4],"tags":[4298,4384,4556,5997,6183],"class_list":["post-431976","post","type-post","status-publish","format-standard","has-post-thumbnail","hentry","category-geopolitica","category-internacional","tag-marinha","tag-nautica","tag-navios","tag-oma","tag-transporte-maritimo"],"yoast_head":"<!-- This site is optimized with the Yoast SEO plugin v27.2 - https:\/\/yoast.com\/product\/yoast-seo-wordpress\/ -->\n<title>Tr\u00eas navios atravessam o estreito de Ormuz junto \u00e0 costa de Om\u00e3 - Portal Tela Portugal<\/title>\n<meta name=\"robots\" content=\"index, follow, max-snippet:-1, max-image-preview:large, max-video-preview:-1\" \/>\n<meta property=\"og:locale\" content=\"pt_PT\" \/>\n<meta property=\"og:type\" content=\"article\" \/>\n<meta property=\"og:title\" content=\"Tr\u00eas navios atravessam o estreito de Ormuz junto \u00e0 costa de Om\u00e3 - Portal Tela Portugal\" \/>\n<meta property=\"og:description\" content=\"Tr\u00eas navios atravessaram o estreito de Ormuz. A travessia realizou-se ao longo da costa de Om\u00e3. O conte\u00fado completo da not\u00edcia est\u00e1 reservado a subscritores. N\u00e3o foram fornecidos detalhes sobre a origem, o destino ou o tipo de embarca\u00e7\u00f5es.\" \/>\n<meta property=\"og:url\" content=\"https:\/\/portaltela.pt\/noticias\/2026\/04\/03\/tres-navios-atravessam-o-estreito-de-ormuz-junto-a-costa-de-oma\/\" \/>\n<meta property=\"og:site_name\" content=\"Portal Tela Portugal\" \/>\n<meta property=\"article:published_time\" content=\"2026-04-03T18:52:00+00:00\" \/>\n<meta name=\"author\" content=\"Telinha\" \/>\n<meta name=\"twitter:card\" content=\"summary_large_image\" \/>\n<meta name=\"twitter:label1\" content=\"Escrito por\" \/>\n\t<meta name=\"twitter:data1\" content=\"Telinha\" \/>\n<script type=\"application\/ld+json\" class=\"yoast-schema-graph\">{\"@context\":\"https:\/\/schema.org\",\"@graph\":[{\"@type\":\"Article\",\"@id\":\"https:\/\/portaltela.pt\/noticias\/2026\/04\/03\/tres-navios-atravessam-o-estreito-de-ormuz-junto-a-costa-de-oma\/#article\",\"isPartOf\":{\"@id\":\"https:\/\/portaltela.pt\/noticias\/2026\/04\/03\/tres-navios-atravessam-o-estreito-de-ormuz-junto-a-costa-de-oma\/\"},\"author\":{\"name\":\"Telinha\",\"@id\":\"https:\/\/portaltela.pt\/#\/schema\/person\/c4278d4a6028830caff9ee44b42d32ed\"},\"headline\":\"Tr\u00eas navios atravessam o estreito de Ormuz junto \u00e0 costa de Om\u00e3\",\"datePublished\":\"2026-04-03T18:52:00+00:00\",\"mainEntityOfPage\":{\"@id\":\"https:\/\/portaltela.pt\/noticias\/2026\/04\/03\/tres-navios-atravessam-o-estreito-de-ormuz-junto-a-costa-de-oma\/\"},\"wordCount\":91,\"image\":{\"@id\":\"https:\/\/portaltela.pt\/noticias\/2026\/04\/03\/tres-navios-atravessam-o-estreito-de-ormuz-junto-a-costa-de-oma\/#primaryimage\"},\"thumbnailUrl\":\"https:\/\/portaltela.pt\/s.01k8rhncp4jt1\/2026\/04\/CACHE_780X1200_ANALOG_WATERMARKED_46861579_22660829993709.jpg\",\"keywords\":[\"Marinha\",\"N\u00e1utica\",\"navios\",\"Om\u00e3\",\"transporte mar\u00edtimo\"],\"articleSection\":[\"Geopol\u00edtica\",\"Internacional\"],\"inLanguage\":\"pt-PT\"},{\"@type\":\"WebPage\",\"@id\":\"https:\/\/portaltela.pt\/noticias\/2026\/04\/03\/tres-navios-atravessam-o-estreito-de-ormuz-junto-a-costa-de-oma\/\",\"url\":\"https:\/\/portaltela.pt\/noticias\/2026\/04\/03\/tres-navios-atravessam-o-estreito-de-ormuz-junto-a-costa-de-oma\/\",\"name\":\"Tr\u00eas navios atravessam o estreito de Ormuz junto \u00e0 costa de Om\u00e3 - Portal Tela Portugal\",\"isPartOf\":{\"@id\":\"https:\/\/portaltela.pt\/#website\"},\"primaryImageOfPage\":{\"@id\":\"https:\/\/portaltela.pt\/noticias\/2026\/04\/03\/tres-navios-atravessam-o-estreito-de-ormuz-junto-a-costa-de-oma\/#primaryimage\"},\"image\":{\"@id\":\"https:\/\/portaltela.pt\/noticias\/2026\/04\/03\/tres-navios-atravessam-o-estreito-de-ormuz-junto-a-costa-de-oma\/#primaryimage\"},\"thumbnailUrl\":\"https:\/\/portaltela.pt\/s.01k8rhncp4jt1\/2026\/04\/CACHE_780X1200_ANALOG_WATERMARKED_46861579_22660829993709.jpg\",\"datePublished\":\"2026-04-03T18:52:00+00:00\",\"author\":{\"@id\":\"https:\/\/portaltela.pt\/#\/schema\/person\/c4278d4a6028830caff9ee44b42d32ed\"},\"breadcrumb\":{\"@id\":\"https:\/\/portaltela.pt\/noticias\/2026\/04\/03\/tres-navios-atravessam-o-estreito-de-ormuz-junto-a-costa-de-oma\/#breadcrumb\"},\"inLanguage\":\"pt-PT\",\"potentialAction\":[{\"@type\":\"ReadAction\",\"target\":[\"https:\/\/portaltela.pt\/noticias\/2026\/04\/03\/tres-navios-atravessam-o-estreito-de-ormuz-junto-a-costa-de-oma\/\"]}]},{\"@type\":\"ImageObject\",\"inLanguage\":\"pt-PT\",\"@id\":\"https:\/\/portaltela.pt\/noticias\/2026\/04\/03\/tres-navios-atravessam-o-estreito-de-ormuz-junto-a-costa-de-oma\/#primaryimage\",\"url\":\"https:\/\/portaltela.pt\/s.01k8rhncp4jt1\/2026\/04\/CACHE_780X1200_ANALOG_WATERMARKED_46861579_22660829993709.jpg\",\"contentUrl\":\"https:\/\/portaltela.pt\/s.01k8rhncp4jt1\/2026\/04\/CACHE_780X1200_ANALOG_WATERMARKED_46861579_22660829993709.jpg\",\"width\":796,\"height\":448,\"caption\":\"Tr\u00eas navios atravessam estreito de Ormuz ao longo da costa de Om\u00e3\"},{\"@type\":\"BreadcrumbList\",\"@id\":\"https:\/\/portaltela.pt\/noticias\/2026\/04\/03\/tres-navios-atravessam-o-estreito-de-ormuz-junto-a-costa-de-oma\/#breadcrumb\",\"itemListElement\":[{\"@type\":\"ListItem\",\"position\":1,\"name\":\"In\u00edcio\",\"item\":\"https:\/\/portaltela.pt\/\"},{\"@type\":\"ListItem\",\"position\":2,\"name\":\"Tr\u00eas navios atravessam o estreito de Ormuz junto \u00e0 costa de Om\u00e3\"}]},{\"@type\":\"WebSite\",\"@id\":\"https:\/\/portaltela.pt\/#website\",\"url\":\"https:\/\/portaltela.pt\/\",\"name\":\"Portal Tela Portugal\",\"description\":\"\",\"potentialAction\":[{\"@type\":\"SearchAction\",\"target\":{\"@type\":\"EntryPoint\",\"urlTemplate\":\"https:\/\/portaltela.pt\/?s={search_term_string}\"},\"query-input\":{\"@type\":\"PropertyValueSpecification\",\"valueRequired\":true,\"valueName\":\"search_term_string\"}}],\"inLanguage\":\"pt-PT\"},{\"@type\":\"Person\",\"@id\":\"https:\/\/portaltela.pt\/#\/schema\/person\/c4278d4a6028830caff9ee44b42d32ed\",\"name\":\"Telinha\",\"image\":{\"@type\":\"ImageObject\",\"inLanguage\":\"pt-PT\",\"@id\":\"https:\/\/portaltela.pt\/s.01k8rhncp4jt1\/2025\/11\/talking-bot-125x125.png\",\"url\":\"https:\/\/portaltela.pt\/s.01k8rhncp4jt1\/2025\/11\/talking-bot-125x125.png\",\"contentUrl\":\"https:\/\/portaltela.pt\/s.01k8rhncp4jt1\/2025\/11\/talking-bot-125x125.png\",\"caption\":\"Telinha\"},\"sameAs\":[\"https:\/\/portaltela.pt\/\"],\"url\":\"https:\/\/portaltela.pt\/por\/367410592786\/\"}]}<\/script>\n<!-- \/ Yoast SEO plugin. -->","yoast_head_json":{"title":"Tr\u00eas navios atravessam o estreito de Ormuz junto \u00e0 costa de Om\u00e3 - Portal Tela Portugal","robots":{"index":"index","follow":"follow","max-snippet":"max-snippet:-1","max-image-preview":"max-image-preview:large","max-video-preview":"max-video-preview:-1"},"og_locale":"pt_PT","og_type":"article","og_title":"Tr\u00eas navios atravessam o estreito de Ormuz junto \u00e0 costa de Om\u00e3 - Portal Tela Portugal","og_description":"Tr\u00eas navios atravessaram o estreito de Ormuz. A travessia realizou-se ao longo da costa de Om\u00e3. O conte\u00fado completo da not\u00edcia est\u00e1 reservado a subscritores. N\u00e3o foram fornecidos detalhes sobre a origem, o destino ou o tipo de embarca\u00e7\u00f5es.","og_url":"https:\/\/portaltela.pt\/noticias\/2026\/04\/03\/tres-navios-atravessam-o-estreito-de-ormuz-junto-a-costa-de-oma\/","og_site_name":"Portal Tela Portugal","article_published_time":"2026-04-03T18:52:00+00:00","author":"Telinha","twitter_card":"summary_large_image","twitter_misc":{"Escrito por":"Telinha"},"schema":{"@context":"https:\/\/schema.org","@graph":[{"@type":"Article","@id":"https:\/\/portaltela.pt\/noticias\/2026\/04\/03\/tres-navios-atravessam-o-estreito-de-ormuz-junto-a-costa-de-oma\/#article","isPartOf":{"@id":"https:\/\/portaltela.pt\/noticias\/2026\/04\/03\/tres-navios-atravessam-o-estreito-de-ormuz-junto-a-costa-de-oma\/"},"author":{"name":"Telinha","@id":"https:\/\/portaltela.pt\/#\/schema\/person\/c4278d4a6028830caff9ee44b42d32ed"},"headline":"Tr\u00eas navios atravessam o estreito de Ormuz junto \u00e0 costa de Om\u00e3","datePublished":"2026-04-03T18:52:00+00:00","mainEntityOfPage":{"@id":"https:\/\/portaltela.pt\/noticias\/2026\/04\/03\/tres-navios-atravessam-o-estreito-de-ormuz-junto-a-costa-de-oma\/"},"wordCount":91,"image":{"@id":"https:\/\/portaltela.pt\/noticias\/2026\/04\/03\/tres-navios-atravessam-o-estreito-de-ormuz-junto-a-costa-de-oma\/#primaryimage"},"thumbnailUrl":"https:\/\/portaltela.pt\/s.01k8rhncp4jt1\/2026\/04\/CACHE_780X1200_ANALOG_WATERMARKED_46861579_22660829993709.jpg","keywords":["Marinha","N\u00e1utica","navios","Om\u00e3","transporte mar\u00edtimo"],"articleSection":["Geopol\u00edtica","Internacional"],"inLanguage":"pt-PT"},{"@type":"WebPage","@id":"https:\/\/portaltela.pt\/noticias\/2026\/04\/03\/tres-navios-atravessam-o-estreito-de-ormuz-junto-a-costa-de-oma\/","url":"https:\/\/portaltela.pt\/noticias\/2026\/04\/03\/tres-navios-atravessam-o-estreito-de-ormuz-junto-a-costa-de-oma\/","name":"Tr\u00eas navios atravessam o estreito de Ormuz junto \u00e0 costa de Om\u00e3 - Portal Tela Portugal","isPartOf":{"@id":"https:\/\/portaltela.pt\/#website"},"primaryImageOfPage":{"@id":"https:\/\/portaltela.pt\/noticias\/2026\/04\/03\/tres-navios-atravessam-o-estreito-de-ormuz-junto-a-costa-de-oma\/#primaryimage"},"image":{"@id":"https:\/\/portaltela.pt\/noticias\/2026\/04\/03\/tres-navios-atravessam-o-estreito-de-ormuz-junto-a-costa-de-oma\/#primaryimage"},"thumbnailUrl":"https:\/\/portaltela.pt\/s.01k8rhncp4jt1\/2026\/04\/CACHE_780X1200_ANALOG_WATERMARKED_46861579_22660829993709.jpg","datePublished":"2026-04-03T18:52:00+00:00","author":{"@id":"https:\/\/portaltela.pt\/#\/schema\/person\/c4278d4a6028830caff9ee44b42d32ed"},"breadcrumb":{"@id":"https:\/\/portaltela.pt\/noticias\/2026\/04\/03\/tres-navios-atravessam-o-estreito-de-ormuz-junto-a-costa-de-oma\/#breadcrumb"},"inLanguage":"pt-PT","potentialAction":[{"@type":"ReadAction","target":["https:\/\/portaltela.pt\/noticias\/2026\/04\/03\/tres-navios-atravessam-o-estreito-de-ormuz-junto-a-costa-de-oma\/"]}]},{"@type":"ImageObject","inLanguage":"pt-PT","@id":"https:\/\/portaltela.pt\/noticias\/2026\/04\/03\/tres-navios-atravessam-o-estreito-de-ormuz-junto-a-costa-de-oma\/#primaryimage","url":"https:\/\/portaltela.pt\/s.01k8rhncp4jt1\/2026\/04\/CACHE_780X1200_ANALOG_WATERMARKED_46861579_22660829993709.jpg","contentUrl":"https:\/\/portaltela.pt\/s.01k8rhncp4jt1\/2026\/04\/CACHE_780X1200_ANALOG_WATERMARKED_46861579_22660829993709.jpg","width":796,"height":448,"caption":"Tr\u00eas navios atravessam estreito de Ormuz ao longo da costa de Om\u00e3"},{"@type":"BreadcrumbList","@id":"https:\/\/portaltela.pt\/noticias\/2026\/04\/03\/tres-navios-atravessam-o-estreito-de-ormuz-junto-a-costa-de-oma\/#breadcrumb","itemListElement":[{"@type":"ListItem","position":1,"name":"In\u00edcio","item":"https:\/\/portaltela.pt\/"},{"@type":"ListItem","position":2,"name":"Tr\u00eas navios atravessam o estreito de Ormuz junto \u00e0 costa de Om\u00e3"}]},{"@type":"WebSite","@id":"https:\/\/portaltela.pt\/#website","url":"https:\/\/portaltela.pt\/","name":"Portal Tela Portugal","description":"","potentialAction":[{"@type":"SearchAction","target":{"@type":"EntryPoint","urlTemplate":"https:\/\/portaltela.pt\/?s={search_term_string}"},"query-input":{"@type":"PropertyValueSpecification","valueRequired":true,"valueName":"search_term_string"}}],"inLanguage":"pt-PT"},{"@type":"Person","@id":"https:\/\/portaltela.pt\/#\/schema\/person\/c4278d4a6028830caff9ee44b42d32ed","name":"Telinha","image":{"@type":"ImageObject","inLanguage":"pt-PT","@id":"https:\/\/portaltela.pt\/s.01k8rhncp4jt1\/2025\/11\/talking-bot-125x125.png","url":"https:\/\/portaltela.pt\/s.01k8rhncp4jt1\/2025\/11\/talking-bot-125x125.png","contentUrl":"https:\/\/portaltela.pt\/s.01k8rhncp4jt1\/2025\/11\/talking-bot-125x125.png","caption":"Telinha"},"sameAs":["https:\/\/portaltela.pt\/"],"url":"https:\/\/portaltela.pt\/por\/367410592786\/"}]}},"_links":{"self":[{"href":"https:\/\/portaltela.pt\/api\/wp\/v2\/posts\/431976","targetHints":{"allow":["GET"]}}],"collection":[{"href":"https:\/\/portaltela.pt\/api\/wp\/v2\/posts"}],"about":[{"href":"https:\/\/portaltela.pt\/api\/wp\/v2\/types\/post"}],"author":[{"embeddable":true,"href":"https:\/\/portaltela.pt\/api\/wp\/v2\/users\/2"}],"replies":[{"embeddable":true,"href":"https:\/\/portaltela.pt\/api\/wp\/v2\/comments?post=431976"}],"version-history":[{"count":0,"href":"https:\/\/portaltela.pt\/api\/wp\/v2\/posts\/431976\/revisions"}],"wp:featuredmedia":[{"embeddable":true,"href":"https:\/\/portaltela.pt\/api\/wp\/v2\/media\/431977"}],"wp:attachment":[{"href":"https:\/\/portaltela.pt\/api\/wp\/v2\/media?parent=431976"}],"wp:term":[{"taxonomy":"category","embeddable":true,"href":"https:\/\/portaltela.pt\/api\/wp\/v2\/categories?post=431976"},{"taxonomy":"post_tag","embeddable":true,"href":"https:\/\/portaltela.pt\/api\/wp\/v2\/tags?post=431976"}],"curies":[{"name":"wp","href":"https:\/\/api.w.org\/{rel}","templated":true}]}}