{"id":431946,"date":"2026-04-03T18:17:03","date_gmt":"2026-04-03T21:17:03","guid":{"rendered":"https:\/\/portaltela.pt\/noticias\/2026\/04\/03\/autoridades-suspendem-buscas-por-jovem-desaparecido-na-costa-da-caparica\/"},"modified":"2026-04-03T18:17:03","modified_gmt":"2026-04-03T21:17:03","slug":"autoridades-suspendem-buscas-por-jovem-desaparecido-na-costa-da-caparica","status":"publish","type":"post","link":"https:\/\/portaltela.pt\/seguranca\/2026\/04\/03\/autoridades-suspendem-buscas-por-jovem-desaparecido-na-costa-da-caparica\/","title":{"rendered":"Autoridades suspendem buscas por jovem desaparecido na Costa da Caparica"},"content":{"rendered":"<p>Ao in\u00edcio da noite de hoje, as autoridades suspenderam as buscas pelo jovem desaparecido numa praia da Costa da Caparica, em Almada. A decis\u00e3o foi anunciada pela Autoridade Mar\u00edtima Nacional (AMN).<\/p>\n<p>O desaparecimento ocorreu na quarta-feira. As opera\u00e7\u00f5es envolveram meios da AMN, sem indica\u00e7\u00e3o de novas dilig\u00eancias no momento.<\/p>\n<p>O local da ocorr\u00eancia \u00e9 a Costa da Caparica, no distrito de Set\u00fabal. A AMN n\u00e3o detalhou os motivos da suspens\u00e3o nem revelou informa\u00e7\u00f5es adicionais sobre o andamento da ocorr\u00eancia.<\/p>\n","protected":false},"excerpt":{"rendered":"<ul>\n<li>Autoridades suspenderam as buscas pelo jovem desaparecido numa praia da Costa da Caparica, em Almada, no distrito de Set\u00fabal, ao in\u00edcio da noite de hoje.<\/li>\n<li>O desaparecimento ocorreu desde quarta-feira.<\/li>\n<li>A opera\u00e7\u00e3o de buscas \u00e9 realizada pela Autoridade Mar\u00edtima Nacional (AMN).<\/li>\n<li>N\u00e3o foram inclu\u00eddos detalhes adicionais no resumo dispon\u00edvel.<\/li>\n<\/ul>\n","protected":false},"author":2,"featured_media":431947,"comment_status":"closed","ping_status":"closed","sticky":false,"template":"","format":"standard","meta":{"footnotes":""},"categories":[6779],"tags":[1373,2598,5442,1007,994],"class_list":["post-431946","post","type-post","status-publish","format-standard","has-post-thumbnail","hentry","category-seguranca","tag-almada","tag-autoridade-maritima-nacional","tag-costa-da-caparica","tag-resgate-maritimo","tag-setubal"],"yoast_head":"<!-- This site is optimized with the Yoast SEO plugin v27.2 - https:\/\/yoast.com\/product\/yoast-seo-wordpress\/ -->\n<title>Autoridades suspendem buscas por jovem desaparecido na Costa da Caparica - Portal Tela Portugal<\/title>\n<meta name=\"robots\" content=\"index, follow, max-snippet:-1, max-image-preview:large, max-video-preview:-1\" \/>\n<meta property=\"og:locale\" content=\"pt_PT\" \/>\n<meta property=\"og:type\" content=\"article\" \/>\n<meta property=\"og:title\" content=\"Autoridades suspendem buscas por jovem desaparecido na Costa da Caparica - Portal Tela Portugal\" \/>\n<meta property=\"og:description\" content=\"Autoridades suspenderam as buscas pelo jovem desaparecido numa praia da Costa da Caparica, em Almada, no distrito de Set\u00fabal, ao in\u00edcio da noite de hoje. O desaparecimento ocorreu desde quarta-feira. A opera\u00e7\u00e3o de buscas \u00e9 realizada pela Autoridade Mar\u00edtima Nacional (AMN). N\u00e3o foram inclu\u00eddos detalhes adicionais no resumo dispon\u00edvel.\" \/>\n<meta property=\"og:url\" content=\"https:\/\/portaltela.pt\/noticias\/2026\/04\/03\/autoridades-suspendem-buscas-por-jovem-desaparecido-na-costa-da-caparica\/\" \/>\n<meta property=\"og:site_name\" content=\"Portal Tela Portugal\" \/>\n<meta property=\"article:published_time\" content=\"2026-04-03T21:17:03+00:00\" \/>\n<meta name=\"author\" content=\"Telinha\" \/>\n<meta name=\"twitter:card\" content=\"summary_large_image\" \/>\n<meta name=\"twitter:label1\" content=\"Escrito por\" \/>\n\t<meta name=\"twitter:data1\" content=\"Telinha\" \/>\n<script type=\"application\/ld+json\" class=\"yoast-schema-graph\">{\"@context\":\"https:\/\/schema.org\",\"@graph\":[{\"@type\":\"Article\",\"@id\":\"https:\/\/portaltela.pt\/noticias\/2026\/04\/03\/autoridades-suspendem-buscas-por-jovem-desaparecido-na-costa-da-caparica\/#article\",\"isPartOf\":{\"@id\":\"https:\/\/portaltela.pt\/noticias\/2026\/04\/03\/autoridades-suspendem-buscas-por-jovem-desaparecido-na-costa-da-caparica\/\"},\"author\":{\"name\":\"Telinha\",\"@id\":\"https:\/\/portaltela.pt\/#\/schema\/person\/c4278d4a6028830caff9ee44b42d32ed\"},\"headline\":\"Autoridades suspendem buscas por jovem desaparecido na Costa da Caparica\",\"datePublished\":\"2026-04-03T21:17:03+00:00\",\"mainEntityOfPage\":{\"@id\":\"https:\/\/portaltela.pt\/noticias\/2026\/04\/03\/autoridades-suspendem-buscas-por-jovem-desaparecido-na-costa-da-caparica\/\"},\"wordCount\":100,\"image\":{\"@id\":\"https:\/\/portaltela.pt\/noticias\/2026\/04\/03\/autoridades-suspendem-buscas-por-jovem-desaparecido-na-costa-da-caparica\/#primaryimage\"},\"thumbnailUrl\":\"https:\/\/portaltela.pt\/s.01k8rhncp4jt1\/2026\/04\/CACHE_780X1200_ANALOG_WATERMARKED_11083896_1062301_26042019112807.jpg\",\"keywords\":[\"Almada\",\"Autoridade Mar\u00edtima Nacional\",\"Costa da Caparica\",\"Resgate Mar\u00edtimo\",\"Set\u00fabal\"],\"articleSection\":[\"Seguran\u00e7a\"],\"inLanguage\":\"pt-PT\"},{\"@type\":\"WebPage\",\"@id\":\"https:\/\/portaltela.pt\/noticias\/2026\/04\/03\/autoridades-suspendem-buscas-por-jovem-desaparecido-na-costa-da-caparica\/\",\"url\":\"https:\/\/portaltela.pt\/noticias\/2026\/04\/03\/autoridades-suspendem-buscas-por-jovem-desaparecido-na-costa-da-caparica\/\",\"name\":\"Autoridades suspendem buscas por jovem desaparecido na Costa da Caparica - Portal Tela Portugal\",\"isPartOf\":{\"@id\":\"https:\/\/portaltela.pt\/#website\"},\"primaryImageOfPage\":{\"@id\":\"https:\/\/portaltela.pt\/noticias\/2026\/04\/03\/autoridades-suspendem-buscas-por-jovem-desaparecido-na-costa-da-caparica\/#primaryimage\"},\"image\":{\"@id\":\"https:\/\/portaltela.pt\/noticias\/2026\/04\/03\/autoridades-suspendem-buscas-por-jovem-desaparecido-na-costa-da-caparica\/#primaryimage\"},\"thumbnailUrl\":\"https:\/\/portaltela.pt\/s.01k8rhncp4jt1\/2026\/04\/CACHE_780X1200_ANALOG_WATERMARKED_11083896_1062301_26042019112807.jpg\",\"datePublished\":\"2026-04-03T21:17:03+00:00\",\"author\":{\"@id\":\"https:\/\/portaltela.pt\/#\/schema\/person\/c4278d4a6028830caff9ee44b42d32ed\"},\"breadcrumb\":{\"@id\":\"https:\/\/portaltela.pt\/noticias\/2026\/04\/03\/autoridades-suspendem-buscas-por-jovem-desaparecido-na-costa-da-caparica\/#breadcrumb\"},\"inLanguage\":\"pt-PT\",\"potentialAction\":[{\"@type\":\"ReadAction\",\"target\":[\"https:\/\/portaltela.pt\/noticias\/2026\/04\/03\/autoridades-suspendem-buscas-por-jovem-desaparecido-na-costa-da-caparica\/\"]}]},{\"@type\":\"ImageObject\",\"inLanguage\":\"pt-PT\",\"@id\":\"https:\/\/portaltela.pt\/noticias\/2026\/04\/03\/autoridades-suspendem-buscas-por-jovem-desaparecido-na-costa-da-caparica\/#primaryimage\",\"url\":\"https:\/\/portaltela.pt\/s.01k8rhncp4jt1\/2026\/04\/CACHE_780X1200_ANALOG_WATERMARKED_11083896_1062301_26042019112807.jpg\",\"contentUrl\":\"https:\/\/portaltela.pt\/s.01k8rhncp4jt1\/2026\/04\/CACHE_780X1200_ANALOG_WATERMARKED_11083896_1062301_26042019112807.jpg\",\"width\":768,\"height\":495,\"caption\":\"Autoridades suspendem buscas por jovem desaparecido em praia da Costa da Caparica\"},{\"@type\":\"BreadcrumbList\",\"@id\":\"https:\/\/portaltela.pt\/noticias\/2026\/04\/03\/autoridades-suspendem-buscas-por-jovem-desaparecido-na-costa-da-caparica\/#breadcrumb\",\"itemListElement\":[{\"@type\":\"ListItem\",\"position\":1,\"name\":\"In\u00edcio\",\"item\":\"https:\/\/portaltela.pt\/\"},{\"@type\":\"ListItem\",\"position\":2,\"name\":\"Autoridades suspendem buscas por jovem desaparecido na Costa da Caparica\"}]},{\"@type\":\"WebSite\",\"@id\":\"https:\/\/portaltela.pt\/#website\",\"url\":\"https:\/\/portaltela.pt\/\",\"name\":\"Portal Tela Portugal\",\"description\":\"\",\"potentialAction\":[{\"@type\":\"SearchAction\",\"target\":{\"@type\":\"EntryPoint\",\"urlTemplate\":\"https:\/\/portaltela.pt\/?s={search_term_string}\"},\"query-input\":{\"@type\":\"PropertyValueSpecification\",\"valueRequired\":true,\"valueName\":\"search_term_string\"}}],\"inLanguage\":\"pt-PT\"},{\"@type\":\"Person\",\"@id\":\"https:\/\/portaltela.pt\/#\/schema\/person\/c4278d4a6028830caff9ee44b42d32ed\",\"name\":\"Telinha\",\"image\":{\"@type\":\"ImageObject\",\"inLanguage\":\"pt-PT\",\"@id\":\"https:\/\/portaltela.pt\/s.01k8rhncp4jt1\/2025\/11\/talking-bot-125x125.png\",\"url\":\"https:\/\/portaltela.pt\/s.01k8rhncp4jt1\/2025\/11\/talking-bot-125x125.png\",\"contentUrl\":\"https:\/\/portaltela.pt\/s.01k8rhncp4jt1\/2025\/11\/talking-bot-125x125.png\",\"caption\":\"Telinha\"},\"sameAs\":[\"https:\/\/portaltela.pt\/\"],\"url\":\"https:\/\/portaltela.pt\/por\/367410592786\/\"}]}<\/script>\n<!-- \/ Yoast SEO plugin. -->","yoast_head_json":{"title":"Autoridades suspendem buscas por jovem desaparecido na Costa da Caparica - Portal Tela Portugal","robots":{"index":"index","follow":"follow","max-snippet":"max-snippet:-1","max-image-preview":"max-image-preview:large","max-video-preview":"max-video-preview:-1"},"og_locale":"pt_PT","og_type":"article","og_title":"Autoridades suspendem buscas por jovem desaparecido na Costa da Caparica - Portal Tela Portugal","og_description":"Autoridades suspenderam as buscas pelo jovem desaparecido numa praia da Costa da Caparica, em Almada, no distrito de Set\u00fabal, ao in\u00edcio da noite de hoje. O desaparecimento ocorreu desde quarta-feira. A opera\u00e7\u00e3o de buscas \u00e9 realizada pela Autoridade Mar\u00edtima Nacional (AMN). N\u00e3o foram inclu\u00eddos detalhes adicionais no resumo dispon\u00edvel.","og_url":"https:\/\/portaltela.pt\/noticias\/2026\/04\/03\/autoridades-suspendem-buscas-por-jovem-desaparecido-na-costa-da-caparica\/","og_site_name":"Portal Tela Portugal","article_published_time":"2026-04-03T21:17:03+00:00","author":"Telinha","twitter_card":"summary_large_image","twitter_misc":{"Escrito por":"Telinha"},"schema":{"@context":"https:\/\/schema.org","@graph":[{"@type":"Article","@id":"https:\/\/portaltela.pt\/noticias\/2026\/04\/03\/autoridades-suspendem-buscas-por-jovem-desaparecido-na-costa-da-caparica\/#article","isPartOf":{"@id":"https:\/\/portaltela.pt\/noticias\/2026\/04\/03\/autoridades-suspendem-buscas-por-jovem-desaparecido-na-costa-da-caparica\/"},"author":{"name":"Telinha","@id":"https:\/\/portaltela.pt\/#\/schema\/person\/c4278d4a6028830caff9ee44b42d32ed"},"headline":"Autoridades suspendem buscas por jovem desaparecido na Costa da Caparica","datePublished":"2026-04-03T21:17:03+00:00","mainEntityOfPage":{"@id":"https:\/\/portaltela.pt\/noticias\/2026\/04\/03\/autoridades-suspendem-buscas-por-jovem-desaparecido-na-costa-da-caparica\/"},"wordCount":100,"image":{"@id":"https:\/\/portaltela.pt\/noticias\/2026\/04\/03\/autoridades-suspendem-buscas-por-jovem-desaparecido-na-costa-da-caparica\/#primaryimage"},"thumbnailUrl":"https:\/\/portaltela.pt\/s.01k8rhncp4jt1\/2026\/04\/CACHE_780X1200_ANALOG_WATERMARKED_11083896_1062301_26042019112807.jpg","keywords":["Almada","Autoridade Mar\u00edtima Nacional","Costa da Caparica","Resgate Mar\u00edtimo","Set\u00fabal"],"articleSection":["Seguran\u00e7a"],"inLanguage":"pt-PT"},{"@type":"WebPage","@id":"https:\/\/portaltela.pt\/noticias\/2026\/04\/03\/autoridades-suspendem-buscas-por-jovem-desaparecido-na-costa-da-caparica\/","url":"https:\/\/portaltela.pt\/noticias\/2026\/04\/03\/autoridades-suspendem-buscas-por-jovem-desaparecido-na-costa-da-caparica\/","name":"Autoridades suspendem buscas por jovem desaparecido na Costa da Caparica - Portal Tela Portugal","isPartOf":{"@id":"https:\/\/portaltela.pt\/#website"},"primaryImageOfPage":{"@id":"https:\/\/portaltela.pt\/noticias\/2026\/04\/03\/autoridades-suspendem-buscas-por-jovem-desaparecido-na-costa-da-caparica\/#primaryimage"},"image":{"@id":"https:\/\/portaltela.pt\/noticias\/2026\/04\/03\/autoridades-suspendem-buscas-por-jovem-desaparecido-na-costa-da-caparica\/#primaryimage"},"thumbnailUrl":"https:\/\/portaltela.pt\/s.01k8rhncp4jt1\/2026\/04\/CACHE_780X1200_ANALOG_WATERMARKED_11083896_1062301_26042019112807.jpg","datePublished":"2026-04-03T21:17:03+00:00","author":{"@id":"https:\/\/portaltela.pt\/#\/schema\/person\/c4278d4a6028830caff9ee44b42d32ed"},"breadcrumb":{"@id":"https:\/\/portaltela.pt\/noticias\/2026\/04\/03\/autoridades-suspendem-buscas-por-jovem-desaparecido-na-costa-da-caparica\/#breadcrumb"},"inLanguage":"pt-PT","potentialAction":[{"@type":"ReadAction","target":["https:\/\/portaltela.pt\/noticias\/2026\/04\/03\/autoridades-suspendem-buscas-por-jovem-desaparecido-na-costa-da-caparica\/"]}]},{"@type":"ImageObject","inLanguage":"pt-PT","@id":"https:\/\/portaltela.pt\/noticias\/2026\/04\/03\/autoridades-suspendem-buscas-por-jovem-desaparecido-na-costa-da-caparica\/#primaryimage","url":"https:\/\/portaltela.pt\/s.01k8rhncp4jt1\/2026\/04\/CACHE_780X1200_ANALOG_WATERMARKED_11083896_1062301_26042019112807.jpg","contentUrl":"https:\/\/portaltela.pt\/s.01k8rhncp4jt1\/2026\/04\/CACHE_780X1200_ANALOG_WATERMARKED_11083896_1062301_26042019112807.jpg","width":768,"height":495,"caption":"Autoridades suspendem buscas por jovem desaparecido em praia da Costa da Caparica"},{"@type":"BreadcrumbList","@id":"https:\/\/portaltela.pt\/noticias\/2026\/04\/03\/autoridades-suspendem-buscas-por-jovem-desaparecido-na-costa-da-caparica\/#breadcrumb","itemListElement":[{"@type":"ListItem","position":1,"name":"In\u00edcio","item":"https:\/\/portaltela.pt\/"},{"@type":"ListItem","position":2,"name":"Autoridades suspendem buscas por jovem desaparecido na Costa da Caparica"}]},{"@type":"WebSite","@id":"https:\/\/portaltela.pt\/#website","url":"https:\/\/portaltela.pt\/","name":"Portal Tela Portugal","description":"","potentialAction":[{"@type":"SearchAction","target":{"@type":"EntryPoint","urlTemplate":"https:\/\/portaltela.pt\/?s={search_term_string}"},"query-input":{"@type":"PropertyValueSpecification","valueRequired":true,"valueName":"search_term_string"}}],"inLanguage":"pt-PT"},{"@type":"Person","@id":"https:\/\/portaltela.pt\/#\/schema\/person\/c4278d4a6028830caff9ee44b42d32ed","name":"Telinha","image":{"@type":"ImageObject","inLanguage":"pt-PT","@id":"https:\/\/portaltela.pt\/s.01k8rhncp4jt1\/2025\/11\/talking-bot-125x125.png","url":"https:\/\/portaltela.pt\/s.01k8rhncp4jt1\/2025\/11\/talking-bot-125x125.png","contentUrl":"https:\/\/portaltela.pt\/s.01k8rhncp4jt1\/2025\/11\/talking-bot-125x125.png","caption":"Telinha"},"sameAs":["https:\/\/portaltela.pt\/"],"url":"https:\/\/portaltela.pt\/por\/367410592786\/"}]}},"_links":{"self":[{"href":"https:\/\/portaltela.pt\/api\/wp\/v2\/posts\/431946","targetHints":{"allow":["GET"]}}],"collection":[{"href":"https:\/\/portaltela.pt\/api\/wp\/v2\/posts"}],"about":[{"href":"https:\/\/portaltela.pt\/api\/wp\/v2\/types\/post"}],"author":[{"embeddable":true,"href":"https:\/\/portaltela.pt\/api\/wp\/v2\/users\/2"}],"replies":[{"embeddable":true,"href":"https:\/\/portaltela.pt\/api\/wp\/v2\/comments?post=431946"}],"version-history":[{"count":0,"href":"https:\/\/portaltela.pt\/api\/wp\/v2\/posts\/431946\/revisions"}],"wp:featuredmedia":[{"embeddable":true,"href":"https:\/\/portaltela.pt\/api\/wp\/v2\/media\/431947"}],"wp:attachment":[{"href":"https:\/\/portaltela.pt\/api\/wp\/v2\/media?parent=431946"}],"wp:term":[{"taxonomy":"category","embeddable":true,"href":"https:\/\/portaltela.pt\/api\/wp\/v2\/categories?post=431946"},{"taxonomy":"post_tag","embeddable":true,"href":"https:\/\/portaltela.pt\/api\/wp\/v2\/tags?post=431946"}],"curies":[{"name":"wp","href":"https:\/\/api.w.org\/{rel}","templated":true}]}}