{"id":431904,"date":"2026-04-03T17:17:07","date_gmt":"2026-04-03T20:17:07","guid":{"rendered":"https:\/\/portaltela.pt\/noticias\/2026\/04\/03\/flandres-proibe-redes-sociais-a-menores-de-13-anos\/"},"modified":"2026-04-03T17:17:07","modified_gmt":"2026-04-03T20:17:07","slug":"flandres-proibe-redes-sociais-a-menores-de-13-anos","status":"publish","type":"post","link":"https:\/\/portaltela.pt\/tecnologia\/2026\/04\/03\/flandres-proibe-redes-sociais-a-menores-de-13-anos\/","title":{"rendered":"Flandres pro\u00edbe redes sociais a menores de 13 anos"},"content":{"rendered":"<p>A regi\u00e3o de Flandres, no norte da B\u00e9lgica, vai exigir que as plataformas t\u00e9cnicas impe\u00e7am menores de 13 anos de criarem contas nas redes sociais. A medida foi anunciada pelo Governo regional hoje.<\/p>\n<p>Segundo o comunicado, a proibi\u00e7\u00e3o baseia-se na avalia\u00e7\u00e3o de que as redes sociais s\u00e3o prejudiciais \u00e0 sa\u00fade de jovens. A iniciativa visa reduzir a exposi\u00e7\u00e3o a conte\u00fados inadequados e impactos psicol\u00f3gicos.<\/p>\n<p>N\u00e3o foram detalhados os mecanismos de verifica\u00e7\u00e3o de idade nem os prazos de implementa\u00e7\u00e3o. As plataformas dever\u00e3o cumprir a obriga\u00e7\u00e3o para manter a conformidade na regi\u00e3o.<\/p>\n<p>A decis\u00e3o insere-se num conjunto de pol\u00edticas regionais sobre prote\u00e7\u00e3o de menores online, com foco em privacidade, seguran\u00e7a e bem-estar digital. O governo destaca a prioridade da prote\u00e7\u00e3o infantil.<\/p>\n","protected":false},"excerpt":{"rendered":"<ul>\n<li>A regi\u00e3o da Flandres, no norte da B\u00e9lgica, vai proibir que menores de 13 anos criem contas em redes sociais.<\/li>\n<li>As plataformas tecnol\u00f3gicas ficar\u00e3o obrigadas a impedir a abertura de contas por pessoas com menos de 13 anos.<\/li>\n<li>A medida \u00e9 justificada pelas autoridades como uma prote\u00e7\u00e3o da sa\u00fade dos menores.<\/li>\n<li>O an\u00fancio foi feito pelo Governo da regi\u00e3o, em comunicado divulgado hoje.<\/li>\n<\/ul>\n","protected":false},"author":2,"featured_media":431905,"comment_status":"closed","ping_status":"closed","sticky":false,"template":"","format":"standard","meta":{"footnotes":""},"categories":[6716],"tags":[1599,3195,3953,39,3562,2181],"class_list":["post-431904","post","type-post","status-publish","format-standard","has-post-thumbnail","hentry","category-tecnologia","tag-belgica","tag-ciberseguranca","tag-criancas","tag-internet","tag-privacidade","tag-protecao-de-menores"],"yoast_head":"<!-- This site is optimized with the Yoast SEO plugin v27.2 - https:\/\/yoast.com\/product\/yoast-seo-wordpress\/ -->\n<title>Flandres pro\u00edbe redes sociais a menores de 13 anos - Portal Tela Portugal<\/title>\n<meta name=\"robots\" content=\"index, follow, max-snippet:-1, max-image-preview:large, max-video-preview:-1\" \/>\n<meta property=\"og:locale\" content=\"pt_PT\" \/>\n<meta property=\"og:type\" content=\"article\" \/>\n<meta property=\"og:title\" content=\"Flandres pro\u00edbe redes sociais a menores de 13 anos - Portal Tela Portugal\" \/>\n<meta property=\"og:description\" content=\"A regi\u00e3o da Flandres, no norte da B\u00e9lgica, vai proibir que menores de 13 anos criem contas em redes sociais. As plataformas tecnol\u00f3gicas ficar\u00e3o obrigadas a impedir a abertura de contas por pessoas com menos de 13 anos. A medida \u00e9 justificada pelas autoridades como uma prote\u00e7\u00e3o da sa\u00fade dos menores. O an\u00fancio foi feito pelo Governo da regi\u00e3o, em comunicado divulgado hoje.\" \/>\n<meta property=\"og:url\" content=\"https:\/\/portaltela.pt\/noticias\/2026\/04\/03\/flandres-proibe-redes-sociais-a-menores-de-13-anos\/\" \/>\n<meta property=\"og:site_name\" content=\"Portal Tela Portugal\" \/>\n<meta property=\"article:published_time\" content=\"2026-04-03T20:17:07+00:00\" \/>\n<meta name=\"author\" content=\"Telinha\" \/>\n<meta name=\"twitter:card\" content=\"summary_large_image\" \/>\n<meta name=\"twitter:label1\" content=\"Escrito por\" \/>\n\t<meta name=\"twitter:data1\" content=\"Telinha\" \/>\n\t<meta name=\"twitter:label2\" content=\"Tempo estimado de leitura\" \/>\n\t<meta name=\"twitter:data2\" content=\"1 minuto\" \/>\n<script type=\"application\/ld+json\" class=\"yoast-schema-graph\">{\"@context\":\"https:\/\/schema.org\",\"@graph\":[{\"@type\":\"Article\",\"@id\":\"https:\/\/portaltela.pt\/noticias\/2026\/04\/03\/flandres-proibe-redes-sociais-a-menores-de-13-anos\/#article\",\"isPartOf\":{\"@id\":\"https:\/\/portaltela.pt\/noticias\/2026\/04\/03\/flandres-proibe-redes-sociais-a-menores-de-13-anos\/\"},\"author\":{\"name\":\"Telinha\",\"@id\":\"https:\/\/portaltela.pt\/#\/schema\/person\/c4278d4a6028830caff9ee44b42d32ed\"},\"headline\":\"Flandres pro\u00edbe redes sociais a menores de 13 anos\",\"datePublished\":\"2026-04-03T20:17:07+00:00\",\"mainEntityOfPage\":{\"@id\":\"https:\/\/portaltela.pt\/noticias\/2026\/04\/03\/flandres-proibe-redes-sociais-a-menores-de-13-anos\/\"},\"wordCount\":148,\"image\":{\"@id\":\"https:\/\/portaltela.pt\/noticias\/2026\/04\/03\/flandres-proibe-redes-sociais-a-menores-de-13-anos\/#primaryimage\"},\"thumbnailUrl\":\"https:\/\/portaltela.pt\/s.01k8rhncp4jt1\/2026\/04\/CACHE_780X1200_ANALOG_WATERMARKED_46412447_342476322817025.jpg\",\"keywords\":[\"B\u00e9lgica\",\"ciberseguran\u00e7a\",\"crian\u00e7as\",\"internet\",\"privacidade\",\"prote\u00e7\u00e3o de menores\"],\"articleSection\":[\"Tecnologia\"],\"inLanguage\":\"pt-PT\"},{\"@type\":\"WebPage\",\"@id\":\"https:\/\/portaltela.pt\/noticias\/2026\/04\/03\/flandres-proibe-redes-sociais-a-menores-de-13-anos\/\",\"url\":\"https:\/\/portaltela.pt\/noticias\/2026\/04\/03\/flandres-proibe-redes-sociais-a-menores-de-13-anos\/\",\"name\":\"Flandres pro\u00edbe redes sociais a menores de 13 anos - Portal Tela Portugal\",\"isPartOf\":{\"@id\":\"https:\/\/portaltela.pt\/#website\"},\"primaryImageOfPage\":{\"@id\":\"https:\/\/portaltela.pt\/noticias\/2026\/04\/03\/flandres-proibe-redes-sociais-a-menores-de-13-anos\/#primaryimage\"},\"image\":{\"@id\":\"https:\/\/portaltela.pt\/noticias\/2026\/04\/03\/flandres-proibe-redes-sociais-a-menores-de-13-anos\/#primaryimage\"},\"thumbnailUrl\":\"https:\/\/portaltela.pt\/s.01k8rhncp4jt1\/2026\/04\/CACHE_780X1200_ANALOG_WATERMARKED_46412447_342476322817025.jpg\",\"datePublished\":\"2026-04-03T20:17:07+00:00\",\"author\":{\"@id\":\"https:\/\/portaltela.pt\/#\/schema\/person\/c4278d4a6028830caff9ee44b42d32ed\"},\"breadcrumb\":{\"@id\":\"https:\/\/portaltela.pt\/noticias\/2026\/04\/03\/flandres-proibe-redes-sociais-a-menores-de-13-anos\/#breadcrumb\"},\"inLanguage\":\"pt-PT\",\"potentialAction\":[{\"@type\":\"ReadAction\",\"target\":[\"https:\/\/portaltela.pt\/noticias\/2026\/04\/03\/flandres-proibe-redes-sociais-a-menores-de-13-anos\/\"]}]},{\"@type\":\"ImageObject\",\"inLanguage\":\"pt-PT\",\"@id\":\"https:\/\/portaltela.pt\/noticias\/2026\/04\/03\/flandres-proibe-redes-sociais-a-menores-de-13-anos\/#primaryimage\",\"url\":\"https:\/\/portaltela.pt\/s.01k8rhncp4jt1\/2026\/04\/CACHE_780X1200_ANALOG_WATERMARKED_46412447_342476322817025.jpg\",\"contentUrl\":\"https:\/\/portaltela.pt\/s.01k8rhncp4jt1\/2026\/04\/CACHE_780X1200_ANALOG_WATERMARKED_46412447_342476322817025.jpg\",\"width\":796,\"height\":448,\"caption\":\"Regi\u00e3o belga da Flandres vai proibir redes sociais para menores de 13 anos\"},{\"@type\":\"BreadcrumbList\",\"@id\":\"https:\/\/portaltela.pt\/noticias\/2026\/04\/03\/flandres-proibe-redes-sociais-a-menores-de-13-anos\/#breadcrumb\",\"itemListElement\":[{\"@type\":\"ListItem\",\"position\":1,\"name\":\"In\u00edcio\",\"item\":\"https:\/\/portaltela.pt\/\"},{\"@type\":\"ListItem\",\"position\":2,\"name\":\"Flandres pro\u00edbe redes sociais a menores de 13 anos\"}]},{\"@type\":\"WebSite\",\"@id\":\"https:\/\/portaltela.pt\/#website\",\"url\":\"https:\/\/portaltela.pt\/\",\"name\":\"Portal Tela Portugal\",\"description\":\"\",\"potentialAction\":[{\"@type\":\"SearchAction\",\"target\":{\"@type\":\"EntryPoint\",\"urlTemplate\":\"https:\/\/portaltela.pt\/?s={search_term_string}\"},\"query-input\":{\"@type\":\"PropertyValueSpecification\",\"valueRequired\":true,\"valueName\":\"search_term_string\"}}],\"inLanguage\":\"pt-PT\"},{\"@type\":\"Person\",\"@id\":\"https:\/\/portaltela.pt\/#\/schema\/person\/c4278d4a6028830caff9ee44b42d32ed\",\"name\":\"Telinha\",\"image\":{\"@type\":\"ImageObject\",\"inLanguage\":\"pt-PT\",\"@id\":\"https:\/\/portaltela.pt\/s.01k8rhncp4jt1\/2025\/11\/talking-bot-125x125.png\",\"url\":\"https:\/\/portaltela.pt\/s.01k8rhncp4jt1\/2025\/11\/talking-bot-125x125.png\",\"contentUrl\":\"https:\/\/portaltela.pt\/s.01k8rhncp4jt1\/2025\/11\/talking-bot-125x125.png\",\"caption\":\"Telinha\"},\"sameAs\":[\"https:\/\/portaltela.pt\/\"],\"url\":\"https:\/\/portaltela.pt\/por\/367410592786\/\"}]}<\/script>\n<!-- \/ Yoast SEO plugin. -->","yoast_head_json":{"title":"Flandres pro\u00edbe redes sociais a menores de 13 anos - Portal Tela Portugal","robots":{"index":"index","follow":"follow","max-snippet":"max-snippet:-1","max-image-preview":"max-image-preview:large","max-video-preview":"max-video-preview:-1"},"og_locale":"pt_PT","og_type":"article","og_title":"Flandres pro\u00edbe redes sociais a menores de 13 anos - Portal Tela Portugal","og_description":"A regi\u00e3o da Flandres, no norte da B\u00e9lgica, vai proibir que menores de 13 anos criem contas em redes sociais. As plataformas tecnol\u00f3gicas ficar\u00e3o obrigadas a impedir a abertura de contas por pessoas com menos de 13 anos. A medida \u00e9 justificada pelas autoridades como uma prote\u00e7\u00e3o da sa\u00fade dos menores. O an\u00fancio foi feito pelo Governo da regi\u00e3o, em comunicado divulgado hoje.","og_url":"https:\/\/portaltela.pt\/noticias\/2026\/04\/03\/flandres-proibe-redes-sociais-a-menores-de-13-anos\/","og_site_name":"Portal Tela Portugal","article_published_time":"2026-04-03T20:17:07+00:00","author":"Telinha","twitter_card":"summary_large_image","twitter_misc":{"Escrito por":"Telinha","Tempo estimado de leitura":"1 minuto"},"schema":{"@context":"https:\/\/schema.org","@graph":[{"@type":"Article","@id":"https:\/\/portaltela.pt\/noticias\/2026\/04\/03\/flandres-proibe-redes-sociais-a-menores-de-13-anos\/#article","isPartOf":{"@id":"https:\/\/portaltela.pt\/noticias\/2026\/04\/03\/flandres-proibe-redes-sociais-a-menores-de-13-anos\/"},"author":{"name":"Telinha","@id":"https:\/\/portaltela.pt\/#\/schema\/person\/c4278d4a6028830caff9ee44b42d32ed"},"headline":"Flandres pro\u00edbe redes sociais a menores de 13 anos","datePublished":"2026-04-03T20:17:07+00:00","mainEntityOfPage":{"@id":"https:\/\/portaltela.pt\/noticias\/2026\/04\/03\/flandres-proibe-redes-sociais-a-menores-de-13-anos\/"},"wordCount":148,"image":{"@id":"https:\/\/portaltela.pt\/noticias\/2026\/04\/03\/flandres-proibe-redes-sociais-a-menores-de-13-anos\/#primaryimage"},"thumbnailUrl":"https:\/\/portaltela.pt\/s.01k8rhncp4jt1\/2026\/04\/CACHE_780X1200_ANALOG_WATERMARKED_46412447_342476322817025.jpg","keywords":["B\u00e9lgica","ciberseguran\u00e7a","crian\u00e7as","internet","privacidade","prote\u00e7\u00e3o de menores"],"articleSection":["Tecnologia"],"inLanguage":"pt-PT"},{"@type":"WebPage","@id":"https:\/\/portaltela.pt\/noticias\/2026\/04\/03\/flandres-proibe-redes-sociais-a-menores-de-13-anos\/","url":"https:\/\/portaltela.pt\/noticias\/2026\/04\/03\/flandres-proibe-redes-sociais-a-menores-de-13-anos\/","name":"Flandres pro\u00edbe redes sociais a menores de 13 anos - Portal Tela Portugal","isPartOf":{"@id":"https:\/\/portaltela.pt\/#website"},"primaryImageOfPage":{"@id":"https:\/\/portaltela.pt\/noticias\/2026\/04\/03\/flandres-proibe-redes-sociais-a-menores-de-13-anos\/#primaryimage"},"image":{"@id":"https:\/\/portaltela.pt\/noticias\/2026\/04\/03\/flandres-proibe-redes-sociais-a-menores-de-13-anos\/#primaryimage"},"thumbnailUrl":"https:\/\/portaltela.pt\/s.01k8rhncp4jt1\/2026\/04\/CACHE_780X1200_ANALOG_WATERMARKED_46412447_342476322817025.jpg","datePublished":"2026-04-03T20:17:07+00:00","author":{"@id":"https:\/\/portaltela.pt\/#\/schema\/person\/c4278d4a6028830caff9ee44b42d32ed"},"breadcrumb":{"@id":"https:\/\/portaltela.pt\/noticias\/2026\/04\/03\/flandres-proibe-redes-sociais-a-menores-de-13-anos\/#breadcrumb"},"inLanguage":"pt-PT","potentialAction":[{"@type":"ReadAction","target":["https:\/\/portaltela.pt\/noticias\/2026\/04\/03\/flandres-proibe-redes-sociais-a-menores-de-13-anos\/"]}]},{"@type":"ImageObject","inLanguage":"pt-PT","@id":"https:\/\/portaltela.pt\/noticias\/2026\/04\/03\/flandres-proibe-redes-sociais-a-menores-de-13-anos\/#primaryimage","url":"https:\/\/portaltela.pt\/s.01k8rhncp4jt1\/2026\/04\/CACHE_780X1200_ANALOG_WATERMARKED_46412447_342476322817025.jpg","contentUrl":"https:\/\/portaltela.pt\/s.01k8rhncp4jt1\/2026\/04\/CACHE_780X1200_ANALOG_WATERMARKED_46412447_342476322817025.jpg","width":796,"height":448,"caption":"Regi\u00e3o belga da Flandres vai proibir redes sociais para menores de 13 anos"},{"@type":"BreadcrumbList","@id":"https:\/\/portaltela.pt\/noticias\/2026\/04\/03\/flandres-proibe-redes-sociais-a-menores-de-13-anos\/#breadcrumb","itemListElement":[{"@type":"ListItem","position":1,"name":"In\u00edcio","item":"https:\/\/portaltela.pt\/"},{"@type":"ListItem","position":2,"name":"Flandres pro\u00edbe redes sociais a menores de 13 anos"}]},{"@type":"WebSite","@id":"https:\/\/portaltela.pt\/#website","url":"https:\/\/portaltela.pt\/","name":"Portal Tela Portugal","description":"","potentialAction":[{"@type":"SearchAction","target":{"@type":"EntryPoint","urlTemplate":"https:\/\/portaltela.pt\/?s={search_term_string}"},"query-input":{"@type":"PropertyValueSpecification","valueRequired":true,"valueName":"search_term_string"}}],"inLanguage":"pt-PT"},{"@type":"Person","@id":"https:\/\/portaltela.pt\/#\/schema\/person\/c4278d4a6028830caff9ee44b42d32ed","name":"Telinha","image":{"@type":"ImageObject","inLanguage":"pt-PT","@id":"https:\/\/portaltela.pt\/s.01k8rhncp4jt1\/2025\/11\/talking-bot-125x125.png","url":"https:\/\/portaltela.pt\/s.01k8rhncp4jt1\/2025\/11\/talking-bot-125x125.png","contentUrl":"https:\/\/portaltela.pt\/s.01k8rhncp4jt1\/2025\/11\/talking-bot-125x125.png","caption":"Telinha"},"sameAs":["https:\/\/portaltela.pt\/"],"url":"https:\/\/portaltela.pt\/por\/367410592786\/"}]}},"_links":{"self":[{"href":"https:\/\/portaltela.pt\/api\/wp\/v2\/posts\/431904","targetHints":{"allow":["GET"]}}],"collection":[{"href":"https:\/\/portaltela.pt\/api\/wp\/v2\/posts"}],"about":[{"href":"https:\/\/portaltela.pt\/api\/wp\/v2\/types\/post"}],"author":[{"embeddable":true,"href":"https:\/\/portaltela.pt\/api\/wp\/v2\/users\/2"}],"replies":[{"embeddable":true,"href":"https:\/\/portaltela.pt\/api\/wp\/v2\/comments?post=431904"}],"version-history":[{"count":0,"href":"https:\/\/portaltela.pt\/api\/wp\/v2\/posts\/431904\/revisions"}],"wp:featuredmedia":[{"embeddable":true,"href":"https:\/\/portaltela.pt\/api\/wp\/v2\/media\/431905"}],"wp:attachment":[{"href":"https:\/\/portaltela.pt\/api\/wp\/v2\/media?parent=431904"}],"wp:term":[{"taxonomy":"category","embeddable":true,"href":"https:\/\/portaltela.pt\/api\/wp\/v2\/categories?post=431904"},{"taxonomy":"post_tag","embeddable":true,"href":"https:\/\/portaltela.pt\/api\/wp\/v2\/tags?post=431904"}],"curies":[{"name":"wp","href":"https:\/\/api.w.org\/{rel}","templated":true}]}}