{"id":431872,"date":"2026-04-03T16:17:24","date_gmt":"2026-04-03T19:17:24","guid":{"rendered":"https:\/\/portaltela.pt\/noticias\/2026\/04\/03\/jovem-de-19-anos-morre-durante-prova-de-todo-o-terreno-em-ourem-2\/"},"modified":"2026-04-03T16:17:24","modified_gmt":"2026-04-03T19:17:24","slug":"jovem-de-19-anos-morre-durante-prova-de-todo-o-terreno-em-ourem-2","status":"publish","type":"post","link":"https:\/\/portaltela.pt\/desporto\/futebol\/2026\/04\/03\/jovem-de-19-anos-morre-durante-prova-de-todo-o-terreno-em-ourem-2\/","title":{"rendered":"Jovem de 19 anos morre durante prova de todo-o-terreno em Our\u00e9m"},"content":{"rendered":"<p>Um jovem de 19 anos morreu esta sexta-feira ap\u00f3s um despiste durante um passeio de jipes todo o terreno em Areias, concelho de Our\u00e9m. A prova decorreu na freguesia sede de distrito e envolveu v\u00e1rias viaturas.<\/p>\n<p>Segundo o CM, a v\u00edtima seguiu no interior de um dos jipes participantes, acompanhado por uma mulher de 27 anos e um menor de 14. A viatura acabou por se despistar, provocando ainda dois feridos ligeiros.<\/p>\n<p>Ao local foram mobilizados 26 operacionais, apoiados por 10 viaturas de socorro. A VMER do Hospital de Leiria acionou um helic\u00f3ptero do INEM, que foi desmobilizado quando o \u00f3bito foi confirmado no local.<\/p>\n<h3>Investiga\u00e7\u00e3o em curso<\/h3>\n<p>As circunst\u00e2ncias do despiste est\u00e3o a ser apuradas pelas autoridades competentes. Aidaram ao socorro for\u00e7as de seguran\u00e7a e peritos de acidente, que j\u00e1 recolhem informa\u00e7\u00f5es no terreno.<\/p>\n<p>As passeios de jipes todo o terreno s\u00e3o uma pr\u00e1tica frequente na regi\u00e3o, com v\u00e1rias provas realizadas ao longo do ano, segundo registos locais. A ocorr\u00eancia obrigat\u00f3rio permanece sob an\u00e1lise para determinar responsabilidades e causas.<\/p>\n","protected":false},"excerpt":{"rendered":"<ul>\n<li>Um jovem de 19 anos morreu na sequ\u00eancia de um despiste durante um passeio de jipes todo o terreno em Areias, no concelho de Our\u00e9m.<\/li>\n<li>No jipe seguiam uma mulher de 27 anos e um menor de idade; o despiste provocou ferimentos ligeiros a mais dois ocupantes.<\/li>\n<li>No local estiveram 26 operacionais, apoiados por 10 viaturas de socorro; a Viatura M\u00e9dica de Emerg\u00eancia e Reanima\u00e7\u00e3o (VMER) acionou um helic\u00f3ptero do INEM, que acabou por ser desmobilizado ap\u00f3s confirmar o \u00f3bito no local.<\/li>\n<li>Os passeios de jipes todo o terreno s\u00e3o uma pr\u00e1tica frequente naquela regi\u00e3o.<\/li>\n<li>As circunst\u00e2ncias do despiste est\u00e3o a ser apuradas pelas autoridades.<\/li>\n<\/ul>\n","protected":false},"author":2,"featured_media":431873,"comment_status":"closed","ping_status":"closed","sticky":false,"template":"","format":"standard","meta":{"footnotes":""},"categories":[21,24],"tags":[5487,5060,3449,1922,2357,4462],"class_list":["post-431872","post","type-post","status-publish","format-standard","has-post-thumbnail","hentry","category-desporto","category-futebol","tag-acidente","tag-desporto-motorizados","tag-feridos","tag-inem","tag-ourem","tag-vmer"],"yoast_head":"<!-- This site is optimized with the Yoast SEO plugin v27.2 - https:\/\/yoast.com\/product\/yoast-seo-wordpress\/ -->\n<title>Jovem de 19 anos morre durante prova de todo-o-terreno em Our\u00e9m - Portal Tela Portugal<\/title>\n<meta name=\"robots\" content=\"index, follow, max-snippet:-1, max-image-preview:large, max-video-preview:-1\" \/>\n<meta property=\"og:locale\" content=\"pt_PT\" \/>\n<meta property=\"og:type\" content=\"article\" \/>\n<meta property=\"og:title\" content=\"Jovem de 19 anos morre durante prova de todo-o-terreno em Our\u00e9m - Portal Tela Portugal\" \/>\n<meta property=\"og:description\" content=\"Um jovem de 19 anos morreu na sequ\u00eancia de um despiste durante um passeio de jipes todo o terreno em Areias, no concelho de Our\u00e9m. No jipe seguiam uma mulher de 27 anos e um menor de idade; o despiste provocou ferimentos ligeiros a mais dois ocupantes. No local estiveram 26 operacionais, apoiados por 10 viaturas de socorro; a Viatura M\u00e9dica de Emerg\u00eancia e Reanima\u00e7\u00e3o (VMER) acionou um helic\u00f3ptero do INEM, que acabou por ser desmobilizado ap\u00f3s confirmar o \u00f3bito no local. Os passeios de jipes todo o terreno s\u00e3o uma pr\u00e1tica frequente naquela regi\u00e3o. As circunst\u00e2ncias do despiste est\u00e3o a ser apuradas pelas autoridades.\" \/>\n<meta property=\"og:url\" content=\"https:\/\/portaltela.pt\/noticias\/2026\/04\/03\/jovem-de-19-anos-morre-durante-prova-de-todo-o-terreno-em-ourem-2\/\" \/>\n<meta property=\"og:site_name\" content=\"Portal Tela Portugal\" \/>\n<meta property=\"article:published_time\" content=\"2026-04-03T19:17:24+00:00\" \/>\n<meta name=\"author\" content=\"Telinha\" \/>\n<meta name=\"twitter:card\" content=\"summary_large_image\" \/>\n<meta name=\"twitter:label1\" content=\"Escrito por\" \/>\n\t<meta name=\"twitter:data1\" content=\"Telinha\" \/>\n\t<meta name=\"twitter:label2\" content=\"Tempo estimado de leitura\" \/>\n\t<meta name=\"twitter:data2\" content=\"1 minuto\" \/>\n<script type=\"application\/ld+json\" class=\"yoast-schema-graph\">{\"@context\":\"https:\/\/schema.org\",\"@graph\":[{\"@type\":\"Article\",\"@id\":\"https:\/\/portaltela.pt\/noticias\/2026\/04\/03\/jovem-de-19-anos-morre-durante-prova-de-todo-o-terreno-em-ourem-2\/#article\",\"isPartOf\":{\"@id\":\"https:\/\/portaltela.pt\/noticias\/2026\/04\/03\/jovem-de-19-anos-morre-durante-prova-de-todo-o-terreno-em-ourem-2\/\"},\"author\":{\"name\":\"Telinha\",\"@id\":\"https:\/\/portaltela.pt\/#\/schema\/person\/c4278d4a6028830caff9ee44b42d32ed\"},\"headline\":\"Jovem de 19 anos morre durante prova de todo-o-terreno em Our\u00e9m\",\"datePublished\":\"2026-04-03T19:17:24+00:00\",\"mainEntityOfPage\":{\"@id\":\"https:\/\/portaltela.pt\/noticias\/2026\/04\/03\/jovem-de-19-anos-morre-durante-prova-de-todo-o-terreno-em-ourem-2\/\"},\"wordCount\":194,\"image\":{\"@id\":\"https:\/\/portaltela.pt\/noticias\/2026\/04\/03\/jovem-de-19-anos-morre-durante-prova-de-todo-o-terreno-em-ourem-2\/#primaryimage\"},\"thumbnailUrl\":\"https:\/\/portaltela.pt\/s.01k8rhncp4jt1\/2026\/04\/img_1280x721uu2026-04-03-19-57-43-2276485.jpg\",\"keywords\":[\"acidente\",\"Desporto Motorizados\",\"feridos\",\"INEM\",\"Our\u00e9m\",\"VMER\"],\"articleSection\":[\"Desporto\",\"Futebol\"],\"inLanguage\":\"pt-PT\"},{\"@type\":\"WebPage\",\"@id\":\"https:\/\/portaltela.pt\/noticias\/2026\/04\/03\/jovem-de-19-anos-morre-durante-prova-de-todo-o-terreno-em-ourem-2\/\",\"url\":\"https:\/\/portaltela.pt\/noticias\/2026\/04\/03\/jovem-de-19-anos-morre-durante-prova-de-todo-o-terreno-em-ourem-2\/\",\"name\":\"Jovem de 19 anos morre durante prova de todo-o-terreno em Our\u00e9m - Portal Tela Portugal\",\"isPartOf\":{\"@id\":\"https:\/\/portaltela.pt\/#website\"},\"primaryImageOfPage\":{\"@id\":\"https:\/\/portaltela.pt\/noticias\/2026\/04\/03\/jovem-de-19-anos-morre-durante-prova-de-todo-o-terreno-em-ourem-2\/#primaryimage\"},\"image\":{\"@id\":\"https:\/\/portaltela.pt\/noticias\/2026\/04\/03\/jovem-de-19-anos-morre-durante-prova-de-todo-o-terreno-em-ourem-2\/#primaryimage\"},\"thumbnailUrl\":\"https:\/\/portaltela.pt\/s.01k8rhncp4jt1\/2026\/04\/img_1280x721uu2026-04-03-19-57-43-2276485.jpg\",\"datePublished\":\"2026-04-03T19:17:24+00:00\",\"author\":{\"@id\":\"https:\/\/portaltela.pt\/#\/schema\/person\/c4278d4a6028830caff9ee44b42d32ed\"},\"breadcrumb\":{\"@id\":\"https:\/\/portaltela.pt\/noticias\/2026\/04\/03\/jovem-de-19-anos-morre-durante-prova-de-todo-o-terreno-em-ourem-2\/#breadcrumb\"},\"inLanguage\":\"pt-PT\",\"potentialAction\":[{\"@type\":\"ReadAction\",\"target\":[\"https:\/\/portaltela.pt\/noticias\/2026\/04\/03\/jovem-de-19-anos-morre-durante-prova-de-todo-o-terreno-em-ourem-2\/\"]}]},{\"@type\":\"ImageObject\",\"inLanguage\":\"pt-PT\",\"@id\":\"https:\/\/portaltela.pt\/noticias\/2026\/04\/03\/jovem-de-19-anos-morre-durante-prova-de-todo-o-terreno-em-ourem-2\/#primaryimage\",\"url\":\"https:\/\/portaltela.pt\/s.01k8rhncp4jt1\/2026\/04\/img_1280x721uu2026-04-03-19-57-43-2276485.jpg\",\"contentUrl\":\"https:\/\/portaltela.pt\/s.01k8rhncp4jt1\/2026\/04\/img_1280x721uu2026-04-03-19-57-43-2276485.jpg\",\"width\":796,\"height\":448,\"caption\":\"Photo\"},{\"@type\":\"BreadcrumbList\",\"@id\":\"https:\/\/portaltela.pt\/noticias\/2026\/04\/03\/jovem-de-19-anos-morre-durante-prova-de-todo-o-terreno-em-ourem-2\/#breadcrumb\",\"itemListElement\":[{\"@type\":\"ListItem\",\"position\":1,\"name\":\"In\u00edcio\",\"item\":\"https:\/\/portaltela.pt\/\"},{\"@type\":\"ListItem\",\"position\":2,\"name\":\"Jovem de 19 anos morre durante prova de todo-o-terreno em Our\u00e9m\"}]},{\"@type\":\"WebSite\",\"@id\":\"https:\/\/portaltela.pt\/#website\",\"url\":\"https:\/\/portaltela.pt\/\",\"name\":\"Portal Tela Portugal\",\"description\":\"\",\"potentialAction\":[{\"@type\":\"SearchAction\",\"target\":{\"@type\":\"EntryPoint\",\"urlTemplate\":\"https:\/\/portaltela.pt\/?s={search_term_string}\"},\"query-input\":{\"@type\":\"PropertyValueSpecification\",\"valueRequired\":true,\"valueName\":\"search_term_string\"}}],\"inLanguage\":\"pt-PT\"},{\"@type\":\"Person\",\"@id\":\"https:\/\/portaltela.pt\/#\/schema\/person\/c4278d4a6028830caff9ee44b42d32ed\",\"name\":\"Telinha\",\"image\":{\"@type\":\"ImageObject\",\"inLanguage\":\"pt-PT\",\"@id\":\"https:\/\/portaltela.pt\/s.01k8rhncp4jt1\/2025\/11\/talking-bot-125x125.png\",\"url\":\"https:\/\/portaltela.pt\/s.01k8rhncp4jt1\/2025\/11\/talking-bot-125x125.png\",\"contentUrl\":\"https:\/\/portaltela.pt\/s.01k8rhncp4jt1\/2025\/11\/talking-bot-125x125.png\",\"caption\":\"Telinha\"},\"sameAs\":[\"https:\/\/portaltela.pt\/\"],\"url\":\"https:\/\/portaltela.pt\/por\/367410592786\/\"}]}<\/script>\n<!-- \/ Yoast SEO plugin. -->","yoast_head_json":{"title":"Jovem de 19 anos morre durante prova de todo-o-terreno em Our\u00e9m - Portal Tela Portugal","robots":{"index":"index","follow":"follow","max-snippet":"max-snippet:-1","max-image-preview":"max-image-preview:large","max-video-preview":"max-video-preview:-1"},"og_locale":"pt_PT","og_type":"article","og_title":"Jovem de 19 anos morre durante prova de todo-o-terreno em Our\u00e9m - Portal Tela Portugal","og_description":"Um jovem de 19 anos morreu na sequ\u00eancia de um despiste durante um passeio de jipes todo o terreno em Areias, no concelho de Our\u00e9m. No jipe seguiam uma mulher de 27 anos e um menor de idade; o despiste provocou ferimentos ligeiros a mais dois ocupantes. No local estiveram 26 operacionais, apoiados por 10 viaturas de socorro; a Viatura M\u00e9dica de Emerg\u00eancia e Reanima\u00e7\u00e3o (VMER) acionou um helic\u00f3ptero do INEM, que acabou por ser desmobilizado ap\u00f3s confirmar o \u00f3bito no local. Os passeios de jipes todo o terreno s\u00e3o uma pr\u00e1tica frequente naquela regi\u00e3o. As circunst\u00e2ncias do despiste est\u00e3o a ser apuradas pelas autoridades.","og_url":"https:\/\/portaltela.pt\/noticias\/2026\/04\/03\/jovem-de-19-anos-morre-durante-prova-de-todo-o-terreno-em-ourem-2\/","og_site_name":"Portal Tela Portugal","article_published_time":"2026-04-03T19:17:24+00:00","author":"Telinha","twitter_card":"summary_large_image","twitter_misc":{"Escrito por":"Telinha","Tempo estimado de leitura":"1 minuto"},"schema":{"@context":"https:\/\/schema.org","@graph":[{"@type":"Article","@id":"https:\/\/portaltela.pt\/noticias\/2026\/04\/03\/jovem-de-19-anos-morre-durante-prova-de-todo-o-terreno-em-ourem-2\/#article","isPartOf":{"@id":"https:\/\/portaltela.pt\/noticias\/2026\/04\/03\/jovem-de-19-anos-morre-durante-prova-de-todo-o-terreno-em-ourem-2\/"},"author":{"name":"Telinha","@id":"https:\/\/portaltela.pt\/#\/schema\/person\/c4278d4a6028830caff9ee44b42d32ed"},"headline":"Jovem de 19 anos morre durante prova de todo-o-terreno em Our\u00e9m","datePublished":"2026-04-03T19:17:24+00:00","mainEntityOfPage":{"@id":"https:\/\/portaltela.pt\/noticias\/2026\/04\/03\/jovem-de-19-anos-morre-durante-prova-de-todo-o-terreno-em-ourem-2\/"},"wordCount":194,"image":{"@id":"https:\/\/portaltela.pt\/noticias\/2026\/04\/03\/jovem-de-19-anos-morre-durante-prova-de-todo-o-terreno-em-ourem-2\/#primaryimage"},"thumbnailUrl":"https:\/\/portaltela.pt\/s.01k8rhncp4jt1\/2026\/04\/img_1280x721uu2026-04-03-19-57-43-2276485.jpg","keywords":["acidente","Desporto Motorizados","feridos","INEM","Our\u00e9m","VMER"],"articleSection":["Desporto","Futebol"],"inLanguage":"pt-PT"},{"@type":"WebPage","@id":"https:\/\/portaltela.pt\/noticias\/2026\/04\/03\/jovem-de-19-anos-morre-durante-prova-de-todo-o-terreno-em-ourem-2\/","url":"https:\/\/portaltela.pt\/noticias\/2026\/04\/03\/jovem-de-19-anos-morre-durante-prova-de-todo-o-terreno-em-ourem-2\/","name":"Jovem de 19 anos morre durante prova de todo-o-terreno em Our\u00e9m - Portal Tela Portugal","isPartOf":{"@id":"https:\/\/portaltela.pt\/#website"},"primaryImageOfPage":{"@id":"https:\/\/portaltela.pt\/noticias\/2026\/04\/03\/jovem-de-19-anos-morre-durante-prova-de-todo-o-terreno-em-ourem-2\/#primaryimage"},"image":{"@id":"https:\/\/portaltela.pt\/noticias\/2026\/04\/03\/jovem-de-19-anos-morre-durante-prova-de-todo-o-terreno-em-ourem-2\/#primaryimage"},"thumbnailUrl":"https:\/\/portaltela.pt\/s.01k8rhncp4jt1\/2026\/04\/img_1280x721uu2026-04-03-19-57-43-2276485.jpg","datePublished":"2026-04-03T19:17:24+00:00","author":{"@id":"https:\/\/portaltela.pt\/#\/schema\/person\/c4278d4a6028830caff9ee44b42d32ed"},"breadcrumb":{"@id":"https:\/\/portaltela.pt\/noticias\/2026\/04\/03\/jovem-de-19-anos-morre-durante-prova-de-todo-o-terreno-em-ourem-2\/#breadcrumb"},"inLanguage":"pt-PT","potentialAction":[{"@type":"ReadAction","target":["https:\/\/portaltela.pt\/noticias\/2026\/04\/03\/jovem-de-19-anos-morre-durante-prova-de-todo-o-terreno-em-ourem-2\/"]}]},{"@type":"ImageObject","inLanguage":"pt-PT","@id":"https:\/\/portaltela.pt\/noticias\/2026\/04\/03\/jovem-de-19-anos-morre-durante-prova-de-todo-o-terreno-em-ourem-2\/#primaryimage","url":"https:\/\/portaltela.pt\/s.01k8rhncp4jt1\/2026\/04\/img_1280x721uu2026-04-03-19-57-43-2276485.jpg","contentUrl":"https:\/\/portaltela.pt\/s.01k8rhncp4jt1\/2026\/04\/img_1280x721uu2026-04-03-19-57-43-2276485.jpg","width":796,"height":448,"caption":"Photo"},{"@type":"BreadcrumbList","@id":"https:\/\/portaltela.pt\/noticias\/2026\/04\/03\/jovem-de-19-anos-morre-durante-prova-de-todo-o-terreno-em-ourem-2\/#breadcrumb","itemListElement":[{"@type":"ListItem","position":1,"name":"In\u00edcio","item":"https:\/\/portaltela.pt\/"},{"@type":"ListItem","position":2,"name":"Jovem de 19 anos morre durante prova de todo-o-terreno em Our\u00e9m"}]},{"@type":"WebSite","@id":"https:\/\/portaltela.pt\/#website","url":"https:\/\/portaltela.pt\/","name":"Portal Tela Portugal","description":"","potentialAction":[{"@type":"SearchAction","target":{"@type":"EntryPoint","urlTemplate":"https:\/\/portaltela.pt\/?s={search_term_string}"},"query-input":{"@type":"PropertyValueSpecification","valueRequired":true,"valueName":"search_term_string"}}],"inLanguage":"pt-PT"},{"@type":"Person","@id":"https:\/\/portaltela.pt\/#\/schema\/person\/c4278d4a6028830caff9ee44b42d32ed","name":"Telinha","image":{"@type":"ImageObject","inLanguage":"pt-PT","@id":"https:\/\/portaltela.pt\/s.01k8rhncp4jt1\/2025\/11\/talking-bot-125x125.png","url":"https:\/\/portaltela.pt\/s.01k8rhncp4jt1\/2025\/11\/talking-bot-125x125.png","contentUrl":"https:\/\/portaltela.pt\/s.01k8rhncp4jt1\/2025\/11\/talking-bot-125x125.png","caption":"Telinha"},"sameAs":["https:\/\/portaltela.pt\/"],"url":"https:\/\/portaltela.pt\/por\/367410592786\/"}]}},"_links":{"self":[{"href":"https:\/\/portaltela.pt\/api\/wp\/v2\/posts\/431872","targetHints":{"allow":["GET"]}}],"collection":[{"href":"https:\/\/portaltela.pt\/api\/wp\/v2\/posts"}],"about":[{"href":"https:\/\/portaltela.pt\/api\/wp\/v2\/types\/post"}],"author":[{"embeddable":true,"href":"https:\/\/portaltela.pt\/api\/wp\/v2\/users\/2"}],"replies":[{"embeddable":true,"href":"https:\/\/portaltela.pt\/api\/wp\/v2\/comments?post=431872"}],"version-history":[{"count":0,"href":"https:\/\/portaltela.pt\/api\/wp\/v2\/posts\/431872\/revisions"}],"wp:featuredmedia":[{"embeddable":true,"href":"https:\/\/portaltela.pt\/api\/wp\/v2\/media\/431873"}],"wp:attachment":[{"href":"https:\/\/portaltela.pt\/api\/wp\/v2\/media?parent=431872"}],"wp:term":[{"taxonomy":"category","embeddable":true,"href":"https:\/\/portaltela.pt\/api\/wp\/v2\/categories?post=431872"},{"taxonomy":"post_tag","embeddable":true,"href":"https:\/\/portaltela.pt\/api\/wp\/v2\/tags?post=431872"}],"curies":[{"name":"wp","href":"https:\/\/api.w.org\/{rel}","templated":true}]}}