{"id":431870,"date":"2026-04-03T16:17:13","date_gmt":"2026-04-03T19:17:13","guid":{"rendered":"https:\/\/portaltela.pt\/noticias\/2026\/04\/03\/cesar-peixoto-admite-que-a-epoca-tem-sido-fantastica\/"},"modified":"2026-04-03T16:17:13","modified_gmt":"2026-04-03T19:17:13","slug":"cesar-peixoto-admite-que-a-epoca-tem-sido-fantastica","status":"publish","type":"post","link":"https:\/\/portaltela.pt\/desporto\/futebol\/2026\/04\/03\/cesar-peixoto-admite-que-a-epoca-tem-sido-fantastica\/","title":{"rendered":"C\u00e9sar Peixoto admite que a \u00e9poca tem sido fant\u00e1stica"},"content":{"rendered":"<p>C\u00e9sar Peixoto, treinador do Gil Vicente, elogiou a exibi\u00e7\u00e3o da equipa ap\u00f3s a vit\u00f3ria por 3-0 frente ao AVS SAD, na 28.\u00aa jornada da Liga Portugal Betclic. O t\u00e9cnico destacou a presta\u00e7\u00e3o completa ao longo dos 90 minutos.<\/p>\n<p>Destacou a domin\u00e2ncia do Gil Vicente, a cria\u00e7\u00e3o de v\u00e1rias situa\u00e7\u00f5es de golo e a manuten\u00e7\u00e3o da baliza invicta. A vit\u00f3ria \u00e9 considerada justa e reflete a consist\u00eancia demonstrada, sobretudo nos \u00faltimos 16 jogos, com apenas quatro derrotas.<\/p>\n<p>Peixoto referiu ainda que o grupo tem batido v\u00e1rios recordes desde o in\u00edcio da \u00e9poca e que o trajeto tem sido fant\u00e1stico. Mesmo ap\u00f3s uma s\u00e9rie sem triunfos, os indicadores positivos justificam o regresso aos triunfos.<\/p>\n<h3>Altera\u00e7\u00e3o na baliza<\/h3>\n<p>Luc\u00e3o estreou-se na Europa pela primeira vez com a camisola do Gil Vicente. O guarda-redes, ainda jovem, precisa de tempo para assimilar o estilo de jogo da equipa, segundo o t\u00e9cnico.<\/p>\n<p>Dani Figueira foi titular neste jogo, revelando-se uma op\u00e7\u00e3o v\u00e1lida para a defesa. A partir deste epis\u00f3dio, Peixoto deixou claro que toda a maioria do plantel est\u00e1 pronta para responder \u00e0s exig\u00eancias da equipa.<\/p>\n","protected":false},"excerpt":{"rendered":"<ul>\n<li>Gil Vicente venceu o AVS SAD por 3-0 na 28.\u00aa jornada da Liga Portugal Betclic.<\/li>\n<li>C\u00e9sar Peixoto elogiou os jogadores, destacando um jogo muito completo, dom\u00ednio durante os 90 minutos e a constru\u00e7\u00e3o de v\u00e1rias situa\u00e7\u00f5es, com tr\u00eas golos.<\/li>\n<li>A equipa manteve a baliza a zeros, assinalando um trajeto s\u00f3lido desde o in\u00edcio da \u00e9poca e o registo de muitos recordes.<\/li>\n<li>Altera\u00e7\u00e3o na baliza: Luc\u00e3o estreou na Europa, ainda a adaptar-se ao estilo do Gil Vicente; Dani Figueira jogou neste jogo.<\/li>\n<li>O treinador refor\u00e7ou a confian\u00e7a no grupo, apontando que todos est\u00e3o prontos para responder \u00e0s exig\u00eancias da equipa.<\/li>\n<\/ul>\n","protected":false},"author":2,"featured_media":431871,"comment_status":"closed","ping_status":"closed","sticky":false,"template":"","format":"standard","meta":{"footnotes":""},"categories":[21,24],"tags":[4143,4059,1984,32,1829,5702],"class_list":["post-431870","post","type-post","status-publish","format-standard","has-post-thumbnail","hentry","category-desporto","category-futebol","tag-1-liga","tag-1-a-liga","tag-avs-sad","tag-futebol","tag-gil-vicente","tag-liga-portugal-betclic"],"yoast_head":"<!-- This site is optimized with the Yoast SEO plugin v27.2 - https:\/\/yoast.com\/product\/yoast-seo-wordpress\/ -->\n<title>C\u00e9sar Peixoto admite que a \u00e9poca tem sido fant\u00e1stica - Portal Tela Portugal<\/title>\n<meta name=\"robots\" content=\"index, follow, max-snippet:-1, max-image-preview:large, max-video-preview:-1\" \/>\n<meta property=\"og:locale\" content=\"pt_PT\" \/>\n<meta property=\"og:type\" content=\"article\" \/>\n<meta property=\"og:title\" content=\"C\u00e9sar Peixoto admite que a \u00e9poca tem sido fant\u00e1stica - Portal Tela Portugal\" \/>\n<meta property=\"og:description\" content=\"Gil Vicente venceu o AVS SAD por 3-0 na 28.\u00aa jornada da Liga Portugal Betclic. C\u00e9sar Peixoto elogiou os jogadores, destacando um jogo muito completo, dom\u00ednio durante os 90 minutos e a constru\u00e7\u00e3o de v\u00e1rias situa\u00e7\u00f5es, com tr\u00eas golos. A equipa manteve a baliza a zeros, assinalando um trajeto s\u00f3lido desde o in\u00edcio da \u00e9poca e o registo de muitos recordes. Altera\u00e7\u00e3o na baliza: Luc\u00e3o estreou na Europa, ainda a adaptar-se ao estilo do Gil Vicente; Dani Figueira jogou neste jogo. O treinador refor\u00e7ou a confian\u00e7a no grupo, apontando que todos est\u00e3o prontos para responder \u00e0s exig\u00eancias da equipa.\" \/>\n<meta property=\"og:url\" content=\"https:\/\/portaltela.pt\/noticias\/2026\/04\/03\/cesar-peixoto-admite-que-a-epoca-tem-sido-fantastica\/\" \/>\n<meta property=\"og:site_name\" content=\"Portal Tela Portugal\" \/>\n<meta property=\"article:published_time\" content=\"2026-04-03T19:17:13+00:00\" \/>\n<meta name=\"author\" content=\"Telinha\" \/>\n<meta name=\"twitter:card\" content=\"summary_large_image\" \/>\n<meta name=\"twitter:label1\" content=\"Escrito por\" \/>\n\t<meta name=\"twitter:data1\" content=\"Telinha\" \/>\n\t<meta name=\"twitter:label2\" content=\"Tempo estimado de leitura\" \/>\n\t<meta name=\"twitter:data2\" content=\"1 minuto\" \/>\n<script type=\"application\/ld+json\" class=\"yoast-schema-graph\">{\"@context\":\"https:\/\/schema.org\",\"@graph\":[{\"@type\":\"Article\",\"@id\":\"https:\/\/portaltela.pt\/noticias\/2026\/04\/03\/cesar-peixoto-admite-que-a-epoca-tem-sido-fantastica\/#article\",\"isPartOf\":{\"@id\":\"https:\/\/portaltela.pt\/noticias\/2026\/04\/03\/cesar-peixoto-admite-que-a-epoca-tem-sido-fantastica\/\"},\"author\":{\"name\":\"Telinha\",\"@id\":\"https:\/\/portaltela.pt\/#\/schema\/person\/c4278d4a6028830caff9ee44b42d32ed\"},\"headline\":\"C\u00e9sar Peixoto admite que a \u00e9poca tem sido fant\u00e1stica\",\"datePublished\":\"2026-04-03T19:17:13+00:00\",\"mainEntityOfPage\":{\"@id\":\"https:\/\/portaltela.pt\/noticias\/2026\/04\/03\/cesar-peixoto-admite-que-a-epoca-tem-sido-fantastica\/\"},\"wordCount\":212,\"image\":{\"@id\":\"https:\/\/portaltela.pt\/noticias\/2026\/04\/03\/cesar-peixoto-admite-que-a-epoca-tem-sido-fantastica\/#primaryimage\"},\"thumbnailUrl\":\"https:\/\/portaltela.pt\/s.01k8rhncp4jt1\/2026\/04\/img_920x518uu2026-04-03-20-01-41-2430957.jpg\",\"keywords\":[\"1. Liga\",\"1.\u00aa Liga\",\"AVS SAD\",\"futebol\",\"Gil Vicente\",\"Liga Portugal Betclic\"],\"articleSection\":[\"Desporto\",\"Futebol\"],\"inLanguage\":\"pt-PT\"},{\"@type\":\"WebPage\",\"@id\":\"https:\/\/portaltela.pt\/noticias\/2026\/04\/03\/cesar-peixoto-admite-que-a-epoca-tem-sido-fantastica\/\",\"url\":\"https:\/\/portaltela.pt\/noticias\/2026\/04\/03\/cesar-peixoto-admite-que-a-epoca-tem-sido-fantastica\/\",\"name\":\"C\u00e9sar Peixoto admite que a \u00e9poca tem sido fant\u00e1stica - Portal Tela Portugal\",\"isPartOf\":{\"@id\":\"https:\/\/portaltela.pt\/#website\"},\"primaryImageOfPage\":{\"@id\":\"https:\/\/portaltela.pt\/noticias\/2026\/04\/03\/cesar-peixoto-admite-que-a-epoca-tem-sido-fantastica\/#primaryimage\"},\"image\":{\"@id\":\"https:\/\/portaltela.pt\/noticias\/2026\/04\/03\/cesar-peixoto-admite-que-a-epoca-tem-sido-fantastica\/#primaryimage\"},\"thumbnailUrl\":\"https:\/\/portaltela.pt\/s.01k8rhncp4jt1\/2026\/04\/img_920x518uu2026-04-03-20-01-41-2430957.jpg\",\"datePublished\":\"2026-04-03T19:17:13+00:00\",\"author\":{\"@id\":\"https:\/\/portaltela.pt\/#\/schema\/person\/c4278d4a6028830caff9ee44b42d32ed\"},\"breadcrumb\":{\"@id\":\"https:\/\/portaltela.pt\/noticias\/2026\/04\/03\/cesar-peixoto-admite-que-a-epoca-tem-sido-fantastica\/#breadcrumb\"},\"inLanguage\":\"pt-PT\",\"potentialAction\":[{\"@type\":\"ReadAction\",\"target\":[\"https:\/\/portaltela.pt\/noticias\/2026\/04\/03\/cesar-peixoto-admite-que-a-epoca-tem-sido-fantastica\/\"]}]},{\"@type\":\"ImageObject\",\"inLanguage\":\"pt-PT\",\"@id\":\"https:\/\/portaltela.pt\/noticias\/2026\/04\/03\/cesar-peixoto-admite-que-a-epoca-tem-sido-fantastica\/#primaryimage\",\"url\":\"https:\/\/portaltela.pt\/s.01k8rhncp4jt1\/2026\/04\/img_920x518uu2026-04-03-20-01-41-2430957.jpg\",\"contentUrl\":\"https:\/\/portaltela.pt\/s.01k8rhncp4jt1\/2026\/04\/img_920x518uu2026-04-03-20-01-41-2430957.jpg\",\"width\":796,\"height\":448,\"caption\":\"C\u00e9sar Peixoto, treinador do Gil Vicente\"},{\"@type\":\"BreadcrumbList\",\"@id\":\"https:\/\/portaltela.pt\/noticias\/2026\/04\/03\/cesar-peixoto-admite-que-a-epoca-tem-sido-fantastica\/#breadcrumb\",\"itemListElement\":[{\"@type\":\"ListItem\",\"position\":1,\"name\":\"In\u00edcio\",\"item\":\"https:\/\/portaltela.pt\/\"},{\"@type\":\"ListItem\",\"position\":2,\"name\":\"C\u00e9sar Peixoto admite que a \u00e9poca tem sido fant\u00e1stica\"}]},{\"@type\":\"WebSite\",\"@id\":\"https:\/\/portaltela.pt\/#website\",\"url\":\"https:\/\/portaltela.pt\/\",\"name\":\"Portal Tela Portugal\",\"description\":\"\",\"potentialAction\":[{\"@type\":\"SearchAction\",\"target\":{\"@type\":\"EntryPoint\",\"urlTemplate\":\"https:\/\/portaltela.pt\/?s={search_term_string}\"},\"query-input\":{\"@type\":\"PropertyValueSpecification\",\"valueRequired\":true,\"valueName\":\"search_term_string\"}}],\"inLanguage\":\"pt-PT\"},{\"@type\":\"Person\",\"@id\":\"https:\/\/portaltela.pt\/#\/schema\/person\/c4278d4a6028830caff9ee44b42d32ed\",\"name\":\"Telinha\",\"image\":{\"@type\":\"ImageObject\",\"inLanguage\":\"pt-PT\",\"@id\":\"https:\/\/portaltela.pt\/s.01k8rhncp4jt1\/2025\/11\/talking-bot-125x125.png\",\"url\":\"https:\/\/portaltela.pt\/s.01k8rhncp4jt1\/2025\/11\/talking-bot-125x125.png\",\"contentUrl\":\"https:\/\/portaltela.pt\/s.01k8rhncp4jt1\/2025\/11\/talking-bot-125x125.png\",\"caption\":\"Telinha\"},\"sameAs\":[\"https:\/\/portaltela.pt\/\"],\"url\":\"https:\/\/portaltela.pt\/por\/367410592786\/\"}]}<\/script>\n<!-- \/ Yoast SEO plugin. -->","yoast_head_json":{"title":"C\u00e9sar Peixoto admite que a \u00e9poca tem sido fant\u00e1stica - Portal Tela Portugal","robots":{"index":"index","follow":"follow","max-snippet":"max-snippet:-1","max-image-preview":"max-image-preview:large","max-video-preview":"max-video-preview:-1"},"og_locale":"pt_PT","og_type":"article","og_title":"C\u00e9sar Peixoto admite que a \u00e9poca tem sido fant\u00e1stica - Portal Tela Portugal","og_description":"Gil Vicente venceu o AVS SAD por 3-0 na 28.\u00aa jornada da Liga Portugal Betclic. C\u00e9sar Peixoto elogiou os jogadores, destacando um jogo muito completo, dom\u00ednio durante os 90 minutos e a constru\u00e7\u00e3o de v\u00e1rias situa\u00e7\u00f5es, com tr\u00eas golos. A equipa manteve a baliza a zeros, assinalando um trajeto s\u00f3lido desde o in\u00edcio da \u00e9poca e o registo de muitos recordes. Altera\u00e7\u00e3o na baliza: Luc\u00e3o estreou na Europa, ainda a adaptar-se ao estilo do Gil Vicente; Dani Figueira jogou neste jogo. O treinador refor\u00e7ou a confian\u00e7a no grupo, apontando que todos est\u00e3o prontos para responder \u00e0s exig\u00eancias da equipa.","og_url":"https:\/\/portaltela.pt\/noticias\/2026\/04\/03\/cesar-peixoto-admite-que-a-epoca-tem-sido-fantastica\/","og_site_name":"Portal Tela Portugal","article_published_time":"2026-04-03T19:17:13+00:00","author":"Telinha","twitter_card":"summary_large_image","twitter_misc":{"Escrito por":"Telinha","Tempo estimado de leitura":"1 minuto"},"schema":{"@context":"https:\/\/schema.org","@graph":[{"@type":"Article","@id":"https:\/\/portaltela.pt\/noticias\/2026\/04\/03\/cesar-peixoto-admite-que-a-epoca-tem-sido-fantastica\/#article","isPartOf":{"@id":"https:\/\/portaltela.pt\/noticias\/2026\/04\/03\/cesar-peixoto-admite-que-a-epoca-tem-sido-fantastica\/"},"author":{"name":"Telinha","@id":"https:\/\/portaltela.pt\/#\/schema\/person\/c4278d4a6028830caff9ee44b42d32ed"},"headline":"C\u00e9sar Peixoto admite que a \u00e9poca tem sido fant\u00e1stica","datePublished":"2026-04-03T19:17:13+00:00","mainEntityOfPage":{"@id":"https:\/\/portaltela.pt\/noticias\/2026\/04\/03\/cesar-peixoto-admite-que-a-epoca-tem-sido-fantastica\/"},"wordCount":212,"image":{"@id":"https:\/\/portaltela.pt\/noticias\/2026\/04\/03\/cesar-peixoto-admite-que-a-epoca-tem-sido-fantastica\/#primaryimage"},"thumbnailUrl":"https:\/\/portaltela.pt\/s.01k8rhncp4jt1\/2026\/04\/img_920x518uu2026-04-03-20-01-41-2430957.jpg","keywords":["1. Liga","1.\u00aa Liga","AVS SAD","futebol","Gil Vicente","Liga Portugal Betclic"],"articleSection":["Desporto","Futebol"],"inLanguage":"pt-PT"},{"@type":"WebPage","@id":"https:\/\/portaltela.pt\/noticias\/2026\/04\/03\/cesar-peixoto-admite-que-a-epoca-tem-sido-fantastica\/","url":"https:\/\/portaltela.pt\/noticias\/2026\/04\/03\/cesar-peixoto-admite-que-a-epoca-tem-sido-fantastica\/","name":"C\u00e9sar Peixoto admite que a \u00e9poca tem sido fant\u00e1stica - Portal Tela Portugal","isPartOf":{"@id":"https:\/\/portaltela.pt\/#website"},"primaryImageOfPage":{"@id":"https:\/\/portaltela.pt\/noticias\/2026\/04\/03\/cesar-peixoto-admite-que-a-epoca-tem-sido-fantastica\/#primaryimage"},"image":{"@id":"https:\/\/portaltela.pt\/noticias\/2026\/04\/03\/cesar-peixoto-admite-que-a-epoca-tem-sido-fantastica\/#primaryimage"},"thumbnailUrl":"https:\/\/portaltela.pt\/s.01k8rhncp4jt1\/2026\/04\/img_920x518uu2026-04-03-20-01-41-2430957.jpg","datePublished":"2026-04-03T19:17:13+00:00","author":{"@id":"https:\/\/portaltela.pt\/#\/schema\/person\/c4278d4a6028830caff9ee44b42d32ed"},"breadcrumb":{"@id":"https:\/\/portaltela.pt\/noticias\/2026\/04\/03\/cesar-peixoto-admite-que-a-epoca-tem-sido-fantastica\/#breadcrumb"},"inLanguage":"pt-PT","potentialAction":[{"@type":"ReadAction","target":["https:\/\/portaltela.pt\/noticias\/2026\/04\/03\/cesar-peixoto-admite-que-a-epoca-tem-sido-fantastica\/"]}]},{"@type":"ImageObject","inLanguage":"pt-PT","@id":"https:\/\/portaltela.pt\/noticias\/2026\/04\/03\/cesar-peixoto-admite-que-a-epoca-tem-sido-fantastica\/#primaryimage","url":"https:\/\/portaltela.pt\/s.01k8rhncp4jt1\/2026\/04\/img_920x518uu2026-04-03-20-01-41-2430957.jpg","contentUrl":"https:\/\/portaltela.pt\/s.01k8rhncp4jt1\/2026\/04\/img_920x518uu2026-04-03-20-01-41-2430957.jpg","width":796,"height":448,"caption":"C\u00e9sar Peixoto, treinador do Gil Vicente"},{"@type":"BreadcrumbList","@id":"https:\/\/portaltela.pt\/noticias\/2026\/04\/03\/cesar-peixoto-admite-que-a-epoca-tem-sido-fantastica\/#breadcrumb","itemListElement":[{"@type":"ListItem","position":1,"name":"In\u00edcio","item":"https:\/\/portaltela.pt\/"},{"@type":"ListItem","position":2,"name":"C\u00e9sar Peixoto admite que a \u00e9poca tem sido fant\u00e1stica"}]},{"@type":"WebSite","@id":"https:\/\/portaltela.pt\/#website","url":"https:\/\/portaltela.pt\/","name":"Portal Tela Portugal","description":"","potentialAction":[{"@type":"SearchAction","target":{"@type":"EntryPoint","urlTemplate":"https:\/\/portaltela.pt\/?s={search_term_string}"},"query-input":{"@type":"PropertyValueSpecification","valueRequired":true,"valueName":"search_term_string"}}],"inLanguage":"pt-PT"},{"@type":"Person","@id":"https:\/\/portaltela.pt\/#\/schema\/person\/c4278d4a6028830caff9ee44b42d32ed","name":"Telinha","image":{"@type":"ImageObject","inLanguage":"pt-PT","@id":"https:\/\/portaltela.pt\/s.01k8rhncp4jt1\/2025\/11\/talking-bot-125x125.png","url":"https:\/\/portaltela.pt\/s.01k8rhncp4jt1\/2025\/11\/talking-bot-125x125.png","contentUrl":"https:\/\/portaltela.pt\/s.01k8rhncp4jt1\/2025\/11\/talking-bot-125x125.png","caption":"Telinha"},"sameAs":["https:\/\/portaltela.pt\/"],"url":"https:\/\/portaltela.pt\/por\/367410592786\/"}]}},"_links":{"self":[{"href":"https:\/\/portaltela.pt\/api\/wp\/v2\/posts\/431870","targetHints":{"allow":["GET"]}}],"collection":[{"href":"https:\/\/portaltela.pt\/api\/wp\/v2\/posts"}],"about":[{"href":"https:\/\/portaltela.pt\/api\/wp\/v2\/types\/post"}],"author":[{"embeddable":true,"href":"https:\/\/portaltela.pt\/api\/wp\/v2\/users\/2"}],"replies":[{"embeddable":true,"href":"https:\/\/portaltela.pt\/api\/wp\/v2\/comments?post=431870"}],"version-history":[{"count":0,"href":"https:\/\/portaltela.pt\/api\/wp\/v2\/posts\/431870\/revisions"}],"wp:featuredmedia":[{"embeddable":true,"href":"https:\/\/portaltela.pt\/api\/wp\/v2\/media\/431871"}],"wp:attachment":[{"href":"https:\/\/portaltela.pt\/api\/wp\/v2\/media?parent=431870"}],"wp:term":[{"taxonomy":"category","embeddable":true,"href":"https:\/\/portaltela.pt\/api\/wp\/v2\/categories?post=431870"},{"taxonomy":"post_tag","embeddable":true,"href":"https:\/\/portaltela.pt\/api\/wp\/v2\/tags?post=431870"}],"curies":[{"name":"wp","href":"https:\/\/api.w.org\/{rel}","templated":true}]}}