{"id":431864,"date":"2026-04-03T16:17:08","date_gmt":"2026-04-03T19:17:08","guid":{"rendered":"https:\/\/portaltela.pt\/noticias\/2026\/04\/03\/jogadores-congoleses-retidos-em-africa-para-celebrar\/"},"modified":"2026-04-03T16:17:08","modified_gmt":"2026-04-03T19:17:08","slug":"jogadores-congoleses-retidos-em-africa-para-celebrar","status":"publish","type":"post","link":"https:\/\/portaltela.pt\/desporto\/futebol\/2026\/04\/03\/jogadores-congoleses-retidos-em-africa-para-celebrar\/","title":{"rendered":"Jogadores congoleses retidos em \u00c1frica para celebrar"},"content":{"rendered":"<p>A sele\u00e7\u00e3o da Rep\u00fablica Democr\u00e1tica do Congo assegurou a qualifica\u00e7\u00e3o para o Mundial 2026 ao afastar a Jamaica. Contudo, alguns jogadores ficaram retidos no pa\u00eds para uma cerim\u00f3nia de homenagem \u00e0 equipa, em vez de regressarem aos respetivos clubes. O atraso compromete a prepara\u00e7\u00e3o para os jogos seguintes.<\/p>\n<p>Conforme o regulamento da FIFA, os jogadores deveriam ter regressado aos clubes na quinta-feira, ap\u00f3s o encontro decisivo. Em Lille, o regresso de Chancel Mbemba n\u00e3o ocorreu, o que gerou cr\u00edticas internas. No Lens, Mukau regressou a tempo, enquanto Masuaku permanece no Congo.<\/p>\n<p>A situa\u00e7\u00e3o j\u00e1 est\u00e1 na Comiss\u00e3o de Disciplina da FIFA, que deve avaliar o precedente para clubes que pagam sal\u00e1rios aos atletas. O presidente do Lille, Olivier L\u00e9tang, afirmou que a federa\u00e7\u00e3o congolesa agiu de forma unilateral, gerando preocupa\u00e7\u00e3o entre clubes europeus.<\/p>\n<h3>Rea\u00e7\u00e3o e consequ\u00eancias<\/h3>\n<p>A Comiss\u00e3o de Disciplina tem em vista poss\u00edveis san\u00e7\u00f5es ou avisos formais. A decis\u00e3o poder\u00e1 influenciar futuras negocia\u00e7\u00f5es entre federa\u00e7\u00f5es, clubes e jogadores em situa\u00e7\u00f5es similares. Clubes negam violar acordos contratuais, apontando para o interesse institucional do futebol.<\/p>\n","protected":false},"excerpt":{"rendered":"<ul>\n<li>A sele\u00e7\u00e3o da Rep\u00fablica Democr\u00e1tica do Congo qualificou-se para o Mundial\u20192026 ao afastar a Jamaica, mas o momento de festa est\u00e1 a transformar-se num problema jur\u00eddico.<\/li>\n<li>Alguns jogadores continuam retidos no Congo para uma cerim\u00f3nia de homenagem \u00e0 equipa, apesar de terem compromissos com os seus clubes.<\/li>\n<li>Segundo as regras da FIFA, os futebolistas deviam ter regressado aos clubes na quinta-feira, 48 horas ap\u00f3s o jogo, o que n\u00e3o aconteceu para alguns atletas.<\/li>\n<li>O Lille pretendia contar com Chancel Mbemba para o jogo de s\u00e1bado contra o Lens, mas n\u00e3o houve retorno. No Lens, Mukau regressou a tempo, Masuaku permanece no Congo.<\/li>\n<li>A Federa\u00e7\u00e3o Congolesa j\u00e1 viu o caso levado \u00e0 Comiss\u00e3o de Disciplina da FIFA, que pode considerar um precedente perigoso para clubes que pagam sal\u00e1rios aos jogadores.<\/li>\n<\/ul>\n","protected":false},"author":2,"featured_media":431868,"comment_status":"closed","ping_status":"closed","sticky":false,"template":"","format":"standard","meta":{"footnotes":""},"categories":[21,24],"tags":[1367,6613,152,32,242,2057],"class_list":["post-431864","post","type-post","status-publish","format-standard","has-post-thumbnail","hentry","category-desporto","category-futebol","tag-clubes","tag-comissao-de-disciplina","tag-desporto","tag-futebol","tag-jogadores","tag-selecao-nacional"],"yoast_head":"<!-- This site is optimized with the Yoast SEO plugin v27.2 - https:\/\/yoast.com\/product\/yoast-seo-wordpress\/ -->\n<title>Jogadores congoleses retidos em \u00c1frica para celebrar - Portal Tela Portugal<\/title>\n<meta name=\"robots\" content=\"index, follow, max-snippet:-1, max-image-preview:large, max-video-preview:-1\" \/>\n<meta property=\"og:locale\" content=\"pt_PT\" \/>\n<meta property=\"og:type\" content=\"article\" \/>\n<meta property=\"og:title\" content=\"Jogadores congoleses retidos em \u00c1frica para celebrar - Portal Tela Portugal\" \/>\n<meta property=\"og:description\" content=\"A sele\u00e7\u00e3o da Rep\u00fablica Democr\u00e1tica do Congo qualificou-se para o Mundial\u20192026 ao afastar a Jamaica, mas o momento de festa est\u00e1 a transformar-se num problema jur\u00eddico. Alguns jogadores continuam retidos no Congo para uma cerim\u00f3nia de homenagem \u00e0 equipa, apesar de terem compromissos com os seus clubes. Segundo as regras da FIFA, os futebolistas deviam ter regressado aos clubes na quinta-feira, 48 horas ap\u00f3s o jogo, o que n\u00e3o aconteceu para alguns atletas. O Lille pretendia contar com Chancel Mbemba para o jogo de s\u00e1bado contra o Lens, mas n\u00e3o houve retorno. No Lens, Mukau regressou a tempo, Masuaku permanece no Congo. A Federa\u00e7\u00e3o Congolesa j\u00e1 viu o caso levado \u00e0 Comiss\u00e3o de Disciplina da FIFA, que pode considerar um precedente perigoso para clubes que pagam sal\u00e1rios aos jogadores.\" \/>\n<meta property=\"og:url\" content=\"https:\/\/portaltela.pt\/noticias\/2026\/04\/03\/jogadores-congoleses-retidos-em-africa-para-celebrar\/\" \/>\n<meta property=\"og:site_name\" content=\"Portal Tela Portugal\" \/>\n<meta property=\"article:published_time\" content=\"2026-04-03T19:17:08+00:00\" \/>\n<meta name=\"author\" content=\"Telinha\" \/>\n<meta name=\"twitter:card\" content=\"summary_large_image\" \/>\n<meta name=\"twitter:label1\" content=\"Escrito por\" \/>\n\t<meta name=\"twitter:data1\" content=\"Telinha\" \/>\n\t<meta name=\"twitter:label2\" content=\"Tempo estimado de leitura\" \/>\n\t<meta name=\"twitter:data2\" content=\"1 minuto\" \/>\n<script type=\"application\/ld+json\" class=\"yoast-schema-graph\">{\"@context\":\"https:\/\/schema.org\",\"@graph\":[{\"@type\":\"Article\",\"@id\":\"https:\/\/portaltela.pt\/noticias\/2026\/04\/03\/jogadores-congoleses-retidos-em-africa-para-celebrar\/#article\",\"isPartOf\":{\"@id\":\"https:\/\/portaltela.pt\/noticias\/2026\/04\/03\/jogadores-congoleses-retidos-em-africa-para-celebrar\/\"},\"author\":{\"name\":\"Telinha\",\"@id\":\"https:\/\/portaltela.pt\/#\/schema\/person\/c4278d4a6028830caff9ee44b42d32ed\"},\"headline\":\"Jogadores congoleses retidos em \u00c1frica para celebrar\",\"datePublished\":\"2026-04-03T19:17:08+00:00\",\"mainEntityOfPage\":{\"@id\":\"https:\/\/portaltela.pt\/noticias\/2026\/04\/03\/jogadores-congoleses-retidos-em-africa-para-celebrar\/\"},\"wordCount\":204,\"image\":{\"@id\":\"https:\/\/portaltela.pt\/noticias\/2026\/04\/03\/jogadores-congoleses-retidos-em-africa-para-celebrar\/#primaryimage\"},\"thumbnailUrl\":\"https:\/\/portaltela.pt\/s.01k8rhncp4jt1\/2026\/04\/img_920x518uu2026-04-03-20-09-45-2430960.jpg\",\"keywords\":[\"clubes\",\"Comiss\u00e3o de Disciplina\",\"desporto\",\"futebol\",\"jogadores\",\"Sele\u00e7\u00e3o Nacional\"],\"articleSection\":[\"Desporto\",\"Futebol\"],\"inLanguage\":\"pt-PT\"},{\"@type\":\"WebPage\",\"@id\":\"https:\/\/portaltela.pt\/noticias\/2026\/04\/03\/jogadores-congoleses-retidos-em-africa-para-celebrar\/\",\"url\":\"https:\/\/portaltela.pt\/noticias\/2026\/04\/03\/jogadores-congoleses-retidos-em-africa-para-celebrar\/\",\"name\":\"Jogadores congoleses retidos em \u00c1frica para celebrar - Portal Tela Portugal\",\"isPartOf\":{\"@id\":\"https:\/\/portaltela.pt\/#website\"},\"primaryImageOfPage\":{\"@id\":\"https:\/\/portaltela.pt\/noticias\/2026\/04\/03\/jogadores-congoleses-retidos-em-africa-para-celebrar\/#primaryimage\"},\"image\":{\"@id\":\"https:\/\/portaltela.pt\/noticias\/2026\/04\/03\/jogadores-congoleses-retidos-em-africa-para-celebrar\/#primaryimage\"},\"thumbnailUrl\":\"https:\/\/portaltela.pt\/s.01k8rhncp4jt1\/2026\/04\/img_920x518uu2026-04-03-20-09-45-2430960.jpg\",\"datePublished\":\"2026-04-03T19:17:08+00:00\",\"author\":{\"@id\":\"https:\/\/portaltela.pt\/#\/schema\/person\/c4278d4a6028830caff9ee44b42d32ed\"},\"breadcrumb\":{\"@id\":\"https:\/\/portaltela.pt\/noticias\/2026\/04\/03\/jogadores-congoleses-retidos-em-africa-para-celebrar\/#breadcrumb\"},\"inLanguage\":\"pt-PT\",\"potentialAction\":[{\"@type\":\"ReadAction\",\"target\":[\"https:\/\/portaltela.pt\/noticias\/2026\/04\/03\/jogadores-congoleses-retidos-em-africa-para-celebrar\/\"]}]},{\"@type\":\"ImageObject\",\"inLanguage\":\"pt-PT\",\"@id\":\"https:\/\/portaltela.pt\/noticias\/2026\/04\/03\/jogadores-congoleses-retidos-em-africa-para-celebrar\/#primaryimage\",\"url\":\"https:\/\/portaltela.pt\/s.01k8rhncp4jt1\/2026\/04\/img_920x518uu2026-04-03-20-09-45-2430960.jpg\",\"contentUrl\":\"https:\/\/portaltela.pt\/s.01k8rhncp4jt1\/2026\/04\/img_920x518uu2026-04-03-20-09-45-2430960.jpg\",\"width\":796,\"height\":448,\"caption\":\"Mbemba retido em \u00c1frica impede o jogador de defender o Lille\"},{\"@type\":\"BreadcrumbList\",\"@id\":\"https:\/\/portaltela.pt\/noticias\/2026\/04\/03\/jogadores-congoleses-retidos-em-africa-para-celebrar\/#breadcrumb\",\"itemListElement\":[{\"@type\":\"ListItem\",\"position\":1,\"name\":\"In\u00edcio\",\"item\":\"https:\/\/portaltela.pt\/\"},{\"@type\":\"ListItem\",\"position\":2,\"name\":\"Jogadores congoleses retidos em \u00c1frica para celebrar\"}]},{\"@type\":\"WebSite\",\"@id\":\"https:\/\/portaltela.pt\/#website\",\"url\":\"https:\/\/portaltela.pt\/\",\"name\":\"Portal Tela Portugal\",\"description\":\"\",\"potentialAction\":[{\"@type\":\"SearchAction\",\"target\":{\"@type\":\"EntryPoint\",\"urlTemplate\":\"https:\/\/portaltela.pt\/?s={search_term_string}\"},\"query-input\":{\"@type\":\"PropertyValueSpecification\",\"valueRequired\":true,\"valueName\":\"search_term_string\"}}],\"inLanguage\":\"pt-PT\"},{\"@type\":\"Person\",\"@id\":\"https:\/\/portaltela.pt\/#\/schema\/person\/c4278d4a6028830caff9ee44b42d32ed\",\"name\":\"Telinha\",\"image\":{\"@type\":\"ImageObject\",\"inLanguage\":\"pt-PT\",\"@id\":\"https:\/\/portaltela.pt\/s.01k8rhncp4jt1\/2025\/11\/talking-bot-125x125.png\",\"url\":\"https:\/\/portaltela.pt\/s.01k8rhncp4jt1\/2025\/11\/talking-bot-125x125.png\",\"contentUrl\":\"https:\/\/portaltela.pt\/s.01k8rhncp4jt1\/2025\/11\/talking-bot-125x125.png\",\"caption\":\"Telinha\"},\"sameAs\":[\"https:\/\/portaltela.pt\/\"],\"url\":\"https:\/\/portaltela.pt\/por\/367410592786\/\"}]}<\/script>\n<!-- \/ Yoast SEO plugin. -->","yoast_head_json":{"title":"Jogadores congoleses retidos em \u00c1frica para celebrar - Portal Tela Portugal","robots":{"index":"index","follow":"follow","max-snippet":"max-snippet:-1","max-image-preview":"max-image-preview:large","max-video-preview":"max-video-preview:-1"},"og_locale":"pt_PT","og_type":"article","og_title":"Jogadores congoleses retidos em \u00c1frica para celebrar - Portal Tela Portugal","og_description":"A sele\u00e7\u00e3o da Rep\u00fablica Democr\u00e1tica do Congo qualificou-se para o Mundial\u20192026 ao afastar a Jamaica, mas o momento de festa est\u00e1 a transformar-se num problema jur\u00eddico. Alguns jogadores continuam retidos no Congo para uma cerim\u00f3nia de homenagem \u00e0 equipa, apesar de terem compromissos com os seus clubes. Segundo as regras da FIFA, os futebolistas deviam ter regressado aos clubes na quinta-feira, 48 horas ap\u00f3s o jogo, o que n\u00e3o aconteceu para alguns atletas. O Lille pretendia contar com Chancel Mbemba para o jogo de s\u00e1bado contra o Lens, mas n\u00e3o houve retorno. No Lens, Mukau regressou a tempo, Masuaku permanece no Congo. A Federa\u00e7\u00e3o Congolesa j\u00e1 viu o caso levado \u00e0 Comiss\u00e3o de Disciplina da FIFA, que pode considerar um precedente perigoso para clubes que pagam sal\u00e1rios aos jogadores.","og_url":"https:\/\/portaltela.pt\/noticias\/2026\/04\/03\/jogadores-congoleses-retidos-em-africa-para-celebrar\/","og_site_name":"Portal Tela Portugal","article_published_time":"2026-04-03T19:17:08+00:00","author":"Telinha","twitter_card":"summary_large_image","twitter_misc":{"Escrito por":"Telinha","Tempo estimado de leitura":"1 minuto"},"schema":{"@context":"https:\/\/schema.org","@graph":[{"@type":"Article","@id":"https:\/\/portaltela.pt\/noticias\/2026\/04\/03\/jogadores-congoleses-retidos-em-africa-para-celebrar\/#article","isPartOf":{"@id":"https:\/\/portaltela.pt\/noticias\/2026\/04\/03\/jogadores-congoleses-retidos-em-africa-para-celebrar\/"},"author":{"name":"Telinha","@id":"https:\/\/portaltela.pt\/#\/schema\/person\/c4278d4a6028830caff9ee44b42d32ed"},"headline":"Jogadores congoleses retidos em \u00c1frica para celebrar","datePublished":"2026-04-03T19:17:08+00:00","mainEntityOfPage":{"@id":"https:\/\/portaltela.pt\/noticias\/2026\/04\/03\/jogadores-congoleses-retidos-em-africa-para-celebrar\/"},"wordCount":204,"image":{"@id":"https:\/\/portaltela.pt\/noticias\/2026\/04\/03\/jogadores-congoleses-retidos-em-africa-para-celebrar\/#primaryimage"},"thumbnailUrl":"https:\/\/portaltela.pt\/s.01k8rhncp4jt1\/2026\/04\/img_920x518uu2026-04-03-20-09-45-2430960.jpg","keywords":["clubes","Comiss\u00e3o de Disciplina","desporto","futebol","jogadores","Sele\u00e7\u00e3o Nacional"],"articleSection":["Desporto","Futebol"],"inLanguage":"pt-PT"},{"@type":"WebPage","@id":"https:\/\/portaltela.pt\/noticias\/2026\/04\/03\/jogadores-congoleses-retidos-em-africa-para-celebrar\/","url":"https:\/\/portaltela.pt\/noticias\/2026\/04\/03\/jogadores-congoleses-retidos-em-africa-para-celebrar\/","name":"Jogadores congoleses retidos em \u00c1frica para celebrar - Portal Tela Portugal","isPartOf":{"@id":"https:\/\/portaltela.pt\/#website"},"primaryImageOfPage":{"@id":"https:\/\/portaltela.pt\/noticias\/2026\/04\/03\/jogadores-congoleses-retidos-em-africa-para-celebrar\/#primaryimage"},"image":{"@id":"https:\/\/portaltela.pt\/noticias\/2026\/04\/03\/jogadores-congoleses-retidos-em-africa-para-celebrar\/#primaryimage"},"thumbnailUrl":"https:\/\/portaltela.pt\/s.01k8rhncp4jt1\/2026\/04\/img_920x518uu2026-04-03-20-09-45-2430960.jpg","datePublished":"2026-04-03T19:17:08+00:00","author":{"@id":"https:\/\/portaltela.pt\/#\/schema\/person\/c4278d4a6028830caff9ee44b42d32ed"},"breadcrumb":{"@id":"https:\/\/portaltela.pt\/noticias\/2026\/04\/03\/jogadores-congoleses-retidos-em-africa-para-celebrar\/#breadcrumb"},"inLanguage":"pt-PT","potentialAction":[{"@type":"ReadAction","target":["https:\/\/portaltela.pt\/noticias\/2026\/04\/03\/jogadores-congoleses-retidos-em-africa-para-celebrar\/"]}]},{"@type":"ImageObject","inLanguage":"pt-PT","@id":"https:\/\/portaltela.pt\/noticias\/2026\/04\/03\/jogadores-congoleses-retidos-em-africa-para-celebrar\/#primaryimage","url":"https:\/\/portaltela.pt\/s.01k8rhncp4jt1\/2026\/04\/img_920x518uu2026-04-03-20-09-45-2430960.jpg","contentUrl":"https:\/\/portaltela.pt\/s.01k8rhncp4jt1\/2026\/04\/img_920x518uu2026-04-03-20-09-45-2430960.jpg","width":796,"height":448,"caption":"Mbemba retido em \u00c1frica impede o jogador de defender o Lille"},{"@type":"BreadcrumbList","@id":"https:\/\/portaltela.pt\/noticias\/2026\/04\/03\/jogadores-congoleses-retidos-em-africa-para-celebrar\/#breadcrumb","itemListElement":[{"@type":"ListItem","position":1,"name":"In\u00edcio","item":"https:\/\/portaltela.pt\/"},{"@type":"ListItem","position":2,"name":"Jogadores congoleses retidos em \u00c1frica para celebrar"}]},{"@type":"WebSite","@id":"https:\/\/portaltela.pt\/#website","url":"https:\/\/portaltela.pt\/","name":"Portal Tela Portugal","description":"","potentialAction":[{"@type":"SearchAction","target":{"@type":"EntryPoint","urlTemplate":"https:\/\/portaltela.pt\/?s={search_term_string}"},"query-input":{"@type":"PropertyValueSpecification","valueRequired":true,"valueName":"search_term_string"}}],"inLanguage":"pt-PT"},{"@type":"Person","@id":"https:\/\/portaltela.pt\/#\/schema\/person\/c4278d4a6028830caff9ee44b42d32ed","name":"Telinha","image":{"@type":"ImageObject","inLanguage":"pt-PT","@id":"https:\/\/portaltela.pt\/s.01k8rhncp4jt1\/2025\/11\/talking-bot-125x125.png","url":"https:\/\/portaltela.pt\/s.01k8rhncp4jt1\/2025\/11\/talking-bot-125x125.png","contentUrl":"https:\/\/portaltela.pt\/s.01k8rhncp4jt1\/2025\/11\/talking-bot-125x125.png","caption":"Telinha"},"sameAs":["https:\/\/portaltela.pt\/"],"url":"https:\/\/portaltela.pt\/por\/367410592786\/"}]}},"_links":{"self":[{"href":"https:\/\/portaltela.pt\/api\/wp\/v2\/posts\/431864","targetHints":{"allow":["GET"]}}],"collection":[{"href":"https:\/\/portaltela.pt\/api\/wp\/v2\/posts"}],"about":[{"href":"https:\/\/portaltela.pt\/api\/wp\/v2\/types\/post"}],"author":[{"embeddable":true,"href":"https:\/\/portaltela.pt\/api\/wp\/v2\/users\/2"}],"replies":[{"embeddable":true,"href":"https:\/\/portaltela.pt\/api\/wp\/v2\/comments?post=431864"}],"version-history":[{"count":0,"href":"https:\/\/portaltela.pt\/api\/wp\/v2\/posts\/431864\/revisions"}],"wp:featuredmedia":[{"embeddable":true,"href":"https:\/\/portaltela.pt\/api\/wp\/v2\/media\/431868"}],"wp:attachment":[{"href":"https:\/\/portaltela.pt\/api\/wp\/v2\/media?parent=431864"}],"wp:term":[{"taxonomy":"category","embeddable":true,"href":"https:\/\/portaltela.pt\/api\/wp\/v2\/categories?post=431864"},{"taxonomy":"post_tag","embeddable":true,"href":"https:\/\/portaltela.pt\/api\/wp\/v2\/tags?post=431864"}],"curies":[{"name":"wp","href":"https:\/\/api.w.org\/{rel}","templated":true}]}}