{"id":431832,"date":"2026-04-03T15:32:47","date_gmt":"2026-04-03T18:32:47","guid":{"rendered":"https:\/\/portaltela.pt\/noticias\/2026\/04\/03\/duracao-das-reservas-de-petroleo-da-ue\/"},"modified":"2026-04-03T15:32:47","modified_gmt":"2026-04-03T18:32:47","slug":"duracao-das-reservas-de-petroleo-da-ue","status":"publish","type":"post","link":"https:\/\/portaltela.pt\/noticias\/2026\/04\/03\/duracao-das-reservas-de-petroleo-da-ue\/","title":{"rendered":"Dura\u00e7\u00e3o das reservas de petr\u00f3leo da UE"},"content":{"rendered":"<p>Para a Uni\u00e3o Europeia, as reservas de petr\u00f3leo funcionam como amortecedores em tempo de crise. A AIE libertou 400 milh\u00f5es de barris, com 92 milh\u00f5es fornecidos por 20 Estados-membros da UE, para mitigar perturba\u00e7\u00f5es no abastecimento provocadas pela guerra no M\u00e9dio Oriente. Analistas estimam que estas liberta\u00e7\u00f5es podem durar cerca de cinco meses.<\/p>\n<p>A UE consome perto de 10,5 milh\u00f5es de barris di\u00e1rios, equivalente a 10% da procura mundial. A produ\u00e7\u00e3o interna \u00e9 apoiada por reservas de emerg\u00eancia, normalmente entre 100 milh\u00f5es de barris, com a maior parte j\u00e1 libertada em mar\u00e7o. A coordena\u00e7\u00e3o \u00e9 assegurada pela Comiss\u00e3o Europeia.<\/p>\n<h3>O que aconteceu<\/h3>\n<p>Em mar\u00e7o, a AIE aprovou a liberta\u00e7\u00e3o coordenada de 400 milh\u00f5es de barris, incluindo 92 milh\u00f5es libertados pela UE. A medida teve como objetivo reduzir o impacto da escalada de conflitos no M\u00e9dio Oriente sobre os pre\u00e7os e o abastecimento.<\/p>\n<h3>Quem est\u00e1 envolvido<\/h3>\n<p>Vinte Estados-membros contribu\u00edram para a liberta\u00e7\u00e3o emergencial, com a Alemanha na dianteira (19,5 milh\u00f5es de barris), seguida pela Fran\u00e7a (14,6), Espanha (11,6) e It\u00e1lia (10). A UE coordena a resposta, enquanto os governos nacionais gerem as reservas.<\/p>\n<h3>Quando e onde<\/h3>\n<p>A liberta\u00e7\u00e3o central ocorreu a 11 de mar\u00e7o, com impactos analisados nas semanas seguintes. O monitoriza\u00e7\u00e3o das reservas \u00e9 feita pela UE, com base em dados da Ag\u00eancia Internacional de Energia e de entidades do setor.<\/p>\n<h3>Porqu\u00ea<\/h3>\n<p>As medidas respondem ao risco de interrup\u00e7\u00e3o prolongada do abastecimento devido ao conflito regional. A Uni\u00e3o destaca a necessidade de reduzir a procura e manter estabilidade de pre\u00e7os, ao mesmo tempo que avalia novas libera\u00e7\u00f5es se a situa\u00e7\u00e3o piorar.<\/p>\n<h3>Reservas em uso e perspectivas<\/h3>\n<p>As reservas de emerg\u00eancia da UE somam cerca de 100 milh\u00f5es de barris, j\u00e1 em parte liberadas. A estimativa atual aponta para uma dura\u00e7\u00e3o de cerca de 5 meses de consumo a partir das libera\u00e7\u00f5es em vigor, antes que novas a\u00e7\u00f5es sejam consideradas.<\/p>\n<h3>Estoques e capacidade de reposi\u00e7\u00e3o<\/h3>\n<p>Segundo a Kpler, a UE ainda possui cerca de 270 milh\u00f5es de barris de petr\u00f3leo bruto, suficiente para aproximadamente tr\u00eas semanas de consumo bruto. Reservas estrat\u00e9gicas ajudam a sustentar a procura, estimando-se uma redu\u00e7\u00e3o de stocks nos pr\u00f3ximos meses.<\/p>\n<h3>Coment\u00e1rios de especialistas<\/h3>\n<p>Analistas indicam que, sem novas libera\u00e7\u00f5es, os amortecedores podem tornar-se menos eficazes. Oxford Economics projeta um d\u00e9fice de at\u00e9 2 milh\u00f5es de barris por dia, com maior lacuna no sexto m\u00eas em cen\u00e1rios de guerra prolongada.<\/p>\n<h3>Recursos e explora\u00e7\u00e3o<\/h3>\n<p>A ind\u00fastria recorda que existem cerca de 4 mil milh\u00f5es de barris de petr\u00f3leo ainda n\u00e3o explorados na UE. A IOGP aponta que o aproveitamento destes recursos pode refor\u00e7ar a seguran\u00e7a energ\u00e9tica, incluindo zonas como o Mediterr\u00e2neo Oriental e o Mar Negro.<\/p>\n","protected":false},"excerpt":{"rendered":"<ul>\n<li>A Ag\u00eancia Internacional de Energia libertou 400 milh\u00f5es de barris de petr\u00f3leo, com 92 milh\u00f5es provenientes de 20 Estados-membros da Uni\u00e3o Europeia.<\/li>\n<li>Analistas estimam que as reservas libertadas possam durar cerca de cinco meses, tendo tamb\u00e9m o bloco reservas de armazenamento.<\/li>\n<li>A UE consome cerca de 10,5 milh\u00f5es de barris por dia, aproximadamente 10% da procura mundial, com maior consumo na Alemanha, Fran\u00e7a e It\u00e1lia.<\/li>\n<li>Reservas de emerg\u00eancia da UE rondam os 100 milh\u00f5es de barris; cerca de 92 milh\u00f5es foram libertados em mar\u00e7o, no \u00e2mbito da liberta\u00e7\u00e3o coordenada pela AIE.<\/li>\n<li>Pa\u00edses europeus destacam-se na liberta\u00e7\u00e3o: Alemanha, Fran\u00e7a, Espanha e It\u00e1lia foram os principais contribuintes; a Comiss\u00e3o Europeia alerta para o risco de escassez caso persista o conflito no M\u00e9dio Oriente.<\/li>\n<\/ul>\n","protected":false},"author":2,"featured_media":431833,"comment_status":"closed","ping_status":"closed","sticky":false,"template":"","format":"standard","meta":{"footnotes":""},"categories":[6806,1],"tags":[6115,5961,4729,28,174,316],"class_list":["post-431832","post","type-post","status-publish","format-standard","has-post-thumbnail","hentry","category-energia","category-noticias","tag-_economia","tag-a-energia","tag-abastecimento-de-energia","tag-economia","tag-energia","tag-investimento"],"yoast_head":"<!-- This site is optimized with the Yoast SEO plugin v27.2 - https:\/\/yoast.com\/product\/yoast-seo-wordpress\/ -->\n<title>Dura\u00e7\u00e3o das reservas de petr\u00f3leo da UE - Portal Tela Portugal<\/title>\n<meta name=\"robots\" content=\"index, follow, max-snippet:-1, max-image-preview:large, max-video-preview:-1\" \/>\n<meta property=\"og:locale\" content=\"pt_PT\" \/>\n<meta property=\"og:type\" content=\"article\" \/>\n<meta property=\"og:title\" content=\"Dura\u00e7\u00e3o das reservas de petr\u00f3leo da UE - Portal Tela Portugal\" \/>\n<meta property=\"og:description\" content=\"A Ag\u00eancia Internacional de Energia libertou 400 milh\u00f5es de barris de petr\u00f3leo, com 92 milh\u00f5es provenientes de 20 Estados-membros da Uni\u00e3o Europeia. Analistas estimam que as reservas libertadas possam durar cerca de cinco meses, tendo tamb\u00e9m o bloco reservas de armazenamento. A UE consome cerca de 10,5 milh\u00f5es de barris por dia, aproximadamente 10% da procura mundial, com maior consumo na Alemanha, Fran\u00e7a e It\u00e1lia. Reservas de emerg\u00eancia da UE rondam os 100 milh\u00f5es de barris; cerca de 92 milh\u00f5es foram libertados em mar\u00e7o, no \u00e2mbito da liberta\u00e7\u00e3o coordenada pela AIE. Pa\u00edses europeus destacam-se na liberta\u00e7\u00e3o: Alemanha, Fran\u00e7a, Espanha e It\u00e1lia foram os principais contribuintes; a Comiss\u00e3o Europeia alerta para o risco de escassez caso persista o conflito no M\u00e9dio Oriente.\" \/>\n<meta property=\"og:url\" content=\"https:\/\/portaltela.pt\/noticias\/2026\/04\/03\/duracao-das-reservas-de-petroleo-da-ue\/\" \/>\n<meta property=\"og:site_name\" content=\"Portal Tela Portugal\" \/>\n<meta property=\"article:published_time\" content=\"2026-04-03T18:32:47+00:00\" \/>\n<meta name=\"author\" content=\"Telinha\" \/>\n<meta name=\"twitter:card\" content=\"summary_large_image\" \/>\n<meta name=\"twitter:label1\" content=\"Escrito por\" \/>\n\t<meta name=\"twitter:data1\" content=\"Telinha\" \/>\n\t<meta name=\"twitter:label2\" content=\"Tempo estimado de leitura\" \/>\n\t<meta name=\"twitter:data2\" content=\"2 minutos\" \/>\n<script type=\"application\/ld+json\" class=\"yoast-schema-graph\">{\"@context\":\"https:\/\/schema.org\",\"@graph\":[{\"@type\":\"Article\",\"@id\":\"https:\/\/portaltela.pt\/noticias\/2026\/04\/03\/duracao-das-reservas-de-petroleo-da-ue\/#article\",\"isPartOf\":{\"@id\":\"https:\/\/portaltela.pt\/noticias\/2026\/04\/03\/duracao-das-reservas-de-petroleo-da-ue\/\"},\"author\":{\"name\":\"Telinha\",\"@id\":\"https:\/\/portaltela.pt\/#\/schema\/person\/c4278d4a6028830caff9ee44b42d32ed\"},\"headline\":\"Dura\u00e7\u00e3o das reservas de petr\u00f3leo da UE\",\"datePublished\":\"2026-04-03T18:32:47+00:00\",\"mainEntityOfPage\":{\"@id\":\"https:\/\/portaltela.pt\/noticias\/2026\/04\/03\/duracao-das-reservas-de-petroleo-da-ue\/\"},\"wordCount\":487,\"image\":{\"@id\":\"https:\/\/portaltela.pt\/noticias\/2026\/04\/03\/duracao-das-reservas-de-petroleo-da-ue\/#primaryimage\"},\"thumbnailUrl\":\"https:\/\/portaltela.pt\/s.01k8rhncp4jt1\/2026\/04\/1536x864_cmsv2_628b5f32-c46f-51c5-a35a-6f8c0fd5ba4a-9707771.jpg\",\"keywords\":[\"_economia\",\"a energia\",\"abastecimento de energia\",\"economia\",\"energia\",\"investimento\"],\"articleSection\":[\"Energia\",\"Not\u00edcias\"],\"inLanguage\":\"pt-PT\"},{\"@type\":\"WebPage\",\"@id\":\"https:\/\/portaltela.pt\/noticias\/2026\/04\/03\/duracao-das-reservas-de-petroleo-da-ue\/\",\"url\":\"https:\/\/portaltela.pt\/noticias\/2026\/04\/03\/duracao-das-reservas-de-petroleo-da-ue\/\",\"name\":\"Dura\u00e7\u00e3o das reservas de petr\u00f3leo da UE - Portal Tela Portugal\",\"isPartOf\":{\"@id\":\"https:\/\/portaltela.pt\/#website\"},\"primaryImageOfPage\":{\"@id\":\"https:\/\/portaltela.pt\/noticias\/2026\/04\/03\/duracao-das-reservas-de-petroleo-da-ue\/#primaryimage\"},\"image\":{\"@id\":\"https:\/\/portaltela.pt\/noticias\/2026\/04\/03\/duracao-das-reservas-de-petroleo-da-ue\/#primaryimage\"},\"thumbnailUrl\":\"https:\/\/portaltela.pt\/s.01k8rhncp4jt1\/2026\/04\/1536x864_cmsv2_628b5f32-c46f-51c5-a35a-6f8c0fd5ba4a-9707771.jpg\",\"datePublished\":\"2026-04-03T18:32:47+00:00\",\"author\":{\"@id\":\"https:\/\/portaltela.pt\/#\/schema\/person\/c4278d4a6028830caff9ee44b42d32ed\"},\"breadcrumb\":{\"@id\":\"https:\/\/portaltela.pt\/noticias\/2026\/04\/03\/duracao-das-reservas-de-petroleo-da-ue\/#breadcrumb\"},\"inLanguage\":\"pt-PT\",\"potentialAction\":[{\"@type\":\"ReadAction\",\"target\":[\"https:\/\/portaltela.pt\/noticias\/2026\/04\/03\/duracao-das-reservas-de-petroleo-da-ue\/\"]}]},{\"@type\":\"ImageObject\",\"inLanguage\":\"pt-PT\",\"@id\":\"https:\/\/portaltela.pt\/noticias\/2026\/04\/03\/duracao-das-reservas-de-petroleo-da-ue\/#primaryimage\",\"url\":\"https:\/\/portaltela.pt\/s.01k8rhncp4jt1\/2026\/04\/1536x864_cmsv2_628b5f32-c46f-51c5-a35a-6f8c0fd5ba4a-9707771.jpg\",\"contentUrl\":\"https:\/\/portaltela.pt\/s.01k8rhncp4jt1\/2026\/04\/1536x864_cmsv2_628b5f32-c46f-51c5-a35a-6f8c0fd5ba4a-9707771.jpg\",\"width\":796,\"height\":448,\"caption\":\"Grandes tanques de petr\u00f3leo em frente \u00e0 refinaria da BP em Gelsenkirchen, um dos maiores produtores de combust\u00edvel da Alemanha, quarta-feira, 11 de mar\u00e7o de 2026.\"},{\"@type\":\"BreadcrumbList\",\"@id\":\"https:\/\/portaltela.pt\/noticias\/2026\/04\/03\/duracao-das-reservas-de-petroleo-da-ue\/#breadcrumb\",\"itemListElement\":[{\"@type\":\"ListItem\",\"position\":1,\"name\":\"In\u00edcio\",\"item\":\"https:\/\/portaltela.pt\/\"},{\"@type\":\"ListItem\",\"position\":2,\"name\":\"Dura\u00e7\u00e3o das reservas de petr\u00f3leo da UE\"}]},{\"@type\":\"WebSite\",\"@id\":\"https:\/\/portaltela.pt\/#website\",\"url\":\"https:\/\/portaltela.pt\/\",\"name\":\"Portal Tela Portugal\",\"description\":\"\",\"potentialAction\":[{\"@type\":\"SearchAction\",\"target\":{\"@type\":\"EntryPoint\",\"urlTemplate\":\"https:\/\/portaltela.pt\/?s={search_term_string}\"},\"query-input\":{\"@type\":\"PropertyValueSpecification\",\"valueRequired\":true,\"valueName\":\"search_term_string\"}}],\"inLanguage\":\"pt-PT\"},{\"@type\":\"Person\",\"@id\":\"https:\/\/portaltela.pt\/#\/schema\/person\/c4278d4a6028830caff9ee44b42d32ed\",\"name\":\"Telinha\",\"image\":{\"@type\":\"ImageObject\",\"inLanguage\":\"pt-PT\",\"@id\":\"https:\/\/portaltela.pt\/s.01k8rhncp4jt1\/2025\/11\/talking-bot-125x125.png\",\"url\":\"https:\/\/portaltela.pt\/s.01k8rhncp4jt1\/2025\/11\/talking-bot-125x125.png\",\"contentUrl\":\"https:\/\/portaltela.pt\/s.01k8rhncp4jt1\/2025\/11\/talking-bot-125x125.png\",\"caption\":\"Telinha\"},\"sameAs\":[\"https:\/\/portaltela.pt\/\"],\"url\":\"https:\/\/portaltela.pt\/por\/367410592786\/\"}]}<\/script>\n<!-- \/ Yoast SEO plugin. -->","yoast_head_json":{"title":"Dura\u00e7\u00e3o das reservas de petr\u00f3leo da UE - Portal Tela Portugal","robots":{"index":"index","follow":"follow","max-snippet":"max-snippet:-1","max-image-preview":"max-image-preview:large","max-video-preview":"max-video-preview:-1"},"og_locale":"pt_PT","og_type":"article","og_title":"Dura\u00e7\u00e3o das reservas de petr\u00f3leo da UE - Portal Tela Portugal","og_description":"A Ag\u00eancia Internacional de Energia libertou 400 milh\u00f5es de barris de petr\u00f3leo, com 92 milh\u00f5es provenientes de 20 Estados-membros da Uni\u00e3o Europeia. Analistas estimam que as reservas libertadas possam durar cerca de cinco meses, tendo tamb\u00e9m o bloco reservas de armazenamento. A UE consome cerca de 10,5 milh\u00f5es de barris por dia, aproximadamente 10% da procura mundial, com maior consumo na Alemanha, Fran\u00e7a e It\u00e1lia. Reservas de emerg\u00eancia da UE rondam os 100 milh\u00f5es de barris; cerca de 92 milh\u00f5es foram libertados em mar\u00e7o, no \u00e2mbito da liberta\u00e7\u00e3o coordenada pela AIE. Pa\u00edses europeus destacam-se na liberta\u00e7\u00e3o: Alemanha, Fran\u00e7a, Espanha e It\u00e1lia foram os principais contribuintes; a Comiss\u00e3o Europeia alerta para o risco de escassez caso persista o conflito no M\u00e9dio Oriente.","og_url":"https:\/\/portaltela.pt\/noticias\/2026\/04\/03\/duracao-das-reservas-de-petroleo-da-ue\/","og_site_name":"Portal Tela Portugal","article_published_time":"2026-04-03T18:32:47+00:00","author":"Telinha","twitter_card":"summary_large_image","twitter_misc":{"Escrito por":"Telinha","Tempo estimado de leitura":"2 minutos"},"schema":{"@context":"https:\/\/schema.org","@graph":[{"@type":"Article","@id":"https:\/\/portaltela.pt\/noticias\/2026\/04\/03\/duracao-das-reservas-de-petroleo-da-ue\/#article","isPartOf":{"@id":"https:\/\/portaltela.pt\/noticias\/2026\/04\/03\/duracao-das-reservas-de-petroleo-da-ue\/"},"author":{"name":"Telinha","@id":"https:\/\/portaltela.pt\/#\/schema\/person\/c4278d4a6028830caff9ee44b42d32ed"},"headline":"Dura\u00e7\u00e3o das reservas de petr\u00f3leo da UE","datePublished":"2026-04-03T18:32:47+00:00","mainEntityOfPage":{"@id":"https:\/\/portaltela.pt\/noticias\/2026\/04\/03\/duracao-das-reservas-de-petroleo-da-ue\/"},"wordCount":487,"image":{"@id":"https:\/\/portaltela.pt\/noticias\/2026\/04\/03\/duracao-das-reservas-de-petroleo-da-ue\/#primaryimage"},"thumbnailUrl":"https:\/\/portaltela.pt\/s.01k8rhncp4jt1\/2026\/04\/1536x864_cmsv2_628b5f32-c46f-51c5-a35a-6f8c0fd5ba4a-9707771.jpg","keywords":["_economia","a energia","abastecimento de energia","economia","energia","investimento"],"articleSection":["Energia","Not\u00edcias"],"inLanguage":"pt-PT"},{"@type":"WebPage","@id":"https:\/\/portaltela.pt\/noticias\/2026\/04\/03\/duracao-das-reservas-de-petroleo-da-ue\/","url":"https:\/\/portaltela.pt\/noticias\/2026\/04\/03\/duracao-das-reservas-de-petroleo-da-ue\/","name":"Dura\u00e7\u00e3o das reservas de petr\u00f3leo da UE - Portal Tela Portugal","isPartOf":{"@id":"https:\/\/portaltela.pt\/#website"},"primaryImageOfPage":{"@id":"https:\/\/portaltela.pt\/noticias\/2026\/04\/03\/duracao-das-reservas-de-petroleo-da-ue\/#primaryimage"},"image":{"@id":"https:\/\/portaltela.pt\/noticias\/2026\/04\/03\/duracao-das-reservas-de-petroleo-da-ue\/#primaryimage"},"thumbnailUrl":"https:\/\/portaltela.pt\/s.01k8rhncp4jt1\/2026\/04\/1536x864_cmsv2_628b5f32-c46f-51c5-a35a-6f8c0fd5ba4a-9707771.jpg","datePublished":"2026-04-03T18:32:47+00:00","author":{"@id":"https:\/\/portaltela.pt\/#\/schema\/person\/c4278d4a6028830caff9ee44b42d32ed"},"breadcrumb":{"@id":"https:\/\/portaltela.pt\/noticias\/2026\/04\/03\/duracao-das-reservas-de-petroleo-da-ue\/#breadcrumb"},"inLanguage":"pt-PT","potentialAction":[{"@type":"ReadAction","target":["https:\/\/portaltela.pt\/noticias\/2026\/04\/03\/duracao-das-reservas-de-petroleo-da-ue\/"]}]},{"@type":"ImageObject","inLanguage":"pt-PT","@id":"https:\/\/portaltela.pt\/noticias\/2026\/04\/03\/duracao-das-reservas-de-petroleo-da-ue\/#primaryimage","url":"https:\/\/portaltela.pt\/s.01k8rhncp4jt1\/2026\/04\/1536x864_cmsv2_628b5f32-c46f-51c5-a35a-6f8c0fd5ba4a-9707771.jpg","contentUrl":"https:\/\/portaltela.pt\/s.01k8rhncp4jt1\/2026\/04\/1536x864_cmsv2_628b5f32-c46f-51c5-a35a-6f8c0fd5ba4a-9707771.jpg","width":796,"height":448,"caption":"Grandes tanques de petr\u00f3leo em frente \u00e0 refinaria da BP em Gelsenkirchen, um dos maiores produtores de combust\u00edvel da Alemanha, quarta-feira, 11 de mar\u00e7o de 2026."},{"@type":"BreadcrumbList","@id":"https:\/\/portaltela.pt\/noticias\/2026\/04\/03\/duracao-das-reservas-de-petroleo-da-ue\/#breadcrumb","itemListElement":[{"@type":"ListItem","position":1,"name":"In\u00edcio","item":"https:\/\/portaltela.pt\/"},{"@type":"ListItem","position":2,"name":"Dura\u00e7\u00e3o das reservas de petr\u00f3leo da UE"}]},{"@type":"WebSite","@id":"https:\/\/portaltela.pt\/#website","url":"https:\/\/portaltela.pt\/","name":"Portal Tela Portugal","description":"","potentialAction":[{"@type":"SearchAction","target":{"@type":"EntryPoint","urlTemplate":"https:\/\/portaltela.pt\/?s={search_term_string}"},"query-input":{"@type":"PropertyValueSpecification","valueRequired":true,"valueName":"search_term_string"}}],"inLanguage":"pt-PT"},{"@type":"Person","@id":"https:\/\/portaltela.pt\/#\/schema\/person\/c4278d4a6028830caff9ee44b42d32ed","name":"Telinha","image":{"@type":"ImageObject","inLanguage":"pt-PT","@id":"https:\/\/portaltela.pt\/s.01k8rhncp4jt1\/2025\/11\/talking-bot-125x125.png","url":"https:\/\/portaltela.pt\/s.01k8rhncp4jt1\/2025\/11\/talking-bot-125x125.png","contentUrl":"https:\/\/portaltela.pt\/s.01k8rhncp4jt1\/2025\/11\/talking-bot-125x125.png","caption":"Telinha"},"sameAs":["https:\/\/portaltela.pt\/"],"url":"https:\/\/portaltela.pt\/por\/367410592786\/"}]}},"_links":{"self":[{"href":"https:\/\/portaltela.pt\/api\/wp\/v2\/posts\/431832","targetHints":{"allow":["GET"]}}],"collection":[{"href":"https:\/\/portaltela.pt\/api\/wp\/v2\/posts"}],"about":[{"href":"https:\/\/portaltela.pt\/api\/wp\/v2\/types\/post"}],"author":[{"embeddable":true,"href":"https:\/\/portaltela.pt\/api\/wp\/v2\/users\/2"}],"replies":[{"embeddable":true,"href":"https:\/\/portaltela.pt\/api\/wp\/v2\/comments?post=431832"}],"version-history":[{"count":0,"href":"https:\/\/portaltela.pt\/api\/wp\/v2\/posts\/431832\/revisions"}],"wp:featuredmedia":[{"embeddable":true,"href":"https:\/\/portaltela.pt\/api\/wp\/v2\/media\/431833"}],"wp:attachment":[{"href":"https:\/\/portaltela.pt\/api\/wp\/v2\/media?parent=431832"}],"wp:term":[{"taxonomy":"category","embeddable":true,"href":"https:\/\/portaltela.pt\/api\/wp\/v2\/categories?post=431832"},{"taxonomy":"post_tag","embeddable":true,"href":"https:\/\/portaltela.pt\/api\/wp\/v2\/tags?post=431832"}],"curies":[{"name":"wp","href":"https:\/\/api.w.org\/{rel}","templated":true}]}}