{"id":431820,"date":"2026-04-03T15:32:18","date_gmt":"2026-04-03T18:32:18","guid":{"rendered":"https:\/\/portaltela.pt\/noticias\/2026\/04\/03\/dibu-martinez-fica-triste-com-falta-de-interesse-do-manchester-united\/"},"modified":"2026-04-03T15:32:18","modified_gmt":"2026-04-03T18:32:18","slug":"dibu-martinez-fica-triste-com-falta-de-interesse-do-manchester-united","status":"publish","type":"post","link":"https:\/\/portaltela.pt\/desporto\/futebol\/2026\/04\/03\/dibu-martinez-fica-triste-com-falta-de-interesse-do-manchester-united\/","title":{"rendered":"Dibu Mart\u00ednez fica triste com falta de interesse do Manchester United"},"content":{"rendered":"<p>O guarda-redes argentino Emiliano \u2018Dibu\u2019 Mart\u00ednez est\u00e1 envolvido numa poss\u00edvel not\u00edcia de transfer\u00eancias envolvendo o Manchester United. Segundo informa\u00e7\u00f5es, o interesse do clube de Old Trafford n\u00e3o ter\u00e1 avan\u00e7ado ap\u00f3s o mercado de janeiro, quando surgiram rumores de uma poss\u00edvel transfer\u00eancia.<\/p>\n<p>O Aston Villa mant\u00e9m Mart\u00ednez como titular, mas o jogador, que conquistou o t\u00edtulo mundial, ficou desapontado com a aus\u00eancia de progresso nas negocia\u00e7\u00f5es. Informa\u00e7\u00e3o de fontes ligadas ao atleta indica que o objetivo era discutir uma mudan\u00e7a para o United, ainda antes da reabertura de contactos.<\/p>\n<p>Segundo a mesma fonte, o Manchester United j\u00e1 n\u00e3o demonstraria o mesmo n\u00edvel de interesse que existia em janeiro. O objetivo do jogador seria encontrar uma oportunidade competitiva na baliza na pr\u00f3xima janela.<\/p>\n<h3>Inter de Mil\u00e3o entra em cena, poss\u00edvel destino<\/h3>\n<p>Ao que tudo indica, o Inter de Mil\u00e3o surge como alternativa vi\u00e1vel na perspetiva do jogador. A equipa italiana estaria a avaliar a contrata\u00e7\u00e3o de um guarda-redes experiente para refor\u00e7ar o plantel, buscando manter o desempenho entre as competi\u00e7\u00f5es nacionais e internacionais.<\/p>\n","protected":false},"excerpt":{"rendered":"<ul>\n<li>O guarda-redes argentino Emiliano \u201cDibu\u201d Mart\u00ednez est\u00e1 desapontado com a falta de interesse do Manchester United na sua contrata\u00e7\u00e3o.<\/li>\n<li>Em janeiro, o Manchester United apontou o campe\u00e3o do mundo como alvo, mas acabou por contratar o jovem belga Senne Lammens.<\/li>\n<li>Mart\u00ednez acreditava que a negocia\u00e7\u00e3o continuaria e que o agente dele voltaria a reunir-se com a dire\u00e7\u00e3o do United.<\/li>\n<li>Uma fonte perto do jogador disse ao Football Insider que ele est\u00e1 muito triste e desapontado com a mudan\u00e7a de postura do clube.<\/li>\n<li>O Inter de Mil\u00e3o est\u00e1 \u00e0 procura de um guarda-redes e pode considerar o argentino no futuro.<\/li>\n<\/ul>\n","protected":false},"author":2,"featured_media":431822,"comment_status":"closed","ping_status":"closed","sticky":false,"template":"","format":"standard","meta":{"footnotes":""},"categories":[21,24],"tags":[5625,32,3338,4813,3187,2050],"class_list":["post-431820","post","type-post","status-publish","format-standard","has-post-thumbnail","hentry","category-desporto","category-futebol","tag-aston-villa","tag-futebol","tag-futebol-internacional","tag-inter-milao","tag-manchester-united","tag-transferencias"],"yoast_head":"<!-- This site is optimized with the Yoast SEO plugin v27.2 - https:\/\/yoast.com\/product\/yoast-seo-wordpress\/ -->\n<title>Dibu Mart\u00ednez fica triste com falta de interesse do Manchester United - Portal Tela Portugal<\/title>\n<meta name=\"robots\" content=\"index, follow, max-snippet:-1, max-image-preview:large, max-video-preview:-1\" \/>\n<meta property=\"og:locale\" content=\"pt_PT\" \/>\n<meta property=\"og:type\" content=\"article\" \/>\n<meta property=\"og:title\" content=\"Dibu Mart\u00ednez fica triste com falta de interesse do Manchester United - Portal Tela Portugal\" \/>\n<meta property=\"og:description\" content=\"O guarda-redes argentino Emiliano \u201cDibu\u201d Mart\u00ednez est\u00e1 desapontado com a falta de interesse do Manchester United na sua contrata\u00e7\u00e3o. Em janeiro, o Manchester United apontou o campe\u00e3o do mundo como alvo, mas acabou por contratar o jovem belga Senne Lammens. Mart\u00ednez acreditava que a negocia\u00e7\u00e3o continuaria e que o agente dele voltaria a reunir-se com a dire\u00e7\u00e3o do United. Uma fonte perto do jogador disse ao Football Insider que ele est\u00e1 muito triste e desapontado com a mudan\u00e7a de postura do clube. O Inter de Mil\u00e3o est\u00e1 \u00e0 procura de um guarda-redes e pode considerar o argentino no futuro.\" \/>\n<meta property=\"og:url\" content=\"https:\/\/portaltela.pt\/noticias\/2026\/04\/03\/dibu-martinez-fica-triste-com-falta-de-interesse-do-manchester-united\/\" \/>\n<meta property=\"og:site_name\" content=\"Portal Tela Portugal\" \/>\n<meta property=\"article:published_time\" content=\"2026-04-03T18:32:18+00:00\" \/>\n<meta name=\"author\" content=\"Telinha\" \/>\n<meta name=\"twitter:card\" content=\"summary_large_image\" \/>\n<meta name=\"twitter:label1\" content=\"Escrito por\" \/>\n\t<meta name=\"twitter:data1\" content=\"Telinha\" \/>\n\t<meta name=\"twitter:label2\" content=\"Tempo estimado de leitura\" \/>\n\t<meta name=\"twitter:data2\" content=\"1 minuto\" \/>\n<script type=\"application\/ld+json\" class=\"yoast-schema-graph\">{\"@context\":\"https:\/\/schema.org\",\"@graph\":[{\"@type\":\"Article\",\"@id\":\"https:\/\/portaltela.pt\/noticias\/2026\/04\/03\/dibu-martinez-fica-triste-com-falta-de-interesse-do-manchester-united\/#article\",\"isPartOf\":{\"@id\":\"https:\/\/portaltela.pt\/noticias\/2026\/04\/03\/dibu-martinez-fica-triste-com-falta-de-interesse-do-manchester-united\/\"},\"author\":{\"name\":\"Telinha\",\"@id\":\"https:\/\/portaltela.pt\/#\/schema\/person\/c4278d4a6028830caff9ee44b42d32ed\"},\"headline\":\"Dibu Mart\u00ednez fica triste com falta de interesse do Manchester United\",\"datePublished\":\"2026-04-03T18:32:18+00:00\",\"mainEntityOfPage\":{\"@id\":\"https:\/\/portaltela.pt\/noticias\/2026\/04\/03\/dibu-martinez-fica-triste-com-falta-de-interesse-do-manchester-united\/\"},\"wordCount\":210,\"image\":{\"@id\":\"https:\/\/portaltela.pt\/noticias\/2026\/04\/03\/dibu-martinez-fica-triste-com-falta-de-interesse-do-manchester-united\/#primaryimage\"},\"thumbnailUrl\":\"https:\/\/portaltela.pt\/s.01k8rhncp4jt1\/2026\/04\/img_920x518uu2026-04-03-19-26-27-2430948.jpg\",\"keywords\":[\"Aston Villa\",\"futebol\",\"futebol internacional\",\"Inter Mil\u00e3o\",\"Manchester United\",\"transfer\u00eancias\"],\"articleSection\":[\"Desporto\",\"Futebol\"],\"inLanguage\":\"pt-PT\"},{\"@type\":\"WebPage\",\"@id\":\"https:\/\/portaltela.pt\/noticias\/2026\/04\/03\/dibu-martinez-fica-triste-com-falta-de-interesse-do-manchester-united\/\",\"url\":\"https:\/\/portaltela.pt\/noticias\/2026\/04\/03\/dibu-martinez-fica-triste-com-falta-de-interesse-do-manchester-united\/\",\"name\":\"Dibu Mart\u00ednez fica triste com falta de interesse do Manchester United - Portal Tela Portugal\",\"isPartOf\":{\"@id\":\"https:\/\/portaltela.pt\/#website\"},\"primaryImageOfPage\":{\"@id\":\"https:\/\/portaltela.pt\/noticias\/2026\/04\/03\/dibu-martinez-fica-triste-com-falta-de-interesse-do-manchester-united\/#primaryimage\"},\"image\":{\"@id\":\"https:\/\/portaltela.pt\/noticias\/2026\/04\/03\/dibu-martinez-fica-triste-com-falta-de-interesse-do-manchester-united\/#primaryimage\"},\"thumbnailUrl\":\"https:\/\/portaltela.pt\/s.01k8rhncp4jt1\/2026\/04\/img_920x518uu2026-04-03-19-26-27-2430948.jpg\",\"datePublished\":\"2026-04-03T18:32:18+00:00\",\"author\":{\"@id\":\"https:\/\/portaltela.pt\/#\/schema\/person\/c4278d4a6028830caff9ee44b42d32ed\"},\"breadcrumb\":{\"@id\":\"https:\/\/portaltela.pt\/noticias\/2026\/04\/03\/dibu-martinez-fica-triste-com-falta-de-interesse-do-manchester-united\/#breadcrumb\"},\"inLanguage\":\"pt-PT\",\"potentialAction\":[{\"@type\":\"ReadAction\",\"target\":[\"https:\/\/portaltela.pt\/noticias\/2026\/04\/03\/dibu-martinez-fica-triste-com-falta-de-interesse-do-manchester-united\/\"]}]},{\"@type\":\"ImageObject\",\"inLanguage\":\"pt-PT\",\"@id\":\"https:\/\/portaltela.pt\/noticias\/2026\/04\/03\/dibu-martinez-fica-triste-com-falta-de-interesse-do-manchester-united\/#primaryimage\",\"url\":\"https:\/\/portaltela.pt\/s.01k8rhncp4jt1\/2026\/04\/img_920x518uu2026-04-03-19-26-27-2430948.jpg\",\"contentUrl\":\"https:\/\/portaltela.pt\/s.01k8rhncp4jt1\/2026\/04\/img_920x518uu2026-04-03-19-26-27-2430948.jpg\",\"width\":796,\"height\":448,\"caption\":\"Emiliano Mart\u00ednez aquece antes da partida\"},{\"@type\":\"BreadcrumbList\",\"@id\":\"https:\/\/portaltela.pt\/noticias\/2026\/04\/03\/dibu-martinez-fica-triste-com-falta-de-interesse-do-manchester-united\/#breadcrumb\",\"itemListElement\":[{\"@type\":\"ListItem\",\"position\":1,\"name\":\"In\u00edcio\",\"item\":\"https:\/\/portaltela.pt\/\"},{\"@type\":\"ListItem\",\"position\":2,\"name\":\"Dibu Mart\u00ednez fica triste com falta de interesse do Manchester United\"}]},{\"@type\":\"WebSite\",\"@id\":\"https:\/\/portaltela.pt\/#website\",\"url\":\"https:\/\/portaltela.pt\/\",\"name\":\"Portal Tela Portugal\",\"description\":\"\",\"potentialAction\":[{\"@type\":\"SearchAction\",\"target\":{\"@type\":\"EntryPoint\",\"urlTemplate\":\"https:\/\/portaltela.pt\/?s={search_term_string}\"},\"query-input\":{\"@type\":\"PropertyValueSpecification\",\"valueRequired\":true,\"valueName\":\"search_term_string\"}}],\"inLanguage\":\"pt-PT\"},{\"@type\":\"Person\",\"@id\":\"https:\/\/portaltela.pt\/#\/schema\/person\/c4278d4a6028830caff9ee44b42d32ed\",\"name\":\"Telinha\",\"image\":{\"@type\":\"ImageObject\",\"inLanguage\":\"pt-PT\",\"@id\":\"https:\/\/portaltela.pt\/s.01k8rhncp4jt1\/2025\/11\/talking-bot-125x125.png\",\"url\":\"https:\/\/portaltela.pt\/s.01k8rhncp4jt1\/2025\/11\/talking-bot-125x125.png\",\"contentUrl\":\"https:\/\/portaltela.pt\/s.01k8rhncp4jt1\/2025\/11\/talking-bot-125x125.png\",\"caption\":\"Telinha\"},\"sameAs\":[\"https:\/\/portaltela.pt\/\"],\"url\":\"https:\/\/portaltela.pt\/por\/367410592786\/\"}]}<\/script>\n<!-- \/ Yoast SEO plugin. -->","yoast_head_json":{"title":"Dibu Mart\u00ednez fica triste com falta de interesse do Manchester United - Portal Tela Portugal","robots":{"index":"index","follow":"follow","max-snippet":"max-snippet:-1","max-image-preview":"max-image-preview:large","max-video-preview":"max-video-preview:-1"},"og_locale":"pt_PT","og_type":"article","og_title":"Dibu Mart\u00ednez fica triste com falta de interesse do Manchester United - Portal Tela Portugal","og_description":"O guarda-redes argentino Emiliano \u201cDibu\u201d Mart\u00ednez est\u00e1 desapontado com a falta de interesse do Manchester United na sua contrata\u00e7\u00e3o. Em janeiro, o Manchester United apontou o campe\u00e3o do mundo como alvo, mas acabou por contratar o jovem belga Senne Lammens. Mart\u00ednez acreditava que a negocia\u00e7\u00e3o continuaria e que o agente dele voltaria a reunir-se com a dire\u00e7\u00e3o do United. Uma fonte perto do jogador disse ao Football Insider que ele est\u00e1 muito triste e desapontado com a mudan\u00e7a de postura do clube. O Inter de Mil\u00e3o est\u00e1 \u00e0 procura de um guarda-redes e pode considerar o argentino no futuro.","og_url":"https:\/\/portaltela.pt\/noticias\/2026\/04\/03\/dibu-martinez-fica-triste-com-falta-de-interesse-do-manchester-united\/","og_site_name":"Portal Tela Portugal","article_published_time":"2026-04-03T18:32:18+00:00","author":"Telinha","twitter_card":"summary_large_image","twitter_misc":{"Escrito por":"Telinha","Tempo estimado de leitura":"1 minuto"},"schema":{"@context":"https:\/\/schema.org","@graph":[{"@type":"Article","@id":"https:\/\/portaltela.pt\/noticias\/2026\/04\/03\/dibu-martinez-fica-triste-com-falta-de-interesse-do-manchester-united\/#article","isPartOf":{"@id":"https:\/\/portaltela.pt\/noticias\/2026\/04\/03\/dibu-martinez-fica-triste-com-falta-de-interesse-do-manchester-united\/"},"author":{"name":"Telinha","@id":"https:\/\/portaltela.pt\/#\/schema\/person\/c4278d4a6028830caff9ee44b42d32ed"},"headline":"Dibu Mart\u00ednez fica triste com falta de interesse do Manchester United","datePublished":"2026-04-03T18:32:18+00:00","mainEntityOfPage":{"@id":"https:\/\/portaltela.pt\/noticias\/2026\/04\/03\/dibu-martinez-fica-triste-com-falta-de-interesse-do-manchester-united\/"},"wordCount":210,"image":{"@id":"https:\/\/portaltela.pt\/noticias\/2026\/04\/03\/dibu-martinez-fica-triste-com-falta-de-interesse-do-manchester-united\/#primaryimage"},"thumbnailUrl":"https:\/\/portaltela.pt\/s.01k8rhncp4jt1\/2026\/04\/img_920x518uu2026-04-03-19-26-27-2430948.jpg","keywords":["Aston Villa","futebol","futebol internacional","Inter Mil\u00e3o","Manchester United","transfer\u00eancias"],"articleSection":["Desporto","Futebol"],"inLanguage":"pt-PT"},{"@type":"WebPage","@id":"https:\/\/portaltela.pt\/noticias\/2026\/04\/03\/dibu-martinez-fica-triste-com-falta-de-interesse-do-manchester-united\/","url":"https:\/\/portaltela.pt\/noticias\/2026\/04\/03\/dibu-martinez-fica-triste-com-falta-de-interesse-do-manchester-united\/","name":"Dibu Mart\u00ednez fica triste com falta de interesse do Manchester United - Portal Tela Portugal","isPartOf":{"@id":"https:\/\/portaltela.pt\/#website"},"primaryImageOfPage":{"@id":"https:\/\/portaltela.pt\/noticias\/2026\/04\/03\/dibu-martinez-fica-triste-com-falta-de-interesse-do-manchester-united\/#primaryimage"},"image":{"@id":"https:\/\/portaltela.pt\/noticias\/2026\/04\/03\/dibu-martinez-fica-triste-com-falta-de-interesse-do-manchester-united\/#primaryimage"},"thumbnailUrl":"https:\/\/portaltela.pt\/s.01k8rhncp4jt1\/2026\/04\/img_920x518uu2026-04-03-19-26-27-2430948.jpg","datePublished":"2026-04-03T18:32:18+00:00","author":{"@id":"https:\/\/portaltela.pt\/#\/schema\/person\/c4278d4a6028830caff9ee44b42d32ed"},"breadcrumb":{"@id":"https:\/\/portaltela.pt\/noticias\/2026\/04\/03\/dibu-martinez-fica-triste-com-falta-de-interesse-do-manchester-united\/#breadcrumb"},"inLanguage":"pt-PT","potentialAction":[{"@type":"ReadAction","target":["https:\/\/portaltela.pt\/noticias\/2026\/04\/03\/dibu-martinez-fica-triste-com-falta-de-interesse-do-manchester-united\/"]}]},{"@type":"ImageObject","inLanguage":"pt-PT","@id":"https:\/\/portaltela.pt\/noticias\/2026\/04\/03\/dibu-martinez-fica-triste-com-falta-de-interesse-do-manchester-united\/#primaryimage","url":"https:\/\/portaltela.pt\/s.01k8rhncp4jt1\/2026\/04\/img_920x518uu2026-04-03-19-26-27-2430948.jpg","contentUrl":"https:\/\/portaltela.pt\/s.01k8rhncp4jt1\/2026\/04\/img_920x518uu2026-04-03-19-26-27-2430948.jpg","width":796,"height":448,"caption":"Emiliano Mart\u00ednez aquece antes da partida"},{"@type":"BreadcrumbList","@id":"https:\/\/portaltela.pt\/noticias\/2026\/04\/03\/dibu-martinez-fica-triste-com-falta-de-interesse-do-manchester-united\/#breadcrumb","itemListElement":[{"@type":"ListItem","position":1,"name":"In\u00edcio","item":"https:\/\/portaltela.pt\/"},{"@type":"ListItem","position":2,"name":"Dibu Mart\u00ednez fica triste com falta de interesse do Manchester United"}]},{"@type":"WebSite","@id":"https:\/\/portaltela.pt\/#website","url":"https:\/\/portaltela.pt\/","name":"Portal Tela Portugal","description":"","potentialAction":[{"@type":"SearchAction","target":{"@type":"EntryPoint","urlTemplate":"https:\/\/portaltela.pt\/?s={search_term_string}"},"query-input":{"@type":"PropertyValueSpecification","valueRequired":true,"valueName":"search_term_string"}}],"inLanguage":"pt-PT"},{"@type":"Person","@id":"https:\/\/portaltela.pt\/#\/schema\/person\/c4278d4a6028830caff9ee44b42d32ed","name":"Telinha","image":{"@type":"ImageObject","inLanguage":"pt-PT","@id":"https:\/\/portaltela.pt\/s.01k8rhncp4jt1\/2025\/11\/talking-bot-125x125.png","url":"https:\/\/portaltela.pt\/s.01k8rhncp4jt1\/2025\/11\/talking-bot-125x125.png","contentUrl":"https:\/\/portaltela.pt\/s.01k8rhncp4jt1\/2025\/11\/talking-bot-125x125.png","caption":"Telinha"},"sameAs":["https:\/\/portaltela.pt\/"],"url":"https:\/\/portaltela.pt\/por\/367410592786\/"}]}},"_links":{"self":[{"href":"https:\/\/portaltela.pt\/api\/wp\/v2\/posts\/431820","targetHints":{"allow":["GET"]}}],"collection":[{"href":"https:\/\/portaltela.pt\/api\/wp\/v2\/posts"}],"about":[{"href":"https:\/\/portaltela.pt\/api\/wp\/v2\/types\/post"}],"author":[{"embeddable":true,"href":"https:\/\/portaltela.pt\/api\/wp\/v2\/users\/2"}],"replies":[{"embeddable":true,"href":"https:\/\/portaltela.pt\/api\/wp\/v2\/comments?post=431820"}],"version-history":[{"count":0,"href":"https:\/\/portaltela.pt\/api\/wp\/v2\/posts\/431820\/revisions"}],"wp:featuredmedia":[{"embeddable":true,"href":"https:\/\/portaltela.pt\/api\/wp\/v2\/media\/431822"}],"wp:attachment":[{"href":"https:\/\/portaltela.pt\/api\/wp\/v2\/media?parent=431820"}],"wp:term":[{"taxonomy":"category","embeddable":true,"href":"https:\/\/portaltela.pt\/api\/wp\/v2\/categories?post=431820"},{"taxonomy":"post_tag","embeddable":true,"href":"https:\/\/portaltela.pt\/api\/wp\/v2\/tags?post=431820"}],"curies":[{"name":"wp","href":"https:\/\/api.w.org\/{rel}","templated":true}]}}