{"id":431804,"date":"2026-04-03T15:17:11","date_gmt":"2026-04-03T18:17:11","guid":{"rendered":"https:\/\/portaltela.pt\/noticias\/2026\/04\/03\/everton-quer-manter-grealish-mas-sem-loucuras\/"},"modified":"2026-04-03T15:17:11","modified_gmt":"2026-04-03T18:17:11","slug":"everton-quer-manter-grealish-mas-sem-loucuras","status":"publish","type":"post","link":"https:\/\/portaltela.pt\/desporto\/futebol\/2026\/04\/03\/everton-quer-manter-grealish-mas-sem-loucuras\/","title":{"rendered":"Everton quer manter Grealish, mas sem loucuras"},"content":{"rendered":"<p>O Everton pretende manter Jack Grealish no plantel, apesar do empr\u00e9stimo ao clube de Liverpool. O jogador de 30 anos tem tido uma temporada de qualidade, mesmo ap\u00f3s sofrer uma les\u00e3o num p\u00e9 que levou \u00e0 opera\u00e7\u00e3o.<\/p>\n<p>A prioridade do Everton \u00e9 convencer o Manchester City a libertar o atleta. O acordo entre os clubes estabelece uma cl\u00e1usula de compra de 50 milh\u00f5es de euros, valor que o clube ingl\u00eas n\u00e3o dever\u00e1 alcan\u00e7ar.<\/p>\n<p>Grealish encontra-se avaliado em 25 milh\u00f5es de euros pelo portal Transfermarkt. Nesta temporada disputou 22 jogos, marcou 2 golos e assistiu 6 vezes.<\/p>\n<h3>Situa\u00e7\u00e3o contratual<\/h3>\n<p>A procura por uma extens\u00e3o de empr\u00e9stimo ou uma venda permanente depende de negocia\u00e7\u00f5es entre os dois clubes e da avalia\u00e7\u00e3o da cl\u00e1usula de compra.<\/p>\n<p>A dire\u00e7\u00e3o do Everton pretende manter o atleta sem comprometer o equil\u00edbrio financeiro do clube. O futuro de Grealish permanece em aberto, sujeita a novas conversas com o City.<\/p>\n","protected":false},"excerpt":{"rendered":"<ul>\n<li>O Everton quer manter Jack Grealish, jogador de 30 anos emprestado pelo Manchester City.<\/li>\n<li>Grealish tem tido uma \u00e9poca de qualidade, apesar de uma les\u00e3o no p\u00e9 que levou \u00e0 opera\u00e7\u00e3o.<\/li>\n<li>O clube de Liverpool tenta convencer o City a libertar o jogador de forma definitiva.<\/li>\n<li>Existe uma cl\u00e1usula de compra de 50 milh\u00f5es de euros entre os dois clubes, valor considerado pouco prov\u00e1vel pelo Everton.<\/li>\n<li>Grealish est\u00e1 avaliado em 25 milh\u00f5es de euros pelo Transfermarkt, e soma 22 jogos, 2 golos e 6 assist\u00eancias.<\/li>\n<\/ul>\n","protected":false},"author":2,"featured_media":431807,"comment_status":"closed","ping_status":"closed","sticky":false,"template":"","format":"standard","meta":{"footnotes":""},"categories":[21,24],"tags":[2457,32,3338,1980,1633,2836],"class_list":["post-431804","post","type-post","status-publish","format-standard","has-post-thumbnail","hentry","category-desporto","category-futebol","tag-emprestimos","tag-futebol","tag-futebol-internacional","tag-manchester-city","tag-transferencias-internacionais","tag-transfers"],"yoast_head":"<!-- This site is optimized with the Yoast SEO plugin v27.2 - https:\/\/yoast.com\/product\/yoast-seo-wordpress\/ -->\n<title>Everton quer manter Grealish, mas sem loucuras - Portal Tela Portugal<\/title>\n<meta name=\"robots\" content=\"index, follow, max-snippet:-1, max-image-preview:large, max-video-preview:-1\" \/>\n<meta property=\"og:locale\" content=\"pt_PT\" \/>\n<meta property=\"og:type\" content=\"article\" \/>\n<meta property=\"og:title\" content=\"Everton quer manter Grealish, mas sem loucuras - Portal Tela Portugal\" \/>\n<meta property=\"og:description\" content=\"O Everton quer manter Jack Grealish, jogador de 30 anos emprestado pelo Manchester City. Grealish tem tido uma \u00e9poca de qualidade, apesar de uma les\u00e3o no p\u00e9 que levou \u00e0 opera\u00e7\u00e3o. O clube de Liverpool tenta convencer o City a libertar o jogador de forma definitiva. Existe uma cl\u00e1usula de compra de 50 milh\u00f5es de euros entre os dois clubes, valor considerado pouco prov\u00e1vel pelo Everton. Grealish est\u00e1 avaliado em 25 milh\u00f5es de euros pelo Transfermarkt, e soma 22 jogos, 2 golos e 6 assist\u00eancias.\" \/>\n<meta property=\"og:url\" content=\"https:\/\/portaltela.pt\/noticias\/2026\/04\/03\/everton-quer-manter-grealish-mas-sem-loucuras\/\" \/>\n<meta property=\"og:site_name\" content=\"Portal Tela Portugal\" \/>\n<meta property=\"article:published_time\" content=\"2026-04-03T18:17:11+00:00\" \/>\n<meta name=\"author\" content=\"Telinha\" \/>\n<meta name=\"twitter:card\" content=\"summary_large_image\" \/>\n<meta name=\"twitter:label1\" content=\"Escrito por\" \/>\n\t<meta name=\"twitter:data1\" content=\"Telinha\" \/>\n\t<meta name=\"twitter:label2\" content=\"Tempo estimado de leitura\" \/>\n\t<meta name=\"twitter:data2\" content=\"1 minuto\" \/>\n<script type=\"application\/ld+json\" class=\"yoast-schema-graph\">{\"@context\":\"https:\/\/schema.org\",\"@graph\":[{\"@type\":\"Article\",\"@id\":\"https:\/\/portaltela.pt\/noticias\/2026\/04\/03\/everton-quer-manter-grealish-mas-sem-loucuras\/#article\",\"isPartOf\":{\"@id\":\"https:\/\/portaltela.pt\/noticias\/2026\/04\/03\/everton-quer-manter-grealish-mas-sem-loucuras\/\"},\"author\":{\"name\":\"Telinha\",\"@id\":\"https:\/\/portaltela.pt\/#\/schema\/person\/c4278d4a6028830caff9ee44b42d32ed\"},\"headline\":\"Everton quer manter Grealish, mas sem loucuras\",\"datePublished\":\"2026-04-03T18:17:11+00:00\",\"mainEntityOfPage\":{\"@id\":\"https:\/\/portaltela.pt\/noticias\/2026\/04\/03\/everton-quer-manter-grealish-mas-sem-loucuras\/\"},\"wordCount\":169,\"image\":{\"@id\":\"https:\/\/portaltela.pt\/noticias\/2026\/04\/03\/everton-quer-manter-grealish-mas-sem-loucuras\/#primaryimage\"},\"thumbnailUrl\":\"https:\/\/portaltela.pt\/s.01k8rhncp4jt1\/2026\/04\/img_920x518uu2026-04-03-19-09-10-2430946.jpg\",\"keywords\":[\"empr\u00e9stimos\",\"futebol\",\"futebol internacional\",\"Manchester City\",\"transfer\u00eancias internacionais\",\"transfers\"],\"articleSection\":[\"Desporto\",\"Futebol\"],\"inLanguage\":\"pt-PT\"},{\"@type\":\"WebPage\",\"@id\":\"https:\/\/portaltela.pt\/noticias\/2026\/04\/03\/everton-quer-manter-grealish-mas-sem-loucuras\/\",\"url\":\"https:\/\/portaltela.pt\/noticias\/2026\/04\/03\/everton-quer-manter-grealish-mas-sem-loucuras\/\",\"name\":\"Everton quer manter Grealish, mas sem loucuras - Portal Tela Portugal\",\"isPartOf\":{\"@id\":\"https:\/\/portaltela.pt\/#website\"},\"primaryImageOfPage\":{\"@id\":\"https:\/\/portaltela.pt\/noticias\/2026\/04\/03\/everton-quer-manter-grealish-mas-sem-loucuras\/#primaryimage\"},\"image\":{\"@id\":\"https:\/\/portaltela.pt\/noticias\/2026\/04\/03\/everton-quer-manter-grealish-mas-sem-loucuras\/#primaryimage\"},\"thumbnailUrl\":\"https:\/\/portaltela.pt\/s.01k8rhncp4jt1\/2026\/04\/img_920x518uu2026-04-03-19-09-10-2430946.jpg\",\"datePublished\":\"2026-04-03T18:17:11+00:00\",\"author\":{\"@id\":\"https:\/\/portaltela.pt\/#\/schema\/person\/c4278d4a6028830caff9ee44b42d32ed\"},\"breadcrumb\":{\"@id\":\"https:\/\/portaltela.pt\/noticias\/2026\/04\/03\/everton-quer-manter-grealish-mas-sem-loucuras\/#breadcrumb\"},\"inLanguage\":\"pt-PT\",\"potentialAction\":[{\"@type\":\"ReadAction\",\"target\":[\"https:\/\/portaltela.pt\/noticias\/2026\/04\/03\/everton-quer-manter-grealish-mas-sem-loucuras\/\"]}]},{\"@type\":\"ImageObject\",\"inLanguage\":\"pt-PT\",\"@id\":\"https:\/\/portaltela.pt\/noticias\/2026\/04\/03\/everton-quer-manter-grealish-mas-sem-loucuras\/#primaryimage\",\"url\":\"https:\/\/portaltela.pt\/s.01k8rhncp4jt1\/2026\/04\/img_920x518uu2026-04-03-19-09-10-2430946.jpg\",\"contentUrl\":\"https:\/\/portaltela.pt\/s.01k8rhncp4jt1\/2026\/04\/img_920x518uu2026-04-03-19-09-10-2430946.jpg\",\"width\":796,\"height\":448,\"caption\":\"Jack Grealish \u00e9 alvo do Everton\"},{\"@type\":\"BreadcrumbList\",\"@id\":\"https:\/\/portaltela.pt\/noticias\/2026\/04\/03\/everton-quer-manter-grealish-mas-sem-loucuras\/#breadcrumb\",\"itemListElement\":[{\"@type\":\"ListItem\",\"position\":1,\"name\":\"In\u00edcio\",\"item\":\"https:\/\/portaltela.pt\/\"},{\"@type\":\"ListItem\",\"position\":2,\"name\":\"Everton quer manter Grealish, mas sem loucuras\"}]},{\"@type\":\"WebSite\",\"@id\":\"https:\/\/portaltela.pt\/#website\",\"url\":\"https:\/\/portaltela.pt\/\",\"name\":\"Portal Tela Portugal\",\"description\":\"\",\"potentialAction\":[{\"@type\":\"SearchAction\",\"target\":{\"@type\":\"EntryPoint\",\"urlTemplate\":\"https:\/\/portaltela.pt\/?s={search_term_string}\"},\"query-input\":{\"@type\":\"PropertyValueSpecification\",\"valueRequired\":true,\"valueName\":\"search_term_string\"}}],\"inLanguage\":\"pt-PT\"},{\"@type\":\"Person\",\"@id\":\"https:\/\/portaltela.pt\/#\/schema\/person\/c4278d4a6028830caff9ee44b42d32ed\",\"name\":\"Telinha\",\"image\":{\"@type\":\"ImageObject\",\"inLanguage\":\"pt-PT\",\"@id\":\"https:\/\/portaltela.pt\/s.01k8rhncp4jt1\/2025\/11\/talking-bot-125x125.png\",\"url\":\"https:\/\/portaltela.pt\/s.01k8rhncp4jt1\/2025\/11\/talking-bot-125x125.png\",\"contentUrl\":\"https:\/\/portaltela.pt\/s.01k8rhncp4jt1\/2025\/11\/talking-bot-125x125.png\",\"caption\":\"Telinha\"},\"sameAs\":[\"https:\/\/portaltela.pt\/\"],\"url\":\"https:\/\/portaltela.pt\/por\/367410592786\/\"}]}<\/script>\n<!-- \/ Yoast SEO plugin. -->","yoast_head_json":{"title":"Everton quer manter Grealish, mas sem loucuras - Portal Tela Portugal","robots":{"index":"index","follow":"follow","max-snippet":"max-snippet:-1","max-image-preview":"max-image-preview:large","max-video-preview":"max-video-preview:-1"},"og_locale":"pt_PT","og_type":"article","og_title":"Everton quer manter Grealish, mas sem loucuras - Portal Tela Portugal","og_description":"O Everton quer manter Jack Grealish, jogador de 30 anos emprestado pelo Manchester City. Grealish tem tido uma \u00e9poca de qualidade, apesar de uma les\u00e3o no p\u00e9 que levou \u00e0 opera\u00e7\u00e3o. O clube de Liverpool tenta convencer o City a libertar o jogador de forma definitiva. Existe uma cl\u00e1usula de compra de 50 milh\u00f5es de euros entre os dois clubes, valor considerado pouco prov\u00e1vel pelo Everton. Grealish est\u00e1 avaliado em 25 milh\u00f5es de euros pelo Transfermarkt, e soma 22 jogos, 2 golos e 6 assist\u00eancias.","og_url":"https:\/\/portaltela.pt\/noticias\/2026\/04\/03\/everton-quer-manter-grealish-mas-sem-loucuras\/","og_site_name":"Portal Tela Portugal","article_published_time":"2026-04-03T18:17:11+00:00","author":"Telinha","twitter_card":"summary_large_image","twitter_misc":{"Escrito por":"Telinha","Tempo estimado de leitura":"1 minuto"},"schema":{"@context":"https:\/\/schema.org","@graph":[{"@type":"Article","@id":"https:\/\/portaltela.pt\/noticias\/2026\/04\/03\/everton-quer-manter-grealish-mas-sem-loucuras\/#article","isPartOf":{"@id":"https:\/\/portaltela.pt\/noticias\/2026\/04\/03\/everton-quer-manter-grealish-mas-sem-loucuras\/"},"author":{"name":"Telinha","@id":"https:\/\/portaltela.pt\/#\/schema\/person\/c4278d4a6028830caff9ee44b42d32ed"},"headline":"Everton quer manter Grealish, mas sem loucuras","datePublished":"2026-04-03T18:17:11+00:00","mainEntityOfPage":{"@id":"https:\/\/portaltela.pt\/noticias\/2026\/04\/03\/everton-quer-manter-grealish-mas-sem-loucuras\/"},"wordCount":169,"image":{"@id":"https:\/\/portaltela.pt\/noticias\/2026\/04\/03\/everton-quer-manter-grealish-mas-sem-loucuras\/#primaryimage"},"thumbnailUrl":"https:\/\/portaltela.pt\/s.01k8rhncp4jt1\/2026\/04\/img_920x518uu2026-04-03-19-09-10-2430946.jpg","keywords":["empr\u00e9stimos","futebol","futebol internacional","Manchester City","transfer\u00eancias internacionais","transfers"],"articleSection":["Desporto","Futebol"],"inLanguage":"pt-PT"},{"@type":"WebPage","@id":"https:\/\/portaltela.pt\/noticias\/2026\/04\/03\/everton-quer-manter-grealish-mas-sem-loucuras\/","url":"https:\/\/portaltela.pt\/noticias\/2026\/04\/03\/everton-quer-manter-grealish-mas-sem-loucuras\/","name":"Everton quer manter Grealish, mas sem loucuras - Portal Tela Portugal","isPartOf":{"@id":"https:\/\/portaltela.pt\/#website"},"primaryImageOfPage":{"@id":"https:\/\/portaltela.pt\/noticias\/2026\/04\/03\/everton-quer-manter-grealish-mas-sem-loucuras\/#primaryimage"},"image":{"@id":"https:\/\/portaltela.pt\/noticias\/2026\/04\/03\/everton-quer-manter-grealish-mas-sem-loucuras\/#primaryimage"},"thumbnailUrl":"https:\/\/portaltela.pt\/s.01k8rhncp4jt1\/2026\/04\/img_920x518uu2026-04-03-19-09-10-2430946.jpg","datePublished":"2026-04-03T18:17:11+00:00","author":{"@id":"https:\/\/portaltela.pt\/#\/schema\/person\/c4278d4a6028830caff9ee44b42d32ed"},"breadcrumb":{"@id":"https:\/\/portaltela.pt\/noticias\/2026\/04\/03\/everton-quer-manter-grealish-mas-sem-loucuras\/#breadcrumb"},"inLanguage":"pt-PT","potentialAction":[{"@type":"ReadAction","target":["https:\/\/portaltela.pt\/noticias\/2026\/04\/03\/everton-quer-manter-grealish-mas-sem-loucuras\/"]}]},{"@type":"ImageObject","inLanguage":"pt-PT","@id":"https:\/\/portaltela.pt\/noticias\/2026\/04\/03\/everton-quer-manter-grealish-mas-sem-loucuras\/#primaryimage","url":"https:\/\/portaltela.pt\/s.01k8rhncp4jt1\/2026\/04\/img_920x518uu2026-04-03-19-09-10-2430946.jpg","contentUrl":"https:\/\/portaltela.pt\/s.01k8rhncp4jt1\/2026\/04\/img_920x518uu2026-04-03-19-09-10-2430946.jpg","width":796,"height":448,"caption":"Jack Grealish \u00e9 alvo do Everton"},{"@type":"BreadcrumbList","@id":"https:\/\/portaltela.pt\/noticias\/2026\/04\/03\/everton-quer-manter-grealish-mas-sem-loucuras\/#breadcrumb","itemListElement":[{"@type":"ListItem","position":1,"name":"In\u00edcio","item":"https:\/\/portaltela.pt\/"},{"@type":"ListItem","position":2,"name":"Everton quer manter Grealish, mas sem loucuras"}]},{"@type":"WebSite","@id":"https:\/\/portaltela.pt\/#website","url":"https:\/\/portaltela.pt\/","name":"Portal Tela Portugal","description":"","potentialAction":[{"@type":"SearchAction","target":{"@type":"EntryPoint","urlTemplate":"https:\/\/portaltela.pt\/?s={search_term_string}"},"query-input":{"@type":"PropertyValueSpecification","valueRequired":true,"valueName":"search_term_string"}}],"inLanguage":"pt-PT"},{"@type":"Person","@id":"https:\/\/portaltela.pt\/#\/schema\/person\/c4278d4a6028830caff9ee44b42d32ed","name":"Telinha","image":{"@type":"ImageObject","inLanguage":"pt-PT","@id":"https:\/\/portaltela.pt\/s.01k8rhncp4jt1\/2025\/11\/talking-bot-125x125.png","url":"https:\/\/portaltela.pt\/s.01k8rhncp4jt1\/2025\/11\/talking-bot-125x125.png","contentUrl":"https:\/\/portaltela.pt\/s.01k8rhncp4jt1\/2025\/11\/talking-bot-125x125.png","caption":"Telinha"},"sameAs":["https:\/\/portaltela.pt\/"],"url":"https:\/\/portaltela.pt\/por\/367410592786\/"}]}},"_links":{"self":[{"href":"https:\/\/portaltela.pt\/api\/wp\/v2\/posts\/431804","targetHints":{"allow":["GET"]}}],"collection":[{"href":"https:\/\/portaltela.pt\/api\/wp\/v2\/posts"}],"about":[{"href":"https:\/\/portaltela.pt\/api\/wp\/v2\/types\/post"}],"author":[{"embeddable":true,"href":"https:\/\/portaltela.pt\/api\/wp\/v2\/users\/2"}],"replies":[{"embeddable":true,"href":"https:\/\/portaltela.pt\/api\/wp\/v2\/comments?post=431804"}],"version-history":[{"count":0,"href":"https:\/\/portaltela.pt\/api\/wp\/v2\/posts\/431804\/revisions"}],"wp:featuredmedia":[{"embeddable":true,"href":"https:\/\/portaltela.pt\/api\/wp\/v2\/media\/431807"}],"wp:attachment":[{"href":"https:\/\/portaltela.pt\/api\/wp\/v2\/media?parent=431804"}],"wp:term":[{"taxonomy":"category","embeddable":true,"href":"https:\/\/portaltela.pt\/api\/wp\/v2\/categories?post=431804"},{"taxonomy":"post_tag","embeddable":true,"href":"https:\/\/portaltela.pt\/api\/wp\/v2\/tags?post=431804"}],"curies":[{"name":"wp","href":"https:\/\/api.w.org\/{rel}","templated":true}]}}