{"id":431800,"date":"2026-04-03T15:17:07","date_gmt":"2026-04-03T18:17:07","guid":{"rendered":"https:\/\/portaltela.pt\/noticias\/2026\/04\/03\/nuno-tavares-quer-conquistar-algo-especial-com-este-clube\/"},"modified":"2026-04-03T15:17:07","modified_gmt":"2026-04-03T18:17:07","slug":"nuno-tavares-quer-conquistar-algo-especial-com-este-clube","status":"publish","type":"post","link":"https:\/\/portaltela.pt\/desporto\/futebol\/2026\/04\/03\/nuno-tavares-quer-conquistar-algo-especial-com-este-clube\/","title":{"rendered":"Nuno Tavares quer conquistar algo especial com este clube"},"content":{"rendered":"<p>A Lazio recebe o Parma na 31.\u00aa jornada da Serie A, neste s\u00e1bado, em Roma. O encontro promete manter a equipa na luta por posi\u00e7\u00f5es de topo e pela qualifica\u00e7\u00e3o europeia.<\/p>\n<p>Nuno Tavares, lateral esquerdo portugu\u00eas contratado em 2024, mostrou ambi\u00e7\u00e3o ao servi\u00e7o da Lazio. Disse que quer conquistar algo especial para os adeptos, que considera extraordin\u00e1rios, oferecendo um resultado que surpreenda positivamente.<\/p>\n<p>O defesa-esquerdo tamb\u00e9m expressou o desejo de marcar o primeiro golo com a camisola da Lazio, esperando que seja em breve e que possa contribuir para o desempenho do conjunto.<\/p>\n<h3>Ta\u00e7a de It\u00e1lia em foco<\/h3>\n<p>A Lazio encontra-se nas meias-finais da Ta\u00e7a de It\u00e1lia e o jogador ressalta a motiva\u00e7\u00e3o para alcan\u00e7ar o t\u00edtulo. A equipa tem pela frente v\u00e1rios jogos importantes, com o foco na consist\u00eancia exibida antes da pausa para as sele\u00e7\u00f5es.<\/p>\n<p>Em prepara\u00e7\u00e3o para o duelo com o Parma, a forma\u00e7\u00e3o romana trabalha visando manter o n\u00edvel apresentado recentemente, sem perder o foco nas decis\u00f5es que se avizinham na competi\u00e7\u00e3o dom\u00e9stica.<\/p>\n","protected":false},"excerpt":{"rendered":"<ul>\n<li>A Lazio recebe o Parma na 31.\u00aa jornada da Serie A, no s\u00e1bado, com Nuno Tavares a manter ambi\u00e7\u00e3o de triunfar com o clube.<\/li>\n<li>O lateral esquerdo portugu\u00eas, atual alvo da Lazio desde 2024, admite ter o sonho de erguer um trof\u00e9u com o emblema italiano.<\/li>\n<li>Tavares quer fazer o primeiro golo pela Lazio e mostrou-se confiante em alcan\u00e7ar esse marco em breve.<\/li>\n<li>O defesa espera conquistar a Ta\u00e7a de It\u00e1lia, onde a Lazio est\u00e1 nas meias-finais, refor\u00e7ando a motiva\u00e7\u00e3o da equipa.<\/li>\n<li>O jogador sublinha a import\u00e2ncia de manter a consist\u00eancia ap\u00f3s a pausa para as sele\u00e7\u00f5es, para alcan\u00e7ar os objetivos do clube.<\/li>\n<\/ul>\n","protected":false},"author":2,"featured_media":431802,"comment_status":"closed","ping_status":"closed","sticky":false,"template":"","format":"standard","meta":{"footnotes":""},"categories":[21,24],"tags":[2463,32,3338,4337,1786,5297],"class_list":["post-431800","post","type-post","status-publish","format-standard","has-post-thumbnail","hentry","category-desporto","category-futebol","tag-competicao-internacional","tag-futebol","tag-futebol-internacional","tag-lazio","tag-liga","tag-parma"],"yoast_head":"<!-- This site is optimized with the Yoast SEO plugin v27.2 - https:\/\/yoast.com\/product\/yoast-seo-wordpress\/ -->\n<title>Nuno Tavares quer conquistar algo especial com este clube - Portal Tela Portugal<\/title>\n<meta name=\"robots\" content=\"index, follow, max-snippet:-1, max-image-preview:large, max-video-preview:-1\" \/>\n<meta property=\"og:locale\" content=\"pt_PT\" \/>\n<meta property=\"og:type\" content=\"article\" \/>\n<meta property=\"og:title\" content=\"Nuno Tavares quer conquistar algo especial com este clube - Portal Tela Portugal\" \/>\n<meta property=\"og:description\" content=\"A Lazio recebe o Parma na 31.\u00aa jornada da Serie A, no s\u00e1bado, com Nuno Tavares a manter ambi\u00e7\u00e3o de triunfar com o clube. O lateral esquerdo portugu\u00eas, atual alvo da Lazio desde 2024, admite ter o sonho de erguer um trof\u00e9u com o emblema italiano. Tavares quer fazer o primeiro golo pela Lazio e mostrou-se confiante em alcan\u00e7ar esse marco em breve. O defesa espera conquistar a Ta\u00e7a de It\u00e1lia, onde a Lazio est\u00e1 nas meias-finais, refor\u00e7ando a motiva\u00e7\u00e3o da equipa. O jogador sublinha a import\u00e2ncia de manter a consist\u00eancia ap\u00f3s a pausa para as sele\u00e7\u00f5es, para alcan\u00e7ar os objetivos do clube.\" \/>\n<meta property=\"og:url\" content=\"https:\/\/portaltela.pt\/noticias\/2026\/04\/03\/nuno-tavares-quer-conquistar-algo-especial-com-este-clube\/\" \/>\n<meta property=\"og:site_name\" content=\"Portal Tela Portugal\" \/>\n<meta property=\"article:published_time\" content=\"2026-04-03T18:17:07+00:00\" \/>\n<meta name=\"author\" content=\"Telinha\" \/>\n<meta name=\"twitter:card\" content=\"summary_large_image\" \/>\n<meta name=\"twitter:label1\" content=\"Escrito por\" \/>\n\t<meta name=\"twitter:data1\" content=\"Telinha\" \/>\n\t<meta name=\"twitter:label2\" content=\"Tempo estimado de leitura\" \/>\n\t<meta name=\"twitter:data2\" content=\"1 minuto\" \/>\n<script type=\"application\/ld+json\" class=\"yoast-schema-graph\">{\"@context\":\"https:\/\/schema.org\",\"@graph\":[{\"@type\":\"Article\",\"@id\":\"https:\/\/portaltela.pt\/noticias\/2026\/04\/03\/nuno-tavares-quer-conquistar-algo-especial-com-este-clube\/#article\",\"isPartOf\":{\"@id\":\"https:\/\/portaltela.pt\/noticias\/2026\/04\/03\/nuno-tavares-quer-conquistar-algo-especial-com-este-clube\/\"},\"author\":{\"name\":\"Telinha\",\"@id\":\"https:\/\/portaltela.pt\/#\/schema\/person\/c4278d4a6028830caff9ee44b42d32ed\"},\"headline\":\"Nuno Tavares quer conquistar algo especial com este clube\",\"datePublished\":\"2026-04-03T18:17:07+00:00\",\"mainEntityOfPage\":{\"@id\":\"https:\/\/portaltela.pt\/noticias\/2026\/04\/03\/nuno-tavares-quer-conquistar-algo-especial-com-este-clube\/\"},\"wordCount\":198,\"image\":{\"@id\":\"https:\/\/portaltela.pt\/noticias\/2026\/04\/03\/nuno-tavares-quer-conquistar-algo-especial-com-este-clube\/#primaryimage\"},\"thumbnailUrl\":\"https:\/\/portaltela.pt\/s.01k8rhncp4jt1\/2026\/04\/img_920x518uu2025-05-22-23-51-34-2364798.jpg\",\"keywords\":[\"competi\u00e7\u00e3o internacional\",\"futebol\",\"futebol internacional\",\"Lazio\",\"Liga\",\"Parma\"],\"articleSection\":[\"Desporto\",\"Futebol\"],\"inLanguage\":\"pt-PT\"},{\"@type\":\"WebPage\",\"@id\":\"https:\/\/portaltela.pt\/noticias\/2026\/04\/03\/nuno-tavares-quer-conquistar-algo-especial-com-este-clube\/\",\"url\":\"https:\/\/portaltela.pt\/noticias\/2026\/04\/03\/nuno-tavares-quer-conquistar-algo-especial-com-este-clube\/\",\"name\":\"Nuno Tavares quer conquistar algo especial com este clube - Portal Tela Portugal\",\"isPartOf\":{\"@id\":\"https:\/\/portaltela.pt\/#website\"},\"primaryImageOfPage\":{\"@id\":\"https:\/\/portaltela.pt\/noticias\/2026\/04\/03\/nuno-tavares-quer-conquistar-algo-especial-com-este-clube\/#primaryimage\"},\"image\":{\"@id\":\"https:\/\/portaltela.pt\/noticias\/2026\/04\/03\/nuno-tavares-quer-conquistar-algo-especial-com-este-clube\/#primaryimage\"},\"thumbnailUrl\":\"https:\/\/portaltela.pt\/s.01k8rhncp4jt1\/2026\/04\/img_920x518uu2025-05-22-23-51-34-2364798.jpg\",\"datePublished\":\"2026-04-03T18:17:07+00:00\",\"author\":{\"@id\":\"https:\/\/portaltela.pt\/#\/schema\/person\/c4278d4a6028830caff9ee44b42d32ed\"},\"breadcrumb\":{\"@id\":\"https:\/\/portaltela.pt\/noticias\/2026\/04\/03\/nuno-tavares-quer-conquistar-algo-especial-com-este-clube\/#breadcrumb\"},\"inLanguage\":\"pt-PT\",\"potentialAction\":[{\"@type\":\"ReadAction\",\"target\":[\"https:\/\/portaltela.pt\/noticias\/2026\/04\/03\/nuno-tavares-quer-conquistar-algo-especial-com-este-clube\/\"]}]},{\"@type\":\"ImageObject\",\"inLanguage\":\"pt-PT\",\"@id\":\"https:\/\/portaltela.pt\/noticias\/2026\/04\/03\/nuno-tavares-quer-conquistar-algo-especial-com-este-clube\/#primaryimage\",\"url\":\"https:\/\/portaltela.pt\/s.01k8rhncp4jt1\/2026\/04\/img_920x518uu2025-05-22-23-51-34-2364798.jpg\",\"contentUrl\":\"https:\/\/portaltela.pt\/s.01k8rhncp4jt1\/2026\/04\/img_920x518uu2025-05-22-23-51-34-2364798.jpg\",\"width\":796,\"height\":448,\"caption\":\"Nuno Tavares em a\u00e7\u00e3o com a camisola da Lazio\"},{\"@type\":\"BreadcrumbList\",\"@id\":\"https:\/\/portaltela.pt\/noticias\/2026\/04\/03\/nuno-tavares-quer-conquistar-algo-especial-com-este-clube\/#breadcrumb\",\"itemListElement\":[{\"@type\":\"ListItem\",\"position\":1,\"name\":\"In\u00edcio\",\"item\":\"https:\/\/portaltela.pt\/\"},{\"@type\":\"ListItem\",\"position\":2,\"name\":\"Nuno Tavares quer conquistar algo especial com este clube\"}]},{\"@type\":\"WebSite\",\"@id\":\"https:\/\/portaltela.pt\/#website\",\"url\":\"https:\/\/portaltela.pt\/\",\"name\":\"Portal Tela Portugal\",\"description\":\"\",\"potentialAction\":[{\"@type\":\"SearchAction\",\"target\":{\"@type\":\"EntryPoint\",\"urlTemplate\":\"https:\/\/portaltela.pt\/?s={search_term_string}\"},\"query-input\":{\"@type\":\"PropertyValueSpecification\",\"valueRequired\":true,\"valueName\":\"search_term_string\"}}],\"inLanguage\":\"pt-PT\"},{\"@type\":\"Person\",\"@id\":\"https:\/\/portaltela.pt\/#\/schema\/person\/c4278d4a6028830caff9ee44b42d32ed\",\"name\":\"Telinha\",\"image\":{\"@type\":\"ImageObject\",\"inLanguage\":\"pt-PT\",\"@id\":\"https:\/\/portaltela.pt\/s.01k8rhncp4jt1\/2025\/11\/talking-bot-125x125.png\",\"url\":\"https:\/\/portaltela.pt\/s.01k8rhncp4jt1\/2025\/11\/talking-bot-125x125.png\",\"contentUrl\":\"https:\/\/portaltela.pt\/s.01k8rhncp4jt1\/2025\/11\/talking-bot-125x125.png\",\"caption\":\"Telinha\"},\"sameAs\":[\"https:\/\/portaltela.pt\/\"],\"url\":\"https:\/\/portaltela.pt\/por\/367410592786\/\"}]}<\/script>\n<!-- \/ Yoast SEO plugin. -->","yoast_head_json":{"title":"Nuno Tavares quer conquistar algo especial com este clube - Portal Tela Portugal","robots":{"index":"index","follow":"follow","max-snippet":"max-snippet:-1","max-image-preview":"max-image-preview:large","max-video-preview":"max-video-preview:-1"},"og_locale":"pt_PT","og_type":"article","og_title":"Nuno Tavares quer conquistar algo especial com este clube - Portal Tela Portugal","og_description":"A Lazio recebe o Parma na 31.\u00aa jornada da Serie A, no s\u00e1bado, com Nuno Tavares a manter ambi\u00e7\u00e3o de triunfar com o clube. O lateral esquerdo portugu\u00eas, atual alvo da Lazio desde 2024, admite ter o sonho de erguer um trof\u00e9u com o emblema italiano. Tavares quer fazer o primeiro golo pela Lazio e mostrou-se confiante em alcan\u00e7ar esse marco em breve. O defesa espera conquistar a Ta\u00e7a de It\u00e1lia, onde a Lazio est\u00e1 nas meias-finais, refor\u00e7ando a motiva\u00e7\u00e3o da equipa. O jogador sublinha a import\u00e2ncia de manter a consist\u00eancia ap\u00f3s a pausa para as sele\u00e7\u00f5es, para alcan\u00e7ar os objetivos do clube.","og_url":"https:\/\/portaltela.pt\/noticias\/2026\/04\/03\/nuno-tavares-quer-conquistar-algo-especial-com-este-clube\/","og_site_name":"Portal Tela Portugal","article_published_time":"2026-04-03T18:17:07+00:00","author":"Telinha","twitter_card":"summary_large_image","twitter_misc":{"Escrito por":"Telinha","Tempo estimado de leitura":"1 minuto"},"schema":{"@context":"https:\/\/schema.org","@graph":[{"@type":"Article","@id":"https:\/\/portaltela.pt\/noticias\/2026\/04\/03\/nuno-tavares-quer-conquistar-algo-especial-com-este-clube\/#article","isPartOf":{"@id":"https:\/\/portaltela.pt\/noticias\/2026\/04\/03\/nuno-tavares-quer-conquistar-algo-especial-com-este-clube\/"},"author":{"name":"Telinha","@id":"https:\/\/portaltela.pt\/#\/schema\/person\/c4278d4a6028830caff9ee44b42d32ed"},"headline":"Nuno Tavares quer conquistar algo especial com este clube","datePublished":"2026-04-03T18:17:07+00:00","mainEntityOfPage":{"@id":"https:\/\/portaltela.pt\/noticias\/2026\/04\/03\/nuno-tavares-quer-conquistar-algo-especial-com-este-clube\/"},"wordCount":198,"image":{"@id":"https:\/\/portaltela.pt\/noticias\/2026\/04\/03\/nuno-tavares-quer-conquistar-algo-especial-com-este-clube\/#primaryimage"},"thumbnailUrl":"https:\/\/portaltela.pt\/s.01k8rhncp4jt1\/2026\/04\/img_920x518uu2025-05-22-23-51-34-2364798.jpg","keywords":["competi\u00e7\u00e3o internacional","futebol","futebol internacional","Lazio","Liga","Parma"],"articleSection":["Desporto","Futebol"],"inLanguage":"pt-PT"},{"@type":"WebPage","@id":"https:\/\/portaltela.pt\/noticias\/2026\/04\/03\/nuno-tavares-quer-conquistar-algo-especial-com-este-clube\/","url":"https:\/\/portaltela.pt\/noticias\/2026\/04\/03\/nuno-tavares-quer-conquistar-algo-especial-com-este-clube\/","name":"Nuno Tavares quer conquistar algo especial com este clube - Portal Tela Portugal","isPartOf":{"@id":"https:\/\/portaltela.pt\/#website"},"primaryImageOfPage":{"@id":"https:\/\/portaltela.pt\/noticias\/2026\/04\/03\/nuno-tavares-quer-conquistar-algo-especial-com-este-clube\/#primaryimage"},"image":{"@id":"https:\/\/portaltela.pt\/noticias\/2026\/04\/03\/nuno-tavares-quer-conquistar-algo-especial-com-este-clube\/#primaryimage"},"thumbnailUrl":"https:\/\/portaltela.pt\/s.01k8rhncp4jt1\/2026\/04\/img_920x518uu2025-05-22-23-51-34-2364798.jpg","datePublished":"2026-04-03T18:17:07+00:00","author":{"@id":"https:\/\/portaltela.pt\/#\/schema\/person\/c4278d4a6028830caff9ee44b42d32ed"},"breadcrumb":{"@id":"https:\/\/portaltela.pt\/noticias\/2026\/04\/03\/nuno-tavares-quer-conquistar-algo-especial-com-este-clube\/#breadcrumb"},"inLanguage":"pt-PT","potentialAction":[{"@type":"ReadAction","target":["https:\/\/portaltela.pt\/noticias\/2026\/04\/03\/nuno-tavares-quer-conquistar-algo-especial-com-este-clube\/"]}]},{"@type":"ImageObject","inLanguage":"pt-PT","@id":"https:\/\/portaltela.pt\/noticias\/2026\/04\/03\/nuno-tavares-quer-conquistar-algo-especial-com-este-clube\/#primaryimage","url":"https:\/\/portaltela.pt\/s.01k8rhncp4jt1\/2026\/04\/img_920x518uu2025-05-22-23-51-34-2364798.jpg","contentUrl":"https:\/\/portaltela.pt\/s.01k8rhncp4jt1\/2026\/04\/img_920x518uu2025-05-22-23-51-34-2364798.jpg","width":796,"height":448,"caption":"Nuno Tavares em a\u00e7\u00e3o com a camisola da Lazio"},{"@type":"BreadcrumbList","@id":"https:\/\/portaltela.pt\/noticias\/2026\/04\/03\/nuno-tavares-quer-conquistar-algo-especial-com-este-clube\/#breadcrumb","itemListElement":[{"@type":"ListItem","position":1,"name":"In\u00edcio","item":"https:\/\/portaltela.pt\/"},{"@type":"ListItem","position":2,"name":"Nuno Tavares quer conquistar algo especial com este clube"}]},{"@type":"WebSite","@id":"https:\/\/portaltela.pt\/#website","url":"https:\/\/portaltela.pt\/","name":"Portal Tela Portugal","description":"","potentialAction":[{"@type":"SearchAction","target":{"@type":"EntryPoint","urlTemplate":"https:\/\/portaltela.pt\/?s={search_term_string}"},"query-input":{"@type":"PropertyValueSpecification","valueRequired":true,"valueName":"search_term_string"}}],"inLanguage":"pt-PT"},{"@type":"Person","@id":"https:\/\/portaltela.pt\/#\/schema\/person\/c4278d4a6028830caff9ee44b42d32ed","name":"Telinha","image":{"@type":"ImageObject","inLanguage":"pt-PT","@id":"https:\/\/portaltela.pt\/s.01k8rhncp4jt1\/2025\/11\/talking-bot-125x125.png","url":"https:\/\/portaltela.pt\/s.01k8rhncp4jt1\/2025\/11\/talking-bot-125x125.png","contentUrl":"https:\/\/portaltela.pt\/s.01k8rhncp4jt1\/2025\/11\/talking-bot-125x125.png","caption":"Telinha"},"sameAs":["https:\/\/portaltela.pt\/"],"url":"https:\/\/portaltela.pt\/por\/367410592786\/"}]}},"_links":{"self":[{"href":"https:\/\/portaltela.pt\/api\/wp\/v2\/posts\/431800","targetHints":{"allow":["GET"]}}],"collection":[{"href":"https:\/\/portaltela.pt\/api\/wp\/v2\/posts"}],"about":[{"href":"https:\/\/portaltela.pt\/api\/wp\/v2\/types\/post"}],"author":[{"embeddable":true,"href":"https:\/\/portaltela.pt\/api\/wp\/v2\/users\/2"}],"replies":[{"embeddable":true,"href":"https:\/\/portaltela.pt\/api\/wp\/v2\/comments?post=431800"}],"version-history":[{"count":0,"href":"https:\/\/portaltela.pt\/api\/wp\/v2\/posts\/431800\/revisions"}],"wp:featuredmedia":[{"embeddable":true,"href":"https:\/\/portaltela.pt\/api\/wp\/v2\/media\/431802"}],"wp:attachment":[{"href":"https:\/\/portaltela.pt\/api\/wp\/v2\/media?parent=431800"}],"wp:term":[{"taxonomy":"category","embeddable":true,"href":"https:\/\/portaltela.pt\/api\/wp\/v2\/categories?post=431800"},{"taxonomy":"post_tag","embeddable":true,"href":"https:\/\/portaltela.pt\/api\/wp\/v2\/tags?post=431800"}],"curies":[{"name":"wp","href":"https:\/\/api.w.org\/{rel}","templated":true}]}}