{"id":431783,"date":"2026-04-03T10:17:00","date_gmt":"2026-04-03T13:17:00","guid":{"rendered":"https:\/\/portaltela.pt\/noticias\/2026\/04\/03\/estruturas-sindicais-das-policias-convocam-protesto-contra-cortes-nas-reformas\/"},"modified":"2026-04-03T10:17:00","modified_gmt":"2026-04-03T13:17:00","slug":"estruturas-sindicais-das-policias-convocam-protesto-contra-cortes-nas-reformas","status":"publish","type":"post","link":"https:\/\/portaltela.pt\/policia\/2026\/04\/03\/estruturas-sindicais-das-policias-convocam-protesto-contra-cortes-nas-reformas\/","title":{"rendered":"Estruturas sindicais das pol\u00edcias convocam protesto contra cortes nas reformas"},"content":{"rendered":"<p>As estruturas sindicais das pol\u00edcias anunciaram um protesto nacional contra cortes nas reformas. A mobiliza\u00e7\u00e3o \u00e9 apresentada como resposta \u00e0s mudan\u00e7as previstas no processo de reformas.<\/p>\n<p>Organiza\u00e7\u00f5es representativas das for\u00e7as de seguran\u00e7a est\u00e3o na linha de frente do movimento, que visa defender condi\u00e7\u00f5es de trabalho e recursos para a atua\u00e7\u00e3o policial. Os detalhes log\u00edsticos ainda n\u00e3o foram divulgados.<\/p>\n<p>Ainda n\u00e3o h\u00e1 confirma\u00e7\u00e3o sobre data, local ou formato do protesto. As lideran\u00e7as insistem que a a\u00e7\u00e3o \u00e9 coletiva e abrange diferentes corpos policiais a n\u00edvel nacional.<\/p>\n<p>A iniciativa busca chamar aten\u00e7\u00e3o para impactos dos cortes nas reformas na gest\u00e3o, treino e equipamentos das for\u00e7as de seguran\u00e7a, segundo fontes sindicais. A comunica\u00e7\u00e3o p\u00fablica permanece em desenvolvimento.<\/p>\n","protected":false},"excerpt":{"rendered":"<ul>\n<li>Estruturas sindicais das pol\u00edcias convocam um protesto nacional contra cortes nas reformas.<\/li>\n<li>O movimento \u00e9 apresentado como de \u00e2mbito nacional, promovido pelas estruturas sindicais das pol\u00edcias.<\/li>\n<li>O trecho dispon\u00edvel n\u00e3o revela data, local ou detalhes adicionais sobre o protesto.<\/li>\n<li>O conte\u00fado completo da not\u00edcia est\u00e1 acess\u00edvel apenas a subscritores.<\/li>\n<\/ul>\n","protected":false},"author":2,"featured_media":431786,"comment_status":"closed","ping_status":"closed","sticky":false,"template":"","format":"standard","meta":{"footnotes":""},"categories":[6781],"tags":[3177,6331,136,3418,2857,4536],"class_list":["post-431783","post","type-post","status-publish","format-standard","has-post-thumbnail","hentry","category-policia","tag-autoridade-publica","tag-condicoes-de-trabalho","tag-organizacoes","tag-policia-de-seguranca-publica","tag-protestos","tag-seguranca"],"yoast_head":"<!-- This site is optimized with the Yoast SEO plugin v27.2 - https:\/\/yoast.com\/product\/yoast-seo-wordpress\/ -->\n<title>Estruturas sindicais das pol\u00edcias convocam protesto contra cortes nas reformas - Portal Tela Portugal<\/title>\n<meta name=\"robots\" content=\"index, follow, max-snippet:-1, max-image-preview:large, max-video-preview:-1\" \/>\n<meta property=\"og:locale\" content=\"pt_PT\" \/>\n<meta property=\"og:type\" content=\"article\" \/>\n<meta property=\"og:title\" content=\"Estruturas sindicais das pol\u00edcias convocam protesto contra cortes nas reformas - Portal Tela Portugal\" \/>\n<meta property=\"og:description\" content=\"Estruturas sindicais das pol\u00edcias convocam um protesto nacional contra cortes nas reformas. O movimento \u00e9 apresentado como de \u00e2mbito nacional, promovido pelas estruturas sindicais das pol\u00edcias. O trecho dispon\u00edvel n\u00e3o revela data, local ou detalhes adicionais sobre o protesto. O conte\u00fado completo da not\u00edcia est\u00e1 acess\u00edvel apenas a subscritores.\" \/>\n<meta property=\"og:url\" content=\"https:\/\/portaltela.pt\/noticias\/2026\/04\/03\/estruturas-sindicais-das-policias-convocam-protesto-contra-cortes-nas-reformas\/\" \/>\n<meta property=\"og:site_name\" content=\"Portal Tela Portugal\" \/>\n<meta property=\"article:published_time\" content=\"2026-04-03T13:17:00+00:00\" \/>\n<meta name=\"author\" content=\"Telinha\" \/>\n<meta name=\"twitter:card\" content=\"summary_large_image\" \/>\n<meta name=\"twitter:label1\" content=\"Escrito por\" \/>\n\t<meta name=\"twitter:data1\" content=\"Telinha\" \/>\n\t<meta name=\"twitter:label2\" content=\"Tempo estimado de leitura\" \/>\n\t<meta name=\"twitter:data2\" content=\"1 minuto\" \/>\n<script type=\"application\/ld+json\" class=\"yoast-schema-graph\">{\"@context\":\"https:\/\/schema.org\",\"@graph\":[{\"@type\":\"Article\",\"@id\":\"https:\/\/portaltela.pt\/noticias\/2026\/04\/03\/estruturas-sindicais-das-policias-convocam-protesto-contra-cortes-nas-reformas\/#article\",\"isPartOf\":{\"@id\":\"https:\/\/portaltela.pt\/noticias\/2026\/04\/03\/estruturas-sindicais-das-policias-convocam-protesto-contra-cortes-nas-reformas\/\"},\"author\":{\"name\":\"Telinha\",\"@id\":\"https:\/\/portaltela.pt\/#\/schema\/person\/c4278d4a6028830caff9ee44b42d32ed\"},\"headline\":\"Estruturas sindicais das pol\u00edcias convocam protesto contra cortes nas reformas\",\"datePublished\":\"2026-04-03T13:17:00+00:00\",\"mainEntityOfPage\":{\"@id\":\"https:\/\/portaltela.pt\/noticias\/2026\/04\/03\/estruturas-sindicais-das-policias-convocam-protesto-contra-cortes-nas-reformas\/\"},\"wordCount\":145,\"image\":{\"@id\":\"https:\/\/portaltela.pt\/noticias\/2026\/04\/03\/estruturas-sindicais-das-policias-convocam-protesto-contra-cortes-nas-reformas\/#primaryimage\"},\"thumbnailUrl\":\"https:\/\/portaltela.pt\/s.01k8rhncp4jt1\/2026\/04\/CACHE_780X1200_ANALOG_WATERMARKED_41887261_1602977_22112023050939.jpg\",\"keywords\":[\"autoridade p\u00fablica\",\"condi\u00e7\u00f5es de trabalho\",\"organiza\u00e7\u00f5es\",\"Pol\u00edcia de Seguran\u00e7a P\u00fablica\",\"protestos\",\"seguran\u00e7a\"],\"articleSection\":[\"Pol\u00edcia\"],\"inLanguage\":\"pt-PT\"},{\"@type\":\"WebPage\",\"@id\":\"https:\/\/portaltela.pt\/noticias\/2026\/04\/03\/estruturas-sindicais-das-policias-convocam-protesto-contra-cortes-nas-reformas\/\",\"url\":\"https:\/\/portaltela.pt\/noticias\/2026\/04\/03\/estruturas-sindicais-das-policias-convocam-protesto-contra-cortes-nas-reformas\/\",\"name\":\"Estruturas sindicais das pol\u00edcias convocam protesto contra cortes nas reformas - Portal Tela Portugal\",\"isPartOf\":{\"@id\":\"https:\/\/portaltela.pt\/#website\"},\"primaryImageOfPage\":{\"@id\":\"https:\/\/portaltela.pt\/noticias\/2026\/04\/03\/estruturas-sindicais-das-policias-convocam-protesto-contra-cortes-nas-reformas\/#primaryimage\"},\"image\":{\"@id\":\"https:\/\/portaltela.pt\/noticias\/2026\/04\/03\/estruturas-sindicais-das-policias-convocam-protesto-contra-cortes-nas-reformas\/#primaryimage\"},\"thumbnailUrl\":\"https:\/\/portaltela.pt\/s.01k8rhncp4jt1\/2026\/04\/CACHE_780X1200_ANALOG_WATERMARKED_41887261_1602977_22112023050939.jpg\",\"datePublished\":\"2026-04-03T13:17:00+00:00\",\"author\":{\"@id\":\"https:\/\/portaltela.pt\/#\/schema\/person\/c4278d4a6028830caff9ee44b42d32ed\"},\"breadcrumb\":{\"@id\":\"https:\/\/portaltela.pt\/noticias\/2026\/04\/03\/estruturas-sindicais-das-policias-convocam-protesto-contra-cortes-nas-reformas\/#breadcrumb\"},\"inLanguage\":\"pt-PT\",\"potentialAction\":[{\"@type\":\"ReadAction\",\"target\":[\"https:\/\/portaltela.pt\/noticias\/2026\/04\/03\/estruturas-sindicais-das-policias-convocam-protesto-contra-cortes-nas-reformas\/\"]}]},{\"@type\":\"ImageObject\",\"inLanguage\":\"pt-PT\",\"@id\":\"https:\/\/portaltela.pt\/noticias\/2026\/04\/03\/estruturas-sindicais-das-policias-convocam-protesto-contra-cortes-nas-reformas\/#primaryimage\",\"url\":\"https:\/\/portaltela.pt\/s.01k8rhncp4jt1\/2026\/04\/CACHE_780X1200_ANALOG_WATERMARKED_41887261_1602977_22112023050939.jpg\",\"contentUrl\":\"https:\/\/portaltela.pt\/s.01k8rhncp4jt1\/2026\/04\/CACHE_780X1200_ANALOG_WATERMARKED_41887261_1602977_22112023050939.jpg\",\"width\":768,\"height\":512,\"caption\":\"Estruturas sindicais das pol\u00edcias marcam protesto nacional contra corte nas reformas\"},{\"@type\":\"BreadcrumbList\",\"@id\":\"https:\/\/portaltela.pt\/noticias\/2026\/04\/03\/estruturas-sindicais-das-policias-convocam-protesto-contra-cortes-nas-reformas\/#breadcrumb\",\"itemListElement\":[{\"@type\":\"ListItem\",\"position\":1,\"name\":\"In\u00edcio\",\"item\":\"https:\/\/portaltela.pt\/\"},{\"@type\":\"ListItem\",\"position\":2,\"name\":\"Estruturas sindicais das pol\u00edcias convocam protesto contra cortes nas reformas\"}]},{\"@type\":\"WebSite\",\"@id\":\"https:\/\/portaltela.pt\/#website\",\"url\":\"https:\/\/portaltela.pt\/\",\"name\":\"Portal Tela Portugal\",\"description\":\"\",\"potentialAction\":[{\"@type\":\"SearchAction\",\"target\":{\"@type\":\"EntryPoint\",\"urlTemplate\":\"https:\/\/portaltela.pt\/?s={search_term_string}\"},\"query-input\":{\"@type\":\"PropertyValueSpecification\",\"valueRequired\":true,\"valueName\":\"search_term_string\"}}],\"inLanguage\":\"pt-PT\"},{\"@type\":\"Person\",\"@id\":\"https:\/\/portaltela.pt\/#\/schema\/person\/c4278d4a6028830caff9ee44b42d32ed\",\"name\":\"Telinha\",\"image\":{\"@type\":\"ImageObject\",\"inLanguage\":\"pt-PT\",\"@id\":\"https:\/\/portaltela.pt\/s.01k8rhncp4jt1\/2025\/11\/talking-bot-125x125.png\",\"url\":\"https:\/\/portaltela.pt\/s.01k8rhncp4jt1\/2025\/11\/talking-bot-125x125.png\",\"contentUrl\":\"https:\/\/portaltela.pt\/s.01k8rhncp4jt1\/2025\/11\/talking-bot-125x125.png\",\"caption\":\"Telinha\"},\"sameAs\":[\"https:\/\/portaltela.pt\/\"],\"url\":\"https:\/\/portaltela.pt\/por\/367410592786\/\"}]}<\/script>\n<!-- \/ Yoast SEO plugin. -->","yoast_head_json":{"title":"Estruturas sindicais das pol\u00edcias convocam protesto contra cortes nas reformas - Portal Tela Portugal","robots":{"index":"index","follow":"follow","max-snippet":"max-snippet:-1","max-image-preview":"max-image-preview:large","max-video-preview":"max-video-preview:-1"},"og_locale":"pt_PT","og_type":"article","og_title":"Estruturas sindicais das pol\u00edcias convocam protesto contra cortes nas reformas - Portal Tela Portugal","og_description":"Estruturas sindicais das pol\u00edcias convocam um protesto nacional contra cortes nas reformas. O movimento \u00e9 apresentado como de \u00e2mbito nacional, promovido pelas estruturas sindicais das pol\u00edcias. O trecho dispon\u00edvel n\u00e3o revela data, local ou detalhes adicionais sobre o protesto. O conte\u00fado completo da not\u00edcia est\u00e1 acess\u00edvel apenas a subscritores.","og_url":"https:\/\/portaltela.pt\/noticias\/2026\/04\/03\/estruturas-sindicais-das-policias-convocam-protesto-contra-cortes-nas-reformas\/","og_site_name":"Portal Tela Portugal","article_published_time":"2026-04-03T13:17:00+00:00","author":"Telinha","twitter_card":"summary_large_image","twitter_misc":{"Escrito por":"Telinha","Tempo estimado de leitura":"1 minuto"},"schema":{"@context":"https:\/\/schema.org","@graph":[{"@type":"Article","@id":"https:\/\/portaltela.pt\/noticias\/2026\/04\/03\/estruturas-sindicais-das-policias-convocam-protesto-contra-cortes-nas-reformas\/#article","isPartOf":{"@id":"https:\/\/portaltela.pt\/noticias\/2026\/04\/03\/estruturas-sindicais-das-policias-convocam-protesto-contra-cortes-nas-reformas\/"},"author":{"name":"Telinha","@id":"https:\/\/portaltela.pt\/#\/schema\/person\/c4278d4a6028830caff9ee44b42d32ed"},"headline":"Estruturas sindicais das pol\u00edcias convocam protesto contra cortes nas reformas","datePublished":"2026-04-03T13:17:00+00:00","mainEntityOfPage":{"@id":"https:\/\/portaltela.pt\/noticias\/2026\/04\/03\/estruturas-sindicais-das-policias-convocam-protesto-contra-cortes-nas-reformas\/"},"wordCount":145,"image":{"@id":"https:\/\/portaltela.pt\/noticias\/2026\/04\/03\/estruturas-sindicais-das-policias-convocam-protesto-contra-cortes-nas-reformas\/#primaryimage"},"thumbnailUrl":"https:\/\/portaltela.pt\/s.01k8rhncp4jt1\/2026\/04\/CACHE_780X1200_ANALOG_WATERMARKED_41887261_1602977_22112023050939.jpg","keywords":["autoridade p\u00fablica","condi\u00e7\u00f5es de trabalho","organiza\u00e7\u00f5es","Pol\u00edcia de Seguran\u00e7a P\u00fablica","protestos","seguran\u00e7a"],"articleSection":["Pol\u00edcia"],"inLanguage":"pt-PT"},{"@type":"WebPage","@id":"https:\/\/portaltela.pt\/noticias\/2026\/04\/03\/estruturas-sindicais-das-policias-convocam-protesto-contra-cortes-nas-reformas\/","url":"https:\/\/portaltela.pt\/noticias\/2026\/04\/03\/estruturas-sindicais-das-policias-convocam-protesto-contra-cortes-nas-reformas\/","name":"Estruturas sindicais das pol\u00edcias convocam protesto contra cortes nas reformas - Portal Tela Portugal","isPartOf":{"@id":"https:\/\/portaltela.pt\/#website"},"primaryImageOfPage":{"@id":"https:\/\/portaltela.pt\/noticias\/2026\/04\/03\/estruturas-sindicais-das-policias-convocam-protesto-contra-cortes-nas-reformas\/#primaryimage"},"image":{"@id":"https:\/\/portaltela.pt\/noticias\/2026\/04\/03\/estruturas-sindicais-das-policias-convocam-protesto-contra-cortes-nas-reformas\/#primaryimage"},"thumbnailUrl":"https:\/\/portaltela.pt\/s.01k8rhncp4jt1\/2026\/04\/CACHE_780X1200_ANALOG_WATERMARKED_41887261_1602977_22112023050939.jpg","datePublished":"2026-04-03T13:17:00+00:00","author":{"@id":"https:\/\/portaltela.pt\/#\/schema\/person\/c4278d4a6028830caff9ee44b42d32ed"},"breadcrumb":{"@id":"https:\/\/portaltela.pt\/noticias\/2026\/04\/03\/estruturas-sindicais-das-policias-convocam-protesto-contra-cortes-nas-reformas\/#breadcrumb"},"inLanguage":"pt-PT","potentialAction":[{"@type":"ReadAction","target":["https:\/\/portaltela.pt\/noticias\/2026\/04\/03\/estruturas-sindicais-das-policias-convocam-protesto-contra-cortes-nas-reformas\/"]}]},{"@type":"ImageObject","inLanguage":"pt-PT","@id":"https:\/\/portaltela.pt\/noticias\/2026\/04\/03\/estruturas-sindicais-das-policias-convocam-protesto-contra-cortes-nas-reformas\/#primaryimage","url":"https:\/\/portaltela.pt\/s.01k8rhncp4jt1\/2026\/04\/CACHE_780X1200_ANALOG_WATERMARKED_41887261_1602977_22112023050939.jpg","contentUrl":"https:\/\/portaltela.pt\/s.01k8rhncp4jt1\/2026\/04\/CACHE_780X1200_ANALOG_WATERMARKED_41887261_1602977_22112023050939.jpg","width":768,"height":512,"caption":"Estruturas sindicais das pol\u00edcias marcam protesto nacional contra corte nas reformas"},{"@type":"BreadcrumbList","@id":"https:\/\/portaltela.pt\/noticias\/2026\/04\/03\/estruturas-sindicais-das-policias-convocam-protesto-contra-cortes-nas-reformas\/#breadcrumb","itemListElement":[{"@type":"ListItem","position":1,"name":"In\u00edcio","item":"https:\/\/portaltela.pt\/"},{"@type":"ListItem","position":2,"name":"Estruturas sindicais das pol\u00edcias convocam protesto contra cortes nas reformas"}]},{"@type":"WebSite","@id":"https:\/\/portaltela.pt\/#website","url":"https:\/\/portaltela.pt\/","name":"Portal Tela Portugal","description":"","potentialAction":[{"@type":"SearchAction","target":{"@type":"EntryPoint","urlTemplate":"https:\/\/portaltela.pt\/?s={search_term_string}"},"query-input":{"@type":"PropertyValueSpecification","valueRequired":true,"valueName":"search_term_string"}}],"inLanguage":"pt-PT"},{"@type":"Person","@id":"https:\/\/portaltela.pt\/#\/schema\/person\/c4278d4a6028830caff9ee44b42d32ed","name":"Telinha","image":{"@type":"ImageObject","inLanguage":"pt-PT","@id":"https:\/\/portaltela.pt\/s.01k8rhncp4jt1\/2025\/11\/talking-bot-125x125.png","url":"https:\/\/portaltela.pt\/s.01k8rhncp4jt1\/2025\/11\/talking-bot-125x125.png","contentUrl":"https:\/\/portaltela.pt\/s.01k8rhncp4jt1\/2025\/11\/talking-bot-125x125.png","caption":"Telinha"},"sameAs":["https:\/\/portaltela.pt\/"],"url":"https:\/\/portaltela.pt\/por\/367410592786\/"}]}},"_links":{"self":[{"href":"https:\/\/portaltela.pt\/api\/wp\/v2\/posts\/431783","targetHints":{"allow":["GET"]}}],"collection":[{"href":"https:\/\/portaltela.pt\/api\/wp\/v2\/posts"}],"about":[{"href":"https:\/\/portaltela.pt\/api\/wp\/v2\/types\/post"}],"author":[{"embeddable":true,"href":"https:\/\/portaltela.pt\/api\/wp\/v2\/users\/2"}],"replies":[{"embeddable":true,"href":"https:\/\/portaltela.pt\/api\/wp\/v2\/comments?post=431783"}],"version-history":[{"count":0,"href":"https:\/\/portaltela.pt\/api\/wp\/v2\/posts\/431783\/revisions"}],"wp:featuredmedia":[{"embeddable":true,"href":"https:\/\/portaltela.pt\/api\/wp\/v2\/media\/431786"}],"wp:attachment":[{"href":"https:\/\/portaltela.pt\/api\/wp\/v2\/media?parent=431783"}],"wp:term":[{"taxonomy":"category","embeddable":true,"href":"https:\/\/portaltela.pt\/api\/wp\/v2\/categories?post=431783"},{"taxonomy":"post_tag","embeddable":true,"href":"https:\/\/portaltela.pt\/api\/wp\/v2\/tags?post=431783"}],"curies":[{"name":"wp","href":"https:\/\/api.w.org\/{rel}","templated":true}]}}