{"id":431781,"date":"2026-04-03T15:02:20","date_gmt":"2026-04-03T18:02:20","guid":{"rendered":"https:\/\/portaltela.pt\/noticias\/2026\/04\/03\/bruno-fernandes-recorda-momento-com-cristiano-ronaldo-e-arrepia\/"},"modified":"2026-04-03T15:02:20","modified_gmt":"2026-04-03T18:02:20","slug":"bruno-fernandes-recorda-momento-com-cristiano-ronaldo-e-arrepia","status":"publish","type":"post","link":"https:\/\/portaltela.pt\/desporto\/futebol\/2026\/04\/03\/bruno-fernandes-recorda-momento-com-cristiano-ronaldo-e-arrepia\/","title":{"rendered":"Bruno Fernandes recorda momento com Cristiano Ronaldo e arrepia"},"content":{"rendered":"<p>Bruno Fernandes falou sobre o regresso de Cristiano Ronaldo ao Manchester United em 2021, destacando o impacto daquele momento no clube e nos adeptos. O capit\u00e3o dos red devils deu a entrevista aos meios oficiais do Manchester United para recordar a tarde de 11 de setembro de 2021.<\/p>\n<p>Na perspetiva de Bruno Fernandes, o regresso de Ronaldo ao Old Trafford criou uma atmosfera \u00fanica, com a estreia do atacante portugu\u00eas em casa a despertar entusiasmo entre os f\u00e3s. O jogo frente ao Newcastle terminou com uma vit\u00f3ria dos di\u00e1rios 4-1, com Ronaldo a marcar dois golos.<\/p>\n<p>O m\u00e9dio portugu\u00eas explicou que o momento ficou gravado na mem\u00f3ria de muitos dentro do clube, pela forma como Ronaldo foi recebido e pela repercuss\u00e3o do regresso. A sensa\u00e7\u00e3o no est\u00e1dio, segundo Fernandes, foi provavelmente a melhor que vivenciou naquele dia.<\/p>\n<p>Bruno Fernandes destacou ainda que Ronaldo ganhou a Bola de Ouro durante o tempo no Manchester United, o que acrescentou um cap\u00edtulo especial \u00e0 hist\u00f3ria do clube. A entrevista foi divulgada pelos canais oficiais do United, elevando o significado daquele regresso para a hist\u00f3ria recente do clube.<\/p>\n<h3>Contexto do regresso<\/h3>\n<p>O regresso de Cristiano Ronaldo ao Manchester United, ap\u00f3s a passagem pelo Real Madrid e Juventus, ocorreu em 2021 e teve grande impacto na equipa e na prioridade desportiva do clube. A multid\u00e3o no Emirates? N\u00e3o, no Old Trafford, garantiu recorde de apoio e celebra\u00e7\u00e3o.<\/p>\n","protected":false},"excerpt":{"rendered":"<ul>\n<li>Bruno Fernandes, capit\u00e3o do Manchester United, participou no regresso de Cristiano Ronaldo ao clube em 2021.<\/li>\n<li>O regresso ocorreu a 11 de setembro de 2021, num jogo em casa frente ao Newcastle que terminou 4-1.<\/li>\n<li>Ronaldo marcou dois golos nessa vit\u00f3ria.<\/li>\n<li>Fernandes diz que a atmosfera em Old Trafford foi das melhores que viveu e que tudo o que rodeou o regresso ainda lhe arrepia.<\/li>\n<li>A entrevista foi concedida aos meios oficiais do clube.<\/li>\n<\/ul>\n","protected":false},"author":2,"featured_media":431784,"comment_status":"closed","ping_status":"closed","sticky":false,"template":"","format":"standard","meta":{"footnotes":""},"categories":[21,24],"tags":[1941,72,1947,32,48,3187],"class_list":["post-431781","post","type-post","status-publish","format-standard","has-post-thumbnail","hentry","category-desporto","category-futebol","tag-bruno-fernandes","tag-craques","tag-cristiano-ronaldo","tag-futebol","tag-gols","tag-manchester-united"],"yoast_head":"<!-- This site is optimized with the Yoast SEO plugin v27.2 - https:\/\/yoast.com\/product\/yoast-seo-wordpress\/ -->\n<title>Bruno Fernandes recorda momento com Cristiano Ronaldo e arrepia - Portal Tela Portugal<\/title>\n<meta name=\"robots\" content=\"index, follow, max-snippet:-1, max-image-preview:large, max-video-preview:-1\" \/>\n<meta property=\"og:locale\" content=\"pt_PT\" \/>\n<meta property=\"og:type\" content=\"article\" \/>\n<meta property=\"og:title\" content=\"Bruno Fernandes recorda momento com Cristiano Ronaldo e arrepia - Portal Tela Portugal\" \/>\n<meta property=\"og:description\" content=\"Bruno Fernandes, capit\u00e3o do Manchester United, participou no regresso de Cristiano Ronaldo ao clube em 2021. O regresso ocorreu a 11 de setembro de 2021, num jogo em casa frente ao Newcastle que terminou 4-1. Ronaldo marcou dois golos nessa vit\u00f3ria. Fernandes diz que a atmosfera em Old Trafford foi das melhores que viveu e que tudo o que rodeou o regresso ainda lhe arrepia. A entrevista foi concedida aos meios oficiais do clube.\" \/>\n<meta property=\"og:url\" content=\"https:\/\/portaltela.pt\/noticias\/2026\/04\/03\/bruno-fernandes-recorda-momento-com-cristiano-ronaldo-e-arrepia\/\" \/>\n<meta property=\"og:site_name\" content=\"Portal Tela Portugal\" \/>\n<meta property=\"article:published_time\" content=\"2026-04-03T18:02:20+00:00\" \/>\n<meta name=\"author\" content=\"Telinha\" \/>\n<meta name=\"twitter:card\" content=\"summary_large_image\" \/>\n<meta name=\"twitter:label1\" content=\"Escrito por\" \/>\n\t<meta name=\"twitter:data1\" content=\"Telinha\" \/>\n\t<meta name=\"twitter:label2\" content=\"Tempo estimado de leitura\" \/>\n\t<meta name=\"twitter:data2\" content=\"1 minuto\" \/>\n<script type=\"application\/ld+json\" class=\"yoast-schema-graph\">{\"@context\":\"https:\/\/schema.org\",\"@graph\":[{\"@type\":\"Article\",\"@id\":\"https:\/\/portaltela.pt\/noticias\/2026\/04\/03\/bruno-fernandes-recorda-momento-com-cristiano-ronaldo-e-arrepia\/#article\",\"isPartOf\":{\"@id\":\"https:\/\/portaltela.pt\/noticias\/2026\/04\/03\/bruno-fernandes-recorda-momento-com-cristiano-ronaldo-e-arrepia\/\"},\"author\":{\"name\":\"Telinha\",\"@id\":\"https:\/\/portaltela.pt\/#\/schema\/person\/c4278d4a6028830caff9ee44b42d32ed\"},\"headline\":\"Bruno Fernandes recorda momento com Cristiano Ronaldo e arrepia\",\"datePublished\":\"2026-04-03T18:02:20+00:00\",\"mainEntityOfPage\":{\"@id\":\"https:\/\/portaltela.pt\/noticias\/2026\/04\/03\/bruno-fernandes-recorda-momento-com-cristiano-ronaldo-e-arrepia\/\"},\"wordCount\":254,\"image\":{\"@id\":\"https:\/\/portaltela.pt\/noticias\/2026\/04\/03\/bruno-fernandes-recorda-momento-com-cristiano-ronaldo-e-arrepia\/#primaryimage\"},\"thumbnailUrl\":\"https:\/\/portaltela.pt\/s.01k8rhncp4jt1\/2026\/04\/img_920x518uu2026-04-03-18-42-31-2430939.jpg\",\"keywords\":[\"Bruno Fernandes\",\"craques\",\"Cristiano Ronaldo\",\"futebol\",\"gols\",\"Manchester United\"],\"articleSection\":[\"Desporto\",\"Futebol\"],\"inLanguage\":\"pt-PT\"},{\"@type\":\"WebPage\",\"@id\":\"https:\/\/portaltela.pt\/noticias\/2026\/04\/03\/bruno-fernandes-recorda-momento-com-cristiano-ronaldo-e-arrepia\/\",\"url\":\"https:\/\/portaltela.pt\/noticias\/2026\/04\/03\/bruno-fernandes-recorda-momento-com-cristiano-ronaldo-e-arrepia\/\",\"name\":\"Bruno Fernandes recorda momento com Cristiano Ronaldo e arrepia - Portal Tela Portugal\",\"isPartOf\":{\"@id\":\"https:\/\/portaltela.pt\/#website\"},\"primaryImageOfPage\":{\"@id\":\"https:\/\/portaltela.pt\/noticias\/2026\/04\/03\/bruno-fernandes-recorda-momento-com-cristiano-ronaldo-e-arrepia\/#primaryimage\"},\"image\":{\"@id\":\"https:\/\/portaltela.pt\/noticias\/2026\/04\/03\/bruno-fernandes-recorda-momento-com-cristiano-ronaldo-e-arrepia\/#primaryimage\"},\"thumbnailUrl\":\"https:\/\/portaltela.pt\/s.01k8rhncp4jt1\/2026\/04\/img_920x518uu2026-04-03-18-42-31-2430939.jpg\",\"datePublished\":\"2026-04-03T18:02:20+00:00\",\"author\":{\"@id\":\"https:\/\/portaltela.pt\/#\/schema\/person\/c4278d4a6028830caff9ee44b42d32ed\"},\"breadcrumb\":{\"@id\":\"https:\/\/portaltela.pt\/noticias\/2026\/04\/03\/bruno-fernandes-recorda-momento-com-cristiano-ronaldo-e-arrepia\/#breadcrumb\"},\"inLanguage\":\"pt-PT\",\"potentialAction\":[{\"@type\":\"ReadAction\",\"target\":[\"https:\/\/portaltela.pt\/noticias\/2026\/04\/03\/bruno-fernandes-recorda-momento-com-cristiano-ronaldo-e-arrepia\/\"]}]},{\"@type\":\"ImageObject\",\"inLanguage\":\"pt-PT\",\"@id\":\"https:\/\/portaltela.pt\/noticias\/2026\/04\/03\/bruno-fernandes-recorda-momento-com-cristiano-ronaldo-e-arrepia\/#primaryimage\",\"url\":\"https:\/\/portaltela.pt\/s.01k8rhncp4jt1\/2026\/04\/img_920x518uu2026-04-03-18-42-31-2430939.jpg\",\"contentUrl\":\"https:\/\/portaltela.pt\/s.01k8rhncp4jt1\/2026\/04\/img_920x518uu2026-04-03-18-42-31-2430939.jpg\",\"width\":796,\"height\":448,\"caption\":\"Bruno Fernandes recorda momento com Cristiano Ronaldo\"},{\"@type\":\"BreadcrumbList\",\"@id\":\"https:\/\/portaltela.pt\/noticias\/2026\/04\/03\/bruno-fernandes-recorda-momento-com-cristiano-ronaldo-e-arrepia\/#breadcrumb\",\"itemListElement\":[{\"@type\":\"ListItem\",\"position\":1,\"name\":\"In\u00edcio\",\"item\":\"https:\/\/portaltela.pt\/\"},{\"@type\":\"ListItem\",\"position\":2,\"name\":\"Bruno Fernandes recorda momento com Cristiano Ronaldo e arrepia\"}]},{\"@type\":\"WebSite\",\"@id\":\"https:\/\/portaltela.pt\/#website\",\"url\":\"https:\/\/portaltela.pt\/\",\"name\":\"Portal Tela Portugal\",\"description\":\"\",\"potentialAction\":[{\"@type\":\"SearchAction\",\"target\":{\"@type\":\"EntryPoint\",\"urlTemplate\":\"https:\/\/portaltela.pt\/?s={search_term_string}\"},\"query-input\":{\"@type\":\"PropertyValueSpecification\",\"valueRequired\":true,\"valueName\":\"search_term_string\"}}],\"inLanguage\":\"pt-PT\"},{\"@type\":\"Person\",\"@id\":\"https:\/\/portaltela.pt\/#\/schema\/person\/c4278d4a6028830caff9ee44b42d32ed\",\"name\":\"Telinha\",\"image\":{\"@type\":\"ImageObject\",\"inLanguage\":\"pt-PT\",\"@id\":\"https:\/\/portaltela.pt\/s.01k8rhncp4jt1\/2025\/11\/talking-bot-125x125.png\",\"url\":\"https:\/\/portaltela.pt\/s.01k8rhncp4jt1\/2025\/11\/talking-bot-125x125.png\",\"contentUrl\":\"https:\/\/portaltela.pt\/s.01k8rhncp4jt1\/2025\/11\/talking-bot-125x125.png\",\"caption\":\"Telinha\"},\"sameAs\":[\"https:\/\/portaltela.pt\/\"],\"url\":\"https:\/\/portaltela.pt\/por\/367410592786\/\"}]}<\/script>\n<!-- \/ Yoast SEO plugin. -->","yoast_head_json":{"title":"Bruno Fernandes recorda momento com Cristiano Ronaldo e arrepia - Portal Tela Portugal","robots":{"index":"index","follow":"follow","max-snippet":"max-snippet:-1","max-image-preview":"max-image-preview:large","max-video-preview":"max-video-preview:-1"},"og_locale":"pt_PT","og_type":"article","og_title":"Bruno Fernandes recorda momento com Cristiano Ronaldo e arrepia - Portal Tela Portugal","og_description":"Bruno Fernandes, capit\u00e3o do Manchester United, participou no regresso de Cristiano Ronaldo ao clube em 2021. O regresso ocorreu a 11 de setembro de 2021, num jogo em casa frente ao Newcastle que terminou 4-1. Ronaldo marcou dois golos nessa vit\u00f3ria. Fernandes diz que a atmosfera em Old Trafford foi das melhores que viveu e que tudo o que rodeou o regresso ainda lhe arrepia. A entrevista foi concedida aos meios oficiais do clube.","og_url":"https:\/\/portaltela.pt\/noticias\/2026\/04\/03\/bruno-fernandes-recorda-momento-com-cristiano-ronaldo-e-arrepia\/","og_site_name":"Portal Tela Portugal","article_published_time":"2026-04-03T18:02:20+00:00","author":"Telinha","twitter_card":"summary_large_image","twitter_misc":{"Escrito por":"Telinha","Tempo estimado de leitura":"1 minuto"},"schema":{"@context":"https:\/\/schema.org","@graph":[{"@type":"Article","@id":"https:\/\/portaltela.pt\/noticias\/2026\/04\/03\/bruno-fernandes-recorda-momento-com-cristiano-ronaldo-e-arrepia\/#article","isPartOf":{"@id":"https:\/\/portaltela.pt\/noticias\/2026\/04\/03\/bruno-fernandes-recorda-momento-com-cristiano-ronaldo-e-arrepia\/"},"author":{"name":"Telinha","@id":"https:\/\/portaltela.pt\/#\/schema\/person\/c4278d4a6028830caff9ee44b42d32ed"},"headline":"Bruno Fernandes recorda momento com Cristiano Ronaldo e arrepia","datePublished":"2026-04-03T18:02:20+00:00","mainEntityOfPage":{"@id":"https:\/\/portaltela.pt\/noticias\/2026\/04\/03\/bruno-fernandes-recorda-momento-com-cristiano-ronaldo-e-arrepia\/"},"wordCount":254,"image":{"@id":"https:\/\/portaltela.pt\/noticias\/2026\/04\/03\/bruno-fernandes-recorda-momento-com-cristiano-ronaldo-e-arrepia\/#primaryimage"},"thumbnailUrl":"https:\/\/portaltela.pt\/s.01k8rhncp4jt1\/2026\/04\/img_920x518uu2026-04-03-18-42-31-2430939.jpg","keywords":["Bruno Fernandes","craques","Cristiano Ronaldo","futebol","gols","Manchester United"],"articleSection":["Desporto","Futebol"],"inLanguage":"pt-PT"},{"@type":"WebPage","@id":"https:\/\/portaltela.pt\/noticias\/2026\/04\/03\/bruno-fernandes-recorda-momento-com-cristiano-ronaldo-e-arrepia\/","url":"https:\/\/portaltela.pt\/noticias\/2026\/04\/03\/bruno-fernandes-recorda-momento-com-cristiano-ronaldo-e-arrepia\/","name":"Bruno Fernandes recorda momento com Cristiano Ronaldo e arrepia - Portal Tela Portugal","isPartOf":{"@id":"https:\/\/portaltela.pt\/#website"},"primaryImageOfPage":{"@id":"https:\/\/portaltela.pt\/noticias\/2026\/04\/03\/bruno-fernandes-recorda-momento-com-cristiano-ronaldo-e-arrepia\/#primaryimage"},"image":{"@id":"https:\/\/portaltela.pt\/noticias\/2026\/04\/03\/bruno-fernandes-recorda-momento-com-cristiano-ronaldo-e-arrepia\/#primaryimage"},"thumbnailUrl":"https:\/\/portaltela.pt\/s.01k8rhncp4jt1\/2026\/04\/img_920x518uu2026-04-03-18-42-31-2430939.jpg","datePublished":"2026-04-03T18:02:20+00:00","author":{"@id":"https:\/\/portaltela.pt\/#\/schema\/person\/c4278d4a6028830caff9ee44b42d32ed"},"breadcrumb":{"@id":"https:\/\/portaltela.pt\/noticias\/2026\/04\/03\/bruno-fernandes-recorda-momento-com-cristiano-ronaldo-e-arrepia\/#breadcrumb"},"inLanguage":"pt-PT","potentialAction":[{"@type":"ReadAction","target":["https:\/\/portaltela.pt\/noticias\/2026\/04\/03\/bruno-fernandes-recorda-momento-com-cristiano-ronaldo-e-arrepia\/"]}]},{"@type":"ImageObject","inLanguage":"pt-PT","@id":"https:\/\/portaltela.pt\/noticias\/2026\/04\/03\/bruno-fernandes-recorda-momento-com-cristiano-ronaldo-e-arrepia\/#primaryimage","url":"https:\/\/portaltela.pt\/s.01k8rhncp4jt1\/2026\/04\/img_920x518uu2026-04-03-18-42-31-2430939.jpg","contentUrl":"https:\/\/portaltela.pt\/s.01k8rhncp4jt1\/2026\/04\/img_920x518uu2026-04-03-18-42-31-2430939.jpg","width":796,"height":448,"caption":"Bruno Fernandes recorda momento com Cristiano Ronaldo"},{"@type":"BreadcrumbList","@id":"https:\/\/portaltela.pt\/noticias\/2026\/04\/03\/bruno-fernandes-recorda-momento-com-cristiano-ronaldo-e-arrepia\/#breadcrumb","itemListElement":[{"@type":"ListItem","position":1,"name":"In\u00edcio","item":"https:\/\/portaltela.pt\/"},{"@type":"ListItem","position":2,"name":"Bruno Fernandes recorda momento com Cristiano Ronaldo e arrepia"}]},{"@type":"WebSite","@id":"https:\/\/portaltela.pt\/#website","url":"https:\/\/portaltela.pt\/","name":"Portal Tela Portugal","description":"","potentialAction":[{"@type":"SearchAction","target":{"@type":"EntryPoint","urlTemplate":"https:\/\/portaltela.pt\/?s={search_term_string}"},"query-input":{"@type":"PropertyValueSpecification","valueRequired":true,"valueName":"search_term_string"}}],"inLanguage":"pt-PT"},{"@type":"Person","@id":"https:\/\/portaltela.pt\/#\/schema\/person\/c4278d4a6028830caff9ee44b42d32ed","name":"Telinha","image":{"@type":"ImageObject","inLanguage":"pt-PT","@id":"https:\/\/portaltela.pt\/s.01k8rhncp4jt1\/2025\/11\/talking-bot-125x125.png","url":"https:\/\/portaltela.pt\/s.01k8rhncp4jt1\/2025\/11\/talking-bot-125x125.png","contentUrl":"https:\/\/portaltela.pt\/s.01k8rhncp4jt1\/2025\/11\/talking-bot-125x125.png","caption":"Telinha"},"sameAs":["https:\/\/portaltela.pt\/"],"url":"https:\/\/portaltela.pt\/por\/367410592786\/"}]}},"_links":{"self":[{"href":"https:\/\/portaltela.pt\/api\/wp\/v2\/posts\/431781","targetHints":{"allow":["GET"]}}],"collection":[{"href":"https:\/\/portaltela.pt\/api\/wp\/v2\/posts"}],"about":[{"href":"https:\/\/portaltela.pt\/api\/wp\/v2\/types\/post"}],"author":[{"embeddable":true,"href":"https:\/\/portaltela.pt\/api\/wp\/v2\/users\/2"}],"replies":[{"embeddable":true,"href":"https:\/\/portaltela.pt\/api\/wp\/v2\/comments?post=431781"}],"version-history":[{"count":0,"href":"https:\/\/portaltela.pt\/api\/wp\/v2\/posts\/431781\/revisions"}],"wp:featuredmedia":[{"embeddable":true,"href":"https:\/\/portaltela.pt\/api\/wp\/v2\/media\/431784"}],"wp:attachment":[{"href":"https:\/\/portaltela.pt\/api\/wp\/v2\/media?parent=431781"}],"wp:term":[{"taxonomy":"category","embeddable":true,"href":"https:\/\/portaltela.pt\/api\/wp\/v2\/categories?post=431781"},{"taxonomy":"post_tag","embeddable":true,"href":"https:\/\/portaltela.pt\/api\/wp\/v2\/tags?post=431781"}],"curies":[{"name":"wp","href":"https:\/\/api.w.org\/{rel}","templated":true}]}}