{"id":431760,"date":"2026-04-03T14:32:27","date_gmt":"2026-04-03T17:32:27","guid":{"rendered":"https:\/\/portaltela.pt\/noticias\/2026\/04\/03\/flick-critica-racismo-ao-condenar-pequeno-grupo\/"},"modified":"2026-04-03T14:32:27","modified_gmt":"2026-04-03T17:32:27","slug":"flick-critica-racismo-ao-condenar-pequeno-grupo","status":"publish","type":"post","link":"https:\/\/portaltela.pt\/desporto\/futebol\/2026\/04\/03\/flick-critica-racismo-ao-condenar-pequeno-grupo\/","title":{"rendered":"Flick critica racismo ao condenar pequeno grupo"},"content":{"rendered":"<p>O duelo entre Atl\u00e9tico de Madrid e Barcelona, marcado para este s\u00e1bado \u00e0s 20:00 no Metropolitano, promete ser decisivo no campeonato. A agenda do dia inclui a resposta institucional de ambas as equipas ao recente epis\u00f3dio de racismo observado no encontro entre Espanha e Egipto.<\/p>\n<p>Os treinadores responderam de forma firme \u00e0 indigna\u00e7\u00e3o gerada pelos insultos islamof\u00f3bicos ouvidos em Cornell\u00e0, apontando o problema como uma quest\u00e3o global e social que ultrapassa fronteiras. Destacaram a necessidade de consciencializa\u00e7\u00e3o cont\u00ednua para promover o respeito entre pessoas de diferentes origens.<\/p>\n<p>O t\u00e9cnico do Barcelona, Hansi Flick, reiterou que um conjunto restrito de indiv\u00edduos n\u00e3o representa o respeito pela integra\u00e7\u00e3o e pela inclus\u00e3o. Defendeu que o racismo n\u00e3o tem espa\u00e7o no desporto nem na vida, enfatizando a import\u00e2ncia de valores de igualdade.<\/p>\n<p>Simeone, treinador do Atl\u00e9tico, referiu o incidente como parte de um problema mais amplo e social, que exige a\u00e7\u00f5es para combater a discrimina\u00e7\u00e3o. Deixou claro que \u00e9 essencial enfrentar estes comportamentos de forma firme, para evitar que se repitam.<\/p>\n<p>Flick tamb\u00e9m elogiou advers\u00e1rios e salientou a qualidade de alguns jogadores e treinadores, destacando Antoine Griezmann pela \u00f3tima forma e pela capacidade de manter o desempenho. A declara\u00e7\u00e3o girou em torno de reconhecimento t\u00e9cnico durante o encontro de s\u00e1bado.<\/p>\n","protected":false},"excerpt":{"rendered":"<ul>\n<li>S\u00e1bado h\u00e1 jogo grande entre Atl\u00e9tico de Madrid e Barcelona, \u00e0s 20:00, no Metropolitano.<\/li>\n<li>Os treinadores reagiram ao racismo vivido no encontro entre Espanha e Egito, onde se ouviram insultos islamof\u00f3bicos em Cornell\u00e1.<\/li>\n<li>Diego Simeone afirmou que os insultos racistas s\u00e3o um problema global e social, n\u00e3o restrito a Espanha.<\/li>\n<li>O t\u00e9cnico do Barcelona, Hansi Flick, disse que n\u00e3o h\u00e1 lugar para o racismo e que \u00e9 preciso promover inclus\u00e3o e respeito para todos.<\/li>\n<li>Flick elogiou advers\u00e1rios, destacando que Antoine Griezmann \u00e9 um jogador excelente e est\u00e1 em boa forma.<\/li>\n<\/ul>\n","protected":false},"author":2,"featured_media":431761,"comment_status":"closed","ping_status":"closed","sticky":false,"template":"","format":"standard","meta":{"footnotes":""},"categories":[21,24],"tags":[1109,2587,3707,2189,32,6032],"class_list":["post-431760","post","type-post","status-publish","format-standard","has-post-thumbnail","hentry","category-desporto","category-futebol","tag-atletico-de-madrid","tag-barcelona","tag-egipto","tag-espana","tag-futebol","tag-racismo"],"yoast_head":"<!-- This site is optimized with the Yoast SEO plugin v27.2 - https:\/\/yoast.com\/product\/yoast-seo-wordpress\/ -->\n<title>Flick critica racismo ao condenar pequeno grupo - Portal Tela Portugal<\/title>\n<meta name=\"robots\" content=\"index, follow, max-snippet:-1, max-image-preview:large, max-video-preview:-1\" \/>\n<meta property=\"og:locale\" content=\"pt_PT\" \/>\n<meta property=\"og:type\" content=\"article\" \/>\n<meta property=\"og:title\" content=\"Flick critica racismo ao condenar pequeno grupo - Portal Tela Portugal\" \/>\n<meta property=\"og:description\" content=\"S\u00e1bado h\u00e1 jogo grande entre Atl\u00e9tico de Madrid e Barcelona, \u00e0s 20:00, no Metropolitano. Os treinadores reagiram ao racismo vivido no encontro entre Espanha e Egito, onde se ouviram insultos islamof\u00f3bicos em Cornell\u00e1. Diego Simeone afirmou que os insultos racistas s\u00e3o um problema global e social, n\u00e3o restrito a Espanha. O t\u00e9cnico do Barcelona, Hansi Flick, disse que n\u00e3o h\u00e1 lugar para o racismo e que \u00e9 preciso promover inclus\u00e3o e respeito para todos. Flick elogiou advers\u00e1rios, destacando que Antoine Griezmann \u00e9 um jogador excelente e est\u00e1 em boa forma.\" \/>\n<meta property=\"og:url\" content=\"https:\/\/portaltela.pt\/noticias\/2026\/04\/03\/flick-critica-racismo-ao-condenar-pequeno-grupo\/\" \/>\n<meta property=\"og:site_name\" content=\"Portal Tela Portugal\" \/>\n<meta property=\"article:published_time\" content=\"2026-04-03T17:32:27+00:00\" \/>\n<meta name=\"author\" content=\"Telinha\" \/>\n<meta name=\"twitter:card\" content=\"summary_large_image\" \/>\n<meta name=\"twitter:label1\" content=\"Escrito por\" \/>\n\t<meta name=\"twitter:data1\" content=\"Telinha\" \/>\n\t<meta name=\"twitter:label2\" content=\"Tempo estimado de leitura\" \/>\n\t<meta name=\"twitter:data2\" content=\"1 minuto\" \/>\n<script type=\"application\/ld+json\" class=\"yoast-schema-graph\">{\"@context\":\"https:\/\/schema.org\",\"@graph\":[{\"@type\":\"Article\",\"@id\":\"https:\/\/portaltela.pt\/noticias\/2026\/04\/03\/flick-critica-racismo-ao-condenar-pequeno-grupo\/#article\",\"isPartOf\":{\"@id\":\"https:\/\/portaltela.pt\/noticias\/2026\/04\/03\/flick-critica-racismo-ao-condenar-pequeno-grupo\/\"},\"author\":{\"name\":\"Telinha\",\"@id\":\"https:\/\/portaltela.pt\/#\/schema\/person\/c4278d4a6028830caff9ee44b42d32ed\"},\"headline\":\"Flick critica racismo ao condenar pequeno grupo\",\"datePublished\":\"2026-04-03T17:32:27+00:00\",\"mainEntityOfPage\":{\"@id\":\"https:\/\/portaltela.pt\/noticias\/2026\/04\/03\/flick-critica-racismo-ao-condenar-pequeno-grupo\/\"},\"wordCount\":234,\"image\":{\"@id\":\"https:\/\/portaltela.pt\/noticias\/2026\/04\/03\/flick-critica-racismo-ao-condenar-pequeno-grupo\/#primaryimage\"},\"thumbnailUrl\":\"https:\/\/portaltela.pt\/s.01k8rhncp4jt1\/2026\/04\/img_1200x721uu2026-04-03-18-19-28-2430936.jpg\",\"keywords\":[\"Atl\u00e9tico de Madrid\",\"Barcelona\",\"Egipto\",\"Espa\u00f1a\",\"futebol\",\"racismo\"],\"articleSection\":[\"Desporto\",\"Futebol\"],\"inLanguage\":\"pt-PT\"},{\"@type\":\"WebPage\",\"@id\":\"https:\/\/portaltela.pt\/noticias\/2026\/04\/03\/flick-critica-racismo-ao-condenar-pequeno-grupo\/\",\"url\":\"https:\/\/portaltela.pt\/noticias\/2026\/04\/03\/flick-critica-racismo-ao-condenar-pequeno-grupo\/\",\"name\":\"Flick critica racismo ao condenar pequeno grupo - Portal Tela Portugal\",\"isPartOf\":{\"@id\":\"https:\/\/portaltela.pt\/#website\"},\"primaryImageOfPage\":{\"@id\":\"https:\/\/portaltela.pt\/noticias\/2026\/04\/03\/flick-critica-racismo-ao-condenar-pequeno-grupo\/#primaryimage\"},\"image\":{\"@id\":\"https:\/\/portaltela.pt\/noticias\/2026\/04\/03\/flick-critica-racismo-ao-condenar-pequeno-grupo\/#primaryimage\"},\"thumbnailUrl\":\"https:\/\/portaltela.pt\/s.01k8rhncp4jt1\/2026\/04\/img_1200x721uu2026-04-03-18-19-28-2430936.jpg\",\"datePublished\":\"2026-04-03T17:32:27+00:00\",\"author\":{\"@id\":\"https:\/\/portaltela.pt\/#\/schema\/person\/c4278d4a6028830caff9ee44b42d32ed\"},\"breadcrumb\":{\"@id\":\"https:\/\/portaltela.pt\/noticias\/2026\/04\/03\/flick-critica-racismo-ao-condenar-pequeno-grupo\/#breadcrumb\"},\"inLanguage\":\"pt-PT\",\"potentialAction\":[{\"@type\":\"ReadAction\",\"target\":[\"https:\/\/portaltela.pt\/noticias\/2026\/04\/03\/flick-critica-racismo-ao-condenar-pequeno-grupo\/\"]}]},{\"@type\":\"ImageObject\",\"inLanguage\":\"pt-PT\",\"@id\":\"https:\/\/portaltela.pt\/noticias\/2026\/04\/03\/flick-critica-racismo-ao-condenar-pequeno-grupo\/#primaryimage\",\"url\":\"https:\/\/portaltela.pt\/s.01k8rhncp4jt1\/2026\/04\/img_1200x721uu2026-04-03-18-19-28-2430936.jpg\",\"contentUrl\":\"https:\/\/portaltela.pt\/s.01k8rhncp4jt1\/2026\/04\/img_1200x721uu2026-04-03-18-19-28-2430936.jpg\",\"width\":796,\"height\":448,\"caption\":\"Flick na confer\u00eancia do Bar\u00e7a\"},{\"@type\":\"BreadcrumbList\",\"@id\":\"https:\/\/portaltela.pt\/noticias\/2026\/04\/03\/flick-critica-racismo-ao-condenar-pequeno-grupo\/#breadcrumb\",\"itemListElement\":[{\"@type\":\"ListItem\",\"position\":1,\"name\":\"In\u00edcio\",\"item\":\"https:\/\/portaltela.pt\/\"},{\"@type\":\"ListItem\",\"position\":2,\"name\":\"Flick critica racismo ao condenar pequeno grupo\"}]},{\"@type\":\"WebSite\",\"@id\":\"https:\/\/portaltela.pt\/#website\",\"url\":\"https:\/\/portaltela.pt\/\",\"name\":\"Portal Tela Portugal\",\"description\":\"\",\"potentialAction\":[{\"@type\":\"SearchAction\",\"target\":{\"@type\":\"EntryPoint\",\"urlTemplate\":\"https:\/\/portaltela.pt\/?s={search_term_string}\"},\"query-input\":{\"@type\":\"PropertyValueSpecification\",\"valueRequired\":true,\"valueName\":\"search_term_string\"}}],\"inLanguage\":\"pt-PT\"},{\"@type\":\"Person\",\"@id\":\"https:\/\/portaltela.pt\/#\/schema\/person\/c4278d4a6028830caff9ee44b42d32ed\",\"name\":\"Telinha\",\"image\":{\"@type\":\"ImageObject\",\"inLanguage\":\"pt-PT\",\"@id\":\"https:\/\/portaltela.pt\/s.01k8rhncp4jt1\/2025\/11\/talking-bot-125x125.png\",\"url\":\"https:\/\/portaltela.pt\/s.01k8rhncp4jt1\/2025\/11\/talking-bot-125x125.png\",\"contentUrl\":\"https:\/\/portaltela.pt\/s.01k8rhncp4jt1\/2025\/11\/talking-bot-125x125.png\",\"caption\":\"Telinha\"},\"sameAs\":[\"https:\/\/portaltela.pt\/\"],\"url\":\"https:\/\/portaltela.pt\/por\/367410592786\/\"}]}<\/script>\n<!-- \/ Yoast SEO plugin. -->","yoast_head_json":{"title":"Flick critica racismo ao condenar pequeno grupo - Portal Tela Portugal","robots":{"index":"index","follow":"follow","max-snippet":"max-snippet:-1","max-image-preview":"max-image-preview:large","max-video-preview":"max-video-preview:-1"},"og_locale":"pt_PT","og_type":"article","og_title":"Flick critica racismo ao condenar pequeno grupo - Portal Tela Portugal","og_description":"S\u00e1bado h\u00e1 jogo grande entre Atl\u00e9tico de Madrid e Barcelona, \u00e0s 20:00, no Metropolitano. Os treinadores reagiram ao racismo vivido no encontro entre Espanha e Egito, onde se ouviram insultos islamof\u00f3bicos em Cornell\u00e1. Diego Simeone afirmou que os insultos racistas s\u00e3o um problema global e social, n\u00e3o restrito a Espanha. O t\u00e9cnico do Barcelona, Hansi Flick, disse que n\u00e3o h\u00e1 lugar para o racismo e que \u00e9 preciso promover inclus\u00e3o e respeito para todos. Flick elogiou advers\u00e1rios, destacando que Antoine Griezmann \u00e9 um jogador excelente e est\u00e1 em boa forma.","og_url":"https:\/\/portaltela.pt\/noticias\/2026\/04\/03\/flick-critica-racismo-ao-condenar-pequeno-grupo\/","og_site_name":"Portal Tela Portugal","article_published_time":"2026-04-03T17:32:27+00:00","author":"Telinha","twitter_card":"summary_large_image","twitter_misc":{"Escrito por":"Telinha","Tempo estimado de leitura":"1 minuto"},"schema":{"@context":"https:\/\/schema.org","@graph":[{"@type":"Article","@id":"https:\/\/portaltela.pt\/noticias\/2026\/04\/03\/flick-critica-racismo-ao-condenar-pequeno-grupo\/#article","isPartOf":{"@id":"https:\/\/portaltela.pt\/noticias\/2026\/04\/03\/flick-critica-racismo-ao-condenar-pequeno-grupo\/"},"author":{"name":"Telinha","@id":"https:\/\/portaltela.pt\/#\/schema\/person\/c4278d4a6028830caff9ee44b42d32ed"},"headline":"Flick critica racismo ao condenar pequeno grupo","datePublished":"2026-04-03T17:32:27+00:00","mainEntityOfPage":{"@id":"https:\/\/portaltela.pt\/noticias\/2026\/04\/03\/flick-critica-racismo-ao-condenar-pequeno-grupo\/"},"wordCount":234,"image":{"@id":"https:\/\/portaltela.pt\/noticias\/2026\/04\/03\/flick-critica-racismo-ao-condenar-pequeno-grupo\/#primaryimage"},"thumbnailUrl":"https:\/\/portaltela.pt\/s.01k8rhncp4jt1\/2026\/04\/img_1200x721uu2026-04-03-18-19-28-2430936.jpg","keywords":["Atl\u00e9tico de Madrid","Barcelona","Egipto","Espa\u00f1a","futebol","racismo"],"articleSection":["Desporto","Futebol"],"inLanguage":"pt-PT"},{"@type":"WebPage","@id":"https:\/\/portaltela.pt\/noticias\/2026\/04\/03\/flick-critica-racismo-ao-condenar-pequeno-grupo\/","url":"https:\/\/portaltela.pt\/noticias\/2026\/04\/03\/flick-critica-racismo-ao-condenar-pequeno-grupo\/","name":"Flick critica racismo ao condenar pequeno grupo - Portal Tela Portugal","isPartOf":{"@id":"https:\/\/portaltela.pt\/#website"},"primaryImageOfPage":{"@id":"https:\/\/portaltela.pt\/noticias\/2026\/04\/03\/flick-critica-racismo-ao-condenar-pequeno-grupo\/#primaryimage"},"image":{"@id":"https:\/\/portaltela.pt\/noticias\/2026\/04\/03\/flick-critica-racismo-ao-condenar-pequeno-grupo\/#primaryimage"},"thumbnailUrl":"https:\/\/portaltela.pt\/s.01k8rhncp4jt1\/2026\/04\/img_1200x721uu2026-04-03-18-19-28-2430936.jpg","datePublished":"2026-04-03T17:32:27+00:00","author":{"@id":"https:\/\/portaltela.pt\/#\/schema\/person\/c4278d4a6028830caff9ee44b42d32ed"},"breadcrumb":{"@id":"https:\/\/portaltela.pt\/noticias\/2026\/04\/03\/flick-critica-racismo-ao-condenar-pequeno-grupo\/#breadcrumb"},"inLanguage":"pt-PT","potentialAction":[{"@type":"ReadAction","target":["https:\/\/portaltela.pt\/noticias\/2026\/04\/03\/flick-critica-racismo-ao-condenar-pequeno-grupo\/"]}]},{"@type":"ImageObject","inLanguage":"pt-PT","@id":"https:\/\/portaltela.pt\/noticias\/2026\/04\/03\/flick-critica-racismo-ao-condenar-pequeno-grupo\/#primaryimage","url":"https:\/\/portaltela.pt\/s.01k8rhncp4jt1\/2026\/04\/img_1200x721uu2026-04-03-18-19-28-2430936.jpg","contentUrl":"https:\/\/portaltela.pt\/s.01k8rhncp4jt1\/2026\/04\/img_1200x721uu2026-04-03-18-19-28-2430936.jpg","width":796,"height":448,"caption":"Flick na confer\u00eancia do Bar\u00e7a"},{"@type":"BreadcrumbList","@id":"https:\/\/portaltela.pt\/noticias\/2026\/04\/03\/flick-critica-racismo-ao-condenar-pequeno-grupo\/#breadcrumb","itemListElement":[{"@type":"ListItem","position":1,"name":"In\u00edcio","item":"https:\/\/portaltela.pt\/"},{"@type":"ListItem","position":2,"name":"Flick critica racismo ao condenar pequeno grupo"}]},{"@type":"WebSite","@id":"https:\/\/portaltela.pt\/#website","url":"https:\/\/portaltela.pt\/","name":"Portal Tela Portugal","description":"","potentialAction":[{"@type":"SearchAction","target":{"@type":"EntryPoint","urlTemplate":"https:\/\/portaltela.pt\/?s={search_term_string}"},"query-input":{"@type":"PropertyValueSpecification","valueRequired":true,"valueName":"search_term_string"}}],"inLanguage":"pt-PT"},{"@type":"Person","@id":"https:\/\/portaltela.pt\/#\/schema\/person\/c4278d4a6028830caff9ee44b42d32ed","name":"Telinha","image":{"@type":"ImageObject","inLanguage":"pt-PT","@id":"https:\/\/portaltela.pt\/s.01k8rhncp4jt1\/2025\/11\/talking-bot-125x125.png","url":"https:\/\/portaltela.pt\/s.01k8rhncp4jt1\/2025\/11\/talking-bot-125x125.png","contentUrl":"https:\/\/portaltela.pt\/s.01k8rhncp4jt1\/2025\/11\/talking-bot-125x125.png","caption":"Telinha"},"sameAs":["https:\/\/portaltela.pt\/"],"url":"https:\/\/portaltela.pt\/por\/367410592786\/"}]}},"_links":{"self":[{"href":"https:\/\/portaltela.pt\/api\/wp\/v2\/posts\/431760","targetHints":{"allow":["GET"]}}],"collection":[{"href":"https:\/\/portaltela.pt\/api\/wp\/v2\/posts"}],"about":[{"href":"https:\/\/portaltela.pt\/api\/wp\/v2\/types\/post"}],"author":[{"embeddable":true,"href":"https:\/\/portaltela.pt\/api\/wp\/v2\/users\/2"}],"replies":[{"embeddable":true,"href":"https:\/\/portaltela.pt\/api\/wp\/v2\/comments?post=431760"}],"version-history":[{"count":0,"href":"https:\/\/portaltela.pt\/api\/wp\/v2\/posts\/431760\/revisions"}],"wp:featuredmedia":[{"embeddable":true,"href":"https:\/\/portaltela.pt\/api\/wp\/v2\/media\/431761"}],"wp:attachment":[{"href":"https:\/\/portaltela.pt\/api\/wp\/v2\/media?parent=431760"}],"wp:term":[{"taxonomy":"category","embeddable":true,"href":"https:\/\/portaltela.pt\/api\/wp\/v2\/categories?post=431760"},{"taxonomy":"post_tag","embeddable":true,"href":"https:\/\/portaltela.pt\/api\/wp\/v2\/tags?post=431760"}],"curies":[{"name":"wp","href":"https:\/\/api.w.org\/{rel}","templated":true}]}}