{"id":431724,"date":"2026-04-03T13:22:01","date_gmt":"2026-04-03T16:22:01","guid":{"rendered":"https:\/\/portaltela.pt\/noticias\/2026\/04\/03\/astronauta-christina-koch-resolve-avaria-na-sanita-a-bordo-da-artemis-ii\/"},"modified":"2026-04-03T13:22:01","modified_gmt":"2026-04-03T16:22:01","slug":"astronauta-christina-koch-resolve-avaria-na-sanita-a-bordo-da-artemis-ii","status":"publish","type":"post","link":"https:\/\/portaltela.pt\/tecnologia\/2026\/04\/03\/astronauta-christina-koch-resolve-avaria-na-sanita-a-bordo-da-artemis-ii\/","title":{"rendered":"Astronauta Christina Koch resolve avaria na sanita a bordo da Artemis II"},"content":{"rendered":"<p>A astronauta Christina Koch teve de intervir para resolver uma avaria na sanita da c\u00e1psula Orion durante a miss\u00e3o Artemis II. A miss\u00e3o envolve tr\u00eas astronautas norte-americanos e um canadiano, e \u00e9 um teste para a \u00f3rbita lunar, abrindo caminho ao regresso da NASA \u00e0 explora\u00e7\u00e3o da Lua.<\/p>\n<p>Koch destacou-se pela sua atua\u00e7\u00e3o t\u00e9cnica a bordo, demonstrando a capacidade de resolver problemas em condi\u00e7\u00f5es extremas. A participa\u00e7\u00e3o da astronauta j\u00e1 tinha ficado marcada por uma experi\u00eancia anterior a bordo da Esta\u00e7\u00e3o Espacial Internacional.<\/p>\n<p>A Artemis II representa uma etapa-chave na estrat\u00e9gia da NASA de estabelecer uma presen\u00e7a sustent\u00e1vel na Lua, com planos para miss\u00f5es tripuladas futuras e o desenvolvimento de uma base lunar que possa servir de plataforma para miss\u00f5es a Marte. A miss\u00e3o, ainda em curso, \u00e9 vista como um passo para refor\u00e7ar a capacidade de explora\u00e7\u00e3o humana no espa\u00e7o pr\u00f3ximo.<\/p>\n","protected":false},"excerpt":{"rendered":"<ul>\n<li>A astronauta Christina Koch resolveu uma avaria na sanita da c\u00e1psula Orion durante a miss\u00e3o Artemis II.<\/li>\n<li>Artemis II leva tr\u00eas astronautas norte-americanos e um canadiano numa viagem de teste \u00e0 \u00f3rbita lunar.<\/li>\n<li>A miss\u00e3o \u00e9 considerada um passo importante para o regresso da NASA \u00e0 explora\u00e7\u00e3o da Lua e para uma presen\u00e7a sustent\u00e1vel no sat\u00e9lite.<\/li>\n<li>Koch j\u00e1 participou numa miss\u00e3o de longa dura\u00e7\u00e3o na Esta\u00e7\u00e3o Espacial Internacional e destacou-se pela capacidade de resolver problemas t\u00e9cnicos.<\/li>\n<li>A miss\u00e3o prepara o caminho para futuras miss\u00f5es tripuladas e para o desenvolvimento de uma base lunar que servir\u00e1 de plataforma para miss\u00f5es a Marte.<\/li>\n<\/ul>\n","protected":false},"author":2,"featured_media":431725,"comment_status":"closed","ping_status":"closed","sticky":false,"template":"","format":"standard","meta":{"footnotes":""},"categories":[6716],"tags":[4558,7254,6720,7186,1992,6232],"class_list":["post-431724","post","type-post","status-publish","format-standard","has-post-thumbnail","hentry","category-tecnologia","tag-a-aeronautica","tag-a-astrobiologia","tag-aerodinamica","tag-astronomia","tag-ciencia","tag-nasa"],"yoast_head":"<!-- This site is optimized with the Yoast SEO plugin v27.2 - https:\/\/yoast.com\/product\/yoast-seo-wordpress\/ -->\n<title>Astronauta Christina Koch resolve avaria na sanita a bordo da Artemis II - Portal Tela Portugal<\/title>\n<meta name=\"robots\" content=\"index, follow, max-snippet:-1, max-image-preview:large, max-video-preview:-1\" \/>\n<meta property=\"og:locale\" content=\"pt_PT\" \/>\n<meta property=\"og:type\" content=\"article\" \/>\n<meta property=\"og:title\" content=\"Astronauta Christina Koch resolve avaria na sanita a bordo da Artemis II - Portal Tela Portugal\" \/>\n<meta property=\"og:description\" content=\"A astronauta Christina Koch resolveu uma avaria na sanita da c\u00e1psula Orion durante a miss\u00e3o Artemis II. Artemis II leva tr\u00eas astronautas norte-americanos e um canadiano numa viagem de teste \u00e0 \u00f3rbita lunar. A miss\u00e3o \u00e9 considerada um passo importante para o regresso da NASA \u00e0 explora\u00e7\u00e3o da Lua e para uma presen\u00e7a sustent\u00e1vel no sat\u00e9lite. Koch j\u00e1 participou numa miss\u00e3o de longa dura\u00e7\u00e3o na Esta\u00e7\u00e3o Espacial Internacional e destacou-se pela capacidade de resolver problemas t\u00e9cnicos. A miss\u00e3o prepara o caminho para futuras miss\u00f5es tripuladas e para o desenvolvimento de uma base lunar que servir\u00e1 de plataforma para miss\u00f5es a Marte.\" \/>\n<meta property=\"og:url\" content=\"https:\/\/portaltela.pt\/noticias\/2026\/04\/03\/astronauta-christina-koch-resolve-avaria-na-sanita-a-bordo-da-artemis-ii\/\" \/>\n<meta property=\"og:site_name\" content=\"Portal Tela Portugal\" \/>\n<meta property=\"article:published_time\" content=\"2026-04-03T16:22:01+00:00\" \/>\n<meta name=\"author\" content=\"Telinha\" \/>\n<meta name=\"twitter:card\" content=\"summary_large_image\" \/>\n<meta name=\"twitter:label1\" content=\"Escrito por\" \/>\n\t<meta name=\"twitter:data1\" content=\"Telinha\" \/>\n\t<meta name=\"twitter:label2\" content=\"Tempo estimado de leitura\" \/>\n\t<meta name=\"twitter:data2\" content=\"1 minuto\" \/>\n<script type=\"application\/ld+json\" class=\"yoast-schema-graph\">{\"@context\":\"https:\/\/schema.org\",\"@graph\":[{\"@type\":\"Article\",\"@id\":\"https:\/\/portaltela.pt\/noticias\/2026\/04\/03\/astronauta-christina-koch-resolve-avaria-na-sanita-a-bordo-da-artemis-ii\/#article\",\"isPartOf\":{\"@id\":\"https:\/\/portaltela.pt\/noticias\/2026\/04\/03\/astronauta-christina-koch-resolve-avaria-na-sanita-a-bordo-da-artemis-ii\/\"},\"author\":{\"name\":\"Telinha\",\"@id\":\"https:\/\/portaltela.pt\/#\/schema\/person\/c4278d4a6028830caff9ee44b42d32ed\"},\"headline\":\"Astronauta Christina Koch resolve avaria na sanita a bordo da Artemis II\",\"datePublished\":\"2026-04-03T16:22:01+00:00\",\"mainEntityOfPage\":{\"@id\":\"https:\/\/portaltela.pt\/noticias\/2026\/04\/03\/astronauta-christina-koch-resolve-avaria-na-sanita-a-bordo-da-artemis-ii\/\"},\"wordCount\":172,\"image\":{\"@id\":\"https:\/\/portaltela.pt\/noticias\/2026\/04\/03\/astronauta-christina-koch-resolve-avaria-na-sanita-a-bordo-da-artemis-ii\/#primaryimage\"},\"thumbnailUrl\":\"https:\/\/portaltela.pt\/s.01k8rhncp4jt1\/2026\/04\/img_1280x722uu2026-04-03-16-58-26-2276443.jpg\",\"keywords\":[\"a aeron\u00e1utica\",\"a astrobiologia\",\"aerodin\u00e2mica\",\"astronomia\",\"ci\u00eancia\",\"NASA\"],\"articleSection\":[\"Tecnologia\"],\"inLanguage\":\"pt-PT\"},{\"@type\":\"WebPage\",\"@id\":\"https:\/\/portaltela.pt\/noticias\/2026\/04\/03\/astronauta-christina-koch-resolve-avaria-na-sanita-a-bordo-da-artemis-ii\/\",\"url\":\"https:\/\/portaltela.pt\/noticias\/2026\/04\/03\/astronauta-christina-koch-resolve-avaria-na-sanita-a-bordo-da-artemis-ii\/\",\"name\":\"Astronauta Christina Koch resolve avaria na sanita a bordo da Artemis II - Portal Tela Portugal\",\"isPartOf\":{\"@id\":\"https:\/\/portaltela.pt\/#website\"},\"primaryImageOfPage\":{\"@id\":\"https:\/\/portaltela.pt\/noticias\/2026\/04\/03\/astronauta-christina-koch-resolve-avaria-na-sanita-a-bordo-da-artemis-ii\/#primaryimage\"},\"image\":{\"@id\":\"https:\/\/portaltela.pt\/noticias\/2026\/04\/03\/astronauta-christina-koch-resolve-avaria-na-sanita-a-bordo-da-artemis-ii\/#primaryimage\"},\"thumbnailUrl\":\"https:\/\/portaltela.pt\/s.01k8rhncp4jt1\/2026\/04\/img_1280x722uu2026-04-03-16-58-26-2276443.jpg\",\"datePublished\":\"2026-04-03T16:22:01+00:00\",\"author\":{\"@id\":\"https:\/\/portaltela.pt\/#\/schema\/person\/c4278d4a6028830caff9ee44b42d32ed\"},\"breadcrumb\":{\"@id\":\"https:\/\/portaltela.pt\/noticias\/2026\/04\/03\/astronauta-christina-koch-resolve-avaria-na-sanita-a-bordo-da-artemis-ii\/#breadcrumb\"},\"inLanguage\":\"pt-PT\",\"potentialAction\":[{\"@type\":\"ReadAction\",\"target\":[\"https:\/\/portaltela.pt\/noticias\/2026\/04\/03\/astronauta-christina-koch-resolve-avaria-na-sanita-a-bordo-da-artemis-ii\/\"]}]},{\"@type\":\"ImageObject\",\"inLanguage\":\"pt-PT\",\"@id\":\"https:\/\/portaltela.pt\/noticias\/2026\/04\/03\/astronauta-christina-koch-resolve-avaria-na-sanita-a-bordo-da-artemis-ii\/#primaryimage\",\"url\":\"https:\/\/portaltela.pt\/s.01k8rhncp4jt1\/2026\/04\/img_1280x722uu2026-04-03-16-58-26-2276443.jpg\",\"contentUrl\":\"https:\/\/portaltela.pt\/s.01k8rhncp4jt1\/2026\/04\/img_1280x722uu2026-04-03-16-58-26-2276443.jpg\",\"width\":796,\"height\":448,\"caption\":\"Photo\"},{\"@type\":\"BreadcrumbList\",\"@id\":\"https:\/\/portaltela.pt\/noticias\/2026\/04\/03\/astronauta-christina-koch-resolve-avaria-na-sanita-a-bordo-da-artemis-ii\/#breadcrumb\",\"itemListElement\":[{\"@type\":\"ListItem\",\"position\":1,\"name\":\"In\u00edcio\",\"item\":\"https:\/\/portaltela.pt\/\"},{\"@type\":\"ListItem\",\"position\":2,\"name\":\"Astronauta Christina Koch resolve avaria na sanita a bordo da Artemis II\"}]},{\"@type\":\"WebSite\",\"@id\":\"https:\/\/portaltela.pt\/#website\",\"url\":\"https:\/\/portaltela.pt\/\",\"name\":\"Portal Tela Portugal\",\"description\":\"\",\"potentialAction\":[{\"@type\":\"SearchAction\",\"target\":{\"@type\":\"EntryPoint\",\"urlTemplate\":\"https:\/\/portaltela.pt\/?s={search_term_string}\"},\"query-input\":{\"@type\":\"PropertyValueSpecification\",\"valueRequired\":true,\"valueName\":\"search_term_string\"}}],\"inLanguage\":\"pt-PT\"},{\"@type\":\"Person\",\"@id\":\"https:\/\/portaltela.pt\/#\/schema\/person\/c4278d4a6028830caff9ee44b42d32ed\",\"name\":\"Telinha\",\"image\":{\"@type\":\"ImageObject\",\"inLanguage\":\"pt-PT\",\"@id\":\"https:\/\/portaltela.pt\/s.01k8rhncp4jt1\/2025\/11\/talking-bot-125x125.png\",\"url\":\"https:\/\/portaltela.pt\/s.01k8rhncp4jt1\/2025\/11\/talking-bot-125x125.png\",\"contentUrl\":\"https:\/\/portaltela.pt\/s.01k8rhncp4jt1\/2025\/11\/talking-bot-125x125.png\",\"caption\":\"Telinha\"},\"sameAs\":[\"https:\/\/portaltela.pt\/\"],\"url\":\"https:\/\/portaltela.pt\/por\/367410592786\/\"}]}<\/script>\n<!-- \/ Yoast SEO plugin. -->","yoast_head_json":{"title":"Astronauta Christina Koch resolve avaria na sanita a bordo da Artemis II - Portal Tela Portugal","robots":{"index":"index","follow":"follow","max-snippet":"max-snippet:-1","max-image-preview":"max-image-preview:large","max-video-preview":"max-video-preview:-1"},"og_locale":"pt_PT","og_type":"article","og_title":"Astronauta Christina Koch resolve avaria na sanita a bordo da Artemis II - Portal Tela Portugal","og_description":"A astronauta Christina Koch resolveu uma avaria na sanita da c\u00e1psula Orion durante a miss\u00e3o Artemis II. Artemis II leva tr\u00eas astronautas norte-americanos e um canadiano numa viagem de teste \u00e0 \u00f3rbita lunar. A miss\u00e3o \u00e9 considerada um passo importante para o regresso da NASA \u00e0 explora\u00e7\u00e3o da Lua e para uma presen\u00e7a sustent\u00e1vel no sat\u00e9lite. Koch j\u00e1 participou numa miss\u00e3o de longa dura\u00e7\u00e3o na Esta\u00e7\u00e3o Espacial Internacional e destacou-se pela capacidade de resolver problemas t\u00e9cnicos. A miss\u00e3o prepara o caminho para futuras miss\u00f5es tripuladas e para o desenvolvimento de uma base lunar que servir\u00e1 de plataforma para miss\u00f5es a Marte.","og_url":"https:\/\/portaltela.pt\/noticias\/2026\/04\/03\/astronauta-christina-koch-resolve-avaria-na-sanita-a-bordo-da-artemis-ii\/","og_site_name":"Portal Tela Portugal","article_published_time":"2026-04-03T16:22:01+00:00","author":"Telinha","twitter_card":"summary_large_image","twitter_misc":{"Escrito por":"Telinha","Tempo estimado de leitura":"1 minuto"},"schema":{"@context":"https:\/\/schema.org","@graph":[{"@type":"Article","@id":"https:\/\/portaltela.pt\/noticias\/2026\/04\/03\/astronauta-christina-koch-resolve-avaria-na-sanita-a-bordo-da-artemis-ii\/#article","isPartOf":{"@id":"https:\/\/portaltela.pt\/noticias\/2026\/04\/03\/astronauta-christina-koch-resolve-avaria-na-sanita-a-bordo-da-artemis-ii\/"},"author":{"name":"Telinha","@id":"https:\/\/portaltela.pt\/#\/schema\/person\/c4278d4a6028830caff9ee44b42d32ed"},"headline":"Astronauta Christina Koch resolve avaria na sanita a bordo da Artemis II","datePublished":"2026-04-03T16:22:01+00:00","mainEntityOfPage":{"@id":"https:\/\/portaltela.pt\/noticias\/2026\/04\/03\/astronauta-christina-koch-resolve-avaria-na-sanita-a-bordo-da-artemis-ii\/"},"wordCount":172,"image":{"@id":"https:\/\/portaltela.pt\/noticias\/2026\/04\/03\/astronauta-christina-koch-resolve-avaria-na-sanita-a-bordo-da-artemis-ii\/#primaryimage"},"thumbnailUrl":"https:\/\/portaltela.pt\/s.01k8rhncp4jt1\/2026\/04\/img_1280x722uu2026-04-03-16-58-26-2276443.jpg","keywords":["a aeron\u00e1utica","a astrobiologia","aerodin\u00e2mica","astronomia","ci\u00eancia","NASA"],"articleSection":["Tecnologia"],"inLanguage":"pt-PT"},{"@type":"WebPage","@id":"https:\/\/portaltela.pt\/noticias\/2026\/04\/03\/astronauta-christina-koch-resolve-avaria-na-sanita-a-bordo-da-artemis-ii\/","url":"https:\/\/portaltela.pt\/noticias\/2026\/04\/03\/astronauta-christina-koch-resolve-avaria-na-sanita-a-bordo-da-artemis-ii\/","name":"Astronauta Christina Koch resolve avaria na sanita a bordo da Artemis II - Portal Tela Portugal","isPartOf":{"@id":"https:\/\/portaltela.pt\/#website"},"primaryImageOfPage":{"@id":"https:\/\/portaltela.pt\/noticias\/2026\/04\/03\/astronauta-christina-koch-resolve-avaria-na-sanita-a-bordo-da-artemis-ii\/#primaryimage"},"image":{"@id":"https:\/\/portaltela.pt\/noticias\/2026\/04\/03\/astronauta-christina-koch-resolve-avaria-na-sanita-a-bordo-da-artemis-ii\/#primaryimage"},"thumbnailUrl":"https:\/\/portaltela.pt\/s.01k8rhncp4jt1\/2026\/04\/img_1280x722uu2026-04-03-16-58-26-2276443.jpg","datePublished":"2026-04-03T16:22:01+00:00","author":{"@id":"https:\/\/portaltela.pt\/#\/schema\/person\/c4278d4a6028830caff9ee44b42d32ed"},"breadcrumb":{"@id":"https:\/\/portaltela.pt\/noticias\/2026\/04\/03\/astronauta-christina-koch-resolve-avaria-na-sanita-a-bordo-da-artemis-ii\/#breadcrumb"},"inLanguage":"pt-PT","potentialAction":[{"@type":"ReadAction","target":["https:\/\/portaltela.pt\/noticias\/2026\/04\/03\/astronauta-christina-koch-resolve-avaria-na-sanita-a-bordo-da-artemis-ii\/"]}]},{"@type":"ImageObject","inLanguage":"pt-PT","@id":"https:\/\/portaltela.pt\/noticias\/2026\/04\/03\/astronauta-christina-koch-resolve-avaria-na-sanita-a-bordo-da-artemis-ii\/#primaryimage","url":"https:\/\/portaltela.pt\/s.01k8rhncp4jt1\/2026\/04\/img_1280x722uu2026-04-03-16-58-26-2276443.jpg","contentUrl":"https:\/\/portaltela.pt\/s.01k8rhncp4jt1\/2026\/04\/img_1280x722uu2026-04-03-16-58-26-2276443.jpg","width":796,"height":448,"caption":"Photo"},{"@type":"BreadcrumbList","@id":"https:\/\/portaltela.pt\/noticias\/2026\/04\/03\/astronauta-christina-koch-resolve-avaria-na-sanita-a-bordo-da-artemis-ii\/#breadcrumb","itemListElement":[{"@type":"ListItem","position":1,"name":"In\u00edcio","item":"https:\/\/portaltela.pt\/"},{"@type":"ListItem","position":2,"name":"Astronauta Christina Koch resolve avaria na sanita a bordo da Artemis II"}]},{"@type":"WebSite","@id":"https:\/\/portaltela.pt\/#website","url":"https:\/\/portaltela.pt\/","name":"Portal Tela Portugal","description":"","potentialAction":[{"@type":"SearchAction","target":{"@type":"EntryPoint","urlTemplate":"https:\/\/portaltela.pt\/?s={search_term_string}"},"query-input":{"@type":"PropertyValueSpecification","valueRequired":true,"valueName":"search_term_string"}}],"inLanguage":"pt-PT"},{"@type":"Person","@id":"https:\/\/portaltela.pt\/#\/schema\/person\/c4278d4a6028830caff9ee44b42d32ed","name":"Telinha","image":{"@type":"ImageObject","inLanguage":"pt-PT","@id":"https:\/\/portaltela.pt\/s.01k8rhncp4jt1\/2025\/11\/talking-bot-125x125.png","url":"https:\/\/portaltela.pt\/s.01k8rhncp4jt1\/2025\/11\/talking-bot-125x125.png","contentUrl":"https:\/\/portaltela.pt\/s.01k8rhncp4jt1\/2025\/11\/talking-bot-125x125.png","caption":"Telinha"},"sameAs":["https:\/\/portaltela.pt\/"],"url":"https:\/\/portaltela.pt\/por\/367410592786\/"}]}},"_links":{"self":[{"href":"https:\/\/portaltela.pt\/api\/wp\/v2\/posts\/431724","targetHints":{"allow":["GET"]}}],"collection":[{"href":"https:\/\/portaltela.pt\/api\/wp\/v2\/posts"}],"about":[{"href":"https:\/\/portaltela.pt\/api\/wp\/v2\/types\/post"}],"author":[{"embeddable":true,"href":"https:\/\/portaltela.pt\/api\/wp\/v2\/users\/2"}],"replies":[{"embeddable":true,"href":"https:\/\/portaltela.pt\/api\/wp\/v2\/comments?post=431724"}],"version-history":[{"count":0,"href":"https:\/\/portaltela.pt\/api\/wp\/v2\/posts\/431724\/revisions"}],"wp:featuredmedia":[{"embeddable":true,"href":"https:\/\/portaltela.pt\/api\/wp\/v2\/media\/431725"}],"wp:attachment":[{"href":"https:\/\/portaltela.pt\/api\/wp\/v2\/media?parent=431724"}],"wp:term":[{"taxonomy":"category","embeddable":true,"href":"https:\/\/portaltela.pt\/api\/wp\/v2\/categories?post=431724"},{"taxonomy":"post_tag","embeddable":true,"href":"https:\/\/portaltela.pt\/api\/wp\/v2\/tags?post=431724"}],"curies":[{"name":"wp","href":"https:\/\/api.w.org\/{rel}","templated":true}]}}