{"id":431691,"date":"2026-04-03T13:17:22","date_gmt":"2026-04-03T16:17:22","guid":{"rendered":"https:\/\/portaltela.pt\/noticias\/2026\/04\/03\/gattuso-deixa-o-comando-tecnico-da-selecao-italiana\/"},"modified":"2026-04-03T13:17:22","modified_gmt":"2026-04-03T16:17:22","slug":"gattuso-deixa-o-comando-tecnico-da-selecao-italiana","status":"publish","type":"post","link":"https:\/\/portaltela.pt\/desporto\/futebol\/2026\/04\/03\/gattuso-deixa-o-comando-tecnico-da-selecao-italiana\/","title":{"rendered":"Gattuso deixa o comando t\u00e9cnico da sele\u00e7\u00e3o italiana"},"content":{"rendered":"<p>O treinador Gennaro Gattuso demitiu-se do comando t\u00e9cnico da sele\u00e7\u00e3o italiana de futebol, tr\u00eas dias depois de a It\u00e1lia falhar a qualifica\u00e7\u00e3o para o Mundial 2026. O an\u00fancio foi feito pela Federa\u00e7\u00e3o Italiana de Futebol (FIGC) em comunicado oficial.<\/p>\n<p>Gattuso disse sentir \u201cdor no cora\u00e7\u00e3o por n\u00e3o ter conseguido alcan\u00e7ar o objetivo\u201d e considerou conclu\u00edda a sua experi\u00eancia no banco de It\u00e1lia. A federa\u00e7\u00e3o confirmou o acordo com o t\u00e9cnico para a sa\u00edda, agradecendo a ele e \u00e0 sua equipa pela dedica\u00e7\u00e3o nos \u00faltimos nove meses.<\/p>\n<p>O selecionador foi nomeado em junho de 2025, substituindo Luciano Spalletti, com a miss\u00e3o de regressar ao Mundial. A derrota de ter\u00e7a-feira frente \u00e0 B\u00f3snia e Herzegovina, por 4-1 nas penalties, encerrou a caminhada no play-off europeu do apuramento.<\/p>\n<h3>Contexto e desfecho<\/h3>\n<p>A It\u00e1lia j\u00e1 tinha falhado dois Mundiais consecutivos sob a sua gest\u00e3o de Gattuso, incluindo 2022 e 2026. O desaire ocorreu ap\u00f3s o empate 1-1 no tempo regulamentar e na extens\u00e3o, com a B\u00f3snia a vencer a lotaria das grandes penalidades.<\/p>\n<p>A tomada de decis\u00e3o da FIGC ocorreu dias ap\u00f3s a demiss\u00e3o de Gabriele Gravina, presidente da federa\u00e7\u00e3o desde 2018, que j\u00e1 tinha apresentado a demiss\u00e3o na quinta-feira anterior. Gravina permanece como primeiro vice-presidente da UEFA.<\/p>\n<p>Buffon, antigo guarda\u2011redes e diretor geral da equipa, j\u00e1 havia abandonado o cargo. A It\u00e1lia, tetracampe\u00e3 mundial, fica pela terceira vez consecutiva de fora do Mundial, repetindo os epis\u00f3dios de 2018 e 2022 no play-off.<\/p>\n","protected":false},"excerpt":{"rendered":"<ul>\n<li>O treinador Gennaro Gattuso demitiu-se do comando t\u00e9cnico da sele\u00e7\u00e3o italiana, tr\u00eas dias depois da falha de qualifica\u00e7\u00e3o para o Mundial de 2026.<\/li>\n<li>O an\u00fancio foi feito pela Federa\u00e7\u00e3o Italiana de Futebol (FIGC), que mencionou ter chegado a acordo com Gattuso para a sa\u00edda.<\/li>\n<li>Gattuso foi nomeado em junho de 2025, substituindo Luciano Spalletti, com o objetivo de reconduzir a It\u00e1lia a um Mundial pela primeira vez desde 2014.<\/li>\n<li>A It\u00e1lia falhou pela terceira vez consecutiva a qualifica\u00e7\u00e3o para uma fase final de Mundial, ao perder com a B\u00f3snia e Herzegovina no play-off europeu, por quatro a um nas decis\u00f5es por pen\u00e1ltis, ap\u00f3s 1-1 no tempo regulamentar e no prolongamento.<\/li>\n<li>O presidente da FIGC, Gabriele Gravina, j\u00e1 tinha apresentado a demiss\u00e3o, e o diretor geral da equipa, Gianluigi Buffon, tamb\u00e9m j\u00e1 tinha deixado o cargo; a It\u00e1lia ficou fora dos Mundiais pela terceira vez consecutiva.<\/li>\n<\/ul>\n","protected":false},"author":2,"featured_media":431694,"comment_status":"closed","ping_status":"closed","sticky":false,"template":"","format":"standard","meta":{"footnotes":""},"categories":[21,24],"tags":[90,32,3338,1857,125,2057],"class_list":["post-431691","post","type-post","status-publish","format-standard","has-post-thumbnail","hentry","category-desporto","category-futebol","tag-copa-do-mundo","tag-futebol","tag-futebol-internacional","tag-italia","tag-playoffs","tag-selecao-nacional"],"yoast_head":"<!-- This site is optimized with the Yoast SEO plugin v27.2 - https:\/\/yoast.com\/product\/yoast-seo-wordpress\/ -->\n<title>Gattuso deixa o comando t\u00e9cnico da sele\u00e7\u00e3o italiana - Portal Tela Portugal<\/title>\n<meta name=\"robots\" content=\"index, follow, max-snippet:-1, max-image-preview:large, max-video-preview:-1\" \/>\n<meta property=\"og:locale\" content=\"pt_PT\" \/>\n<meta property=\"og:type\" content=\"article\" \/>\n<meta property=\"og:title\" content=\"Gattuso deixa o comando t\u00e9cnico da sele\u00e7\u00e3o italiana - Portal Tela Portugal\" \/>\n<meta property=\"og:description\" content=\"O treinador Gennaro Gattuso demitiu-se do comando t\u00e9cnico da sele\u00e7\u00e3o italiana, tr\u00eas dias depois da falha de qualifica\u00e7\u00e3o para o Mundial de 2026. O an\u00fancio foi feito pela Federa\u00e7\u00e3o Italiana de Futebol (FIGC), que mencionou ter chegado a acordo com Gattuso para a sa\u00edda. Gattuso foi nomeado em junho de 2025, substituindo Luciano Spalletti, com o objetivo de reconduzir a It\u00e1lia a um Mundial pela primeira vez desde 2014. A It\u00e1lia falhou pela terceira vez consecutiva a qualifica\u00e7\u00e3o para uma fase final de Mundial, ao perder com a B\u00f3snia e Herzegovina no play-off europeu, por quatro a um nas decis\u00f5es por pen\u00e1ltis, ap\u00f3s 1-1 no tempo regulamentar e no prolongamento. O presidente da FIGC, Gabriele Gravina, j\u00e1 tinha apresentado a demiss\u00e3o, e o diretor geral da equipa, Gianluigi Buffon, tamb\u00e9m j\u00e1 tinha deixado o cargo; a It\u00e1lia ficou fora dos Mundiais pela terceira vez consecutiva.\" \/>\n<meta property=\"og:url\" content=\"https:\/\/portaltela.pt\/noticias\/2026\/04\/03\/gattuso-deixa-o-comando-tecnico-da-selecao-italiana\/\" \/>\n<meta property=\"og:site_name\" content=\"Portal Tela Portugal\" \/>\n<meta property=\"article:published_time\" content=\"2026-04-03T16:17:22+00:00\" \/>\n<meta name=\"author\" content=\"Telinha\" \/>\n<meta name=\"twitter:card\" content=\"summary_large_image\" \/>\n<meta name=\"twitter:label1\" content=\"Escrito por\" \/>\n\t<meta name=\"twitter:data1\" content=\"Telinha\" \/>\n\t<meta name=\"twitter:label2\" content=\"Tempo estimado de leitura\" \/>\n\t<meta name=\"twitter:data2\" content=\"1 minuto\" \/>\n<script type=\"application\/ld+json\" class=\"yoast-schema-graph\">{\"@context\":\"https:\/\/schema.org\",\"@graph\":[{\"@type\":\"Article\",\"@id\":\"https:\/\/portaltela.pt\/noticias\/2026\/04\/03\/gattuso-deixa-o-comando-tecnico-da-selecao-italiana\/#article\",\"isPartOf\":{\"@id\":\"https:\/\/portaltela.pt\/noticias\/2026\/04\/03\/gattuso-deixa-o-comando-tecnico-da-selecao-italiana\/\"},\"author\":{\"name\":\"Telinha\",\"@id\":\"https:\/\/portaltela.pt\/#\/schema\/person\/c4278d4a6028830caff9ee44b42d32ed\"},\"headline\":\"Gattuso deixa o comando t\u00e9cnico da sele\u00e7\u00e3o italiana\",\"datePublished\":\"2026-04-03T16:17:22+00:00\",\"mainEntityOfPage\":{\"@id\":\"https:\/\/portaltela.pt\/noticias\/2026\/04\/03\/gattuso-deixa-o-comando-tecnico-da-selecao-italiana\/\"},\"wordCount\":273,\"image\":{\"@id\":\"https:\/\/portaltela.pt\/noticias\/2026\/04\/03\/gattuso-deixa-o-comando-tecnico-da-selecao-italiana\/#primaryimage\"},\"thumbnailUrl\":\"https:\/\/portaltela.pt\/s.01k8rhncp4jt1\/2026\/04\/image-164.jpg\",\"keywords\":[\"copa do mundo\",\"futebol\",\"futebol internacional\",\"It\u00e1lia\",\"playoffs\",\"Sele\u00e7\u00e3o Nacional\"],\"articleSection\":[\"Desporto\",\"Futebol\"],\"inLanguage\":\"pt-PT\"},{\"@type\":\"WebPage\",\"@id\":\"https:\/\/portaltela.pt\/noticias\/2026\/04\/03\/gattuso-deixa-o-comando-tecnico-da-selecao-italiana\/\",\"url\":\"https:\/\/portaltela.pt\/noticias\/2026\/04\/03\/gattuso-deixa-o-comando-tecnico-da-selecao-italiana\/\",\"name\":\"Gattuso deixa o comando t\u00e9cnico da sele\u00e7\u00e3o italiana - Portal Tela Portugal\",\"isPartOf\":{\"@id\":\"https:\/\/portaltela.pt\/#website\"},\"primaryImageOfPage\":{\"@id\":\"https:\/\/portaltela.pt\/noticias\/2026\/04\/03\/gattuso-deixa-o-comando-tecnico-da-selecao-italiana\/#primaryimage\"},\"image\":{\"@id\":\"https:\/\/portaltela.pt\/noticias\/2026\/04\/03\/gattuso-deixa-o-comando-tecnico-da-selecao-italiana\/#primaryimage\"},\"thumbnailUrl\":\"https:\/\/portaltela.pt\/s.01k8rhncp4jt1\/2026\/04\/image-164.jpg\",\"datePublished\":\"2026-04-03T16:17:22+00:00\",\"author\":{\"@id\":\"https:\/\/portaltela.pt\/#\/schema\/person\/c4278d4a6028830caff9ee44b42d32ed\"},\"breadcrumb\":{\"@id\":\"https:\/\/portaltela.pt\/noticias\/2026\/04\/03\/gattuso-deixa-o-comando-tecnico-da-selecao-italiana\/#breadcrumb\"},\"inLanguage\":\"pt-PT\",\"potentialAction\":[{\"@type\":\"ReadAction\",\"target\":[\"https:\/\/portaltela.pt\/noticias\/2026\/04\/03\/gattuso-deixa-o-comando-tecnico-da-selecao-italiana\/\"]}]},{\"@type\":\"ImageObject\",\"inLanguage\":\"pt-PT\",\"@id\":\"https:\/\/portaltela.pt\/noticias\/2026\/04\/03\/gattuso-deixa-o-comando-tecnico-da-selecao-italiana\/#primaryimage\",\"url\":\"https:\/\/portaltela.pt\/s.01k8rhncp4jt1\/2026\/04\/image-164.jpg\",\"contentUrl\":\"https:\/\/portaltela.pt\/s.01k8rhncp4jt1\/2026\/04\/image-164.jpg\",\"width\":796,\"height\":448,\"caption\":\"Gattuso deixa o comando t\u00e9cnico da sele\u00e7\u00e3o italiana ap\u00f3s ter falhado a qualifica\u00e7\u00e3o para o Mundial 2026\"},{\"@type\":\"BreadcrumbList\",\"@id\":\"https:\/\/portaltela.pt\/noticias\/2026\/04\/03\/gattuso-deixa-o-comando-tecnico-da-selecao-italiana\/#breadcrumb\",\"itemListElement\":[{\"@type\":\"ListItem\",\"position\":1,\"name\":\"In\u00edcio\",\"item\":\"https:\/\/portaltela.pt\/\"},{\"@type\":\"ListItem\",\"position\":2,\"name\":\"Gattuso deixa o comando t\u00e9cnico da sele\u00e7\u00e3o italiana\"}]},{\"@type\":\"WebSite\",\"@id\":\"https:\/\/portaltela.pt\/#website\",\"url\":\"https:\/\/portaltela.pt\/\",\"name\":\"Portal Tela Portugal\",\"description\":\"\",\"potentialAction\":[{\"@type\":\"SearchAction\",\"target\":{\"@type\":\"EntryPoint\",\"urlTemplate\":\"https:\/\/portaltela.pt\/?s={search_term_string}\"},\"query-input\":{\"@type\":\"PropertyValueSpecification\",\"valueRequired\":true,\"valueName\":\"search_term_string\"}}],\"inLanguage\":\"pt-PT\"},{\"@type\":\"Person\",\"@id\":\"https:\/\/portaltela.pt\/#\/schema\/person\/c4278d4a6028830caff9ee44b42d32ed\",\"name\":\"Telinha\",\"image\":{\"@type\":\"ImageObject\",\"inLanguage\":\"pt-PT\",\"@id\":\"https:\/\/portaltela.pt\/s.01k8rhncp4jt1\/2025\/11\/talking-bot-125x125.png\",\"url\":\"https:\/\/portaltela.pt\/s.01k8rhncp4jt1\/2025\/11\/talking-bot-125x125.png\",\"contentUrl\":\"https:\/\/portaltela.pt\/s.01k8rhncp4jt1\/2025\/11\/talking-bot-125x125.png\",\"caption\":\"Telinha\"},\"sameAs\":[\"https:\/\/portaltela.pt\/\"],\"url\":\"https:\/\/portaltela.pt\/por\/367410592786\/\"}]}<\/script>\n<!-- \/ Yoast SEO plugin. -->","yoast_head_json":{"title":"Gattuso deixa o comando t\u00e9cnico da sele\u00e7\u00e3o italiana - Portal Tela Portugal","robots":{"index":"index","follow":"follow","max-snippet":"max-snippet:-1","max-image-preview":"max-image-preview:large","max-video-preview":"max-video-preview:-1"},"og_locale":"pt_PT","og_type":"article","og_title":"Gattuso deixa o comando t\u00e9cnico da sele\u00e7\u00e3o italiana - Portal Tela Portugal","og_description":"O treinador Gennaro Gattuso demitiu-se do comando t\u00e9cnico da sele\u00e7\u00e3o italiana, tr\u00eas dias depois da falha de qualifica\u00e7\u00e3o para o Mundial de 2026. O an\u00fancio foi feito pela Federa\u00e7\u00e3o Italiana de Futebol (FIGC), que mencionou ter chegado a acordo com Gattuso para a sa\u00edda. Gattuso foi nomeado em junho de 2025, substituindo Luciano Spalletti, com o objetivo de reconduzir a It\u00e1lia a um Mundial pela primeira vez desde 2014. A It\u00e1lia falhou pela terceira vez consecutiva a qualifica\u00e7\u00e3o para uma fase final de Mundial, ao perder com a B\u00f3snia e Herzegovina no play-off europeu, por quatro a um nas decis\u00f5es por pen\u00e1ltis, ap\u00f3s 1-1 no tempo regulamentar e no prolongamento. O presidente da FIGC, Gabriele Gravina, j\u00e1 tinha apresentado a demiss\u00e3o, e o diretor geral da equipa, Gianluigi Buffon, tamb\u00e9m j\u00e1 tinha deixado o cargo; a It\u00e1lia ficou fora dos Mundiais pela terceira vez consecutiva.","og_url":"https:\/\/portaltela.pt\/noticias\/2026\/04\/03\/gattuso-deixa-o-comando-tecnico-da-selecao-italiana\/","og_site_name":"Portal Tela Portugal","article_published_time":"2026-04-03T16:17:22+00:00","author":"Telinha","twitter_card":"summary_large_image","twitter_misc":{"Escrito por":"Telinha","Tempo estimado de leitura":"1 minuto"},"schema":{"@context":"https:\/\/schema.org","@graph":[{"@type":"Article","@id":"https:\/\/portaltela.pt\/noticias\/2026\/04\/03\/gattuso-deixa-o-comando-tecnico-da-selecao-italiana\/#article","isPartOf":{"@id":"https:\/\/portaltela.pt\/noticias\/2026\/04\/03\/gattuso-deixa-o-comando-tecnico-da-selecao-italiana\/"},"author":{"name":"Telinha","@id":"https:\/\/portaltela.pt\/#\/schema\/person\/c4278d4a6028830caff9ee44b42d32ed"},"headline":"Gattuso deixa o comando t\u00e9cnico da sele\u00e7\u00e3o italiana","datePublished":"2026-04-03T16:17:22+00:00","mainEntityOfPage":{"@id":"https:\/\/portaltela.pt\/noticias\/2026\/04\/03\/gattuso-deixa-o-comando-tecnico-da-selecao-italiana\/"},"wordCount":273,"image":{"@id":"https:\/\/portaltela.pt\/noticias\/2026\/04\/03\/gattuso-deixa-o-comando-tecnico-da-selecao-italiana\/#primaryimage"},"thumbnailUrl":"https:\/\/portaltela.pt\/s.01k8rhncp4jt1\/2026\/04\/image-164.jpg","keywords":["copa do mundo","futebol","futebol internacional","It\u00e1lia","playoffs","Sele\u00e7\u00e3o Nacional"],"articleSection":["Desporto","Futebol"],"inLanguage":"pt-PT"},{"@type":"WebPage","@id":"https:\/\/portaltela.pt\/noticias\/2026\/04\/03\/gattuso-deixa-o-comando-tecnico-da-selecao-italiana\/","url":"https:\/\/portaltela.pt\/noticias\/2026\/04\/03\/gattuso-deixa-o-comando-tecnico-da-selecao-italiana\/","name":"Gattuso deixa o comando t\u00e9cnico da sele\u00e7\u00e3o italiana - Portal Tela Portugal","isPartOf":{"@id":"https:\/\/portaltela.pt\/#website"},"primaryImageOfPage":{"@id":"https:\/\/portaltela.pt\/noticias\/2026\/04\/03\/gattuso-deixa-o-comando-tecnico-da-selecao-italiana\/#primaryimage"},"image":{"@id":"https:\/\/portaltela.pt\/noticias\/2026\/04\/03\/gattuso-deixa-o-comando-tecnico-da-selecao-italiana\/#primaryimage"},"thumbnailUrl":"https:\/\/portaltela.pt\/s.01k8rhncp4jt1\/2026\/04\/image-164.jpg","datePublished":"2026-04-03T16:17:22+00:00","author":{"@id":"https:\/\/portaltela.pt\/#\/schema\/person\/c4278d4a6028830caff9ee44b42d32ed"},"breadcrumb":{"@id":"https:\/\/portaltela.pt\/noticias\/2026\/04\/03\/gattuso-deixa-o-comando-tecnico-da-selecao-italiana\/#breadcrumb"},"inLanguage":"pt-PT","potentialAction":[{"@type":"ReadAction","target":["https:\/\/portaltela.pt\/noticias\/2026\/04\/03\/gattuso-deixa-o-comando-tecnico-da-selecao-italiana\/"]}]},{"@type":"ImageObject","inLanguage":"pt-PT","@id":"https:\/\/portaltela.pt\/noticias\/2026\/04\/03\/gattuso-deixa-o-comando-tecnico-da-selecao-italiana\/#primaryimage","url":"https:\/\/portaltela.pt\/s.01k8rhncp4jt1\/2026\/04\/image-164.jpg","contentUrl":"https:\/\/portaltela.pt\/s.01k8rhncp4jt1\/2026\/04\/image-164.jpg","width":796,"height":448,"caption":"Gattuso deixa o comando t\u00e9cnico da sele\u00e7\u00e3o italiana ap\u00f3s ter falhado a qualifica\u00e7\u00e3o para o Mundial 2026"},{"@type":"BreadcrumbList","@id":"https:\/\/portaltela.pt\/noticias\/2026\/04\/03\/gattuso-deixa-o-comando-tecnico-da-selecao-italiana\/#breadcrumb","itemListElement":[{"@type":"ListItem","position":1,"name":"In\u00edcio","item":"https:\/\/portaltela.pt\/"},{"@type":"ListItem","position":2,"name":"Gattuso deixa o comando t\u00e9cnico da sele\u00e7\u00e3o italiana"}]},{"@type":"WebSite","@id":"https:\/\/portaltela.pt\/#website","url":"https:\/\/portaltela.pt\/","name":"Portal Tela Portugal","description":"","potentialAction":[{"@type":"SearchAction","target":{"@type":"EntryPoint","urlTemplate":"https:\/\/portaltela.pt\/?s={search_term_string}"},"query-input":{"@type":"PropertyValueSpecification","valueRequired":true,"valueName":"search_term_string"}}],"inLanguage":"pt-PT"},{"@type":"Person","@id":"https:\/\/portaltela.pt\/#\/schema\/person\/c4278d4a6028830caff9ee44b42d32ed","name":"Telinha","image":{"@type":"ImageObject","inLanguage":"pt-PT","@id":"https:\/\/portaltela.pt\/s.01k8rhncp4jt1\/2025\/11\/talking-bot-125x125.png","url":"https:\/\/portaltela.pt\/s.01k8rhncp4jt1\/2025\/11\/talking-bot-125x125.png","contentUrl":"https:\/\/portaltela.pt\/s.01k8rhncp4jt1\/2025\/11\/talking-bot-125x125.png","caption":"Telinha"},"sameAs":["https:\/\/portaltela.pt\/"],"url":"https:\/\/portaltela.pt\/por\/367410592786\/"}]}},"_links":{"self":[{"href":"https:\/\/portaltela.pt\/api\/wp\/v2\/posts\/431691","targetHints":{"allow":["GET"]}}],"collection":[{"href":"https:\/\/portaltela.pt\/api\/wp\/v2\/posts"}],"about":[{"href":"https:\/\/portaltela.pt\/api\/wp\/v2\/types\/post"}],"author":[{"embeddable":true,"href":"https:\/\/portaltela.pt\/api\/wp\/v2\/users\/2"}],"replies":[{"embeddable":true,"href":"https:\/\/portaltela.pt\/api\/wp\/v2\/comments?post=431691"}],"version-history":[{"count":0,"href":"https:\/\/portaltela.pt\/api\/wp\/v2\/posts\/431691\/revisions"}],"wp:featuredmedia":[{"embeddable":true,"href":"https:\/\/portaltela.pt\/api\/wp\/v2\/media\/431694"}],"wp:attachment":[{"href":"https:\/\/portaltela.pt\/api\/wp\/v2\/media?parent=431691"}],"wp:term":[{"taxonomy":"category","embeddable":true,"href":"https:\/\/portaltela.pt\/api\/wp\/v2\/categories?post=431691"},{"taxonomy":"post_tag","embeddable":true,"href":"https:\/\/portaltela.pt\/api\/wp\/v2\/tags?post=431691"}],"curies":[{"name":"wp","href":"https:\/\/api.w.org\/{rel}","templated":true}]}}