{"id":431656,"date":"2026-04-03T12:32:17","date_gmt":"2026-04-03T15:32:17","guid":{"rendered":"https:\/\/portaltela.pt\/noticias\/2026\/04\/03\/acidente-em-santa-maria-da-feira-deixa-dois-feridos\/"},"modified":"2026-04-03T12:32:17","modified_gmt":"2026-04-03T15:32:17","slug":"acidente-em-santa-maria-da-feira-deixa-dois-feridos","status":"publish","type":"post","link":"https:\/\/portaltela.pt\/acidentes\/2026\/04\/03\/acidente-em-santa-maria-da-feira-deixa-dois-feridos\/","title":{"rendered":"Acidente em Santa Maria da Feira deixa dois feridos"},"content":{"rendered":"<p>Duas pessoas ficaram feridas, uma delas com gravidade, na sequ\u00eancia de um acidente de via\u00e7\u00e3o ocorrido numa tarde desta sexta-feira, na freguesia das Caldas de S\u00e3o Jorge, no concelho de Santa Maria da Feira. O choque envolveu dois ve\u00edculos ligeiros, na Rua de Arcozelo. A v\u00edtima grave \u00e9 um homem de 54 anos; a mulher, com cerca de 30 anos, sofreu ferimentos ligeiros.<\/p>\n<p>Ap\u00f3s estabiliza\u00e7\u00e3o, os feridos foram transportados para o Hospital de S\u00e3o Sebasti\u00e3o, em Santa Maria da Feira. No local estiveram os Bombeiros de Arrifana, com seis ve\u00edculos e 11 operacionais. A Cruz Vermelha de Sanguedo e as for\u00e7as de seguran\u00e7a da GNR da Feira e de Canedo tamb\u00e9m estiveram no local.<\/p>\n<h3>Interven\u00e7\u00e3o das autoridades<\/h3>\n<p>As causas do acidente ainda est\u00e3o a ser apuradas e a investiga\u00e7\u00e3o fica a cargo das autoridades competentes. O tr\u00e2nsito na zona poder\u00e1 ter sido afetado durante as opera\u00e7\u00f5es de socorro e remo\u00e7\u00e3o das v\u00edtimas.<\/p>\n<h3>Estado e hospitaliza\u00e7\u00e3o<\/h3>\n<p>De momento n\u00e3o foram divulgados mais detalhes sobre o estado de sa\u00fade das v\u00edtimas al\u00e9m da gravidade j\u00e1 indicada. Os bombeiros e as autoridades mant\u00eam a \u00e1rea sob controlo at\u00e9 ao encerramento do atendimento.<\/p>\n","protected":false},"excerpt":{"rendered":"<ul>\n<li>Um acidente de via\u00e7\u00e3o na Rua de Arcozelo, freguesia das Caldas de S\u00e3o Jorge, em Santa Maria da Feira, deixou dois feridos.<\/li>\n<li>Um homem de 54 anos sofreu ferimentos graves e uma mulher com cerca de 30 anos ficou ferida sem gravidade.<\/li>\n<li>Os feridos, depois de estabilizados, foram transportados para o Hospital de S\u00e3o Sebasti\u00e3o, em Santa Maria da Feira.<\/li>\n<li>No local estiveram os Bombeiros de Arrifana, com seis ve\u00edculos e 11 operacionais.<\/li>\n<li>A Cruz Vermelha de Sanguedo e a Guarda Nacional Republicana da Feira e de Canedo estiveram no local.<\/li>\n<\/ul>\n","protected":false},"author":2,"featured_media":431660,"comment_status":"closed","ping_status":"closed","sticky":false,"template":"","format":"standard","meta":{"footnotes":""},"categories":[6849],"tags":[5487,2088,971,1380,633,1308],"class_list":["post-431656","post","type-post","status-publish","format-standard","has-post-thumbnail","hentry","category-acidentes","tag-acidente","tag-acidente-de-viacao","tag-bombeiros","tag-gnr","tag-hospital","tag-santa-maria-da-feira"],"yoast_head":"<!-- This site is optimized with the Yoast SEO plugin v27.2 - https:\/\/yoast.com\/product\/yoast-seo-wordpress\/ -->\n<title>Acidente em Santa Maria da Feira deixa dois feridos - Portal Tela Portugal<\/title>\n<meta name=\"robots\" content=\"index, follow, max-snippet:-1, max-image-preview:large, max-video-preview:-1\" \/>\n<meta property=\"og:locale\" content=\"pt_PT\" \/>\n<meta property=\"og:type\" content=\"article\" \/>\n<meta property=\"og:title\" content=\"Acidente em Santa Maria da Feira deixa dois feridos - Portal Tela Portugal\" \/>\n<meta property=\"og:description\" content=\"Um acidente de via\u00e7\u00e3o na Rua de Arcozelo, freguesia das Caldas de S\u00e3o Jorge, em Santa Maria da Feira, deixou dois feridos. Um homem de 54 anos sofreu ferimentos graves e uma mulher com cerca de 30 anos ficou ferida sem gravidade. Os feridos, depois de estabilizados, foram transportados para o Hospital de S\u00e3o Sebasti\u00e3o, em Santa Maria da Feira. No local estiveram os Bombeiros de Arrifana, com seis ve\u00edculos e 11 operacionais. A Cruz Vermelha de Sanguedo e a Guarda Nacional Republicana da Feira e de Canedo estiveram no local.\" \/>\n<meta property=\"og:url\" content=\"https:\/\/portaltela.pt\/noticias\/2026\/04\/03\/acidente-em-santa-maria-da-feira-deixa-dois-feridos\/\" \/>\n<meta property=\"og:site_name\" content=\"Portal Tela Portugal\" \/>\n<meta property=\"article:published_time\" content=\"2026-04-03T15:32:17+00:00\" \/>\n<meta name=\"author\" content=\"Telinha\" \/>\n<meta name=\"twitter:card\" content=\"summary_large_image\" \/>\n<meta name=\"twitter:label1\" content=\"Escrito por\" \/>\n\t<meta name=\"twitter:data1\" content=\"Telinha\" \/>\n\t<meta name=\"twitter:label2\" content=\"Tempo estimado de leitura\" \/>\n\t<meta name=\"twitter:data2\" content=\"1 minuto\" \/>\n<script type=\"application\/ld+json\" class=\"yoast-schema-graph\">{\"@context\":\"https:\/\/schema.org\",\"@graph\":[{\"@type\":\"Article\",\"@id\":\"https:\/\/portaltela.pt\/noticias\/2026\/04\/03\/acidente-em-santa-maria-da-feira-deixa-dois-feridos\/#article\",\"isPartOf\":{\"@id\":\"https:\/\/portaltela.pt\/noticias\/2026\/04\/03\/acidente-em-santa-maria-da-feira-deixa-dois-feridos\/\"},\"author\":{\"name\":\"Telinha\",\"@id\":\"https:\/\/portaltela.pt\/#\/schema\/person\/c4278d4a6028830caff9ee44b42d32ed\"},\"headline\":\"Acidente em Santa Maria da Feira deixa dois feridos\",\"datePublished\":\"2026-04-03T15:32:17+00:00\",\"mainEntityOfPage\":{\"@id\":\"https:\/\/portaltela.pt\/noticias\/2026\/04\/03\/acidente-em-santa-maria-da-feira-deixa-dois-feridos\/\"},\"wordCount\":220,\"image\":{\"@id\":\"https:\/\/portaltela.pt\/noticias\/2026\/04\/03\/acidente-em-santa-maria-da-feira-deixa-dois-feridos\/#primaryimage\"},\"thumbnailUrl\":\"https:\/\/portaltela.pt\/s.01k8rhncp4jt1\/2026\/04\/image-162.jpg\",\"keywords\":[\"acidente\",\"acidente de via\u00e7\u00e3o\",\"bombeiros\",\"GNR\",\"hospital\",\"Santa Maria da Feira\"],\"articleSection\":[\"Acidentes\"],\"inLanguage\":\"pt-PT\"},{\"@type\":\"WebPage\",\"@id\":\"https:\/\/portaltela.pt\/noticias\/2026\/04\/03\/acidente-em-santa-maria-da-feira-deixa-dois-feridos\/\",\"url\":\"https:\/\/portaltela.pt\/noticias\/2026\/04\/03\/acidente-em-santa-maria-da-feira-deixa-dois-feridos\/\",\"name\":\"Acidente em Santa Maria da Feira deixa dois feridos - Portal Tela Portugal\",\"isPartOf\":{\"@id\":\"https:\/\/portaltela.pt\/#website\"},\"primaryImageOfPage\":{\"@id\":\"https:\/\/portaltela.pt\/noticias\/2026\/04\/03\/acidente-em-santa-maria-da-feira-deixa-dois-feridos\/#primaryimage\"},\"image\":{\"@id\":\"https:\/\/portaltela.pt\/noticias\/2026\/04\/03\/acidente-em-santa-maria-da-feira-deixa-dois-feridos\/#primaryimage\"},\"thumbnailUrl\":\"https:\/\/portaltela.pt\/s.01k8rhncp4jt1\/2026\/04\/image-162.jpg\",\"datePublished\":\"2026-04-03T15:32:17+00:00\",\"author\":{\"@id\":\"https:\/\/portaltela.pt\/#\/schema\/person\/c4278d4a6028830caff9ee44b42d32ed\"},\"breadcrumb\":{\"@id\":\"https:\/\/portaltela.pt\/noticias\/2026\/04\/03\/acidente-em-santa-maria-da-feira-deixa-dois-feridos\/#breadcrumb\"},\"inLanguage\":\"pt-PT\",\"potentialAction\":[{\"@type\":\"ReadAction\",\"target\":[\"https:\/\/portaltela.pt\/noticias\/2026\/04\/03\/acidente-em-santa-maria-da-feira-deixa-dois-feridos\/\"]}]},{\"@type\":\"ImageObject\",\"inLanguage\":\"pt-PT\",\"@id\":\"https:\/\/portaltela.pt\/noticias\/2026\/04\/03\/acidente-em-santa-maria-da-feira-deixa-dois-feridos\/#primaryimage\",\"url\":\"https:\/\/portaltela.pt\/s.01k8rhncp4jt1\/2026\/04\/image-162.jpg\",\"contentUrl\":\"https:\/\/portaltela.pt\/s.01k8rhncp4jt1\/2026\/04\/image-162.jpg\",\"width\":796,\"height\":448,\"caption\":\"Acidente resultou da colis\u00e3o entre dois ve\u00edculos ligeiros, na Rua de Arcozelo\"},{\"@type\":\"BreadcrumbList\",\"@id\":\"https:\/\/portaltela.pt\/noticias\/2026\/04\/03\/acidente-em-santa-maria-da-feira-deixa-dois-feridos\/#breadcrumb\",\"itemListElement\":[{\"@type\":\"ListItem\",\"position\":1,\"name\":\"In\u00edcio\",\"item\":\"https:\/\/portaltela.pt\/\"},{\"@type\":\"ListItem\",\"position\":2,\"name\":\"Acidente em Santa Maria da Feira deixa dois feridos\"}]},{\"@type\":\"WebSite\",\"@id\":\"https:\/\/portaltela.pt\/#website\",\"url\":\"https:\/\/portaltela.pt\/\",\"name\":\"Portal Tela Portugal\",\"description\":\"\",\"potentialAction\":[{\"@type\":\"SearchAction\",\"target\":{\"@type\":\"EntryPoint\",\"urlTemplate\":\"https:\/\/portaltela.pt\/?s={search_term_string}\"},\"query-input\":{\"@type\":\"PropertyValueSpecification\",\"valueRequired\":true,\"valueName\":\"search_term_string\"}}],\"inLanguage\":\"pt-PT\"},{\"@type\":\"Person\",\"@id\":\"https:\/\/portaltela.pt\/#\/schema\/person\/c4278d4a6028830caff9ee44b42d32ed\",\"name\":\"Telinha\",\"image\":{\"@type\":\"ImageObject\",\"inLanguage\":\"pt-PT\",\"@id\":\"https:\/\/portaltela.pt\/s.01k8rhncp4jt1\/2025\/11\/talking-bot-125x125.png\",\"url\":\"https:\/\/portaltela.pt\/s.01k8rhncp4jt1\/2025\/11\/talking-bot-125x125.png\",\"contentUrl\":\"https:\/\/portaltela.pt\/s.01k8rhncp4jt1\/2025\/11\/talking-bot-125x125.png\",\"caption\":\"Telinha\"},\"sameAs\":[\"https:\/\/portaltela.pt\/\"],\"url\":\"https:\/\/portaltela.pt\/por\/367410592786\/\"}]}<\/script>\n<!-- \/ Yoast SEO plugin. -->","yoast_head_json":{"title":"Acidente em Santa Maria da Feira deixa dois feridos - Portal Tela Portugal","robots":{"index":"index","follow":"follow","max-snippet":"max-snippet:-1","max-image-preview":"max-image-preview:large","max-video-preview":"max-video-preview:-1"},"og_locale":"pt_PT","og_type":"article","og_title":"Acidente em Santa Maria da Feira deixa dois feridos - Portal Tela Portugal","og_description":"Um acidente de via\u00e7\u00e3o na Rua de Arcozelo, freguesia das Caldas de S\u00e3o Jorge, em Santa Maria da Feira, deixou dois feridos. Um homem de 54 anos sofreu ferimentos graves e uma mulher com cerca de 30 anos ficou ferida sem gravidade. Os feridos, depois de estabilizados, foram transportados para o Hospital de S\u00e3o Sebasti\u00e3o, em Santa Maria da Feira. No local estiveram os Bombeiros de Arrifana, com seis ve\u00edculos e 11 operacionais. A Cruz Vermelha de Sanguedo e a Guarda Nacional Republicana da Feira e de Canedo estiveram no local.","og_url":"https:\/\/portaltela.pt\/noticias\/2026\/04\/03\/acidente-em-santa-maria-da-feira-deixa-dois-feridos\/","og_site_name":"Portal Tela Portugal","article_published_time":"2026-04-03T15:32:17+00:00","author":"Telinha","twitter_card":"summary_large_image","twitter_misc":{"Escrito por":"Telinha","Tempo estimado de leitura":"1 minuto"},"schema":{"@context":"https:\/\/schema.org","@graph":[{"@type":"Article","@id":"https:\/\/portaltela.pt\/noticias\/2026\/04\/03\/acidente-em-santa-maria-da-feira-deixa-dois-feridos\/#article","isPartOf":{"@id":"https:\/\/portaltela.pt\/noticias\/2026\/04\/03\/acidente-em-santa-maria-da-feira-deixa-dois-feridos\/"},"author":{"name":"Telinha","@id":"https:\/\/portaltela.pt\/#\/schema\/person\/c4278d4a6028830caff9ee44b42d32ed"},"headline":"Acidente em Santa Maria da Feira deixa dois feridos","datePublished":"2026-04-03T15:32:17+00:00","mainEntityOfPage":{"@id":"https:\/\/portaltela.pt\/noticias\/2026\/04\/03\/acidente-em-santa-maria-da-feira-deixa-dois-feridos\/"},"wordCount":220,"image":{"@id":"https:\/\/portaltela.pt\/noticias\/2026\/04\/03\/acidente-em-santa-maria-da-feira-deixa-dois-feridos\/#primaryimage"},"thumbnailUrl":"https:\/\/portaltela.pt\/s.01k8rhncp4jt1\/2026\/04\/image-162.jpg","keywords":["acidente","acidente de via\u00e7\u00e3o","bombeiros","GNR","hospital","Santa Maria da Feira"],"articleSection":["Acidentes"],"inLanguage":"pt-PT"},{"@type":"WebPage","@id":"https:\/\/portaltela.pt\/noticias\/2026\/04\/03\/acidente-em-santa-maria-da-feira-deixa-dois-feridos\/","url":"https:\/\/portaltela.pt\/noticias\/2026\/04\/03\/acidente-em-santa-maria-da-feira-deixa-dois-feridos\/","name":"Acidente em Santa Maria da Feira deixa dois feridos - Portal Tela Portugal","isPartOf":{"@id":"https:\/\/portaltela.pt\/#website"},"primaryImageOfPage":{"@id":"https:\/\/portaltela.pt\/noticias\/2026\/04\/03\/acidente-em-santa-maria-da-feira-deixa-dois-feridos\/#primaryimage"},"image":{"@id":"https:\/\/portaltela.pt\/noticias\/2026\/04\/03\/acidente-em-santa-maria-da-feira-deixa-dois-feridos\/#primaryimage"},"thumbnailUrl":"https:\/\/portaltela.pt\/s.01k8rhncp4jt1\/2026\/04\/image-162.jpg","datePublished":"2026-04-03T15:32:17+00:00","author":{"@id":"https:\/\/portaltela.pt\/#\/schema\/person\/c4278d4a6028830caff9ee44b42d32ed"},"breadcrumb":{"@id":"https:\/\/portaltela.pt\/noticias\/2026\/04\/03\/acidente-em-santa-maria-da-feira-deixa-dois-feridos\/#breadcrumb"},"inLanguage":"pt-PT","potentialAction":[{"@type":"ReadAction","target":["https:\/\/portaltela.pt\/noticias\/2026\/04\/03\/acidente-em-santa-maria-da-feira-deixa-dois-feridos\/"]}]},{"@type":"ImageObject","inLanguage":"pt-PT","@id":"https:\/\/portaltela.pt\/noticias\/2026\/04\/03\/acidente-em-santa-maria-da-feira-deixa-dois-feridos\/#primaryimage","url":"https:\/\/portaltela.pt\/s.01k8rhncp4jt1\/2026\/04\/image-162.jpg","contentUrl":"https:\/\/portaltela.pt\/s.01k8rhncp4jt1\/2026\/04\/image-162.jpg","width":796,"height":448,"caption":"Acidente resultou da colis\u00e3o entre dois ve\u00edculos ligeiros, na Rua de Arcozelo"},{"@type":"BreadcrumbList","@id":"https:\/\/portaltela.pt\/noticias\/2026\/04\/03\/acidente-em-santa-maria-da-feira-deixa-dois-feridos\/#breadcrumb","itemListElement":[{"@type":"ListItem","position":1,"name":"In\u00edcio","item":"https:\/\/portaltela.pt\/"},{"@type":"ListItem","position":2,"name":"Acidente em Santa Maria da Feira deixa dois feridos"}]},{"@type":"WebSite","@id":"https:\/\/portaltela.pt\/#website","url":"https:\/\/portaltela.pt\/","name":"Portal Tela Portugal","description":"","potentialAction":[{"@type":"SearchAction","target":{"@type":"EntryPoint","urlTemplate":"https:\/\/portaltela.pt\/?s={search_term_string}"},"query-input":{"@type":"PropertyValueSpecification","valueRequired":true,"valueName":"search_term_string"}}],"inLanguage":"pt-PT"},{"@type":"Person","@id":"https:\/\/portaltela.pt\/#\/schema\/person\/c4278d4a6028830caff9ee44b42d32ed","name":"Telinha","image":{"@type":"ImageObject","inLanguage":"pt-PT","@id":"https:\/\/portaltela.pt\/s.01k8rhncp4jt1\/2025\/11\/talking-bot-125x125.png","url":"https:\/\/portaltela.pt\/s.01k8rhncp4jt1\/2025\/11\/talking-bot-125x125.png","contentUrl":"https:\/\/portaltela.pt\/s.01k8rhncp4jt1\/2025\/11\/talking-bot-125x125.png","caption":"Telinha"},"sameAs":["https:\/\/portaltela.pt\/"],"url":"https:\/\/portaltela.pt\/por\/367410592786\/"}]}},"_links":{"self":[{"href":"https:\/\/portaltela.pt\/api\/wp\/v2\/posts\/431656","targetHints":{"allow":["GET"]}}],"collection":[{"href":"https:\/\/portaltela.pt\/api\/wp\/v2\/posts"}],"about":[{"href":"https:\/\/portaltela.pt\/api\/wp\/v2\/types\/post"}],"author":[{"embeddable":true,"href":"https:\/\/portaltela.pt\/api\/wp\/v2\/users\/2"}],"replies":[{"embeddable":true,"href":"https:\/\/portaltela.pt\/api\/wp\/v2\/comments?post=431656"}],"version-history":[{"count":0,"href":"https:\/\/portaltela.pt\/api\/wp\/v2\/posts\/431656\/revisions"}],"wp:featuredmedia":[{"embeddable":true,"href":"https:\/\/portaltela.pt\/api\/wp\/v2\/media\/431660"}],"wp:attachment":[{"href":"https:\/\/portaltela.pt\/api\/wp\/v2\/media?parent=431656"}],"wp:term":[{"taxonomy":"category","embeddable":true,"href":"https:\/\/portaltela.pt\/api\/wp\/v2\/categories?post=431656"},{"taxonomy":"post_tag","embeddable":true,"href":"https:\/\/portaltela.pt\/api\/wp\/v2\/tags?post=431656"}],"curies":[{"name":"wp","href":"https:\/\/api.w.org\/{rel}","templated":true}]}}