{"id":431620,"date":"2026-04-02T14:53:00","date_gmt":"2026-04-02T17:53:00","guid":{"rendered":"https:\/\/portaltela.pt\/noticias\/2026\/04\/02\/imagens-da-detencao-de-tiger-woods-apos-acidente-sao-divulgadas\/"},"modified":"2026-04-02T14:53:00","modified_gmt":"2026-04-02T17:53:00","slug":"imagens-da-detencao-de-tiger-woods-apos-acidente-sao-divulgadas","status":"publish","type":"post","link":"https:\/\/portaltela.pt\/desporto\/futebol\/2026\/04\/02\/imagens-da-detencao-de-tiger-woods-apos-acidente-sao-divulgadas\/","title":{"rendered":"Imagens da deten\u00e7\u00e3o de Tiger Woods ap\u00f3s acidente s\u00e3o divulgadas"},"content":{"rendered":"<p>Nas imagens divulgadas pelo Gabinete do Xerife do Condado de Martin, o golfista Tiger Woods \u00e9 visto a informar as autoridades que o acidente ocorreu quando olhava para o telem\u00f3vel. A posi\u00e7\u00e3o do ve\u00edculo evidenciava o choque com a traseira de outro autom\u00f3vel. A deten\u00e7\u00e3o segue o acidente ocorrido recentemente.<\/p>\n<p>A pol\u00edcia descreve que Woods foi submetido ao teste do etil\u00f3metro e acabou por ser algemado. Segundo o relat\u00f3rio, o atleta apresentava sinais que levantaram d\u00favidas sobre as suas faculdades na altura do incidente, com a autoridade a indicar a presen\u00e7a de uma subst\u00e2ncia desconhecida.<\/p>\n<p>Foram encontrados dois comprimidos de hidrocodona no local. Woods afirmou ter tomado alguns medicamentos controlados nesse dia, referindo v\u00e1rias cirurgias \u00e0 coluna e \u00e0 perna direita. O atleta mant\u00e9m-se inocente na acusa\u00e7\u00e3o de condu\u00e7\u00e3o sob influ\u00eancia de \u00e1lcool e foi ainda acusado de recusa de realiza\u00e7\u00e3o de exame toxicol\u00f3gico.<\/p>\n<h3>Detalhes e pr\u00f3ximos passos<\/h3>\n<p>O jogador de 50 anos, recordista com 82 vit\u00f3rias no PGA Tour, indicou que planeia afastar-se temporariamente do golfe para tratar a sa\u00fade. A equipa m\u00e9dica autorizou a sua sa\u00edda dos Estados Unidos para tratamento, mantendo a participa\u00e7\u00e3o prevista no Masters da pr\u00f3xima semana. Woods afirmou compreender a gravidade da situa\u00e7\u00e3o e o foco no bem-estar e na recupera\u00e7\u00e3o.<\/p>\n","protected":false},"excerpt":{"rendered":"<ul>\n<li>Divulgadas imagens da deten\u00e7\u00e3o de Tiger Woods ap\u00f3s acidente, pelo Gabinete do Xerife do Condado de Martin; Woods afirmou ter olhado para o telem\u00f3vel quando embateu na traseira de outro ve\u00edculo.<\/li>\n<li>O jogador, de 50 anos, aparece a fazer o teste do alcool\u00edmetro e a ser algemado; a pol\u00edcia afirmou que as faculdades dele estavam comprometidas e que estaria sob o efeito de uma subst\u00e2ncia desconhecida.<\/li>\n<li>A Pol\u00edcia encontrou dois comprimidos de hidrocodona com Woods no momento da deten\u00e7\u00e3o; ele disse ter tomado alguns medicamentos controlados nesse dia.<\/li>\n<li>Woods declarou-se inocente da acusa\u00e7\u00e3o de condu\u00e7\u00e3o sob influ\u00eancia de \u00e1lcool e foi acusado de se recusar a fazer um exame toxicol\u00f3gico; disse ter passado por v\u00e1rias cirurgias \u00e0s costas e \u00e0 perna direita.<\/li>\n<li>Em comunicado, o atleta disse que vai afastar-se do golfe para tratamento e recebeu permiss\u00e3o para deixar os Estados Unidos, com o objetivo de focar-se na recupera\u00e7\u00e3o.<\/li>\n<\/ul>\n","protected":false},"author":2,"featured_media":431621,"comment_status":"closed","ping_status":"closed","sticky":false,"template":"","format":"standard","meta":{"footnotes":""},"categories":[21,24],"tags":[1727,147,152,5661,172,250],"class_list":["post-431620","post","type-post","status-publish","format-standard","has-post-thumbnail","hentry","category-desporto","category-futebol","tag-conducao-sob-o-alcool","tag-crime","tag-desporto","tag-pessoas-publicas","tag-saude","tag-seguranca-publica"],"yoast_head":"<!-- This site is optimized with the Yoast SEO plugin v27.2 - https:\/\/yoast.com\/product\/yoast-seo-wordpress\/ -->\n<title>Imagens da deten\u00e7\u00e3o de Tiger Woods ap\u00f3s acidente s\u00e3o divulgadas - Portal Tela Portugal<\/title>\n<meta name=\"robots\" content=\"index, follow, max-snippet:-1, max-image-preview:large, max-video-preview:-1\" \/>\n<meta property=\"og:locale\" content=\"pt_PT\" \/>\n<meta property=\"og:type\" content=\"article\" \/>\n<meta property=\"og:title\" content=\"Imagens da deten\u00e7\u00e3o de Tiger Woods ap\u00f3s acidente s\u00e3o divulgadas - Portal Tela Portugal\" \/>\n<meta property=\"og:description\" content=\"Divulgadas imagens da deten\u00e7\u00e3o de Tiger Woods ap\u00f3s acidente, pelo Gabinete do Xerife do Condado de Martin; Woods afirmou ter olhado para o telem\u00f3vel quando embateu na traseira de outro ve\u00edculo. O jogador, de 50 anos, aparece a fazer o teste do alcool\u00edmetro e a ser algemado; a pol\u00edcia afirmou que as faculdades dele estavam comprometidas e que estaria sob o efeito de uma subst\u00e2ncia desconhecida. A Pol\u00edcia encontrou dois comprimidos de hidrocodona com Woods no momento da deten\u00e7\u00e3o; ele disse ter tomado alguns medicamentos controlados nesse dia. Woods declarou-se inocente da acusa\u00e7\u00e3o de condu\u00e7\u00e3o sob influ\u00eancia de \u00e1lcool e foi acusado de se recusar a fazer um exame toxicol\u00f3gico; disse ter passado por v\u00e1rias cirurgias \u00e0s costas e \u00e0 perna direita. Em comunicado, o atleta disse que vai afastar-se do golfe para tratamento e recebeu permiss\u00e3o para deixar os Estados Unidos, com o objetivo de focar-se na recupera\u00e7\u00e3o.\" \/>\n<meta property=\"og:url\" content=\"https:\/\/portaltela.pt\/noticias\/2026\/04\/02\/imagens-da-detencao-de-tiger-woods-apos-acidente-sao-divulgadas\/\" \/>\n<meta property=\"og:site_name\" content=\"Portal Tela Portugal\" \/>\n<meta property=\"article:published_time\" content=\"2026-04-02T17:53:00+00:00\" \/>\n<meta name=\"author\" content=\"Telinha\" \/>\n<meta name=\"twitter:card\" content=\"summary_large_image\" \/>\n<meta name=\"twitter:label1\" content=\"Escrito por\" \/>\n\t<meta name=\"twitter:data1\" content=\"Telinha\" \/>\n\t<meta name=\"twitter:label2\" content=\"Tempo estimado de leitura\" \/>\n\t<meta name=\"twitter:data2\" content=\"1 minuto\" \/>\n<script type=\"application\/ld+json\" class=\"yoast-schema-graph\">{\"@context\":\"https:\/\/schema.org\",\"@graph\":[{\"@type\":\"Article\",\"@id\":\"https:\/\/portaltela.pt\/noticias\/2026\/04\/02\/imagens-da-detencao-de-tiger-woods-apos-acidente-sao-divulgadas\/#article\",\"isPartOf\":{\"@id\":\"https:\/\/portaltela.pt\/noticias\/2026\/04\/02\/imagens-da-detencao-de-tiger-woods-apos-acidente-sao-divulgadas\/\"},\"author\":{\"name\":\"Telinha\",\"@id\":\"https:\/\/portaltela.pt\/#\/schema\/person\/c4278d4a6028830caff9ee44b42d32ed\"},\"headline\":\"Imagens da deten\u00e7\u00e3o de Tiger Woods ap\u00f3s acidente s\u00e3o divulgadas\",\"datePublished\":\"2026-04-02T17:53:00+00:00\",\"mainEntityOfPage\":{\"@id\":\"https:\/\/portaltela.pt\/noticias\/2026\/04\/02\/imagens-da-detencao-de-tiger-woods-apos-acidente-sao-divulgadas\/\"},\"wordCount\":242,\"image\":{\"@id\":\"https:\/\/portaltela.pt\/noticias\/2026\/04\/02\/imagens-da-detencao-de-tiger-woods-apos-acidente-sao-divulgadas\/#primaryimage\"},\"thumbnailUrl\":\"https:\/\/portaltela.pt\/s.01k8rhncp4jt1\/2026\/04\/ca39c4d5-88cc-4cef-b23e-eff323f623b5_1200x675.jpg\",\"keywords\":[\"condu\u00e7\u00e3o sob o \u00e1lcool\",\"crime\",\"desporto\",\"pessoas p\u00fablicas\",\"sa\u00fade\",\"seguran\u00e7a p\u00fablica\"],\"articleSection\":[\"Desporto\",\"Futebol\"],\"inLanguage\":\"pt-PT\"},{\"@type\":\"WebPage\",\"@id\":\"https:\/\/portaltela.pt\/noticias\/2026\/04\/02\/imagens-da-detencao-de-tiger-woods-apos-acidente-sao-divulgadas\/\",\"url\":\"https:\/\/portaltela.pt\/noticias\/2026\/04\/02\/imagens-da-detencao-de-tiger-woods-apos-acidente-sao-divulgadas\/\",\"name\":\"Imagens da deten\u00e7\u00e3o de Tiger Woods ap\u00f3s acidente s\u00e3o divulgadas - Portal Tela Portugal\",\"isPartOf\":{\"@id\":\"https:\/\/portaltela.pt\/#website\"},\"primaryImageOfPage\":{\"@id\":\"https:\/\/portaltela.pt\/noticias\/2026\/04\/02\/imagens-da-detencao-de-tiger-woods-apos-acidente-sao-divulgadas\/#primaryimage\"},\"image\":{\"@id\":\"https:\/\/portaltela.pt\/noticias\/2026\/04\/02\/imagens-da-detencao-de-tiger-woods-apos-acidente-sao-divulgadas\/#primaryimage\"},\"thumbnailUrl\":\"https:\/\/portaltela.pt\/s.01k8rhncp4jt1\/2026\/04\/ca39c4d5-88cc-4cef-b23e-eff323f623b5_1200x675.jpg\",\"datePublished\":\"2026-04-02T17:53:00+00:00\",\"author\":{\"@id\":\"https:\/\/portaltela.pt\/#\/schema\/person\/c4278d4a6028830caff9ee44b42d32ed\"},\"breadcrumb\":{\"@id\":\"https:\/\/portaltela.pt\/noticias\/2026\/04\/02\/imagens-da-detencao-de-tiger-woods-apos-acidente-sao-divulgadas\/#breadcrumb\"},\"inLanguage\":\"pt-PT\",\"potentialAction\":[{\"@type\":\"ReadAction\",\"target\":[\"https:\/\/portaltela.pt\/noticias\/2026\/04\/02\/imagens-da-detencao-de-tiger-woods-apos-acidente-sao-divulgadas\/\"]}]},{\"@type\":\"ImageObject\",\"inLanguage\":\"pt-PT\",\"@id\":\"https:\/\/portaltela.pt\/noticias\/2026\/04\/02\/imagens-da-detencao-de-tiger-woods-apos-acidente-sao-divulgadas\/#primaryimage\",\"url\":\"https:\/\/portaltela.pt\/s.01k8rhncp4jt1\/2026\/04\/ca39c4d5-88cc-4cef-b23e-eff323f623b5_1200x675.jpg\",\"contentUrl\":\"https:\/\/portaltela.pt\/s.01k8rhncp4jt1\/2026\/04\/ca39c4d5-88cc-4cef-b23e-eff323f623b5_1200x675.jpg\",\"width\":796,\"height\":448,\"caption\":\"Photo\"},{\"@type\":\"BreadcrumbList\",\"@id\":\"https:\/\/portaltela.pt\/noticias\/2026\/04\/02\/imagens-da-detencao-de-tiger-woods-apos-acidente-sao-divulgadas\/#breadcrumb\",\"itemListElement\":[{\"@type\":\"ListItem\",\"position\":1,\"name\":\"In\u00edcio\",\"item\":\"https:\/\/portaltela.pt\/\"},{\"@type\":\"ListItem\",\"position\":2,\"name\":\"Imagens da deten\u00e7\u00e3o de Tiger Woods ap\u00f3s acidente s\u00e3o divulgadas\"}]},{\"@type\":\"WebSite\",\"@id\":\"https:\/\/portaltela.pt\/#website\",\"url\":\"https:\/\/portaltela.pt\/\",\"name\":\"Portal Tela Portugal\",\"description\":\"\",\"potentialAction\":[{\"@type\":\"SearchAction\",\"target\":{\"@type\":\"EntryPoint\",\"urlTemplate\":\"https:\/\/portaltela.pt\/?s={search_term_string}\"},\"query-input\":{\"@type\":\"PropertyValueSpecification\",\"valueRequired\":true,\"valueName\":\"search_term_string\"}}],\"inLanguage\":\"pt-PT\"},{\"@type\":\"Person\",\"@id\":\"https:\/\/portaltela.pt\/#\/schema\/person\/c4278d4a6028830caff9ee44b42d32ed\",\"name\":\"Telinha\",\"image\":{\"@type\":\"ImageObject\",\"inLanguage\":\"pt-PT\",\"@id\":\"https:\/\/portaltela.pt\/s.01k8rhncp4jt1\/2025\/11\/talking-bot-125x125.png\",\"url\":\"https:\/\/portaltela.pt\/s.01k8rhncp4jt1\/2025\/11\/talking-bot-125x125.png\",\"contentUrl\":\"https:\/\/portaltela.pt\/s.01k8rhncp4jt1\/2025\/11\/talking-bot-125x125.png\",\"caption\":\"Telinha\"},\"sameAs\":[\"https:\/\/portaltela.pt\/\"],\"url\":\"https:\/\/portaltela.pt\/por\/367410592786\/\"}]}<\/script>\n<!-- \/ Yoast SEO plugin. -->","yoast_head_json":{"title":"Imagens da deten\u00e7\u00e3o de Tiger Woods ap\u00f3s acidente s\u00e3o divulgadas - Portal Tela Portugal","robots":{"index":"index","follow":"follow","max-snippet":"max-snippet:-1","max-image-preview":"max-image-preview:large","max-video-preview":"max-video-preview:-1"},"og_locale":"pt_PT","og_type":"article","og_title":"Imagens da deten\u00e7\u00e3o de Tiger Woods ap\u00f3s acidente s\u00e3o divulgadas - Portal Tela Portugal","og_description":"Divulgadas imagens da deten\u00e7\u00e3o de Tiger Woods ap\u00f3s acidente, pelo Gabinete do Xerife do Condado de Martin; Woods afirmou ter olhado para o telem\u00f3vel quando embateu na traseira de outro ve\u00edculo. O jogador, de 50 anos, aparece a fazer o teste do alcool\u00edmetro e a ser algemado; a pol\u00edcia afirmou que as faculdades dele estavam comprometidas e que estaria sob o efeito de uma subst\u00e2ncia desconhecida. A Pol\u00edcia encontrou dois comprimidos de hidrocodona com Woods no momento da deten\u00e7\u00e3o; ele disse ter tomado alguns medicamentos controlados nesse dia. Woods declarou-se inocente da acusa\u00e7\u00e3o de condu\u00e7\u00e3o sob influ\u00eancia de \u00e1lcool e foi acusado de se recusar a fazer um exame toxicol\u00f3gico; disse ter passado por v\u00e1rias cirurgias \u00e0s costas e \u00e0 perna direita. Em comunicado, o atleta disse que vai afastar-se do golfe para tratamento e recebeu permiss\u00e3o para deixar os Estados Unidos, com o objetivo de focar-se na recupera\u00e7\u00e3o.","og_url":"https:\/\/portaltela.pt\/noticias\/2026\/04\/02\/imagens-da-detencao-de-tiger-woods-apos-acidente-sao-divulgadas\/","og_site_name":"Portal Tela Portugal","article_published_time":"2026-04-02T17:53:00+00:00","author":"Telinha","twitter_card":"summary_large_image","twitter_misc":{"Escrito por":"Telinha","Tempo estimado de leitura":"1 minuto"},"schema":{"@context":"https:\/\/schema.org","@graph":[{"@type":"Article","@id":"https:\/\/portaltela.pt\/noticias\/2026\/04\/02\/imagens-da-detencao-de-tiger-woods-apos-acidente-sao-divulgadas\/#article","isPartOf":{"@id":"https:\/\/portaltela.pt\/noticias\/2026\/04\/02\/imagens-da-detencao-de-tiger-woods-apos-acidente-sao-divulgadas\/"},"author":{"name":"Telinha","@id":"https:\/\/portaltela.pt\/#\/schema\/person\/c4278d4a6028830caff9ee44b42d32ed"},"headline":"Imagens da deten\u00e7\u00e3o de Tiger Woods ap\u00f3s acidente s\u00e3o divulgadas","datePublished":"2026-04-02T17:53:00+00:00","mainEntityOfPage":{"@id":"https:\/\/portaltela.pt\/noticias\/2026\/04\/02\/imagens-da-detencao-de-tiger-woods-apos-acidente-sao-divulgadas\/"},"wordCount":242,"image":{"@id":"https:\/\/portaltela.pt\/noticias\/2026\/04\/02\/imagens-da-detencao-de-tiger-woods-apos-acidente-sao-divulgadas\/#primaryimage"},"thumbnailUrl":"https:\/\/portaltela.pt\/s.01k8rhncp4jt1\/2026\/04\/ca39c4d5-88cc-4cef-b23e-eff323f623b5_1200x675.jpg","keywords":["condu\u00e7\u00e3o sob o \u00e1lcool","crime","desporto","pessoas p\u00fablicas","sa\u00fade","seguran\u00e7a p\u00fablica"],"articleSection":["Desporto","Futebol"],"inLanguage":"pt-PT"},{"@type":"WebPage","@id":"https:\/\/portaltela.pt\/noticias\/2026\/04\/02\/imagens-da-detencao-de-tiger-woods-apos-acidente-sao-divulgadas\/","url":"https:\/\/portaltela.pt\/noticias\/2026\/04\/02\/imagens-da-detencao-de-tiger-woods-apos-acidente-sao-divulgadas\/","name":"Imagens da deten\u00e7\u00e3o de Tiger Woods ap\u00f3s acidente s\u00e3o divulgadas - Portal Tela Portugal","isPartOf":{"@id":"https:\/\/portaltela.pt\/#website"},"primaryImageOfPage":{"@id":"https:\/\/portaltela.pt\/noticias\/2026\/04\/02\/imagens-da-detencao-de-tiger-woods-apos-acidente-sao-divulgadas\/#primaryimage"},"image":{"@id":"https:\/\/portaltela.pt\/noticias\/2026\/04\/02\/imagens-da-detencao-de-tiger-woods-apos-acidente-sao-divulgadas\/#primaryimage"},"thumbnailUrl":"https:\/\/portaltela.pt\/s.01k8rhncp4jt1\/2026\/04\/ca39c4d5-88cc-4cef-b23e-eff323f623b5_1200x675.jpg","datePublished":"2026-04-02T17:53:00+00:00","author":{"@id":"https:\/\/portaltela.pt\/#\/schema\/person\/c4278d4a6028830caff9ee44b42d32ed"},"breadcrumb":{"@id":"https:\/\/portaltela.pt\/noticias\/2026\/04\/02\/imagens-da-detencao-de-tiger-woods-apos-acidente-sao-divulgadas\/#breadcrumb"},"inLanguage":"pt-PT","potentialAction":[{"@type":"ReadAction","target":["https:\/\/portaltela.pt\/noticias\/2026\/04\/02\/imagens-da-detencao-de-tiger-woods-apos-acidente-sao-divulgadas\/"]}]},{"@type":"ImageObject","inLanguage":"pt-PT","@id":"https:\/\/portaltela.pt\/noticias\/2026\/04\/02\/imagens-da-detencao-de-tiger-woods-apos-acidente-sao-divulgadas\/#primaryimage","url":"https:\/\/portaltela.pt\/s.01k8rhncp4jt1\/2026\/04\/ca39c4d5-88cc-4cef-b23e-eff323f623b5_1200x675.jpg","contentUrl":"https:\/\/portaltela.pt\/s.01k8rhncp4jt1\/2026\/04\/ca39c4d5-88cc-4cef-b23e-eff323f623b5_1200x675.jpg","width":796,"height":448,"caption":"Photo"},{"@type":"BreadcrumbList","@id":"https:\/\/portaltela.pt\/noticias\/2026\/04\/02\/imagens-da-detencao-de-tiger-woods-apos-acidente-sao-divulgadas\/#breadcrumb","itemListElement":[{"@type":"ListItem","position":1,"name":"In\u00edcio","item":"https:\/\/portaltela.pt\/"},{"@type":"ListItem","position":2,"name":"Imagens da deten\u00e7\u00e3o de Tiger Woods ap\u00f3s acidente s\u00e3o divulgadas"}]},{"@type":"WebSite","@id":"https:\/\/portaltela.pt\/#website","url":"https:\/\/portaltela.pt\/","name":"Portal Tela Portugal","description":"","potentialAction":[{"@type":"SearchAction","target":{"@type":"EntryPoint","urlTemplate":"https:\/\/portaltela.pt\/?s={search_term_string}"},"query-input":{"@type":"PropertyValueSpecification","valueRequired":true,"valueName":"search_term_string"}}],"inLanguage":"pt-PT"},{"@type":"Person","@id":"https:\/\/portaltela.pt\/#\/schema\/person\/c4278d4a6028830caff9ee44b42d32ed","name":"Telinha","image":{"@type":"ImageObject","inLanguage":"pt-PT","@id":"https:\/\/portaltela.pt\/s.01k8rhncp4jt1\/2025\/11\/talking-bot-125x125.png","url":"https:\/\/portaltela.pt\/s.01k8rhncp4jt1\/2025\/11\/talking-bot-125x125.png","contentUrl":"https:\/\/portaltela.pt\/s.01k8rhncp4jt1\/2025\/11\/talking-bot-125x125.png","caption":"Telinha"},"sameAs":["https:\/\/portaltela.pt\/"],"url":"https:\/\/portaltela.pt\/por\/367410592786\/"}]}},"_links":{"self":[{"href":"https:\/\/portaltela.pt\/api\/wp\/v2\/posts\/431620","targetHints":{"allow":["GET"]}}],"collection":[{"href":"https:\/\/portaltela.pt\/api\/wp\/v2\/posts"}],"about":[{"href":"https:\/\/portaltela.pt\/api\/wp\/v2\/types\/post"}],"author":[{"embeddable":true,"href":"https:\/\/portaltela.pt\/api\/wp\/v2\/users\/2"}],"replies":[{"embeddable":true,"href":"https:\/\/portaltela.pt\/api\/wp\/v2\/comments?post=431620"}],"version-history":[{"count":0,"href":"https:\/\/portaltela.pt\/api\/wp\/v2\/posts\/431620\/revisions"}],"wp:featuredmedia":[{"embeddable":true,"href":"https:\/\/portaltela.pt\/api\/wp\/v2\/media\/431621"}],"wp:attachment":[{"href":"https:\/\/portaltela.pt\/api\/wp\/v2\/media?parent=431620"}],"wp:term":[{"taxonomy":"category","embeddable":true,"href":"https:\/\/portaltela.pt\/api\/wp\/v2\/categories?post=431620"},{"taxonomy":"post_tag","embeddable":true,"href":"https:\/\/portaltela.pt\/api\/wp\/v2\/tags?post=431620"}],"curies":[{"name":"wp","href":"https:\/\/api.w.org\/{rel}","templated":true}]}}