{"id":431586,"date":"2026-04-03T11:32:19","date_gmt":"2026-04-03T14:32:19","guid":{"rendered":"https:\/\/portaltela.pt\/noticias\/2026\/04\/03\/pescador-em-estado-grave-apos-queda-em-zona-rochosa-entre-praias-de-alcobaca\/"},"modified":"2026-04-03T11:32:19","modified_gmt":"2026-04-03T14:32:19","slug":"pescador-em-estado-grave-apos-queda-em-zona-rochosa-entre-praias-de-alcobaca","status":"publish","type":"post","link":"https:\/\/portaltela.pt\/acidentes\/2026\/04\/03\/pescador-em-estado-grave-apos-queda-em-zona-rochosa-entre-praias-de-alcobaca\/","title":{"rendered":"Pescador em estado grave ap\u00f3s queda em zona rochosa entre praias de Alcoba\u00e7a"},"content":{"rendered":"<p>Um pescador de 72 anos caiu numa zona rochosa entre as praias de Alcoba\u00e7a e Nazar\u00e9, durante uma atividade de pesca de polvo. O homem ficou preso de cabe\u00e7a para baixo num buraco entre rochas, numa \u00e1rea entre a Praia da Gralha e a Praia do Salgado. O alerta foi dado \u00e0s 08h33.<\/p>\n<p>Populares no local ajudaram a libertar o homem com apoio dos bombeiros de S\u00e3o Martinho do Porto. O v\u00edtima foi imobilizado pela equipa da Viatura M\u00e9dica de Emerg\u00eancia e Reanima\u00e7\u00e3o das Caldas da Rainha.<\/p>\n<p>Devido \u00e0 dif\u00edcil acessibilidade por terra, o homem foi transportado por helic\u00f3ptero da For\u00e7a A\u00e9rea Portuguesa. O transporte seguiu para o Hospital de Coimbra, ap\u00f3s desembarque no campo de futebol do Sport Uni\u00e3o Alfeizerense, em Alfeizer\u00e3o.<\/p>\n<p>As opera\u00e7\u00f5es foram coordenadas pela Autoridade Mar\u00edtima Nacional, Capitania do Porto da Nazar\u00e9, e envolveram mais de 30 operacionais e cerca de 10 ve\u00edculos. Entre as entidades presentes estiveram a GNR e outras equipas de apoio.<\/p>\n<h3>Opera\u00e7\u00f5es de resgate<\/h3>\n<p>As a\u00e7\u00f5es decorreram at\u00e9 \u00e0s 11h39 no local, com diversos recursos a apoiar a evacua\u00e7\u00e3o e o atendimento m\u00e9dico de emerg\u00eancia. A v\u00edtima permanece sob avalia\u00e7\u00e3o hospitalar em Coimbra.<\/p>\n","protected":false},"excerpt":{"rendered":"<ul>\n<li>Um pescador de 72 anos caiu numa zona rochosa entre as praias de Gralha e Salgado, entre Alcoba\u00e7a e Nazar\u00e9, e ficou gravemente ferido pela manh\u00e3 de sexta-feira.<\/li>\n<li>O alerta foi dado \u00e0s 08h33 por populares que o encontraram preso num buraco entre rochas, de cabe\u00e7a para baixo.<\/li>\n<li>Foi resgatado de helic\u00f3ptero, ap\u00f3s apoio dos bombeiros de S\u00e3o Martinho do Porto e da Viatura M\u00e9dica de Emerg\u00eancia e Reanima\u00e7\u00e3o das Caldas da Rainha.<\/li>\n<li>O homem foi inicialmente transportado para o campo de futebol do Sport Uni\u00e3o Alfeizerense, em Alfeizer\u00e3o, para embarque num helic\u00f3ptero do Instituto Nacional de Emerg\u00eancia M\u00e9dica com destino ao Hospital de Coimbra.<\/li>\n<li>As opera\u00e7\u00f5es, lideradas pela Autoridade Mar\u00edtima Nacional (Capitania do Porto da Nazar\u00e9), envolveram mais de trinta operacionais e cerca de dez ve\u00edculos, e terminaram \u00e0s 11h39.<\/li>\n<\/ul>\n","protected":false},"author":2,"featured_media":431589,"comment_status":"closed","ping_status":"closed","sticky":false,"template":"","format":"standard","meta":{"footnotes":""},"categories":[6849],"tags":[971,633,894,5093,2804,5974],"class_list":["post-431586","post","type-post","status-publish","format-standard","has-post-thumbnail","hentry","category-acidentes","tag-bombeiros","tag-hospital","tag-nazare","tag-pesca","tag-pescadores","tag-salvamento-maritimo"],"yoast_head":"<!-- This site is optimized with the Yoast SEO plugin v27.2 - https:\/\/yoast.com\/product\/yoast-seo-wordpress\/ -->\n<title>Pescador em estado grave ap\u00f3s queda em zona rochosa entre praias de Alcoba\u00e7a - Portal Tela Portugal<\/title>\n<meta name=\"robots\" content=\"index, follow, max-snippet:-1, max-image-preview:large, max-video-preview:-1\" \/>\n<meta property=\"og:locale\" content=\"pt_PT\" \/>\n<meta property=\"og:type\" content=\"article\" \/>\n<meta property=\"og:title\" content=\"Pescador em estado grave ap\u00f3s queda em zona rochosa entre praias de Alcoba\u00e7a - Portal Tela Portugal\" \/>\n<meta property=\"og:description\" content=\"Um pescador de 72 anos caiu numa zona rochosa entre as praias de Gralha e Salgado, entre Alcoba\u00e7a e Nazar\u00e9, e ficou gravemente ferido pela manh\u00e3 de sexta-feira. O alerta foi dado \u00e0s 08h33 por populares que o encontraram preso num buraco entre rochas, de cabe\u00e7a para baixo. Foi resgatado de helic\u00f3ptero, ap\u00f3s apoio dos bombeiros de S\u00e3o Martinho do Porto e da Viatura M\u00e9dica de Emerg\u00eancia e Reanima\u00e7\u00e3o das Caldas da Rainha. O homem foi inicialmente transportado para o campo de futebol do Sport Uni\u00e3o Alfeizerense, em Alfeizer\u00e3o, para embarque num helic\u00f3ptero do Instituto Nacional de Emerg\u00eancia M\u00e9dica com destino ao Hospital de Coimbra. As opera\u00e7\u00f5es, lideradas pela Autoridade Mar\u00edtima Nacional (Capitania do Porto da Nazar\u00e9), envolveram mais de trinta operacionais e cerca de dez ve\u00edculos, e terminaram \u00e0s 11h39.\" \/>\n<meta property=\"og:url\" content=\"https:\/\/portaltela.pt\/noticias\/2026\/04\/03\/pescador-em-estado-grave-apos-queda-em-zona-rochosa-entre-praias-de-alcobaca\/\" \/>\n<meta property=\"og:site_name\" content=\"Portal Tela Portugal\" \/>\n<meta property=\"article:published_time\" content=\"2026-04-03T14:32:19+00:00\" \/>\n<meta name=\"author\" content=\"Telinha\" \/>\n<meta name=\"twitter:card\" content=\"summary_large_image\" \/>\n<meta name=\"twitter:label1\" content=\"Escrito por\" \/>\n\t<meta name=\"twitter:data1\" content=\"Telinha\" \/>\n\t<meta name=\"twitter:label2\" content=\"Tempo estimado de leitura\" \/>\n\t<meta name=\"twitter:data2\" content=\"1 minuto\" \/>\n<script type=\"application\/ld+json\" class=\"yoast-schema-graph\">{\"@context\":\"https:\/\/schema.org\",\"@graph\":[{\"@type\":\"Article\",\"@id\":\"https:\/\/portaltela.pt\/noticias\/2026\/04\/03\/pescador-em-estado-grave-apos-queda-em-zona-rochosa-entre-praias-de-alcobaca\/#article\",\"isPartOf\":{\"@id\":\"https:\/\/portaltela.pt\/noticias\/2026\/04\/03\/pescador-em-estado-grave-apos-queda-em-zona-rochosa-entre-praias-de-alcobaca\/\"},\"author\":{\"name\":\"Telinha\",\"@id\":\"https:\/\/portaltela.pt\/#\/schema\/person\/c4278d4a6028830caff9ee44b42d32ed\"},\"headline\":\"Pescador em estado grave ap\u00f3s queda em zona rochosa entre praias de Alcoba\u00e7a\",\"datePublished\":\"2026-04-03T14:32:19+00:00\",\"mainEntityOfPage\":{\"@id\":\"https:\/\/portaltela.pt\/noticias\/2026\/04\/03\/pescador-em-estado-grave-apos-queda-em-zona-rochosa-entre-praias-de-alcobaca\/\"},\"wordCount\":226,\"image\":{\"@id\":\"https:\/\/portaltela.pt\/noticias\/2026\/04\/03\/pescador-em-estado-grave-apos-queda-em-zona-rochosa-entre-praias-de-alcobaca\/#primaryimage\"},\"thumbnailUrl\":\"https:\/\/portaltela.pt\/s.01k8rhncp4jt1\/2026\/04\/img_1280x721uu2026-04-03-15-27-55-2276432.jpg\",\"keywords\":[\"bombeiros\",\"hospital\",\"Nazar\u00e9\",\"pesca\",\"Pescadores\",\"Salvamento Mar\u00edtimo\"],\"articleSection\":[\"Acidentes\"],\"inLanguage\":\"pt-PT\"},{\"@type\":\"WebPage\",\"@id\":\"https:\/\/portaltela.pt\/noticias\/2026\/04\/03\/pescador-em-estado-grave-apos-queda-em-zona-rochosa-entre-praias-de-alcobaca\/\",\"url\":\"https:\/\/portaltela.pt\/noticias\/2026\/04\/03\/pescador-em-estado-grave-apos-queda-em-zona-rochosa-entre-praias-de-alcobaca\/\",\"name\":\"Pescador em estado grave ap\u00f3s queda em zona rochosa entre praias de Alcoba\u00e7a - Portal Tela Portugal\",\"isPartOf\":{\"@id\":\"https:\/\/portaltela.pt\/#website\"},\"primaryImageOfPage\":{\"@id\":\"https:\/\/portaltela.pt\/noticias\/2026\/04\/03\/pescador-em-estado-grave-apos-queda-em-zona-rochosa-entre-praias-de-alcobaca\/#primaryimage\"},\"image\":{\"@id\":\"https:\/\/portaltela.pt\/noticias\/2026\/04\/03\/pescador-em-estado-grave-apos-queda-em-zona-rochosa-entre-praias-de-alcobaca\/#primaryimage\"},\"thumbnailUrl\":\"https:\/\/portaltela.pt\/s.01k8rhncp4jt1\/2026\/04\/img_1280x721uu2026-04-03-15-27-55-2276432.jpg\",\"datePublished\":\"2026-04-03T14:32:19+00:00\",\"author\":{\"@id\":\"https:\/\/portaltela.pt\/#\/schema\/person\/c4278d4a6028830caff9ee44b42d32ed\"},\"breadcrumb\":{\"@id\":\"https:\/\/portaltela.pt\/noticias\/2026\/04\/03\/pescador-em-estado-grave-apos-queda-em-zona-rochosa-entre-praias-de-alcobaca\/#breadcrumb\"},\"inLanguage\":\"pt-PT\",\"potentialAction\":[{\"@type\":\"ReadAction\",\"target\":[\"https:\/\/portaltela.pt\/noticias\/2026\/04\/03\/pescador-em-estado-grave-apos-queda-em-zona-rochosa-entre-praias-de-alcobaca\/\"]}]},{\"@type\":\"ImageObject\",\"inLanguage\":\"pt-PT\",\"@id\":\"https:\/\/portaltela.pt\/noticias\/2026\/04\/03\/pescador-em-estado-grave-apos-queda-em-zona-rochosa-entre-praias-de-alcobaca\/#primaryimage\",\"url\":\"https:\/\/portaltela.pt\/s.01k8rhncp4jt1\/2026\/04\/img_1280x721uu2026-04-03-15-27-55-2276432.jpg\",\"contentUrl\":\"https:\/\/portaltela.pt\/s.01k8rhncp4jt1\/2026\/04\/img_1280x721uu2026-04-03-15-27-55-2276432.jpg\",\"width\":796,\"height\":448,\"caption\":\"Homem preso num buraco entre rochas de cabe\u00e7a para baixo.\"},{\"@type\":\"BreadcrumbList\",\"@id\":\"https:\/\/portaltela.pt\/noticias\/2026\/04\/03\/pescador-em-estado-grave-apos-queda-em-zona-rochosa-entre-praias-de-alcobaca\/#breadcrumb\",\"itemListElement\":[{\"@type\":\"ListItem\",\"position\":1,\"name\":\"In\u00edcio\",\"item\":\"https:\/\/portaltela.pt\/\"},{\"@type\":\"ListItem\",\"position\":2,\"name\":\"Pescador em estado grave ap\u00f3s queda em zona rochosa entre praias de Alcoba\u00e7a\"}]},{\"@type\":\"WebSite\",\"@id\":\"https:\/\/portaltela.pt\/#website\",\"url\":\"https:\/\/portaltela.pt\/\",\"name\":\"Portal Tela Portugal\",\"description\":\"\",\"potentialAction\":[{\"@type\":\"SearchAction\",\"target\":{\"@type\":\"EntryPoint\",\"urlTemplate\":\"https:\/\/portaltela.pt\/?s={search_term_string}\"},\"query-input\":{\"@type\":\"PropertyValueSpecification\",\"valueRequired\":true,\"valueName\":\"search_term_string\"}}],\"inLanguage\":\"pt-PT\"},{\"@type\":\"Person\",\"@id\":\"https:\/\/portaltela.pt\/#\/schema\/person\/c4278d4a6028830caff9ee44b42d32ed\",\"name\":\"Telinha\",\"image\":{\"@type\":\"ImageObject\",\"inLanguage\":\"pt-PT\",\"@id\":\"https:\/\/portaltela.pt\/s.01k8rhncp4jt1\/2025\/11\/talking-bot-125x125.png\",\"url\":\"https:\/\/portaltela.pt\/s.01k8rhncp4jt1\/2025\/11\/talking-bot-125x125.png\",\"contentUrl\":\"https:\/\/portaltela.pt\/s.01k8rhncp4jt1\/2025\/11\/talking-bot-125x125.png\",\"caption\":\"Telinha\"},\"sameAs\":[\"https:\/\/portaltela.pt\/\"],\"url\":\"https:\/\/portaltela.pt\/por\/367410592786\/\"}]}<\/script>\n<!-- \/ Yoast SEO plugin. -->","yoast_head_json":{"title":"Pescador em estado grave ap\u00f3s queda em zona rochosa entre praias de Alcoba\u00e7a - Portal Tela Portugal","robots":{"index":"index","follow":"follow","max-snippet":"max-snippet:-1","max-image-preview":"max-image-preview:large","max-video-preview":"max-video-preview:-1"},"og_locale":"pt_PT","og_type":"article","og_title":"Pescador em estado grave ap\u00f3s queda em zona rochosa entre praias de Alcoba\u00e7a - Portal Tela Portugal","og_description":"Um pescador de 72 anos caiu numa zona rochosa entre as praias de Gralha e Salgado, entre Alcoba\u00e7a e Nazar\u00e9, e ficou gravemente ferido pela manh\u00e3 de sexta-feira. O alerta foi dado \u00e0s 08h33 por populares que o encontraram preso num buraco entre rochas, de cabe\u00e7a para baixo. Foi resgatado de helic\u00f3ptero, ap\u00f3s apoio dos bombeiros de S\u00e3o Martinho do Porto e da Viatura M\u00e9dica de Emerg\u00eancia e Reanima\u00e7\u00e3o das Caldas da Rainha. O homem foi inicialmente transportado para o campo de futebol do Sport Uni\u00e3o Alfeizerense, em Alfeizer\u00e3o, para embarque num helic\u00f3ptero do Instituto Nacional de Emerg\u00eancia M\u00e9dica com destino ao Hospital de Coimbra. As opera\u00e7\u00f5es, lideradas pela Autoridade Mar\u00edtima Nacional (Capitania do Porto da Nazar\u00e9), envolveram mais de trinta operacionais e cerca de dez ve\u00edculos, e terminaram \u00e0s 11h39.","og_url":"https:\/\/portaltela.pt\/noticias\/2026\/04\/03\/pescador-em-estado-grave-apos-queda-em-zona-rochosa-entre-praias-de-alcobaca\/","og_site_name":"Portal Tela Portugal","article_published_time":"2026-04-03T14:32:19+00:00","author":"Telinha","twitter_card":"summary_large_image","twitter_misc":{"Escrito por":"Telinha","Tempo estimado de leitura":"1 minuto"},"schema":{"@context":"https:\/\/schema.org","@graph":[{"@type":"Article","@id":"https:\/\/portaltela.pt\/noticias\/2026\/04\/03\/pescador-em-estado-grave-apos-queda-em-zona-rochosa-entre-praias-de-alcobaca\/#article","isPartOf":{"@id":"https:\/\/portaltela.pt\/noticias\/2026\/04\/03\/pescador-em-estado-grave-apos-queda-em-zona-rochosa-entre-praias-de-alcobaca\/"},"author":{"name":"Telinha","@id":"https:\/\/portaltela.pt\/#\/schema\/person\/c4278d4a6028830caff9ee44b42d32ed"},"headline":"Pescador em estado grave ap\u00f3s queda em zona rochosa entre praias de Alcoba\u00e7a","datePublished":"2026-04-03T14:32:19+00:00","mainEntityOfPage":{"@id":"https:\/\/portaltela.pt\/noticias\/2026\/04\/03\/pescador-em-estado-grave-apos-queda-em-zona-rochosa-entre-praias-de-alcobaca\/"},"wordCount":226,"image":{"@id":"https:\/\/portaltela.pt\/noticias\/2026\/04\/03\/pescador-em-estado-grave-apos-queda-em-zona-rochosa-entre-praias-de-alcobaca\/#primaryimage"},"thumbnailUrl":"https:\/\/portaltela.pt\/s.01k8rhncp4jt1\/2026\/04\/img_1280x721uu2026-04-03-15-27-55-2276432.jpg","keywords":["bombeiros","hospital","Nazar\u00e9","pesca","Pescadores","Salvamento Mar\u00edtimo"],"articleSection":["Acidentes"],"inLanguage":"pt-PT"},{"@type":"WebPage","@id":"https:\/\/portaltela.pt\/noticias\/2026\/04\/03\/pescador-em-estado-grave-apos-queda-em-zona-rochosa-entre-praias-de-alcobaca\/","url":"https:\/\/portaltela.pt\/noticias\/2026\/04\/03\/pescador-em-estado-grave-apos-queda-em-zona-rochosa-entre-praias-de-alcobaca\/","name":"Pescador em estado grave ap\u00f3s queda em zona rochosa entre praias de Alcoba\u00e7a - Portal Tela Portugal","isPartOf":{"@id":"https:\/\/portaltela.pt\/#website"},"primaryImageOfPage":{"@id":"https:\/\/portaltela.pt\/noticias\/2026\/04\/03\/pescador-em-estado-grave-apos-queda-em-zona-rochosa-entre-praias-de-alcobaca\/#primaryimage"},"image":{"@id":"https:\/\/portaltela.pt\/noticias\/2026\/04\/03\/pescador-em-estado-grave-apos-queda-em-zona-rochosa-entre-praias-de-alcobaca\/#primaryimage"},"thumbnailUrl":"https:\/\/portaltela.pt\/s.01k8rhncp4jt1\/2026\/04\/img_1280x721uu2026-04-03-15-27-55-2276432.jpg","datePublished":"2026-04-03T14:32:19+00:00","author":{"@id":"https:\/\/portaltela.pt\/#\/schema\/person\/c4278d4a6028830caff9ee44b42d32ed"},"breadcrumb":{"@id":"https:\/\/portaltela.pt\/noticias\/2026\/04\/03\/pescador-em-estado-grave-apos-queda-em-zona-rochosa-entre-praias-de-alcobaca\/#breadcrumb"},"inLanguage":"pt-PT","potentialAction":[{"@type":"ReadAction","target":["https:\/\/portaltela.pt\/noticias\/2026\/04\/03\/pescador-em-estado-grave-apos-queda-em-zona-rochosa-entre-praias-de-alcobaca\/"]}]},{"@type":"ImageObject","inLanguage":"pt-PT","@id":"https:\/\/portaltela.pt\/noticias\/2026\/04\/03\/pescador-em-estado-grave-apos-queda-em-zona-rochosa-entre-praias-de-alcobaca\/#primaryimage","url":"https:\/\/portaltela.pt\/s.01k8rhncp4jt1\/2026\/04\/img_1280x721uu2026-04-03-15-27-55-2276432.jpg","contentUrl":"https:\/\/portaltela.pt\/s.01k8rhncp4jt1\/2026\/04\/img_1280x721uu2026-04-03-15-27-55-2276432.jpg","width":796,"height":448,"caption":"Homem preso num buraco entre rochas de cabe\u00e7a para baixo."},{"@type":"BreadcrumbList","@id":"https:\/\/portaltela.pt\/noticias\/2026\/04\/03\/pescador-em-estado-grave-apos-queda-em-zona-rochosa-entre-praias-de-alcobaca\/#breadcrumb","itemListElement":[{"@type":"ListItem","position":1,"name":"In\u00edcio","item":"https:\/\/portaltela.pt\/"},{"@type":"ListItem","position":2,"name":"Pescador em estado grave ap\u00f3s queda em zona rochosa entre praias de Alcoba\u00e7a"}]},{"@type":"WebSite","@id":"https:\/\/portaltela.pt\/#website","url":"https:\/\/portaltela.pt\/","name":"Portal Tela Portugal","description":"","potentialAction":[{"@type":"SearchAction","target":{"@type":"EntryPoint","urlTemplate":"https:\/\/portaltela.pt\/?s={search_term_string}"},"query-input":{"@type":"PropertyValueSpecification","valueRequired":true,"valueName":"search_term_string"}}],"inLanguage":"pt-PT"},{"@type":"Person","@id":"https:\/\/portaltela.pt\/#\/schema\/person\/c4278d4a6028830caff9ee44b42d32ed","name":"Telinha","image":{"@type":"ImageObject","inLanguage":"pt-PT","@id":"https:\/\/portaltela.pt\/s.01k8rhncp4jt1\/2025\/11\/talking-bot-125x125.png","url":"https:\/\/portaltela.pt\/s.01k8rhncp4jt1\/2025\/11\/talking-bot-125x125.png","contentUrl":"https:\/\/portaltela.pt\/s.01k8rhncp4jt1\/2025\/11\/talking-bot-125x125.png","caption":"Telinha"},"sameAs":["https:\/\/portaltela.pt\/"],"url":"https:\/\/portaltela.pt\/por\/367410592786\/"}]}},"_links":{"self":[{"href":"https:\/\/portaltela.pt\/api\/wp\/v2\/posts\/431586","targetHints":{"allow":["GET"]}}],"collection":[{"href":"https:\/\/portaltela.pt\/api\/wp\/v2\/posts"}],"about":[{"href":"https:\/\/portaltela.pt\/api\/wp\/v2\/types\/post"}],"author":[{"embeddable":true,"href":"https:\/\/portaltela.pt\/api\/wp\/v2\/users\/2"}],"replies":[{"embeddable":true,"href":"https:\/\/portaltela.pt\/api\/wp\/v2\/comments?post=431586"}],"version-history":[{"count":0,"href":"https:\/\/portaltela.pt\/api\/wp\/v2\/posts\/431586\/revisions"}],"wp:featuredmedia":[{"embeddable":true,"href":"https:\/\/portaltela.pt\/api\/wp\/v2\/media\/431589"}],"wp:attachment":[{"href":"https:\/\/portaltela.pt\/api\/wp\/v2\/media?parent=431586"}],"wp:term":[{"taxonomy":"category","embeddable":true,"href":"https:\/\/portaltela.pt\/api\/wp\/v2\/categories?post=431586"},{"taxonomy":"post_tag","embeddable":true,"href":"https:\/\/portaltela.pt\/api\/wp\/v2\/tags?post=431586"}],"curies":[{"name":"wp","href":"https:\/\/api.w.org\/{rel}","templated":true}]}}