{"id":431575,"date":"2026-04-03T11:17:22","date_gmt":"2026-04-03T14:17:22","guid":{"rendered":"https:\/\/portaltela.pt\/noticias\/2026\/04\/03\/regresso-das-camaras-digitais-conquista-a-geracao-z\/"},"modified":"2026-04-03T11:17:22","modified_gmt":"2026-04-03T14:17:22","slug":"regresso-das-camaras-digitais-conquista-a-geracao-z","status":"publish","type":"post","link":"https:\/\/portaltela.pt\/tecnologia\/2026\/04\/03\/regresso-das-camaras-digitais-conquista-a-geracao-z\/","title":{"rendered":"Regresso das c\u00e2maras digitais conquista a Gera\u00e7\u00e3o Z"},"content":{"rendered":"<p>A recupera\u00e7\u00e3o das c\u00e2maras digitais volta a ganhar for\u00e7a entre a Gera\u00e7\u00e3o Z, com modelos compactos a emergir como item de moda. Depois de anos dominados por telem\u00f3veis, surgem novas compras em lojas e plataformas de segunda m\u00e3o, associadas a uma est\u00e9tica retro.<\/p>\n<p>O fen\u00f3meno est\u00e1 a ganhar impulso nas redes sociais, especialmente no TikTok e no Instagram, onde a est\u00e9tica Y2K se mant\u00e9m. Entre os jovens de 18 a 25 anos, a procura n\u00e3o \u00e9 apenas pela qualidade, mas pela experi\u00eancia de fotografar.<\/p>\n<p>Lojas especializadas indicam que o interesse nasceu de forma discreta e tornou-se mais evidente com a difus\u00e3o de conte\u00fados vintage. O flash, a luz dura e o desfoque natural s\u00e3o vistos como tra\u00e7os distintivos.<\/p>\n<p>O tipo de c\u00e2maras valorizado inclui Canon IXUS, Sony Cyber-shot, Nikon Coolpix e Fujifilm FinePix. O mercado de segunda m\u00e3o v\u00ea os pre\u00e7os subir, devido \u00e0 escassez de stock novo e ao desejo de reproduzir o efeito retro.<\/p>\n<p>Lojistas destacam que muitos compradores n\u00e3o viveram a \u00e9poca das c\u00e2maras anal\u00f3gicas, mas adoptam a nostalgia emprestada. Este clima sugere uma valoriza\u00e7\u00e3o da imagem menos filtrada e mais aut\u00eantica.<\/p>\n<p>Quem aderiu \u00e0 moda refere que as c\u00e2maras oferecem uma rela\u00e7\u00e3o direta com a imagem, sem as interrup\u00e7\u00f5es constantes do telem\u00f3vel. O resultado \u00e9 visto como mais consciente e com menos press\u00e3o de partilha.<\/p>\n<p>A tend\u00eancia representa, para alguns, uma forma de desligar do ru\u00eddo digital. Com o tempo, as c\u00e2maras digitais voltam a ocupar um papel de acess\u00f3rio de estilo ao lado de viagens, festas e jantares.<\/p>\n","protected":false},"excerpt":{"rendered":"<ul>\n<li>As c\u00e2maras digitais compactas est\u00e3o a regressar e tornam-se o novo acess\u00f3rio de moda entre a Gen Z, com foco em experi\u00eancias fotogr\u00e1ficas em vez de apenas qualidade de imagem.<\/li>\n<li>O fen\u00f3meno ganhou for\u00e7a nas redes sociais, especialmente TikTok e Instagram, popularizando a est\u00e9tica Y2K de fotografias menos perfeitas, com flash forte e cores lavadas.<\/li>\n<li>O p\u00fablico entre os 18 e os 25 anos procura mais a experi\u00eancia da fotografia do que a perfei\u00e7\u00e3o das imagens, usando a c\u00e2mara como parte do estilo e do visual.<\/li>\n<li>Modelos como Canon IXUS, Sony Cyber-shot, Nikon Coolpix e Fujifilm FinePix s\u00e3o procurados pela qualidade e pelo efeito est\u00e9tico que produzem; a oferta reduzida aumenta os pre\u00e7os no mercado de segunda m\u00e3o.<\/li>\n<li>Mesmo quem n\u00e3o viveu a era das c\u00e2maras digitais mostra interesse devido \u00e0 nostalgia \u00abemprestada\u00bb, vendo as c\u00e2maras como forma de desligar das notifica\u00e7\u00f5es e ter uma rela\u00e7\u00e3o mais direta com a imagem.<\/li>\n<\/ul>\n","protected":false},"author":2,"featured_media":431579,"comment_status":"closed","ping_status":"closed","sticky":false,"template":"","format":"standard","meta":{"footnotes":""},"categories":[7375,6716],"tags":[6329,7056,247,135,88,153],"class_list":["post-431575","post","type-post","status-publish","format-standard","has-post-thumbnail","hentry","category-cultura","category-tecnologia","tag-camaras","tag-compras","tag-fotografia","tag-moda","tag-redes-sociais","tag-tecnologia"],"yoast_head":"<!-- This site is optimized with the Yoast SEO plugin v27.2 - https:\/\/yoast.com\/product\/yoast-seo-wordpress\/ -->\n<title>Regresso das c\u00e2maras digitais conquista a Gera\u00e7\u00e3o Z - Portal Tela Portugal<\/title>\n<meta name=\"robots\" content=\"index, follow, max-snippet:-1, max-image-preview:large, max-video-preview:-1\" \/>\n<meta property=\"og:locale\" content=\"pt_PT\" \/>\n<meta property=\"og:type\" content=\"article\" \/>\n<meta property=\"og:title\" content=\"Regresso das c\u00e2maras digitais conquista a Gera\u00e7\u00e3o Z - Portal Tela Portugal\" \/>\n<meta property=\"og:description\" content=\"As c\u00e2maras digitais compactas est\u00e3o a regressar e tornam-se o novo acess\u00f3rio de moda entre a Gen Z, com foco em experi\u00eancias fotogr\u00e1ficas em vez de apenas qualidade de imagem. O fen\u00f3meno ganhou for\u00e7a nas redes sociais, especialmente TikTok e Instagram, popularizando a est\u00e9tica Y2K de fotografias menos perfeitas, com flash forte e cores lavadas. O p\u00fablico entre os 18 e os 25 anos procura mais a experi\u00eancia da fotografia do que a perfei\u00e7\u00e3o das imagens, usando a c\u00e2mara como parte do estilo e do visual. Modelos como Canon IXUS, Sony Cyber-shot, Nikon Coolpix e Fujifilm FinePix s\u00e3o procurados pela qualidade e pelo efeito est\u00e9tico que produzem; a oferta reduzida aumenta os pre\u00e7os no mercado de segunda m\u00e3o. Mesmo quem n\u00e3o viveu a era das c\u00e2maras digitais mostra interesse devido \u00e0 nostalgia \u00abemprestada\u00bb, vendo as c\u00e2maras como forma de desligar das notifica\u00e7\u00f5es e ter uma rela\u00e7\u00e3o mais direta com a imagem.\" \/>\n<meta property=\"og:url\" content=\"https:\/\/portaltela.pt\/noticias\/2026\/04\/03\/regresso-das-camaras-digitais-conquista-a-geracao-z\/\" \/>\n<meta property=\"og:site_name\" content=\"Portal Tela Portugal\" \/>\n<meta property=\"article:published_time\" content=\"2026-04-03T14:17:22+00:00\" \/>\n<meta name=\"author\" content=\"Telinha\" \/>\n<meta name=\"twitter:card\" content=\"summary_large_image\" \/>\n<meta name=\"twitter:label1\" content=\"Escrito por\" \/>\n\t<meta name=\"twitter:data1\" content=\"Telinha\" \/>\n\t<meta name=\"twitter:label2\" content=\"Tempo estimado de leitura\" \/>\n\t<meta name=\"twitter:data2\" content=\"1 minuto\" \/>\n<script type=\"application\/ld+json\" class=\"yoast-schema-graph\">{\"@context\":\"https:\/\/schema.org\",\"@graph\":[{\"@type\":\"Article\",\"@id\":\"https:\/\/portaltela.pt\/noticias\/2026\/04\/03\/regresso-das-camaras-digitais-conquista-a-geracao-z\/#article\",\"isPartOf\":{\"@id\":\"https:\/\/portaltela.pt\/noticias\/2026\/04\/03\/regresso-das-camaras-digitais-conquista-a-geracao-z\/\"},\"author\":{\"name\":\"Telinha\",\"@id\":\"https:\/\/portaltela.pt\/#\/schema\/person\/c4278d4a6028830caff9ee44b42d32ed\"},\"headline\":\"Regresso das c\u00e2maras digitais conquista a Gera\u00e7\u00e3o Z\",\"datePublished\":\"2026-04-03T14:17:22+00:00\",\"mainEntityOfPage\":{\"@id\":\"https:\/\/portaltela.pt\/noticias\/2026\/04\/03\/regresso-das-camaras-digitais-conquista-a-geracao-z\/\"},\"wordCount\":291,\"image\":{\"@id\":\"https:\/\/portaltela.pt\/noticias\/2026\/04\/03\/regresso-das-camaras-digitais-conquista-a-geracao-z\/#primaryimage\"},\"thumbnailUrl\":\"https:\/\/portaltela.pt\/s.01k8rhncp4jt1\/2026\/04\/image-158.jpg\",\"keywords\":[\"c\u00e2maras\",\"compras\",\"fotografia\",\"moda\",\"redes sociais\",\"tecnologia\"],\"articleSection\":[\"Cultura\",\"Tecnologia\"],\"inLanguage\":\"pt-PT\"},{\"@type\":\"WebPage\",\"@id\":\"https:\/\/portaltela.pt\/noticias\/2026\/04\/03\/regresso-das-camaras-digitais-conquista-a-geracao-z\/\",\"url\":\"https:\/\/portaltela.pt\/noticias\/2026\/04\/03\/regresso-das-camaras-digitais-conquista-a-geracao-z\/\",\"name\":\"Regresso das c\u00e2maras digitais conquista a Gera\u00e7\u00e3o Z - Portal Tela Portugal\",\"isPartOf\":{\"@id\":\"https:\/\/portaltela.pt\/#website\"},\"primaryImageOfPage\":{\"@id\":\"https:\/\/portaltela.pt\/noticias\/2026\/04\/03\/regresso-das-camaras-digitais-conquista-a-geracao-z\/#primaryimage\"},\"image\":{\"@id\":\"https:\/\/portaltela.pt\/noticias\/2026\/04\/03\/regresso-das-camaras-digitais-conquista-a-geracao-z\/#primaryimage\"},\"thumbnailUrl\":\"https:\/\/portaltela.pt\/s.01k8rhncp4jt1\/2026\/04\/image-158.jpg\",\"datePublished\":\"2026-04-03T14:17:22+00:00\",\"author\":{\"@id\":\"https:\/\/portaltela.pt\/#\/schema\/person\/c4278d4a6028830caff9ee44b42d32ed\"},\"breadcrumb\":{\"@id\":\"https:\/\/portaltela.pt\/noticias\/2026\/04\/03\/regresso-das-camaras-digitais-conquista-a-geracao-z\/#breadcrumb\"},\"inLanguage\":\"pt-PT\",\"potentialAction\":[{\"@type\":\"ReadAction\",\"target\":[\"https:\/\/portaltela.pt\/noticias\/2026\/04\/03\/regresso-das-camaras-digitais-conquista-a-geracao-z\/\"]}]},{\"@type\":\"ImageObject\",\"inLanguage\":\"pt-PT\",\"@id\":\"https:\/\/portaltela.pt\/noticias\/2026\/04\/03\/regresso-das-camaras-digitais-conquista-a-geracao-z\/#primaryimage\",\"url\":\"https:\/\/portaltela.pt\/s.01k8rhncp4jt1\/2026\/04\/image-158.jpg\",\"contentUrl\":\"https:\/\/portaltela.pt\/s.01k8rhncp4jt1\/2026\/04\/image-158.jpg\",\"width\":796,\"height\":448,\"caption\":\"Imagem de contexto do artigo O regresso das c\u00e2maras digitais: a moda que est\u00e1 a conquistar a Gen Z\"},{\"@type\":\"BreadcrumbList\",\"@id\":\"https:\/\/portaltela.pt\/noticias\/2026\/04\/03\/regresso-das-camaras-digitais-conquista-a-geracao-z\/#breadcrumb\",\"itemListElement\":[{\"@type\":\"ListItem\",\"position\":1,\"name\":\"In\u00edcio\",\"item\":\"https:\/\/portaltela.pt\/\"},{\"@type\":\"ListItem\",\"position\":2,\"name\":\"Regresso das c\u00e2maras digitais conquista a Gera\u00e7\u00e3o Z\"}]},{\"@type\":\"WebSite\",\"@id\":\"https:\/\/portaltela.pt\/#website\",\"url\":\"https:\/\/portaltela.pt\/\",\"name\":\"Portal Tela Portugal\",\"description\":\"\",\"potentialAction\":[{\"@type\":\"SearchAction\",\"target\":{\"@type\":\"EntryPoint\",\"urlTemplate\":\"https:\/\/portaltela.pt\/?s={search_term_string}\"},\"query-input\":{\"@type\":\"PropertyValueSpecification\",\"valueRequired\":true,\"valueName\":\"search_term_string\"}}],\"inLanguage\":\"pt-PT\"},{\"@type\":\"Person\",\"@id\":\"https:\/\/portaltela.pt\/#\/schema\/person\/c4278d4a6028830caff9ee44b42d32ed\",\"name\":\"Telinha\",\"image\":{\"@type\":\"ImageObject\",\"inLanguage\":\"pt-PT\",\"@id\":\"https:\/\/portaltela.pt\/s.01k8rhncp4jt1\/2025\/11\/talking-bot-125x125.png\",\"url\":\"https:\/\/portaltela.pt\/s.01k8rhncp4jt1\/2025\/11\/talking-bot-125x125.png\",\"contentUrl\":\"https:\/\/portaltela.pt\/s.01k8rhncp4jt1\/2025\/11\/talking-bot-125x125.png\",\"caption\":\"Telinha\"},\"sameAs\":[\"https:\/\/portaltela.pt\/\"],\"url\":\"https:\/\/portaltela.pt\/por\/367410592786\/\"}]}<\/script>\n<!-- \/ Yoast SEO plugin. -->","yoast_head_json":{"title":"Regresso das c\u00e2maras digitais conquista a Gera\u00e7\u00e3o Z - Portal Tela Portugal","robots":{"index":"index","follow":"follow","max-snippet":"max-snippet:-1","max-image-preview":"max-image-preview:large","max-video-preview":"max-video-preview:-1"},"og_locale":"pt_PT","og_type":"article","og_title":"Regresso das c\u00e2maras digitais conquista a Gera\u00e7\u00e3o Z - Portal Tela Portugal","og_description":"As c\u00e2maras digitais compactas est\u00e3o a regressar e tornam-se o novo acess\u00f3rio de moda entre a Gen Z, com foco em experi\u00eancias fotogr\u00e1ficas em vez de apenas qualidade de imagem. O fen\u00f3meno ganhou for\u00e7a nas redes sociais, especialmente TikTok e Instagram, popularizando a est\u00e9tica Y2K de fotografias menos perfeitas, com flash forte e cores lavadas. O p\u00fablico entre os 18 e os 25 anos procura mais a experi\u00eancia da fotografia do que a perfei\u00e7\u00e3o das imagens, usando a c\u00e2mara como parte do estilo e do visual. Modelos como Canon IXUS, Sony Cyber-shot, Nikon Coolpix e Fujifilm FinePix s\u00e3o procurados pela qualidade e pelo efeito est\u00e9tico que produzem; a oferta reduzida aumenta os pre\u00e7os no mercado de segunda m\u00e3o. Mesmo quem n\u00e3o viveu a era das c\u00e2maras digitais mostra interesse devido \u00e0 nostalgia \u00abemprestada\u00bb, vendo as c\u00e2maras como forma de desligar das notifica\u00e7\u00f5es e ter uma rela\u00e7\u00e3o mais direta com a imagem.","og_url":"https:\/\/portaltela.pt\/noticias\/2026\/04\/03\/regresso-das-camaras-digitais-conquista-a-geracao-z\/","og_site_name":"Portal Tela Portugal","article_published_time":"2026-04-03T14:17:22+00:00","author":"Telinha","twitter_card":"summary_large_image","twitter_misc":{"Escrito por":"Telinha","Tempo estimado de leitura":"1 minuto"},"schema":{"@context":"https:\/\/schema.org","@graph":[{"@type":"Article","@id":"https:\/\/portaltela.pt\/noticias\/2026\/04\/03\/regresso-das-camaras-digitais-conquista-a-geracao-z\/#article","isPartOf":{"@id":"https:\/\/portaltela.pt\/noticias\/2026\/04\/03\/regresso-das-camaras-digitais-conquista-a-geracao-z\/"},"author":{"name":"Telinha","@id":"https:\/\/portaltela.pt\/#\/schema\/person\/c4278d4a6028830caff9ee44b42d32ed"},"headline":"Regresso das c\u00e2maras digitais conquista a Gera\u00e7\u00e3o Z","datePublished":"2026-04-03T14:17:22+00:00","mainEntityOfPage":{"@id":"https:\/\/portaltela.pt\/noticias\/2026\/04\/03\/regresso-das-camaras-digitais-conquista-a-geracao-z\/"},"wordCount":291,"image":{"@id":"https:\/\/portaltela.pt\/noticias\/2026\/04\/03\/regresso-das-camaras-digitais-conquista-a-geracao-z\/#primaryimage"},"thumbnailUrl":"https:\/\/portaltela.pt\/s.01k8rhncp4jt1\/2026\/04\/image-158.jpg","keywords":["c\u00e2maras","compras","fotografia","moda","redes sociais","tecnologia"],"articleSection":["Cultura","Tecnologia"],"inLanguage":"pt-PT"},{"@type":"WebPage","@id":"https:\/\/portaltela.pt\/noticias\/2026\/04\/03\/regresso-das-camaras-digitais-conquista-a-geracao-z\/","url":"https:\/\/portaltela.pt\/noticias\/2026\/04\/03\/regresso-das-camaras-digitais-conquista-a-geracao-z\/","name":"Regresso das c\u00e2maras digitais conquista a Gera\u00e7\u00e3o Z - Portal Tela Portugal","isPartOf":{"@id":"https:\/\/portaltela.pt\/#website"},"primaryImageOfPage":{"@id":"https:\/\/portaltela.pt\/noticias\/2026\/04\/03\/regresso-das-camaras-digitais-conquista-a-geracao-z\/#primaryimage"},"image":{"@id":"https:\/\/portaltela.pt\/noticias\/2026\/04\/03\/regresso-das-camaras-digitais-conquista-a-geracao-z\/#primaryimage"},"thumbnailUrl":"https:\/\/portaltela.pt\/s.01k8rhncp4jt1\/2026\/04\/image-158.jpg","datePublished":"2026-04-03T14:17:22+00:00","author":{"@id":"https:\/\/portaltela.pt\/#\/schema\/person\/c4278d4a6028830caff9ee44b42d32ed"},"breadcrumb":{"@id":"https:\/\/portaltela.pt\/noticias\/2026\/04\/03\/regresso-das-camaras-digitais-conquista-a-geracao-z\/#breadcrumb"},"inLanguage":"pt-PT","potentialAction":[{"@type":"ReadAction","target":["https:\/\/portaltela.pt\/noticias\/2026\/04\/03\/regresso-das-camaras-digitais-conquista-a-geracao-z\/"]}]},{"@type":"ImageObject","inLanguage":"pt-PT","@id":"https:\/\/portaltela.pt\/noticias\/2026\/04\/03\/regresso-das-camaras-digitais-conquista-a-geracao-z\/#primaryimage","url":"https:\/\/portaltela.pt\/s.01k8rhncp4jt1\/2026\/04\/image-158.jpg","contentUrl":"https:\/\/portaltela.pt\/s.01k8rhncp4jt1\/2026\/04\/image-158.jpg","width":796,"height":448,"caption":"Imagem de contexto do artigo O regresso das c\u00e2maras digitais: a moda que est\u00e1 a conquistar a Gen Z"},{"@type":"BreadcrumbList","@id":"https:\/\/portaltela.pt\/noticias\/2026\/04\/03\/regresso-das-camaras-digitais-conquista-a-geracao-z\/#breadcrumb","itemListElement":[{"@type":"ListItem","position":1,"name":"In\u00edcio","item":"https:\/\/portaltela.pt\/"},{"@type":"ListItem","position":2,"name":"Regresso das c\u00e2maras digitais conquista a Gera\u00e7\u00e3o Z"}]},{"@type":"WebSite","@id":"https:\/\/portaltela.pt\/#website","url":"https:\/\/portaltela.pt\/","name":"Portal Tela Portugal","description":"","potentialAction":[{"@type":"SearchAction","target":{"@type":"EntryPoint","urlTemplate":"https:\/\/portaltela.pt\/?s={search_term_string}"},"query-input":{"@type":"PropertyValueSpecification","valueRequired":true,"valueName":"search_term_string"}}],"inLanguage":"pt-PT"},{"@type":"Person","@id":"https:\/\/portaltela.pt\/#\/schema\/person\/c4278d4a6028830caff9ee44b42d32ed","name":"Telinha","image":{"@type":"ImageObject","inLanguage":"pt-PT","@id":"https:\/\/portaltela.pt\/s.01k8rhncp4jt1\/2025\/11\/talking-bot-125x125.png","url":"https:\/\/portaltela.pt\/s.01k8rhncp4jt1\/2025\/11\/talking-bot-125x125.png","contentUrl":"https:\/\/portaltela.pt\/s.01k8rhncp4jt1\/2025\/11\/talking-bot-125x125.png","caption":"Telinha"},"sameAs":["https:\/\/portaltela.pt\/"],"url":"https:\/\/portaltela.pt\/por\/367410592786\/"}]}},"_links":{"self":[{"href":"https:\/\/portaltela.pt\/api\/wp\/v2\/posts\/431575","targetHints":{"allow":["GET"]}}],"collection":[{"href":"https:\/\/portaltela.pt\/api\/wp\/v2\/posts"}],"about":[{"href":"https:\/\/portaltela.pt\/api\/wp\/v2\/types\/post"}],"author":[{"embeddable":true,"href":"https:\/\/portaltela.pt\/api\/wp\/v2\/users\/2"}],"replies":[{"embeddable":true,"href":"https:\/\/portaltela.pt\/api\/wp\/v2\/comments?post=431575"}],"version-history":[{"count":0,"href":"https:\/\/portaltela.pt\/api\/wp\/v2\/posts\/431575\/revisions"}],"wp:featuredmedia":[{"embeddable":true,"href":"https:\/\/portaltela.pt\/api\/wp\/v2\/media\/431579"}],"wp:attachment":[{"href":"https:\/\/portaltela.pt\/api\/wp\/v2\/media?parent=431575"}],"wp:term":[{"taxonomy":"category","embeddable":true,"href":"https:\/\/portaltela.pt\/api\/wp\/v2\/categories?post=431575"},{"taxonomy":"post_tag","embeddable":true,"href":"https:\/\/portaltela.pt\/api\/wp\/v2\/tags?post=431575"}],"curies":[{"name":"wp","href":"https:\/\/api.w.org\/{rel}","templated":true}]}}