{"id":431469,"date":"2026-04-03T09:02:21","date_gmt":"2026-04-03T12:02:21","guid":{"rendered":"https:\/\/portaltela.pt\/noticias\/2026\/04\/03\/policias-protestam-junto-ao-primeiro-ministro-contra-cortes-nas-reformas\/"},"modified":"2026-04-03T09:02:21","modified_gmt":"2026-04-03T12:02:21","slug":"policias-protestam-junto-ao-primeiro-ministro-contra-cortes-nas-reformas","status":"publish","type":"post","link":"https:\/\/portaltela.pt\/policia\/2026\/04\/03\/policias-protestam-junto-ao-primeiro-ministro-contra-cortes-nas-reformas\/","title":{"rendered":"Pol\u00edcias protestam junto ao Primeiro-Ministro contra cortes nas reformas"},"content":{"rendered":"<p>A Comiss\u00e3o Coordenador Permanente (CCP), que agrega as maiores associa\u00e7\u00f5es e sindicatos das for\u00e7as de seguran\u00e7a em Portugal, marcou uma manifesta\u00e7\u00e3o para o dia 16 de abril. O protesto dirige-se \u00e0 resid\u00eancia oficial do Primeiro-Ministro, em S\u00e3o Bento, Lisboa, e visa exigir a revoga\u00e7\u00e3o de uma altera\u00e7\u00e3o legal de 2005 que reduziu o valor das pens\u00f5es.<\/p>\n<p>As estruturas envolvidas incluem as associa\u00e7\u00f5es ASPP\/PSP, APG\/GNR, SNCGP, ASF\/ASAE e ASPPPM. O objetivo \u00e9 contestar o corte de pens\u00f5es, considerado prejudicial para quem serviu o Estado por d\u00e9cadas em condi\u00e7\u00f5es de risco e sacrif\u00edcios pessoais.<\/p>\n<p>A CCP descreve a iniciativa como uma resposta ao erro apontado nas altera\u00e7\u00f5es legislativas desde 2005. O movimento assegura que uma pens\u00e3o digna \u00e9 um direito adquirido com d\u00e9cadas de servi\u00e7o p\u00fablico, solicitando respeito pelos profissionais e pela estabilidade da seguran\u00e7a p\u00fablica.<\/p>\n<h3>Contexto da manifesta\u00e7\u00e3o<\/h3>\n<p>O movimento sindical dos profissionais de seguran\u00e7a enfatiza que as reformas propostas afetam a garantia de prote\u00e7\u00e3o dos cidad\u00e3os. Os organizadores afirmam que o protesto \u00e9 nacional e visa obter a anula\u00e7\u00e3o do corte de reformas.<\/p>\n<h3>Desdobramentos esperados<\/h3>\n<p>Est\u00e3o previstas a\u00e7\u00f5es de apoio entre as diferentes entidades representadas, com foco na press\u00e3o p\u00fablica e medi\u00e1tica para revoga\u00e7\u00e3o das altera\u00e7\u00f5es em vigor. N\u00e3o h\u00e1 confirma\u00e7\u00e3o de impactos operacionais imediatos.<\/p>\n","protected":false},"excerpt":{"rendered":"<ul>\n<li>Sindicatos das for\u00e7as de seguran\u00e7a anunciam protesto nacional para o dia 16 de abril junto \u00e0 resid\u00eancia oficial do Primeiro-Ministro, em S\u00e3o Bento, Lisboa.<\/li>\n<li>O objetivo \u00e9 exigir a anula\u00e7\u00e3o de uma altera\u00e7\u00e3o legal de 2005 que reduz o valor das reformas.<\/li>\n<li>A Comiss\u00e3o Coordenador Permanente (CCP), que re\u00fane as maiores associa\u00e7\u00f5es e sindicatos das For\u00e7as e Servi\u00e7os de Seguran\u00e7a em Portugal, lidera a iniciativa.<\/li>\n<li>A CCP afirma que n\u00e3o aceita penalizar quem dedicou a vida ao servi\u00e7o p\u00fablico e exige uma pens\u00e3o digna, destacando risco e sacrif\u00edcio dos profissionais.<\/li>\n<li>A organiza\u00e7\u00e3o classifica o corte de pens\u00f5es como um grave erro das altera\u00e7\u00f5es legislativas desde 2005.<\/li>\n<\/ul>\n","protected":false},"author":2,"featured_media":431472,"comment_status":"closed","ping_status":"closed","sticky":false,"template":"","format":"standard","meta":{"footnotes":""},"categories":[6781],"tags":[168,6180,3418,1014,6126,966],"class_list":["post-431469","post","type-post","status-publish","format-standard","has-post-thumbnail","hentry","category-policia","tag-administracao-publica","tag-pensoes","tag-policia-de-seguranca-publica","tag-portugal","tag-publico","tag-sindicatos"],"yoast_head":"<!-- This site is optimized with the Yoast SEO plugin v27.2 - https:\/\/yoast.com\/product\/yoast-seo-wordpress\/ -->\n<title>Pol\u00edcias protestam junto ao Primeiro-Ministro contra cortes nas reformas - Portal Tela Portugal<\/title>\n<meta name=\"robots\" content=\"index, follow, max-snippet:-1, max-image-preview:large, max-video-preview:-1\" \/>\n<meta property=\"og:locale\" content=\"pt_PT\" \/>\n<meta property=\"og:type\" content=\"article\" \/>\n<meta property=\"og:title\" content=\"Pol\u00edcias protestam junto ao Primeiro-Ministro contra cortes nas reformas - Portal Tela Portugal\" \/>\n<meta property=\"og:description\" content=\"Sindicatos das for\u00e7as de seguran\u00e7a anunciam protesto nacional para o dia 16 de abril junto \u00e0 resid\u00eancia oficial do Primeiro-Ministro, em S\u00e3o Bento, Lisboa. O objetivo \u00e9 exigir a anula\u00e7\u00e3o de uma altera\u00e7\u00e3o legal de 2005 que reduz o valor das reformas. A Comiss\u00e3o Coordenador Permanente (CCP), que re\u00fane as maiores associa\u00e7\u00f5es e sindicatos das For\u00e7as e Servi\u00e7os de Seguran\u00e7a em Portugal, lidera a iniciativa. A CCP afirma que n\u00e3o aceita penalizar quem dedicou a vida ao servi\u00e7o p\u00fablico e exige uma pens\u00e3o digna, destacando risco e sacrif\u00edcio dos profissionais. A organiza\u00e7\u00e3o classifica o corte de pens\u00f5es como um grave erro das altera\u00e7\u00f5es legislativas desde 2005.\" \/>\n<meta property=\"og:url\" content=\"https:\/\/portaltela.pt\/noticias\/2026\/04\/03\/policias-protestam-junto-ao-primeiro-ministro-contra-cortes-nas-reformas\/\" \/>\n<meta property=\"og:site_name\" content=\"Portal Tela Portugal\" \/>\n<meta property=\"article:published_time\" content=\"2026-04-03T12:02:21+00:00\" \/>\n<meta name=\"author\" content=\"Telinha\" \/>\n<meta name=\"twitter:card\" content=\"summary_large_image\" \/>\n<meta name=\"twitter:label1\" content=\"Escrito por\" \/>\n\t<meta name=\"twitter:data1\" content=\"Telinha\" \/>\n\t<meta name=\"twitter:label2\" content=\"Tempo estimado de leitura\" \/>\n\t<meta name=\"twitter:data2\" content=\"1 minuto\" \/>\n<script type=\"application\/ld+json\" class=\"yoast-schema-graph\">{\"@context\":\"https:\/\/schema.org\",\"@graph\":[{\"@type\":\"Article\",\"@id\":\"https:\/\/portaltela.pt\/noticias\/2026\/04\/03\/policias-protestam-junto-ao-primeiro-ministro-contra-cortes-nas-reformas\/#article\",\"isPartOf\":{\"@id\":\"https:\/\/portaltela.pt\/noticias\/2026\/04\/03\/policias-protestam-junto-ao-primeiro-ministro-contra-cortes-nas-reformas\/\"},\"author\":{\"name\":\"Telinha\",\"@id\":\"https:\/\/portaltela.pt\/#\/schema\/person\/c4278d4a6028830caff9ee44b42d32ed\"},\"headline\":\"Pol\u00edcias protestam junto ao Primeiro-Ministro contra cortes nas reformas\",\"datePublished\":\"2026-04-03T12:02:21+00:00\",\"mainEntityOfPage\":{\"@id\":\"https:\/\/portaltela.pt\/noticias\/2026\/04\/03\/policias-protestam-junto-ao-primeiro-ministro-contra-cortes-nas-reformas\/\"},\"wordCount\":247,\"image\":{\"@id\":\"https:\/\/portaltela.pt\/noticias\/2026\/04\/03\/policias-protestam-junto-ao-primeiro-ministro-contra-cortes-nas-reformas\/#primaryimage\"},\"thumbnailUrl\":\"https:\/\/portaltela.pt\/s.01k8rhncp4jt1\/2026\/04\/img_1500x1000uu2021-06-21-16-18-21-1052952.jpg\",\"keywords\":[\"administra\u00e7\u00e3o p\u00fablica\",\"pens\u00f5es\",\"Pol\u00edcia de Seguran\u00e7a P\u00fablica\",\"Portugal\",\"p\u00fablico\",\"sindicatos\"],\"articleSection\":[\"Pol\u00edcia\"],\"inLanguage\":\"pt-PT\"},{\"@type\":\"WebPage\",\"@id\":\"https:\/\/portaltela.pt\/noticias\/2026\/04\/03\/policias-protestam-junto-ao-primeiro-ministro-contra-cortes-nas-reformas\/\",\"url\":\"https:\/\/portaltela.pt\/noticias\/2026\/04\/03\/policias-protestam-junto-ao-primeiro-ministro-contra-cortes-nas-reformas\/\",\"name\":\"Pol\u00edcias protestam junto ao Primeiro-Ministro contra cortes nas reformas - Portal Tela Portugal\",\"isPartOf\":{\"@id\":\"https:\/\/portaltela.pt\/#website\"},\"primaryImageOfPage\":{\"@id\":\"https:\/\/portaltela.pt\/noticias\/2026\/04\/03\/policias-protestam-junto-ao-primeiro-ministro-contra-cortes-nas-reformas\/#primaryimage\"},\"image\":{\"@id\":\"https:\/\/portaltela.pt\/noticias\/2026\/04\/03\/policias-protestam-junto-ao-primeiro-ministro-contra-cortes-nas-reformas\/#primaryimage\"},\"thumbnailUrl\":\"https:\/\/portaltela.pt\/s.01k8rhncp4jt1\/2026\/04\/img_1500x1000uu2021-06-21-16-18-21-1052952.jpg\",\"datePublished\":\"2026-04-03T12:02:21+00:00\",\"author\":{\"@id\":\"https:\/\/portaltela.pt\/#\/schema\/person\/c4278d4a6028830caff9ee44b42d32ed\"},\"breadcrumb\":{\"@id\":\"https:\/\/portaltela.pt\/noticias\/2026\/04\/03\/policias-protestam-junto-ao-primeiro-ministro-contra-cortes-nas-reformas\/#breadcrumb\"},\"inLanguage\":\"pt-PT\",\"potentialAction\":[{\"@type\":\"ReadAction\",\"target\":[\"https:\/\/portaltela.pt\/noticias\/2026\/04\/03\/policias-protestam-junto-ao-primeiro-ministro-contra-cortes-nas-reformas\/\"]}]},{\"@type\":\"ImageObject\",\"inLanguage\":\"pt-PT\",\"@id\":\"https:\/\/portaltela.pt\/noticias\/2026\/04\/03\/policias-protestam-junto-ao-primeiro-ministro-contra-cortes-nas-reformas\/#primaryimage\",\"url\":\"https:\/\/portaltela.pt\/s.01k8rhncp4jt1\/2026\/04\/img_1500x1000uu2021-06-21-16-18-21-1052952.jpg\",\"contentUrl\":\"https:\/\/portaltela.pt\/s.01k8rhncp4jt1\/2026\/04\/img_1500x1000uu2021-06-21-16-18-21-1052952.jpg\",\"width\":796,\"height\":448,\"caption\":\"Protesto de pol\u00edcias em frente \u00e0 AR\"},{\"@type\":\"BreadcrumbList\",\"@id\":\"https:\/\/portaltela.pt\/noticias\/2026\/04\/03\/policias-protestam-junto-ao-primeiro-ministro-contra-cortes-nas-reformas\/#breadcrumb\",\"itemListElement\":[{\"@type\":\"ListItem\",\"position\":1,\"name\":\"In\u00edcio\",\"item\":\"https:\/\/portaltela.pt\/\"},{\"@type\":\"ListItem\",\"position\":2,\"name\":\"Pol\u00edcias protestam junto ao Primeiro-Ministro contra cortes nas reformas\"}]},{\"@type\":\"WebSite\",\"@id\":\"https:\/\/portaltela.pt\/#website\",\"url\":\"https:\/\/portaltela.pt\/\",\"name\":\"Portal Tela Portugal\",\"description\":\"\",\"potentialAction\":[{\"@type\":\"SearchAction\",\"target\":{\"@type\":\"EntryPoint\",\"urlTemplate\":\"https:\/\/portaltela.pt\/?s={search_term_string}\"},\"query-input\":{\"@type\":\"PropertyValueSpecification\",\"valueRequired\":true,\"valueName\":\"search_term_string\"}}],\"inLanguage\":\"pt-PT\"},{\"@type\":\"Person\",\"@id\":\"https:\/\/portaltela.pt\/#\/schema\/person\/c4278d4a6028830caff9ee44b42d32ed\",\"name\":\"Telinha\",\"image\":{\"@type\":\"ImageObject\",\"inLanguage\":\"pt-PT\",\"@id\":\"https:\/\/portaltela.pt\/s.01k8rhncp4jt1\/2025\/11\/talking-bot-125x125.png\",\"url\":\"https:\/\/portaltela.pt\/s.01k8rhncp4jt1\/2025\/11\/talking-bot-125x125.png\",\"contentUrl\":\"https:\/\/portaltela.pt\/s.01k8rhncp4jt1\/2025\/11\/talking-bot-125x125.png\",\"caption\":\"Telinha\"},\"sameAs\":[\"https:\/\/portaltela.pt\/\"],\"url\":\"https:\/\/portaltela.pt\/por\/367410592786\/\"}]}<\/script>\n<!-- \/ Yoast SEO plugin. -->","yoast_head_json":{"title":"Pol\u00edcias protestam junto ao Primeiro-Ministro contra cortes nas reformas - Portal Tela Portugal","robots":{"index":"index","follow":"follow","max-snippet":"max-snippet:-1","max-image-preview":"max-image-preview:large","max-video-preview":"max-video-preview:-1"},"og_locale":"pt_PT","og_type":"article","og_title":"Pol\u00edcias protestam junto ao Primeiro-Ministro contra cortes nas reformas - Portal Tela Portugal","og_description":"Sindicatos das for\u00e7as de seguran\u00e7a anunciam protesto nacional para o dia 16 de abril junto \u00e0 resid\u00eancia oficial do Primeiro-Ministro, em S\u00e3o Bento, Lisboa. O objetivo \u00e9 exigir a anula\u00e7\u00e3o de uma altera\u00e7\u00e3o legal de 2005 que reduz o valor das reformas. A Comiss\u00e3o Coordenador Permanente (CCP), que re\u00fane as maiores associa\u00e7\u00f5es e sindicatos das For\u00e7as e Servi\u00e7os de Seguran\u00e7a em Portugal, lidera a iniciativa. A CCP afirma que n\u00e3o aceita penalizar quem dedicou a vida ao servi\u00e7o p\u00fablico e exige uma pens\u00e3o digna, destacando risco e sacrif\u00edcio dos profissionais. A organiza\u00e7\u00e3o classifica o corte de pens\u00f5es como um grave erro das altera\u00e7\u00f5es legislativas desde 2005.","og_url":"https:\/\/portaltela.pt\/noticias\/2026\/04\/03\/policias-protestam-junto-ao-primeiro-ministro-contra-cortes-nas-reformas\/","og_site_name":"Portal Tela Portugal","article_published_time":"2026-04-03T12:02:21+00:00","author":"Telinha","twitter_card":"summary_large_image","twitter_misc":{"Escrito por":"Telinha","Tempo estimado de leitura":"1 minuto"},"schema":{"@context":"https:\/\/schema.org","@graph":[{"@type":"Article","@id":"https:\/\/portaltela.pt\/noticias\/2026\/04\/03\/policias-protestam-junto-ao-primeiro-ministro-contra-cortes-nas-reformas\/#article","isPartOf":{"@id":"https:\/\/portaltela.pt\/noticias\/2026\/04\/03\/policias-protestam-junto-ao-primeiro-ministro-contra-cortes-nas-reformas\/"},"author":{"name":"Telinha","@id":"https:\/\/portaltela.pt\/#\/schema\/person\/c4278d4a6028830caff9ee44b42d32ed"},"headline":"Pol\u00edcias protestam junto ao Primeiro-Ministro contra cortes nas reformas","datePublished":"2026-04-03T12:02:21+00:00","mainEntityOfPage":{"@id":"https:\/\/portaltela.pt\/noticias\/2026\/04\/03\/policias-protestam-junto-ao-primeiro-ministro-contra-cortes-nas-reformas\/"},"wordCount":247,"image":{"@id":"https:\/\/portaltela.pt\/noticias\/2026\/04\/03\/policias-protestam-junto-ao-primeiro-ministro-contra-cortes-nas-reformas\/#primaryimage"},"thumbnailUrl":"https:\/\/portaltela.pt\/s.01k8rhncp4jt1\/2026\/04\/img_1500x1000uu2021-06-21-16-18-21-1052952.jpg","keywords":["administra\u00e7\u00e3o p\u00fablica","pens\u00f5es","Pol\u00edcia de Seguran\u00e7a P\u00fablica","Portugal","p\u00fablico","sindicatos"],"articleSection":["Pol\u00edcia"],"inLanguage":"pt-PT"},{"@type":"WebPage","@id":"https:\/\/portaltela.pt\/noticias\/2026\/04\/03\/policias-protestam-junto-ao-primeiro-ministro-contra-cortes-nas-reformas\/","url":"https:\/\/portaltela.pt\/noticias\/2026\/04\/03\/policias-protestam-junto-ao-primeiro-ministro-contra-cortes-nas-reformas\/","name":"Pol\u00edcias protestam junto ao Primeiro-Ministro contra cortes nas reformas - Portal Tela Portugal","isPartOf":{"@id":"https:\/\/portaltela.pt\/#website"},"primaryImageOfPage":{"@id":"https:\/\/portaltela.pt\/noticias\/2026\/04\/03\/policias-protestam-junto-ao-primeiro-ministro-contra-cortes-nas-reformas\/#primaryimage"},"image":{"@id":"https:\/\/portaltela.pt\/noticias\/2026\/04\/03\/policias-protestam-junto-ao-primeiro-ministro-contra-cortes-nas-reformas\/#primaryimage"},"thumbnailUrl":"https:\/\/portaltela.pt\/s.01k8rhncp4jt1\/2026\/04\/img_1500x1000uu2021-06-21-16-18-21-1052952.jpg","datePublished":"2026-04-03T12:02:21+00:00","author":{"@id":"https:\/\/portaltela.pt\/#\/schema\/person\/c4278d4a6028830caff9ee44b42d32ed"},"breadcrumb":{"@id":"https:\/\/portaltela.pt\/noticias\/2026\/04\/03\/policias-protestam-junto-ao-primeiro-ministro-contra-cortes-nas-reformas\/#breadcrumb"},"inLanguage":"pt-PT","potentialAction":[{"@type":"ReadAction","target":["https:\/\/portaltela.pt\/noticias\/2026\/04\/03\/policias-protestam-junto-ao-primeiro-ministro-contra-cortes-nas-reformas\/"]}]},{"@type":"ImageObject","inLanguage":"pt-PT","@id":"https:\/\/portaltela.pt\/noticias\/2026\/04\/03\/policias-protestam-junto-ao-primeiro-ministro-contra-cortes-nas-reformas\/#primaryimage","url":"https:\/\/portaltela.pt\/s.01k8rhncp4jt1\/2026\/04\/img_1500x1000uu2021-06-21-16-18-21-1052952.jpg","contentUrl":"https:\/\/portaltela.pt\/s.01k8rhncp4jt1\/2026\/04\/img_1500x1000uu2021-06-21-16-18-21-1052952.jpg","width":796,"height":448,"caption":"Protesto de pol\u00edcias em frente \u00e0 AR"},{"@type":"BreadcrumbList","@id":"https:\/\/portaltela.pt\/noticias\/2026\/04\/03\/policias-protestam-junto-ao-primeiro-ministro-contra-cortes-nas-reformas\/#breadcrumb","itemListElement":[{"@type":"ListItem","position":1,"name":"In\u00edcio","item":"https:\/\/portaltela.pt\/"},{"@type":"ListItem","position":2,"name":"Pol\u00edcias protestam junto ao Primeiro-Ministro contra cortes nas reformas"}]},{"@type":"WebSite","@id":"https:\/\/portaltela.pt\/#website","url":"https:\/\/portaltela.pt\/","name":"Portal Tela Portugal","description":"","potentialAction":[{"@type":"SearchAction","target":{"@type":"EntryPoint","urlTemplate":"https:\/\/portaltela.pt\/?s={search_term_string}"},"query-input":{"@type":"PropertyValueSpecification","valueRequired":true,"valueName":"search_term_string"}}],"inLanguage":"pt-PT"},{"@type":"Person","@id":"https:\/\/portaltela.pt\/#\/schema\/person\/c4278d4a6028830caff9ee44b42d32ed","name":"Telinha","image":{"@type":"ImageObject","inLanguage":"pt-PT","@id":"https:\/\/portaltela.pt\/s.01k8rhncp4jt1\/2025\/11\/talking-bot-125x125.png","url":"https:\/\/portaltela.pt\/s.01k8rhncp4jt1\/2025\/11\/talking-bot-125x125.png","contentUrl":"https:\/\/portaltela.pt\/s.01k8rhncp4jt1\/2025\/11\/talking-bot-125x125.png","caption":"Telinha"},"sameAs":["https:\/\/portaltela.pt\/"],"url":"https:\/\/portaltela.pt\/por\/367410592786\/"}]}},"_links":{"self":[{"href":"https:\/\/portaltela.pt\/api\/wp\/v2\/posts\/431469","targetHints":{"allow":["GET"]}}],"collection":[{"href":"https:\/\/portaltela.pt\/api\/wp\/v2\/posts"}],"about":[{"href":"https:\/\/portaltela.pt\/api\/wp\/v2\/types\/post"}],"author":[{"embeddable":true,"href":"https:\/\/portaltela.pt\/api\/wp\/v2\/users\/2"}],"replies":[{"embeddable":true,"href":"https:\/\/portaltela.pt\/api\/wp\/v2\/comments?post=431469"}],"version-history":[{"count":0,"href":"https:\/\/portaltela.pt\/api\/wp\/v2\/posts\/431469\/revisions"}],"wp:featuredmedia":[{"embeddable":true,"href":"https:\/\/portaltela.pt\/api\/wp\/v2\/media\/431472"}],"wp:attachment":[{"href":"https:\/\/portaltela.pt\/api\/wp\/v2\/media?parent=431469"}],"wp:term":[{"taxonomy":"category","embeddable":true,"href":"https:\/\/portaltela.pt\/api\/wp\/v2\/categories?post=431469"},{"taxonomy":"post_tag","embeddable":true,"href":"https:\/\/portaltela.pt\/api\/wp\/v2\/tags?post=431469"}],"curies":[{"name":"wp","href":"https:\/\/api.w.org\/{rel}","templated":true}]}}