{"id":431436,"date":"2026-04-03T08:32:14","date_gmt":"2026-04-03T11:32:14","guid":{"rendered":"https:\/\/portaltela.pt\/noticias\/2026\/04\/03\/semana-santa-padre-explica-tradicoes-da-pascoa\/"},"modified":"2026-04-03T08:32:14","modified_gmt":"2026-04-03T11:32:14","slug":"semana-santa-padre-explica-tradicoes-da-pascoa","status":"publish","type":"post","link":"https:\/\/portaltela.pt\/lazer\/2026\/04\/03\/semana-santa-padre-explica-tradicoes-da-pascoa\/","title":{"rendered":"Semana Santa: padre explica tradi\u00e7\u00f5es da P\u00e1scoa"},"content":{"rendered":"<p>O padre Pedro Coutinho, p\u00e1roco da Igreja de Carnaxide, explicou, no programa matinal, as tradi\u00e7\u00f5es que acompanham a Semana Santa em Portugal. O especialista destacou que a data \u00e9 marcada por cerim\u00f3nias, como missas, prociss\u00f5es e vig\u00edlias, que variam conforme a regi\u00e3o.<\/p>\n<p>Em Portugal, a Semana Santa ganha express\u00e3o em Braga, onde a prociss\u00e3o do Senhor dos Passos atrai milhares de fi\u00e9is. A Via Sacra \u00e9 uma das tradi\u00e7\u00f5es mais conhecidas e simboliza a caminhada de Jesus at\u00e9 ao Calv\u00e1rio, com inscenia\u00e7\u00f5es da Paix\u00e3o de Cristo que ajudam a refletir o significado da ressurrei\u00e7\u00e3o.<\/p>\n<p>A Sexta-Feira Santa \u00e9 descrita como um dia de luto e reflex\u00e3o, com adora\u00e7\u00e3o da cruz e contempla\u00e7\u00e3o do sacrif\u00edcio de Jesus. A P\u00e1scoa, momento de celebra\u00e7\u00e3o, inclui a troca de ovos de chocolate e reuni\u00f5es familiares; em Portugal, o folar de P\u00e1scoa \u00e9 uma tradi\u00e7\u00e3o mediaval ligada a p\u00e3es ou bolos decorados com ovos.<\/p>\n<h3>Tradi\u00e7\u00f5es e significados<\/h3>\n<p>Segundo o padre Coutinho, a Semana Santa representa uma oportunidade de renova\u00e7\u00e3o espiritual e uni\u00e3o familiar, independentemente das pr\u00e1ticas locais. O per\u00edodo \u00e9 apresentado como um conjunto de rituais que refor\u00e7am a f\u00e9 e a esperan\u00e7a entre as comunidades.<\/p>\n<h3>Prop\u00f3sito da celebra\u00e7\u00e3o<\/h3>\n<p>A celebra\u00e7\u00e3o da Semana Santa \u00e9 descrita como uma express\u00e3o de f\u00e9 que fortalece os la\u00e7os espirituais. O foco est\u00e1 na mensagem de esperan\u00e7a e renova\u00e7\u00e3o que acompanha os crentes, sem perder a diversidade de tradi\u00e7\u00f5es regionais.<\/p>\n","protected":false},"excerpt":{"rendered":"<ul>\n<li>Padre Pedro Coutinho, p\u00e1roco da Igreja de Carnaxide, explicou em direto as tradi\u00e7\u00f5es da Semana Santa, destacando a Sexta-Feira Santa como dia de luto.<\/li>\n<li>Em Portugal, a Semana Santa \u00e9 marcada por missas, prociss\u00f5es, vig\u00edlias e encena\u00e7\u00f5es da Paix\u00e3o de Cristo, com destaque para a Via Sacra e para as representa\u00e7\u00f5es da paix\u00e3o.<\/li>\n<li>Em Braga, a prociss\u00e3o do Senhor dos Passos atrai milhares de fi\u00e9is durante a Semana Santa.<\/li>\n<li>A P\u00e1scoa celebra a ressurrei\u00e7\u00e3o de Jesus, com tradi\u00e7\u00f5es como a troca de ovos de chocolate e o folar de P\u00e1scoa, um p\u00e3o ou bolo decorado com ovos.<\/li>\n<li>O padre refor\u00e7ou que a celebra\u00e7\u00e3o \u00e9 uma oportunidade de reflex\u00e3o, renova\u00e7\u00e3o espiritual e uni\u00e3o familiar, mantendo o foco na f\u00e9 e na esperan\u00e7a.<\/li>\n<\/ul>\n","protected":false},"author":2,"featured_media":431438,"comment_status":"closed","ping_status":"closed","sticky":false,"template":"","format":"standard","meta":{"footnotes":""},"categories":[7375,7381],"tags":[1207,145,1014,4031,104,146],"class_list":["post-431436","post","type-post","status-publish","format-standard","has-post-thumbnail","hentry","category-cultura","category-lazer","tag-braga","tag-cultura","tag-portugal","tag-procissoes","tag-religiao","tag-tradicoes"],"yoast_head":"<!-- This site is optimized with the Yoast SEO plugin v27.2 - https:\/\/yoast.com\/product\/yoast-seo-wordpress\/ -->\n<title>Semana Santa: padre explica tradi\u00e7\u00f5es da P\u00e1scoa - Portal Tela Portugal<\/title>\n<meta name=\"robots\" content=\"index, follow, max-snippet:-1, max-image-preview:large, max-video-preview:-1\" \/>\n<meta property=\"og:locale\" content=\"pt_PT\" \/>\n<meta property=\"og:type\" content=\"article\" \/>\n<meta property=\"og:title\" content=\"Semana Santa: padre explica tradi\u00e7\u00f5es da P\u00e1scoa - Portal Tela Portugal\" \/>\n<meta property=\"og:description\" content=\"Padre Pedro Coutinho, p\u00e1roco da Igreja de Carnaxide, explicou em direto as tradi\u00e7\u00f5es da Semana Santa, destacando a Sexta-Feira Santa como dia de luto. Em Portugal, a Semana Santa \u00e9 marcada por missas, prociss\u00f5es, vig\u00edlias e encena\u00e7\u00f5es da Paix\u00e3o de Cristo, com destaque para a Via Sacra e para as representa\u00e7\u00f5es da paix\u00e3o. Em Braga, a prociss\u00e3o do Senhor dos Passos atrai milhares de fi\u00e9is durante a Semana Santa. A P\u00e1scoa celebra a ressurrei\u00e7\u00e3o de Jesus, com tradi\u00e7\u00f5es como a troca de ovos de chocolate e o folar de P\u00e1scoa, um p\u00e3o ou bolo decorado com ovos. O padre refor\u00e7ou que a celebra\u00e7\u00e3o \u00e9 uma oportunidade de reflex\u00e3o, renova\u00e7\u00e3o espiritual e uni\u00e3o familiar, mantendo o foco na f\u00e9 e na esperan\u00e7a.\" \/>\n<meta property=\"og:url\" content=\"https:\/\/portaltela.pt\/noticias\/2026\/04\/03\/semana-santa-padre-explica-tradicoes-da-pascoa\/\" \/>\n<meta property=\"og:site_name\" content=\"Portal Tela Portugal\" \/>\n<meta property=\"article:published_time\" content=\"2026-04-03T11:32:14+00:00\" \/>\n<meta name=\"author\" content=\"Telinha\" \/>\n<meta name=\"twitter:card\" content=\"summary_large_image\" \/>\n<meta name=\"twitter:label1\" content=\"Escrito por\" \/>\n\t<meta name=\"twitter:data1\" content=\"Telinha\" \/>\n\t<meta name=\"twitter:label2\" content=\"Tempo estimado de leitura\" \/>\n\t<meta name=\"twitter:data2\" content=\"1 minuto\" \/>\n<script type=\"application\/ld+json\" class=\"yoast-schema-graph\">{\"@context\":\"https:\/\/schema.org\",\"@graph\":[{\"@type\":\"Article\",\"@id\":\"https:\/\/portaltela.pt\/noticias\/2026\/04\/03\/semana-santa-padre-explica-tradicoes-da-pascoa\/#article\",\"isPartOf\":{\"@id\":\"https:\/\/portaltela.pt\/noticias\/2026\/04\/03\/semana-santa-padre-explica-tradicoes-da-pascoa\/\"},\"author\":{\"name\":\"Telinha\",\"@id\":\"https:\/\/portaltela.pt\/#\/schema\/person\/c4278d4a6028830caff9ee44b42d32ed\"},\"headline\":\"Semana Santa: padre explica tradi\u00e7\u00f5es da P\u00e1scoa\",\"datePublished\":\"2026-04-03T11:32:14+00:00\",\"mainEntityOfPage\":{\"@id\":\"https:\/\/portaltela.pt\/noticias\/2026\/04\/03\/semana-santa-padre-explica-tradicoes-da-pascoa\/\"},\"wordCount\":273,\"image\":{\"@id\":\"https:\/\/portaltela.pt\/noticias\/2026\/04\/03\/semana-santa-padre-explica-tradicoes-da-pascoa\/#primaryimage\"},\"thumbnailUrl\":\"https:\/\/portaltela.pt\/s.01k8rhncp4jt1\/2026\/04\/img_1280x722uu2026-04-03-12-09-16-2276400.jpg\",\"keywords\":[\"Braga\",\"cultura\",\"Portugal\",\"prociss\u00f5es\",\"religi\u00e3o\",\"tradi\u00e7\u00f5es\"],\"articleSection\":[\"Cultura\",\"Lazer\"],\"inLanguage\":\"pt-PT\"},{\"@type\":\"WebPage\",\"@id\":\"https:\/\/portaltela.pt\/noticias\/2026\/04\/03\/semana-santa-padre-explica-tradicoes-da-pascoa\/\",\"url\":\"https:\/\/portaltela.pt\/noticias\/2026\/04\/03\/semana-santa-padre-explica-tradicoes-da-pascoa\/\",\"name\":\"Semana Santa: padre explica tradi\u00e7\u00f5es da P\u00e1scoa - Portal Tela Portugal\",\"isPartOf\":{\"@id\":\"https:\/\/portaltela.pt\/#website\"},\"primaryImageOfPage\":{\"@id\":\"https:\/\/portaltela.pt\/noticias\/2026\/04\/03\/semana-santa-padre-explica-tradicoes-da-pascoa\/#primaryimage\"},\"image\":{\"@id\":\"https:\/\/portaltela.pt\/noticias\/2026\/04\/03\/semana-santa-padre-explica-tradicoes-da-pascoa\/#primaryimage\"},\"thumbnailUrl\":\"https:\/\/portaltela.pt\/s.01k8rhncp4jt1\/2026\/04\/img_1280x722uu2026-04-03-12-09-16-2276400.jpg\",\"datePublished\":\"2026-04-03T11:32:14+00:00\",\"author\":{\"@id\":\"https:\/\/portaltela.pt\/#\/schema\/person\/c4278d4a6028830caff9ee44b42d32ed\"},\"breadcrumb\":{\"@id\":\"https:\/\/portaltela.pt\/noticias\/2026\/04\/03\/semana-santa-padre-explica-tradicoes-da-pascoa\/#breadcrumb\"},\"inLanguage\":\"pt-PT\",\"potentialAction\":[{\"@type\":\"ReadAction\",\"target\":[\"https:\/\/portaltela.pt\/noticias\/2026\/04\/03\/semana-santa-padre-explica-tradicoes-da-pascoa\/\"]}]},{\"@type\":\"ImageObject\",\"inLanguage\":\"pt-PT\",\"@id\":\"https:\/\/portaltela.pt\/noticias\/2026\/04\/03\/semana-santa-padre-explica-tradicoes-da-pascoa\/#primaryimage\",\"url\":\"https:\/\/portaltela.pt\/s.01k8rhncp4jt1\/2026\/04\/img_1280x722uu2026-04-03-12-09-16-2276400.jpg\",\"contentUrl\":\"https:\/\/portaltela.pt\/s.01k8rhncp4jt1\/2026\/04\/img_1280x722uu2026-04-03-12-09-16-2276400.jpg\",\"width\":796,\"height\":448,\"caption\":\"Photo\"},{\"@type\":\"BreadcrumbList\",\"@id\":\"https:\/\/portaltela.pt\/noticias\/2026\/04\/03\/semana-santa-padre-explica-tradicoes-da-pascoa\/#breadcrumb\",\"itemListElement\":[{\"@type\":\"ListItem\",\"position\":1,\"name\":\"In\u00edcio\",\"item\":\"https:\/\/portaltela.pt\/\"},{\"@type\":\"ListItem\",\"position\":2,\"name\":\"Semana Santa: padre explica tradi\u00e7\u00f5es da P\u00e1scoa\"}]},{\"@type\":\"WebSite\",\"@id\":\"https:\/\/portaltela.pt\/#website\",\"url\":\"https:\/\/portaltela.pt\/\",\"name\":\"Portal Tela Portugal\",\"description\":\"\",\"potentialAction\":[{\"@type\":\"SearchAction\",\"target\":{\"@type\":\"EntryPoint\",\"urlTemplate\":\"https:\/\/portaltela.pt\/?s={search_term_string}\"},\"query-input\":{\"@type\":\"PropertyValueSpecification\",\"valueRequired\":true,\"valueName\":\"search_term_string\"}}],\"inLanguage\":\"pt-PT\"},{\"@type\":\"Person\",\"@id\":\"https:\/\/portaltela.pt\/#\/schema\/person\/c4278d4a6028830caff9ee44b42d32ed\",\"name\":\"Telinha\",\"image\":{\"@type\":\"ImageObject\",\"inLanguage\":\"pt-PT\",\"@id\":\"https:\/\/portaltela.pt\/s.01k8rhncp4jt1\/2025\/11\/talking-bot-125x125.png\",\"url\":\"https:\/\/portaltela.pt\/s.01k8rhncp4jt1\/2025\/11\/talking-bot-125x125.png\",\"contentUrl\":\"https:\/\/portaltela.pt\/s.01k8rhncp4jt1\/2025\/11\/talking-bot-125x125.png\",\"caption\":\"Telinha\"},\"sameAs\":[\"https:\/\/portaltela.pt\/\"],\"url\":\"https:\/\/portaltela.pt\/por\/367410592786\/\"}]}<\/script>\n<!-- \/ Yoast SEO plugin. -->","yoast_head_json":{"title":"Semana Santa: padre explica tradi\u00e7\u00f5es da P\u00e1scoa - Portal Tela Portugal","robots":{"index":"index","follow":"follow","max-snippet":"max-snippet:-1","max-image-preview":"max-image-preview:large","max-video-preview":"max-video-preview:-1"},"og_locale":"pt_PT","og_type":"article","og_title":"Semana Santa: padre explica tradi\u00e7\u00f5es da P\u00e1scoa - Portal Tela Portugal","og_description":"Padre Pedro Coutinho, p\u00e1roco da Igreja de Carnaxide, explicou em direto as tradi\u00e7\u00f5es da Semana Santa, destacando a Sexta-Feira Santa como dia de luto. Em Portugal, a Semana Santa \u00e9 marcada por missas, prociss\u00f5es, vig\u00edlias e encena\u00e7\u00f5es da Paix\u00e3o de Cristo, com destaque para a Via Sacra e para as representa\u00e7\u00f5es da paix\u00e3o. Em Braga, a prociss\u00e3o do Senhor dos Passos atrai milhares de fi\u00e9is durante a Semana Santa. A P\u00e1scoa celebra a ressurrei\u00e7\u00e3o de Jesus, com tradi\u00e7\u00f5es como a troca de ovos de chocolate e o folar de P\u00e1scoa, um p\u00e3o ou bolo decorado com ovos. O padre refor\u00e7ou que a celebra\u00e7\u00e3o \u00e9 uma oportunidade de reflex\u00e3o, renova\u00e7\u00e3o espiritual e uni\u00e3o familiar, mantendo o foco na f\u00e9 e na esperan\u00e7a.","og_url":"https:\/\/portaltela.pt\/noticias\/2026\/04\/03\/semana-santa-padre-explica-tradicoes-da-pascoa\/","og_site_name":"Portal Tela Portugal","article_published_time":"2026-04-03T11:32:14+00:00","author":"Telinha","twitter_card":"summary_large_image","twitter_misc":{"Escrito por":"Telinha","Tempo estimado de leitura":"1 minuto"},"schema":{"@context":"https:\/\/schema.org","@graph":[{"@type":"Article","@id":"https:\/\/portaltela.pt\/noticias\/2026\/04\/03\/semana-santa-padre-explica-tradicoes-da-pascoa\/#article","isPartOf":{"@id":"https:\/\/portaltela.pt\/noticias\/2026\/04\/03\/semana-santa-padre-explica-tradicoes-da-pascoa\/"},"author":{"name":"Telinha","@id":"https:\/\/portaltela.pt\/#\/schema\/person\/c4278d4a6028830caff9ee44b42d32ed"},"headline":"Semana Santa: padre explica tradi\u00e7\u00f5es da P\u00e1scoa","datePublished":"2026-04-03T11:32:14+00:00","mainEntityOfPage":{"@id":"https:\/\/portaltela.pt\/noticias\/2026\/04\/03\/semana-santa-padre-explica-tradicoes-da-pascoa\/"},"wordCount":273,"image":{"@id":"https:\/\/portaltela.pt\/noticias\/2026\/04\/03\/semana-santa-padre-explica-tradicoes-da-pascoa\/#primaryimage"},"thumbnailUrl":"https:\/\/portaltela.pt\/s.01k8rhncp4jt1\/2026\/04\/img_1280x722uu2026-04-03-12-09-16-2276400.jpg","keywords":["Braga","cultura","Portugal","prociss\u00f5es","religi\u00e3o","tradi\u00e7\u00f5es"],"articleSection":["Cultura","Lazer"],"inLanguage":"pt-PT"},{"@type":"WebPage","@id":"https:\/\/portaltela.pt\/noticias\/2026\/04\/03\/semana-santa-padre-explica-tradicoes-da-pascoa\/","url":"https:\/\/portaltela.pt\/noticias\/2026\/04\/03\/semana-santa-padre-explica-tradicoes-da-pascoa\/","name":"Semana Santa: padre explica tradi\u00e7\u00f5es da P\u00e1scoa - Portal Tela Portugal","isPartOf":{"@id":"https:\/\/portaltela.pt\/#website"},"primaryImageOfPage":{"@id":"https:\/\/portaltela.pt\/noticias\/2026\/04\/03\/semana-santa-padre-explica-tradicoes-da-pascoa\/#primaryimage"},"image":{"@id":"https:\/\/portaltela.pt\/noticias\/2026\/04\/03\/semana-santa-padre-explica-tradicoes-da-pascoa\/#primaryimage"},"thumbnailUrl":"https:\/\/portaltela.pt\/s.01k8rhncp4jt1\/2026\/04\/img_1280x722uu2026-04-03-12-09-16-2276400.jpg","datePublished":"2026-04-03T11:32:14+00:00","author":{"@id":"https:\/\/portaltela.pt\/#\/schema\/person\/c4278d4a6028830caff9ee44b42d32ed"},"breadcrumb":{"@id":"https:\/\/portaltela.pt\/noticias\/2026\/04\/03\/semana-santa-padre-explica-tradicoes-da-pascoa\/#breadcrumb"},"inLanguage":"pt-PT","potentialAction":[{"@type":"ReadAction","target":["https:\/\/portaltela.pt\/noticias\/2026\/04\/03\/semana-santa-padre-explica-tradicoes-da-pascoa\/"]}]},{"@type":"ImageObject","inLanguage":"pt-PT","@id":"https:\/\/portaltela.pt\/noticias\/2026\/04\/03\/semana-santa-padre-explica-tradicoes-da-pascoa\/#primaryimage","url":"https:\/\/portaltela.pt\/s.01k8rhncp4jt1\/2026\/04\/img_1280x722uu2026-04-03-12-09-16-2276400.jpg","contentUrl":"https:\/\/portaltela.pt\/s.01k8rhncp4jt1\/2026\/04\/img_1280x722uu2026-04-03-12-09-16-2276400.jpg","width":796,"height":448,"caption":"Photo"},{"@type":"BreadcrumbList","@id":"https:\/\/portaltela.pt\/noticias\/2026\/04\/03\/semana-santa-padre-explica-tradicoes-da-pascoa\/#breadcrumb","itemListElement":[{"@type":"ListItem","position":1,"name":"In\u00edcio","item":"https:\/\/portaltela.pt\/"},{"@type":"ListItem","position":2,"name":"Semana Santa: padre explica tradi\u00e7\u00f5es da P\u00e1scoa"}]},{"@type":"WebSite","@id":"https:\/\/portaltela.pt\/#website","url":"https:\/\/portaltela.pt\/","name":"Portal Tela Portugal","description":"","potentialAction":[{"@type":"SearchAction","target":{"@type":"EntryPoint","urlTemplate":"https:\/\/portaltela.pt\/?s={search_term_string}"},"query-input":{"@type":"PropertyValueSpecification","valueRequired":true,"valueName":"search_term_string"}}],"inLanguage":"pt-PT"},{"@type":"Person","@id":"https:\/\/portaltela.pt\/#\/schema\/person\/c4278d4a6028830caff9ee44b42d32ed","name":"Telinha","image":{"@type":"ImageObject","inLanguage":"pt-PT","@id":"https:\/\/portaltela.pt\/s.01k8rhncp4jt1\/2025\/11\/talking-bot-125x125.png","url":"https:\/\/portaltela.pt\/s.01k8rhncp4jt1\/2025\/11\/talking-bot-125x125.png","contentUrl":"https:\/\/portaltela.pt\/s.01k8rhncp4jt1\/2025\/11\/talking-bot-125x125.png","caption":"Telinha"},"sameAs":["https:\/\/portaltela.pt\/"],"url":"https:\/\/portaltela.pt\/por\/367410592786\/"}]}},"_links":{"self":[{"href":"https:\/\/portaltela.pt\/api\/wp\/v2\/posts\/431436","targetHints":{"allow":["GET"]}}],"collection":[{"href":"https:\/\/portaltela.pt\/api\/wp\/v2\/posts"}],"about":[{"href":"https:\/\/portaltela.pt\/api\/wp\/v2\/types\/post"}],"author":[{"embeddable":true,"href":"https:\/\/portaltela.pt\/api\/wp\/v2\/users\/2"}],"replies":[{"embeddable":true,"href":"https:\/\/portaltela.pt\/api\/wp\/v2\/comments?post=431436"}],"version-history":[{"count":0,"href":"https:\/\/portaltela.pt\/api\/wp\/v2\/posts\/431436\/revisions"}],"wp:featuredmedia":[{"embeddable":true,"href":"https:\/\/portaltela.pt\/api\/wp\/v2\/media\/431438"}],"wp:attachment":[{"href":"https:\/\/portaltela.pt\/api\/wp\/v2\/media?parent=431436"}],"wp:term":[{"taxonomy":"category","embeddable":true,"href":"https:\/\/portaltela.pt\/api\/wp\/v2\/categories?post=431436"},{"taxonomy":"post_tag","embeddable":true,"href":"https:\/\/portaltela.pt\/api\/wp\/v2\/tags?post=431436"}],"curies":[{"name":"wp","href":"https:\/\/api.w.org\/{rel}","templated":true}]}}